{"id":37023,"date":"2023-08-01T10:16:50","date_gmt":"2023-08-01T16:16:50","guid":{"rendered":"https:\/\/www.igssgt.org\/noticias\/?p=37023"},"modified":"2023-08-02T12:52:08","modified_gmt":"2023-08-02T18:52:08","slug":"el-igss-se-une-a-la-celebracion-de-la-semana-de-la-lactancia-materna","status":"publish","type":"post","link":"https:\/\/www.igssgt.org\/noticias\/2023\/08\/01\/el-igss-se-une-a-la-celebracion-de-la-semana-de-la-lactancia-materna\/","title":{"rendered":"El IGSS se une a la celebraci\u00f3n de la Semana de la Lactancia Materna"},"content":{"rendered":"\n<p class=\"has-drop-cap\">Bajo el lema <strong>\u201cFacilitar la lactancia materna: marcando la diferencia para los padres y madres que trabajan\u201d<\/strong> dio inicio la Semana Mundial de la Lactancia Materna. El IGSS se une a estos esfuerzos desarrollando varias actividades en sus distintas unidades m\u00e9dicas.<\/p>\n\n\n\n<p><a href=\"\/wp-content\/uploads\/sites\/5\/2023\/08\/Semana-de-la-Lactancia-Materna-1.jpg\" target=\"_blank\" rel=\"noopener\"><img loading=\"lazy\" decoding=\"async\" class=\"alignright wp-image-37025\" src=\"\/wp-content\/uploads\/sites\/5\/2023\/08\/Semana-de-la-Lactancia-Materna-1.jpg\" alt=\"\" width=\"346\" height=\"369\" srcset=\"\/wp-content\/uploads\/sites\/5\/2023\/08\/Semana-de-la-Lactancia-Materna-1.jpg 1200w, \/wp-content\/uploads\/sites\/5\/2023\/08\/Semana-de-la-Lactancia-Materna-1-281x300.jpg 281w, \/wp-content\/uploads\/sites\/5\/2023\/08\/Semana-de-la-Lactancia-Materna-1-768x820.jpg 768w, \/wp-content\/uploads\/sites\/5\/2023\/08\/Semana-de-la-Lactancia-Materna-1-959x1024.jpg 959w, \/wp-content\/uploads\/sites\/5\/2023\/08\/Semana-de-la-Lactancia-Materna-1-393x420.jpg 393w, \/wp-content\/uploads\/sites\/5\/2023\/08\/Semana-de-la-Lactancia-Materna-1-696x743.jpg 696w, \/wp-content\/uploads\/sites\/5\/2023\/08\/Semana-de-la-Lactancia-Materna-1-1068x1140.jpg 1068w, \/wp-content\/uploads\/sites\/5\/2023\/08\/Semana-de-la-Lactancia-Materna-1-433x462.jpg 433w\" sizes=\"auto, (max-width: 346px) 100vw, 346px\" \/><\/a>La doctora M\u00f3nica Rodr\u00edguez, encargada de la Secci\u00f3n de Higiene Materno Infantil, indic\u00f3 que la leche materna es el mejor alimento para el reci\u00e9n nacido, no solo por los factores nutricionales, sino porque lo protege de enfermedades respiratorias, diarreicas e infecciones, entre otros. <strong>\u201cLa lactancia materna tambi\u00e9n mejora el desarrollo psicol\u00f3gico y social en los beb\u00e9s al existir un v\u00ednculo con la madre\u201d<\/strong>, explic\u00f3.<\/p>\n<p>Entre las actividades que impulsa el Instituto se encuentran capacitaciones a las afiliadas y al personal de salud, campa\u00f1as de educaci\u00f3n e informaci\u00f3n y materiales educativos para empoderar a las madres sobre las t\u00e9cnicas de amamantamiento.<\/p>\n<p><a href=\"\/wp-content\/uploads\/sites\/5\/2023\/08\/Semana-de-la-Lactancia-Materna-2.jpg\" target=\"_blank\" rel=\"noopener\"><img loading=\"lazy\" decoding=\"async\" class=\"alignnone wp-image-37026 size-full\" src=\"\/wp-content\/uploads\/sites\/5\/2023\/08\/Semana-de-la-Lactancia-Materna-2.jpg\" alt=\"\" width=\"1344\" height=\"1013\" srcset=\"\/wp-content\/uploads\/sites\/5\/2023\/08\/Semana-de-la-Lactancia-Materna-2.jpg 1344w, \/wp-content\/uploads\/sites\/5\/2023\/08\/Semana-de-la-Lactancia-Materna-2-300x226.jpg 300w, \/wp-content\/uploads\/sites\/5\/2023\/08\/Semana-de-la-Lactancia-Materna-2-768x579.jpg 768w, \/wp-content\/uploads\/sites\/5\/2023\/08\/Semana-de-la-Lactancia-Materna-2-1024x772.jpg 1024w, \/wp-content\/uploads\/sites\/5\/2023\/08\/Semana-de-la-Lactancia-Materna-2-557x420.jpg 557w, \/wp-content\/uploads\/sites\/5\/2023\/08\/Semana-de-la-Lactancia-Materna-2-80x60.jpg 80w, \/wp-content\/uploads\/sites\/5\/2023\/08\/Semana-de-la-Lactancia-Materna-2-696x525.jpg 696w, \/wp-content\/uploads\/sites\/5\/2023\/08\/Semana-de-la-Lactancia-Materna-2-1068x805.jpg 1068w, \/wp-content\/uploads\/sites\/5\/2023\/08\/Semana-de-la-Lactancia-Materna-2-534x402.jpg 534w\" sizes=\"auto, (max-width: 1344px) 100vw, 1344px\" \/><\/a><\/p>\n<p>Aunado a esto, el IGSS impulsa los Espacios Amigos de la Lactancia Materna en el \u00e1rea laboral y estudiantil.<\/p>\n<p>Aqu\u00ed la madre lactante puede extraer la leche de forma segura, higi\u00e9nica y privada. El IGSS cuenta con 15 Espacios instalados y 9 por implementarse.<\/p>\n<p><a href=\"\/wp-content\/uploads\/sites\/5\/2023\/08\/Semana-de-la-Lactancia-Materna-3b.jpg\" target=\"_blank\" rel=\"noopener\"><img loading=\"lazy\" decoding=\"async\" class=\"alignnone wp-image-37029 size-full\" src=\"\/wp-content\/uploads\/sites\/5\/2023\/08\/Semana-de-la-Lactancia-Materna-3b.jpg\" alt=\"\" width=\"1480\" height=\"951\" srcset=\"\/wp-content\/uploads\/sites\/5\/2023\/08\/Semana-de-la-Lactancia-Materna-3b.jpg 1480w, \/wp-content\/uploads\/sites\/5\/2023\/08\/Semana-de-la-Lactancia-Materna-3b-300x193.jpg 300w, \/wp-content\/uploads\/sites\/5\/2023\/08\/Semana-de-la-Lactancia-Materna-3b-768x493.jpg 768w, \/wp-content\/uploads\/sites\/5\/2023\/08\/Semana-de-la-Lactancia-Materna-3b-1024x658.jpg 1024w, \/wp-content\/uploads\/sites\/5\/2023\/08\/Semana-de-la-Lactancia-Materna-3b-654x420.jpg 654w, \/wp-content\/uploads\/sites\/5\/2023\/08\/Semana-de-la-Lactancia-Materna-3b-696x447.jpg 696w, \/wp-content\/uploads\/sites\/5\/2023\/08\/Semana-de-la-Lactancia-Materna-3b-1068x686.jpg 1068w, \/wp-content\/uploads\/sites\/5\/2023\/08\/Semana-de-la-Lactancia-Materna-3b-534x343.jpg 534w\" sizes=\"auto, (max-width: 1480px) 100vw, 1480px\" \/><\/a><\/p>\n","protected":false},"excerpt":{"rendered":"<p>Bajo el lema \u201cFacilitar la lactancia materna: marcando la diferencia para los padres y madres que trabajan\u201d dio inicio la Semana Mundial de la Lactancia Materna. El IGSS se une a estos esfuerzos desarrollando varias actividades en sus distintas unidades m\u00e9dicas. La doctora M\u00f3nica Rodr\u00edguez, encargada de la Secci\u00f3n de Higiene Materno Infantil, indic\u00f3 que [&hellip;]<\/p>\n","protected":false},"author":1961,"featured_media":37028,"comment_status":"closed","ping_status":"closed","sticky":false,"template":"","format":"standard","meta":{"footnotes":""},"categories":[3,1240],"tags":[556,1466,779],"coauthors":[],"class_list":{"0":"post-37023","1":"post","2":"type-post","3":"status-publish","4":"format-standard","5":"has-post-thumbnail","7":"category-actualidad","8":"category-lactancia-materna","9":"tag-lactancia-materna-igss","10":"tag-maternidad","11":"tag-semana-de-la-lactancia-materna"},"_links":{"self":[{"href":"https:\/\/www.igssgt.org\/noticias\/wp-json\/wp\/v2\/posts\/37023","targetHints":{"allow":["GET"]}}],"collection":[{"href":"https:\/\/www.igssgt.org\/noticias\/wp-json\/wp\/v2\/posts"}],"about":[{"href":"https:\/\/www.igssgt.org\/noticias\/wp-json\/wp\/v2\/types\/post"}],"author":[{"embeddable":true,"href":"https:\/\/www.igssgt.org\/noticias\/wp-json\/wp\/v2\/users\/1961"}],"replies":[{"embeddable":true,"href":"https:\/\/www.igssgt.org\/noticias\/wp-json\/wp\/v2\/comments?post=37023"}],"version-history":[{"count":3,"href":"https:\/\/www.igssgt.org\/noticias\/wp-json\/wp\/v2\/posts\/37023\/revisions"}],"predecessor-version":[{"id":37031,"href":"https:\/\/www.igssgt.org\/noticias\/wp-json\/wp\/v2\/posts\/37023\/revisions\/37031"}],"wp:featuredmedia":[{"embeddable":true,"href":"https:\/\/www.igssgt.org\/noticias\/wp-json\/wp\/v2\/media\/37028"}],"wp:attachment":[{"href":"https:\/\/www.igssgt.org\/noticias\/wp-json\/wp\/v2\/media?parent=37023"}],"wp:term":[{"taxonomy":"category","embeddable":true,"href":"https:\/\/www.igssgt.org\/noticias\/wp-json\/wp\/v2\/categories?post=37023"},{"taxonomy":"post_tag","embeddable":true,"href":"https:\/\/www.igssgt.org\/noticias\/wp-json\/wp\/v2\/tags?post=37023"},{"taxonomy":"author","embeddable":true,"href":"https:\/\/www.igssgt.org\/noticias\/wp-json\/wp\/v2\/coauthors?post=37023"}],"curies":[{"name":"wp","href":"https:\/\/api.w.org\/{rel}","templated":true}]}}