{"id":37391,"date":"2023-08-16T10:51:49","date_gmt":"2023-08-16T16:51:49","guid":{"rendered":"https:\/\/www.igssgt.org\/noticias\/?p=37391"},"modified":"2023-08-16T10:51:50","modified_gmt":"2023-08-16T16:51:50","slug":"beneficiaria-destaca-gran-labor-que-realizo-el-personal-de-cirugia-del-igss-de-escuintla","status":"publish","type":"post","link":"https:\/\/www.igssgt.org\/noticias\/2023\/08\/16\/beneficiaria-destaca-gran-labor-que-realizo-el-personal-de-cirugia-del-igss-de-escuintla\/","title":{"rendered":"Beneficiaria destaca gran labor que realiz\u00f3 el personal de Cirug\u00eda del IGSS de Escuintla"},"content":{"rendered":"\n<p class=\"has-drop-cap\">Amalia Roc\u00edo Le\u00f3n es una joven ama de casa de 28 a\u00f1os, residente en el Puerto San Jos\u00e9, Escuintla. En 2020 dio a luz a su beb\u00e9 mediante una ces\u00e1rea en un centro asistencial del referido municipio. Sin embargo, tiempo despu\u00e9s present\u00f3 dolor abdominal, estre\u00f1imiento y fiebre. Por esa raz\u00f3n acudi\u00f3 voluntariamente a un hospital.<\/p>\n\n\n\n<p>Fue intervenida quir\u00fargicamente en dos ocasiones y le practicaron una laparotom\u00eda exploratoria. Debido a que la evoluci\u00f3n no fue positiva y al ser beneficiaria del Seguro Social, en julio del 2022 las autoridades del centro asistencial la refirieron al IGSS de Escuintla.<\/p>\n<p><a href=\"\/wp-content\/uploads\/sites\/5\/2023\/08\/cirugia-igss-escuintla-2.jpg\" target=\"_blank\" rel=\"noopener\"><img loading=\"lazy\" decoding=\"async\" class=\"alignnone wp-image-37394 size-full\" src=\"\/wp-content\/uploads\/sites\/5\/2023\/08\/cirugia-igss-escuintla-2.jpg\" alt=\"\" width=\"1600\" height=\"900\" srcset=\"\/wp-content\/uploads\/sites\/5\/2023\/08\/cirugia-igss-escuintla-2.jpg 1600w, \/wp-content\/uploads\/sites\/5\/2023\/08\/cirugia-igss-escuintla-2-300x169.jpg 300w, \/wp-content\/uploads\/sites\/5\/2023\/08\/cirugia-igss-escuintla-2-768x432.jpg 768w, \/wp-content\/uploads\/sites\/5\/2023\/08\/cirugia-igss-escuintla-2-1024x576.jpg 1024w, \/wp-content\/uploads\/sites\/5\/2023\/08\/cirugia-igss-escuintla-2-1536x864.jpg 1536w, \/wp-content\/uploads\/sites\/5\/2023\/08\/cirugia-igss-escuintla-2-747x420.jpg 747w, \/wp-content\/uploads\/sites\/5\/2023\/08\/cirugia-igss-escuintla-2-696x392.jpg 696w, \/wp-content\/uploads\/sites\/5\/2023\/08\/cirugia-igss-escuintla-2-1068x601.jpg 1068w, \/wp-content\/uploads\/sites\/5\/2023\/08\/cirugia-igss-escuintla-2-534x300.jpg 534w\" sizes=\"auto, (max-width: 1600px) 100vw, 1600px\" \/><\/a><\/p>\n<p>La doctora Sandy Maricela Bernal, m\u00e9dico cirujano de dicha unidad, calific\u00f3 el caso como de gran relevancia. <strong>\u201cElla fue referida extrainstitucionalmente. A su ingreso present\u00f3 m\u00faltiples heridas e infecciones en la pared abdominal, por lo que fue trasladada a la unidad de Cuidados Intensivos\u201d<\/strong>, indic\u00f3.<\/p>\n<p><a href=\"\/wp-content\/uploads\/sites\/5\/2023\/08\/cirugia-igss-escuintla-5.jpeg\" target=\"_blank\" rel=\"noopener\"><img loading=\"lazy\" decoding=\"async\" class=\"alignright wp-image-37396\" src=\"\/wp-content\/uploads\/sites\/5\/2023\/08\/cirugia-igss-escuintla-5.jpeg\" alt=\"\" width=\"324\" height=\"400\" srcset=\"\/wp-content\/uploads\/sites\/5\/2023\/08\/cirugia-igss-escuintla-5.jpeg 780w, \/wp-content\/uploads\/sites\/5\/2023\/08\/cirugia-igss-escuintla-5-243x300.jpeg 243w, \/wp-content\/uploads\/sites\/5\/2023\/08\/cirugia-igss-escuintla-5-768x948.jpeg 768w, \/wp-content\/uploads\/sites\/5\/2023\/08\/cirugia-igss-escuintla-5-340x420.jpeg 340w, \/wp-content\/uploads\/sites\/5\/2023\/08\/cirugia-igss-escuintla-5-324x400.jpeg 324w, \/wp-content\/uploads\/sites\/5\/2023\/08\/cirugia-igss-escuintla-5-696x859.jpeg 696w, \/wp-content\/uploads\/sites\/5\/2023\/08\/cirugia-igss-escuintla-5-374x462.jpeg 374w\" sizes=\"auto, (max-width: 324px) 100vw, 324px\" \/><\/a>La especialista explic\u00f3 que el servicio de Cirug\u00eda tom\u00f3 la decisi\u00f3n utilizar m\u00faltiples terapias, una de ellas fue el Sistema de Presi\u00f3n Negativa, obteniendo resultados positivos. Posteriormente, se le refiri\u00f3 al servicio de Cirug\u00eda Pl\u00e1stica para reincorporar a la paciente a su vida cotidiana.<\/p>\n<p><strong>\u201cEstoy muy agradecida con Dios porque utiliz\u00f3 a los doctores para que me pudieran intervenir satisfactoriamente. Gracias a la doctora Bernal y a los doctores P\u00e9rez, L\u00f3pez y a todo el equipo de Cirug\u00eda. Por eso les digo a todos que conf\u00eden en los profesionales del IGSS, ya que brindan una excelente atenci\u00f3n\u201d<\/strong>, expres\u00f3 la paciente.<\/p>\n<p>Actualmente, ella contin\u00faa reincorpor\u00e1ndose a sus actividades habituales. Luego de haberle practicado exitosamente las cirug\u00edas, a\u00fan es evaluada en la Consulta Externa del Hospital del IGSS en Escuintla.<\/p>\n<p><a href=\"\/wp-content\/uploads\/sites\/5\/2023\/08\/cirugia-igss-escuintla-3.jpg\" target=\"_blank\" rel=\"noopener\"><img loading=\"lazy\" decoding=\"async\" class=\"alignnone wp-image-37397 size-full\" src=\"\/wp-content\/uploads\/sites\/5\/2023\/08\/cirugia-igss-escuintla-3.jpg\" alt=\"\" width=\"1600\" height=\"1066\" srcset=\"\/wp-content\/uploads\/sites\/5\/2023\/08\/cirugia-igss-escuintla-3.jpg 1600w, \/wp-content\/uploads\/sites\/5\/2023\/08\/cirugia-igss-escuintla-3-300x200.jpg 300w, \/wp-content\/uploads\/sites\/5\/2023\/08\/cirugia-igss-escuintla-3-768x512.jpg 768w, \/wp-content\/uploads\/sites\/5\/2023\/08\/cirugia-igss-escuintla-3-1024x682.jpg 1024w, \/wp-content\/uploads\/sites\/5\/2023\/08\/cirugia-igss-escuintla-3-1536x1023.jpg 1536w, \/wp-content\/uploads\/sites\/5\/2023\/08\/cirugia-igss-escuintla-3-630x420.jpg 630w, \/wp-content\/uploads\/sites\/5\/2023\/08\/cirugia-igss-escuintla-3-696x464.jpg 696w, \/wp-content\/uploads\/sites\/5\/2023\/08\/cirugia-igss-escuintla-3-1068x712.jpg 1068w, \/wp-content\/uploads\/sites\/5\/2023\/08\/cirugia-igss-escuintla-3-534x356.jpg 534w\" sizes=\"auto, (max-width: 1600px) 100vw, 1600px\" \/><\/a><\/p>\n","protected":false},"excerpt":{"rendered":"<p>Amalia Roc\u00edo Le\u00f3n es una joven ama de casa de 28 a\u00f1os, residente en el Puerto San Jos\u00e9, Escuintla. En 2020 dio a luz a su beb\u00e9 mediante una ces\u00e1rea en un centro asistencial del referido municipio. Sin embargo, tiempo despu\u00e9s present\u00f3 dolor abdominal, estre\u00f1imiento y fiebre. Por esa raz\u00f3n acudi\u00f3 voluntariamente a un hospital. [&hellip;]<\/p>\n","protected":false},"author":1961,"featured_media":37395,"comment_status":"closed","ping_status":"closed","sticky":false,"template":"","format":"standard","meta":{"footnotes":""},"categories":[3],"tags":[421,1765],"coauthors":[],"class_list":{"0":"post-37391","1":"post","2":"type-post","3":"status-publish","4":"format-standard","5":"has-post-thumbnail","7":"category-actualidad","8":"tag-escuintla","9":"tag-hospital-departamental-igss-de-escuintla"},"_links":{"self":[{"href":"https:\/\/www.igssgt.org\/noticias\/wp-json\/wp\/v2\/posts\/37391","targetHints":{"allow":["GET"]}}],"collection":[{"href":"https:\/\/www.igssgt.org\/noticias\/wp-json\/wp\/v2\/posts"}],"about":[{"href":"https:\/\/www.igssgt.org\/noticias\/wp-json\/wp\/v2\/types\/post"}],"author":[{"embeddable":true,"href":"https:\/\/www.igssgt.org\/noticias\/wp-json\/wp\/v2\/users\/1961"}],"replies":[{"embeddable":true,"href":"https:\/\/www.igssgt.org\/noticias\/wp-json\/wp\/v2\/comments?post=37391"}],"version-history":[{"count":7,"href":"https:\/\/www.igssgt.org\/noticias\/wp-json\/wp\/v2\/posts\/37391\/revisions"}],"predecessor-version":[{"id":37403,"href":"https:\/\/www.igssgt.org\/noticias\/wp-json\/wp\/v2\/posts\/37391\/revisions\/37403"}],"wp:featuredmedia":[{"embeddable":true,"href":"https:\/\/www.igssgt.org\/noticias\/wp-json\/wp\/v2\/media\/37395"}],"wp:attachment":[{"href":"https:\/\/www.igssgt.org\/noticias\/wp-json\/wp\/v2\/media?parent=37391"}],"wp:term":[{"taxonomy":"category","embeddable":true,"href":"https:\/\/www.igssgt.org\/noticias\/wp-json\/wp\/v2\/categories?post=37391"},{"taxonomy":"post_tag","embeddable":true,"href":"https:\/\/www.igssgt.org\/noticias\/wp-json\/wp\/v2\/tags?post=37391"},{"taxonomy":"author","embeddable":true,"href":"https:\/\/www.igssgt.org\/noticias\/wp-json\/wp\/v2\/coauthors?post=37391"}],"curies":[{"name":"wp","href":"https:\/\/api.w.org\/{rel}","templated":true}]}}