{"id":3742,"date":"2018-01-27T10:52:03","date_gmt":"2018-01-27T16:52:03","guid":{"rendered":"http:\/\/noticias-igss.org\/?p=4056"},"modified":"2018-01-27T10:52:03","modified_gmt":"2018-01-27T16:52:03","slug":"realizan-primera-jornada-infantil-de-otorrinolaringologia-del-2018","status":"publish","type":"post","link":"https:\/\/www.igssgt.org\/noticias\/2018\/01\/27\/realizan-primera-jornada-infantil-de-otorrinolaringologia-del-2018\/","title":{"rendered":"Realizan primera jornada infantil de otorrinolaringolog\u00eda del 2018"},"content":{"rendered":"<p>Con el objetivo detectar los casos m\u00e1s urgentes, as\u00ed como la agilizaci\u00f3n de las consultas, hoy se realiz\u00f3 la primera jornada de otorrinolaringolog\u00eda pedi\u00e1trica del a\u00f1o en el Hospital General de Enfermedades, zona 9.<\/p>\n<p>La doctora Marilyn Ortiz, directora de esa unidad hospitalaria, indic\u00f3 que estas jornadas se realizan desde 2012 tomando en cuenta que con anterioridad un proceso quir\u00fargico ten\u00eda una duraci\u00f3n no menor de seis meses, mientras que en la actualidad a ra\u00edz de estas jornadas extraordinarias se ha logrado reducir a uno o tres meses.<\/p>\n<p>Mientras los ni\u00f1os y ni\u00f1as asistentes esperaban su turno se divirtieron con integrantes del grupo F\u00e1brica de Sonrisas, pintacaritas y globoflexia. Adem\u00e1s se les entreg\u00f3 una refacci\u00f3n, as\u00ed como algunas sorpresas.<\/p>\n<p>La jornada dur\u00f3 de 6:00 a 12:00 horas. Se espera que durante el a\u00f1o se hagan dos jornadas m\u00e1s.<\/p>\n\r\n                <style type=\"text\/css\">\r\n                    \r\n                    #tdi_1  .td-doubleSlider-2 .td-item1 {\r\n                        background: url(\/wp-content\/uploads\/sites\/5\/2018\/01\/Realizan-primera-jornada-infantil-de-otorrinolaringologia-del-2018-9-80x60.jpg) 0 0 no-repeat;\r\n                    }\r\n                    #tdi_1  .td-doubleSlider-2 .td-item2 {\r\n                        background: url(\/wp-content\/uploads\/sites\/5\/2018\/01\/Realizan-primera-jornada-infantil-de-otorrinolaringologia-del-2018-3-80x60.jpg) 0 0 no-repeat;\r\n                    }\r\n                    #tdi_1  .td-doubleSlider-2 .td-item3 {\r\n                        background: url(\/wp-content\/uploads\/sites\/5\/2018\/01\/Realizan-primera-jornada-infantil-de-otorrinolaringologia-del-2018-1-80x60.jpg) 0 0 no-repeat;\r\n                    }\r\n                    #tdi_1  .td-doubleSlider-2 .td-item4 {\r\n                        background: url(\/wp-content\/uploads\/sites\/5\/2018\/01\/Realizan-primera-jornada-infantil-de-otorrinolaringologia-del-2018-6-80x60.jpg) 0 0 no-repeat;\r\n                    }\r\n                    #tdi_1  .td-doubleSlider-2 .td-item5 {\r\n                        background: url(\/wp-content\/uploads\/sites\/5\/2018\/01\/Realizan-primera-jornada-infantil-de-otorrinolaringologia-del-2018-4-80x60.jpg) 0 0 no-repeat;\r\n                    }\r\n                    #tdi_1  .td-doubleSlider-2 .td-item6 {\r\n                        background: url(\/wp-content\/uploads\/sites\/5\/2018\/01\/Realizan-primera-jornada-infantil-de-otorrinolaringologia-del-2018-8-80x60.jpg) 0 0 no-repeat;\r\n                    }\r\n                    #tdi_1  .td-doubleSlider-2 .td-item7 {\r\n                        background: url(\/wp-content\/uploads\/sites\/5\/2018\/01\/Realizan-primera-jornada-infantil-de-otorrinolaringologia-del-2018-7-80x60.jpg) 0 0 no-repeat;\r\n                    }\r\n                    #tdi_1  .td-doubleSlider-2 .td-item8 {\r\n                        background: url(\/wp-content\/uploads\/sites\/5\/2018\/01\/Realizan-primera-jornada-infantil-de-otorrinolaringologia-del-2018-2-80x60.jpg) 0 0 no-repeat;\r\n                    }\r\n                    #tdi_1  .td-doubleSlider-2 .td-item9 {\r\n                        background: url(\/wp-content\/uploads\/sites\/5\/2018\/01\/Realizan-primera-jornada-infantil-de-otorrinolaringologia-del-2018-5-80x60.jpg) 0 0 no-repeat;\r\n                    }\r\n                <\/style>\r\n\r\n                <div id=\"tdi_1\" class=\"td-gallery td-slide-on-2-columns\">\r\n                    <div class=\"post_td_gallery\">\r\n                        <div class=\"td-gallery-slide-top\">\r\n                           <div class=\"td-gallery-title\"><\/div>\r\n\r\n                            <div class=\"td-gallery-controls-wrapper\">\r\n                                <div class=\"td-gallery-slide-count\"><span class=\"td-gallery-slide-item-focus\">1<\/span> de 9<\/div>\r\n                                <div class=\"td-gallery-slide-prev-next-but\">\r\n                                    <i class = \"td-icon-left doubleSliderPrevButton\"><\/i>\r\n                                    <i class = \"td-icon-right doubleSliderNextButton\"><\/i>\r\n                                <\/div>\r\n                            <\/div>\r\n                        <\/div>\r\n\r\n                        <div class = \"td-doubleSlider-1 \">\r\n                            <div class = \"td-slider\">\r\n                                \r\n                    <div class = \"td-slide-item td-item1\">\r\n                        <figure class=\"td-slide-galery-figure td-slide-popup-gallery\">\r\n                            <a class=\"slide-gallery-image-link\" href=\"\/wp-content\/uploads\/sites\/5\/2018\/01\/Realizan-primera-jornada-infantil-de-otorrinolaringologia-del-2018-9.jpg\" title=\"Realizan primera jornada infantil de otorrinolaringologia del 2018-9\"  data-caption=\"\"  data-description=\"\">\r\n                                <img decoding=\"async\" src=\"\/wp-content\/uploads\/sites\/5\/2018\/01\/Realizan-primera-jornada-infantil-de-otorrinolaringologia-del-2018-9-630x420.jpg\" srcset=\"\/wp-content\/uploads\/sites\/5\/2018\/01\/Realizan-primera-jornada-infantil-de-otorrinolaringologia-del-2018-9-630x420.jpg 630w, \/wp-content\/uploads\/sites\/5\/2018\/01\/Realizan-primera-jornada-infantil-de-otorrinolaringologia-del-2018-9-300x200.jpg 300w, \/wp-content\/uploads\/sites\/5\/2018\/01\/Realizan-primera-jornada-infantil-de-otorrinolaringologia-del-2018-9-768x512.jpg 768w, \/wp-content\/uploads\/sites\/5\/2018\/01\/Realizan-primera-jornada-infantil-de-otorrinolaringologia-del-2018-9.jpg 1024w, \/wp-content\/uploads\/sites\/5\/2018\/01\/Realizan-primera-jornada-infantil-de-otorrinolaringologia-del-2018-9-696x464.jpg 696w, \/wp-content\/uploads\/sites\/5\/2018\/01\/Realizan-primera-jornada-infantil-de-otorrinolaringologia-del-2018-9-534x356.jpg 534w\" sizes=\"(max-width: 630px) 100vw, 630px\" alt=\"\">\r\n                            <\/a>\r\n                            \r\n                        <\/figure>\r\n                    <\/div>\r\n                    <div class = \"td-slide-item td-item2\">\r\n                        <figure class=\"td-slide-galery-figure td-slide-popup-gallery\">\r\n                            <a class=\"slide-gallery-image-link\" href=\"\/wp-content\/uploads\/sites\/5\/2018\/01\/Realizan-primera-jornada-infantil-de-otorrinolaringologia-del-2018-3.jpg\" title=\"Realizan primera jornada infantil de otorrinolaringologia del 2018-3\"  data-caption=\"\"  data-description=\"\">\r\n                                <img decoding=\"async\" src=\"\/wp-content\/uploads\/sites\/5\/2018\/01\/Realizan-primera-jornada-infantil-de-otorrinolaringologia-del-2018-3-630x420.jpg\" srcset=\"\/wp-content\/uploads\/sites\/5\/2018\/01\/Realizan-primera-jornada-infantil-de-otorrinolaringologia-del-2018-3-630x420.jpg 630w, \/wp-content\/uploads\/sites\/5\/2018\/01\/Realizan-primera-jornada-infantil-de-otorrinolaringologia-del-2018-3-300x200.jpg 300w, \/wp-content\/uploads\/sites\/5\/2018\/01\/Realizan-primera-jornada-infantil-de-otorrinolaringologia-del-2018-3-768x512.jpg 768w, \/wp-content\/uploads\/sites\/5\/2018\/01\/Realizan-primera-jornada-infantil-de-otorrinolaringologia-del-2018-3.jpg 1024w, \/wp-content\/uploads\/sites\/5\/2018\/01\/Realizan-primera-jornada-infantil-de-otorrinolaringologia-del-2018-3-696x464.jpg 696w, \/wp-content\/uploads\/sites\/5\/2018\/01\/Realizan-primera-jornada-infantil-de-otorrinolaringologia-del-2018-3-534x356.jpg 534w\" sizes=\"(max-width: 630px) 100vw, 630px\" alt=\"\">\r\n                            <\/a>\r\n                            \r\n                        <\/figure>\r\n                    <\/div>\r\n                    <div class = \"td-slide-item td-item3\">\r\n                        <figure class=\"td-slide-galery-figure td-slide-popup-gallery\">\r\n                            <a class=\"slide-gallery-image-link\" href=\"\/wp-content\/uploads\/sites\/5\/2018\/01\/Realizan-primera-jornada-infantil-de-otorrinolaringologia-del-2018-1.jpg\" title=\"Realizan primera jornada infantil de otorrinolaringologia del 2018-1\"  data-caption=\"\"  data-description=\"\">\r\n                                <img decoding=\"async\" src=\"\/wp-content\/uploads\/sites\/5\/2018\/01\/Realizan-primera-jornada-infantil-de-otorrinolaringologia-del-2018-1-630x420.jpg\" srcset=\"\/wp-content\/uploads\/sites\/5\/2018\/01\/Realizan-primera-jornada-infantil-de-otorrinolaringologia-del-2018-1-630x420.jpg 630w, \/wp-content\/uploads\/sites\/5\/2018\/01\/Realizan-primera-jornada-infantil-de-otorrinolaringologia-del-2018-1-300x200.jpg 300w, \/wp-content\/uploads\/sites\/5\/2018\/01\/Realizan-primera-jornada-infantil-de-otorrinolaringologia-del-2018-1-768x512.jpg 768w, \/wp-content\/uploads\/sites\/5\/2018\/01\/Realizan-primera-jornada-infantil-de-otorrinolaringologia-del-2018-1.jpg 1024w, \/wp-content\/uploads\/sites\/5\/2018\/01\/Realizan-primera-jornada-infantil-de-otorrinolaringologia-del-2018-1-696x464.jpg 696w, \/wp-content\/uploads\/sites\/5\/2018\/01\/Realizan-primera-jornada-infantil-de-otorrinolaringologia-del-2018-1-534x356.jpg 534w\" sizes=\"(max-width: 630px) 100vw, 630px\" alt=\"\">\r\n                            <\/a>\r\n                            \r\n                        <\/figure>\r\n                    <\/div>\r\n                    <div class = \"td-slide-item td-item4\">\r\n                        <figure class=\"td-slide-galery-figure td-slide-popup-gallery\">\r\n                            <a class=\"slide-gallery-image-link\" href=\"\/wp-content\/uploads\/sites\/5\/2018\/01\/Realizan-primera-jornada-infantil-de-otorrinolaringologia-del-2018-6.jpg\" title=\"Realizan primera jornada infantil de otorrinolaringologia del 2018-6\"  data-caption=\"\"  data-description=\"\">\r\n                                <img decoding=\"async\" src=\"\/wp-content\/uploads\/sites\/5\/2018\/01\/Realizan-primera-jornada-infantil-de-otorrinolaringologia-del-2018-6-630x420.jpg\" srcset=\"\/wp-content\/uploads\/sites\/5\/2018\/01\/Realizan-primera-jornada-infantil-de-otorrinolaringologia-del-2018-6-630x420.jpg 630w, \/wp-content\/uploads\/sites\/5\/2018\/01\/Realizan-primera-jornada-infantil-de-otorrinolaringologia-del-2018-6-300x200.jpg 300w, \/wp-content\/uploads\/sites\/5\/2018\/01\/Realizan-primera-jornada-infantil-de-otorrinolaringologia-del-2018-6-768x512.jpg 768w, \/wp-content\/uploads\/sites\/5\/2018\/01\/Realizan-primera-jornada-infantil-de-otorrinolaringologia-del-2018-6.jpg 1024w, \/wp-content\/uploads\/sites\/5\/2018\/01\/Realizan-primera-jornada-infantil-de-otorrinolaringologia-del-2018-6-696x464.jpg 696w, \/wp-content\/uploads\/sites\/5\/2018\/01\/Realizan-primera-jornada-infantil-de-otorrinolaringologia-del-2018-6-534x356.jpg 534w\" sizes=\"(max-width: 630px) 100vw, 630px\" alt=\"\">\r\n                            <\/a>\r\n                            \r\n                        <\/figure>\r\n                    <\/div>\r\n                    <div class = \"td-slide-item td-item5\">\r\n                        <figure class=\"td-slide-galery-figure td-slide-popup-gallery\">\r\n                            <a class=\"slide-gallery-image-link\" href=\"\/wp-content\/uploads\/sites\/5\/2018\/01\/Realizan-primera-jornada-infantil-de-otorrinolaringologia-del-2018-4.jpg\" title=\"Realizan primera jornada infantil de otorrinolaringologia del 2018-4\"  data-caption=\"\"  data-description=\"\">\r\n                                <img decoding=\"async\" src=\"\/wp-content\/uploads\/sites\/5\/2018\/01\/Realizan-primera-jornada-infantil-de-otorrinolaringologia-del-2018-4-630x420.jpg\" srcset=\"\/wp-content\/uploads\/sites\/5\/2018\/01\/Realizan-primera-jornada-infantil-de-otorrinolaringologia-del-2018-4-630x420.jpg 630w, \/wp-content\/uploads\/sites\/5\/2018\/01\/Realizan-primera-jornada-infantil-de-otorrinolaringologia-del-2018-4-300x200.jpg 300w, \/wp-content\/uploads\/sites\/5\/2018\/01\/Realizan-primera-jornada-infantil-de-otorrinolaringologia-del-2018-4-768x512.jpg 768w, \/wp-content\/uploads\/sites\/5\/2018\/01\/Realizan-primera-jornada-infantil-de-otorrinolaringologia-del-2018-4.jpg 1024w, \/wp-content\/uploads\/sites\/5\/2018\/01\/Realizan-primera-jornada-infantil-de-otorrinolaringologia-del-2018-4-696x464.jpg 696w, \/wp-content\/uploads\/sites\/5\/2018\/01\/Realizan-primera-jornada-infantil-de-otorrinolaringologia-del-2018-4-534x356.jpg 534w\" sizes=\"(max-width: 630px) 100vw, 630px\" alt=\"\">\r\n                            <\/a>\r\n                            \r\n                        <\/figure>\r\n                    <\/div>\r\n                    <div class = \"td-slide-item td-item6\">\r\n                        <figure class=\"td-slide-galery-figure td-slide-popup-gallery\">\r\n                            <a class=\"slide-gallery-image-link\" href=\"\/wp-content\/uploads\/sites\/5\/2018\/01\/Realizan-primera-jornada-infantil-de-otorrinolaringologia-del-2018-8.jpg\" title=\"Realizan primera jornada infantil de otorrinolaringologia del 2018-8\"  data-caption=\"\"  data-description=\"\">\r\n                                <img decoding=\"async\" src=\"\/wp-content\/uploads\/sites\/5\/2018\/01\/Realizan-primera-jornada-infantil-de-otorrinolaringologia-del-2018-8-630x420.jpg\" srcset=\"\/wp-content\/uploads\/sites\/5\/2018\/01\/Realizan-primera-jornada-infantil-de-otorrinolaringologia-del-2018-8-630x420.jpg 630w, \/wp-content\/uploads\/sites\/5\/2018\/01\/Realizan-primera-jornada-infantil-de-otorrinolaringologia-del-2018-8-300x200.jpg 300w, \/wp-content\/uploads\/sites\/5\/2018\/01\/Realizan-primera-jornada-infantil-de-otorrinolaringologia-del-2018-8-768x512.jpg 768w, \/wp-content\/uploads\/sites\/5\/2018\/01\/Realizan-primera-jornada-infantil-de-otorrinolaringologia-del-2018-8.jpg 1024w, \/wp-content\/uploads\/sites\/5\/2018\/01\/Realizan-primera-jornada-infantil-de-otorrinolaringologia-del-2018-8-696x464.jpg 696w, \/wp-content\/uploads\/sites\/5\/2018\/01\/Realizan-primera-jornada-infantil-de-otorrinolaringologia-del-2018-8-534x356.jpg 534w\" sizes=\"(max-width: 630px) 100vw, 630px\" alt=\"\">\r\n                            <\/a>\r\n                            \r\n                        <\/figure>\r\n                    <\/div>\r\n                    <div class = \"td-slide-item td-item7\">\r\n                        <figure class=\"td-slide-galery-figure td-slide-popup-gallery\">\r\n                            <a class=\"slide-gallery-image-link\" href=\"\/wp-content\/uploads\/sites\/5\/2018\/01\/Realizan-primera-jornada-infantil-de-otorrinolaringologia-del-2018-7.jpg\" title=\"Realizan primera jornada infantil de otorrinolaringologia del 2018-7\"  data-caption=\"\"  data-description=\"\">\r\n                                <img decoding=\"async\" src=\"\/wp-content\/uploads\/sites\/5\/2018\/01\/Realizan-primera-jornada-infantil-de-otorrinolaringologia-del-2018-7-630x420.jpg\" srcset=\"\/wp-content\/uploads\/sites\/5\/2018\/01\/Realizan-primera-jornada-infantil-de-otorrinolaringologia-del-2018-7-630x420.jpg 630w, \/wp-content\/uploads\/sites\/5\/2018\/01\/Realizan-primera-jornada-infantil-de-otorrinolaringologia-del-2018-7-300x200.jpg 300w, \/wp-content\/uploads\/sites\/5\/2018\/01\/Realizan-primera-jornada-infantil-de-otorrinolaringologia-del-2018-7-768x512.jpg 768w, \/wp-content\/uploads\/sites\/5\/2018\/01\/Realizan-primera-jornada-infantil-de-otorrinolaringologia-del-2018-7.jpg 1024w, \/wp-content\/uploads\/sites\/5\/2018\/01\/Realizan-primera-jornada-infantil-de-otorrinolaringologia-del-2018-7-696x464.jpg 696w, \/wp-content\/uploads\/sites\/5\/2018\/01\/Realizan-primera-jornada-infantil-de-otorrinolaringologia-del-2018-7-534x356.jpg 534w\" sizes=\"(max-width: 630px) 100vw, 630px\" alt=\"\">\r\n                            <\/a>\r\n                            \r\n                        <\/figure>\r\n                    <\/div>\r\n                    <div class = \"td-slide-item td-item8\">\r\n                        <figure class=\"td-slide-galery-figure td-slide-popup-gallery\">\r\n                            <a class=\"slide-gallery-image-link\" href=\"\/wp-content\/uploads\/sites\/5\/2018\/01\/Realizan-primera-jornada-infantil-de-otorrinolaringologia-del-2018-2.jpg\" title=\"Realizan primera jornada infantil de otorrinolaringologia del 2018-2\"  data-caption=\"\"  data-description=\"\">\r\n                                <img decoding=\"async\" src=\"\/wp-content\/uploads\/sites\/5\/2018\/01\/Realizan-primera-jornada-infantil-de-otorrinolaringologia-del-2018-2-630x420.jpg\" srcset=\"\/wp-content\/uploads\/sites\/5\/2018\/01\/Realizan-primera-jornada-infantil-de-otorrinolaringologia-del-2018-2-630x420.jpg 630w, \/wp-content\/uploads\/sites\/5\/2018\/01\/Realizan-primera-jornada-infantil-de-otorrinolaringologia-del-2018-2-300x200.jpg 300w, \/wp-content\/uploads\/sites\/5\/2018\/01\/Realizan-primera-jornada-infantil-de-otorrinolaringologia-del-2018-2-768x512.jpg 768w, \/wp-content\/uploads\/sites\/5\/2018\/01\/Realizan-primera-jornada-infantil-de-otorrinolaringologia-del-2018-2.jpg 1024w, \/wp-content\/uploads\/sites\/5\/2018\/01\/Realizan-primera-jornada-infantil-de-otorrinolaringologia-del-2018-2-696x464.jpg 696w, \/wp-content\/uploads\/sites\/5\/2018\/01\/Realizan-primera-jornada-infantil-de-otorrinolaringologia-del-2018-2-534x356.jpg 534w\" sizes=\"(max-width: 630px) 100vw, 630px\" alt=\"\">\r\n                            <\/a>\r\n                            \r\n                        <\/figure>\r\n                    <\/div>\r\n                    <div class = \"td-slide-item td-item9\">\r\n                        <figure class=\"td-slide-galery-figure td-slide-popup-gallery\">\r\n                            <a class=\"slide-gallery-image-link\" href=\"\/wp-content\/uploads\/sites\/5\/2018\/01\/Realizan-primera-jornada-infantil-de-otorrinolaringologia-del-2018-5.jpg\" title=\"Realizan primera jornada infantil de otorrinolaringologia del 2018-5\"  data-caption=\"\"  data-description=\"\">\r\n                                <img decoding=\"async\" src=\"\/wp-content\/uploads\/sites\/5\/2018\/01\/Realizan-primera-jornada-infantil-de-otorrinolaringologia-del-2018-5-630x420.jpg\" srcset=\"\/wp-content\/uploads\/sites\/5\/2018\/01\/Realizan-primera-jornada-infantil-de-otorrinolaringologia-del-2018-5-630x420.jpg 630w, \/wp-content\/uploads\/sites\/5\/2018\/01\/Realizan-primera-jornada-infantil-de-otorrinolaringologia-del-2018-5-300x200.jpg 300w, \/wp-content\/uploads\/sites\/5\/2018\/01\/Realizan-primera-jornada-infantil-de-otorrinolaringologia-del-2018-5-768x512.jpg 768w, \/wp-content\/uploads\/sites\/5\/2018\/01\/Realizan-primera-jornada-infantil-de-otorrinolaringologia-del-2018-5.jpg 1024w, \/wp-content\/uploads\/sites\/5\/2018\/01\/Realizan-primera-jornada-infantil-de-otorrinolaringologia-del-2018-5-696x464.jpg 696w, \/wp-content\/uploads\/sites\/5\/2018\/01\/Realizan-primera-jornada-infantil-de-otorrinolaringologia-del-2018-5-534x356.jpg 534w\" sizes=\"(max-width: 630px) 100vw, 630px\" alt=\"\">\r\n                            <\/a>\r\n                            \r\n                        <\/figure>\r\n                    <\/div>\r\n                            <\/div>\r\n                        <\/div>\r\n\r\n                        <div class = \"td-doubleSlider-2\">\r\n                            <div class = \"td-slider\">\r\n                                \r\n                    <div class = \"td-button td-item1\">\r\n                        <div class = \"td-border\"><\/div>\r\n                    <\/div>\r\n                    <div class = \"td-button td-item2\">\r\n                        <div class = \"td-border\"><\/div>\r\n                    <\/div>\r\n                    <div class = \"td-button td-item3\">\r\n                        <div class = \"td-border\"><\/div>\r\n                    <\/div>\r\n                    <div class = \"td-button td-item4\">\r\n                        <div class = \"td-border\"><\/div>\r\n                    <\/div>\r\n                    <div class = \"td-button td-item5\">\r\n                        <div class = \"td-border\"><\/div>\r\n                    <\/div>\r\n                    <div class = \"td-button td-item6\">\r\n                        <div class = \"td-border\"><\/div>\r\n                    <\/div>\r\n                    <div class = \"td-button td-item7\">\r\n                        <div class = \"td-border\"><\/div>\r\n                    <\/div>\r\n                    <div class = \"td-button td-item8\">\r\n                        <div class = \"td-border\"><\/div>\r\n                    <\/div>\r\n                    <div class = \"td-button td-item9\">\r\n                        <div class = \"td-border\"><\/div>\r\n                    <\/div>\r\n                            <\/div>\r\n                        <\/div>\r\n\r\n                    <\/div>\r\n\r\n                <\/div>\r\n                \n","protected":false},"excerpt":{"rendered":"<p>Con el objetivo detectar los casos m\u00e1s urgentes, as\u00ed como la agilizaci\u00f3n de las consultas, hoy se realiz\u00f3 la primera jornada de otorrinolaringolog\u00eda pedi\u00e1trica del a\u00f1o en el Hospital General de Enfermedades, zona 9. La doctora Marilyn Ortiz, directora de esa unidad hospitalaria, indic\u00f3 que estas jornadas se realizan desde 2012 tomando en cuenta que [&hellip;]<\/p>\n","protected":false},"author":4,"featured_media":3744,"comment_status":"open","ping_status":"open","sticky":false,"template":"","format":"standard","meta":{"footnotes":""},"categories":[3,45,24,36],"tags":[490,533,687,698],"coauthors":[],"class_list":{"0":"post-3742","1":"post","2":"type-post","3":"status-publish","4":"format-standard","5":"has-post-thumbnail","7":"category-actualidad","8":"category-jornadas-medicas","9":"category-pediatria","10":"category-unidades-medicas","11":"tag-igss","12":"tag-jornada-de-otorrinolaringologia","13":"tag-otorrinolaringologia","14":"tag-pediatria"},"_links":{"self":[{"href":"https:\/\/www.igssgt.org\/noticias\/wp-json\/wp\/v2\/posts\/3742","targetHints":{"allow":["GET"]}}],"collection":[{"href":"https:\/\/www.igssgt.org\/noticias\/wp-json\/wp\/v2\/posts"}],"about":[{"href":"https:\/\/www.igssgt.org\/noticias\/wp-json\/wp\/v2\/types\/post"}],"author":[{"embeddable":true,"href":"https:\/\/www.igssgt.org\/noticias\/wp-json\/wp\/v2\/users\/4"}],"replies":[{"embeddable":true,"href":"https:\/\/www.igssgt.org\/noticias\/wp-json\/wp\/v2\/comments?post=3742"}],"version-history":[{"count":0,"href":"https:\/\/www.igssgt.org\/noticias\/wp-json\/wp\/v2\/posts\/3742\/revisions"}],"wp:featuredmedia":[{"embeddable":true,"href":"https:\/\/www.igssgt.org\/noticias\/wp-json\/wp\/v2\/media\/3744"}],"wp:attachment":[{"href":"https:\/\/www.igssgt.org\/noticias\/wp-json\/wp\/v2\/media?parent=3742"}],"wp:term":[{"taxonomy":"category","embeddable":true,"href":"https:\/\/www.igssgt.org\/noticias\/wp-json\/wp\/v2\/categories?post=3742"},{"taxonomy":"post_tag","embeddable":true,"href":"https:\/\/www.igssgt.org\/noticias\/wp-json\/wp\/v2\/tags?post=3742"},{"taxonomy":"author","embeddable":true,"href":"https:\/\/www.igssgt.org\/noticias\/wp-json\/wp\/v2\/coauthors?post=3742"}],"curies":[{"name":"wp","href":"https:\/\/api.w.org\/{rel}","templated":true}]}}