{"id":37433,"date":"2023-08-19T09:00:00","date_gmt":"2023-08-19T15:00:00","guid":{"rendered":"https:\/\/www.igssgt.org\/noticias\/?p=37433"},"modified":"2023-08-18T15:54:04","modified_gmt":"2023-08-18T21:54:04","slug":"la-mascarilla-es-vital-contra-enfermedades-respiratorias-siga-usandola","status":"publish","type":"post","link":"https:\/\/www.igssgt.org\/noticias\/2023\/08\/19\/la-mascarilla-es-vital-contra-enfermedades-respiratorias-siga-usandola\/","title":{"rendered":"<strong>La mascarilla es vital contra enfermedades respiratorias, \u00a1siga us\u00e1ndola!<\/strong>"},"content":{"rendered":"\n<p class=\"has-drop-cap\">Tras la llegada del COVID-19, la mascarilla se convirti\u00f3 en una barrera que ayuda a evitar contraer y propagar enfermedades respiratorias. Sin embargo, su uso \u00a0disminuy\u00f3 debido al relajamiento de las medidas preventivas de bioseguridad, lo que aumenta el riesgo de contagios.<\/p>\n\n\n\n<p>Por lo anterior, Glenda Escalante, qu\u00edmico bi\u00f3logo y jefe de la Secci\u00f3n de Laboratorios Cl\u00ednicos, Bancos de Sangre y Patolog\u00eda del Departamento M\u00e9dico de Servicios T\u00e9cnicos del IGSS, explic\u00f3 que el coronavirus volvi\u00f3 notorios a otros virus que antes no se detectaban. \u201cCon esto se ha demostrado la importancia de las infecciones respiratorias causadas por diferentes pat\u00f3genos\u201d, manifest\u00f3.<\/p>\n<p>Por ejemplo, el virus sincitial respiratorio (VSR) produce un cuadro delicado en los ni\u00f1os, como la influenza en los adultos. Asimismo, la especialista detall\u00f3 que en ambos grupos se examina para descartar el rinovirus, que tradicionalmente no se buscaba y que ahora est\u00e1 incluido en el protocolo respiratorio de COVID-19.<\/p>\n<p><a href=\"\/wp-content\/uploads\/sites\/5\/2023\/08\/Uso-de-mascarilla-IGSS-20233.jpg\"><img loading=\"lazy\" decoding=\"async\" class=\"aligncenter size-full wp-image-37435\" src=\"\/wp-content\/uploads\/sites\/5\/2023\/08\/Uso-de-mascarilla-IGSS-20233.jpg\" alt=\"\" width=\"1044\" height=\"898\" srcset=\"\/wp-content\/uploads\/sites\/5\/2023\/08\/Uso-de-mascarilla-IGSS-20233.jpg 1044w, \/wp-content\/uploads\/sites\/5\/2023\/08\/Uso-de-mascarilla-IGSS-20233-300x258.jpg 300w, \/wp-content\/uploads\/sites\/5\/2023\/08\/Uso-de-mascarilla-IGSS-20233-768x661.jpg 768w, \/wp-content\/uploads\/sites\/5\/2023\/08\/Uso-de-mascarilla-IGSS-20233-1024x881.jpg 1024w, \/wp-content\/uploads\/sites\/5\/2023\/08\/Uso-de-mascarilla-IGSS-20233-488x420.jpg 488w, \/wp-content\/uploads\/sites\/5\/2023\/08\/Uso-de-mascarilla-IGSS-20233-696x599.jpg 696w, \/wp-content\/uploads\/sites\/5\/2023\/08\/Uso-de-mascarilla-IGSS-20233-534x459.jpg 534w\" sizes=\"auto, (max-width: 1044px) 100vw, 1044px\" \/><\/a><\/p>\n<p>La experta, quien adem\u00e1s fue parte del personal de primera l\u00ednea que combati\u00f3 el COVID en el Hospital General de Enfermedades como jefe de Laboratorio Cl\u00ednico, se\u00f1al\u00f3 que a partir de la pandemia estos males afectan el organismo de manera distinta. \u201cLa aparici\u00f3n de variantes hizo que el sistema inmunitario fuera capaz de protegerse de esa y otras infecciones respiratorias. Ese es el aspecto positivo\u201d, destac\u00f3.<\/p>\n<p>No obstante, tambi\u00e9n hay un lado negativo en este cambio. Escalante agreg\u00f3 que el aislamiento de ni\u00f1os, adultos mayores y pacientes con padecimientos cr\u00f3nicos como diabetes, renales o del coraz\u00f3n, ha hecho que est\u00e9n propensos a sufrir de m\u00faltiples patolog\u00edas respiratorias si se exponen al exterior.<\/p>\n<p><a href=\"\/wp-content\/uploads\/sites\/5\/2023\/08\/Uso-de-mascarilla-IGSS-20235.jpg\"><img loading=\"lazy\" decoding=\"async\" class=\"aligncenter size-full wp-image-37436\" src=\"\/wp-content\/uploads\/sites\/5\/2023\/08\/Uso-de-mascarilla-IGSS-20235.jpg\" alt=\"\" width=\"1280\" height=\"918\" srcset=\"\/wp-content\/uploads\/sites\/5\/2023\/08\/Uso-de-mascarilla-IGSS-20235.jpg 1280w, \/wp-content\/uploads\/sites\/5\/2023\/08\/Uso-de-mascarilla-IGSS-20235-300x215.jpg 300w, \/wp-content\/uploads\/sites\/5\/2023\/08\/Uso-de-mascarilla-IGSS-20235-768x551.jpg 768w, \/wp-content\/uploads\/sites\/5\/2023\/08\/Uso-de-mascarilla-IGSS-20235-1024x734.jpg 1024w, \/wp-content\/uploads\/sites\/5\/2023\/08\/Uso-de-mascarilla-IGSS-20235-586x420.jpg 586w, \/wp-content\/uploads\/sites\/5\/2023\/08\/Uso-de-mascarilla-IGSS-20235-696x499.jpg 696w, \/wp-content\/uploads\/sites\/5\/2023\/08\/Uso-de-mascarilla-IGSS-20235-1068x766.jpg 1068w, \/wp-content\/uploads\/sites\/5\/2023\/08\/Uso-de-mascarilla-IGSS-20235-534x383.jpg 534w\" sizes=\"auto, (max-width: 1280px) 100vw, 1280px\" \/><\/a><\/p>\n<p>En ese sentido, el doctor \u00d3scar Donis, jefe de la Secci\u00f3n de Epidemiolog\u00eda del Departamento de Medicina Preventiva de la Subgerencia de Prestaciones en Salud, enfatiz\u00f3 en la necesidad de mantener las medidas de salud establecidas. \u201cCreo que deber\u00edamos quedarnos con el uso permanente de la mascarilla, en especial si tenemos un resfriado\u201d, aconsej\u00f3.<\/p>\n<p>Asimismo, advirti\u00f3 que es fundamental evitar las aglomeraciones porque no es posible precisar cu\u00e1ntas personas pueden estar infectadas con diversos microbios, sobre todo, si tienen s\u00edntomas respiratorios.<\/p>\n<p>Finalmente, Escalante invit\u00f3 a los asegurados a permanecer alertas. \u201cHay que continuar con el lavado de manos, el distanciamiento social, entre otras precauciones. Las recomendaciones son para prevenir enfermedades respiratorias en general\u201d, puntualiz\u00f3.<\/p>\n\n\n","protected":false},"excerpt":{"rendered":"<p>Tras la llegada del COVID-19, la mascarilla se convirti\u00f3 en una barrera que ayuda a evitar contraer y propagar enfermedades respiratorias. Sin embargo, su uso \u00a0disminuy\u00f3 debido al relajamiento de las medidas preventivas de bioseguridad, lo que aumenta el riesgo de contagios. Por lo anterior, Glenda Escalante, qu\u00edmico bi\u00f3logo y jefe de la Secci\u00f3n de [&hellip;]<\/p>\n","protected":false},"author":4,"featured_media":37434,"comment_status":"closed","ping_status":"closed","sticky":false,"template":"","format":"standard","meta":{"footnotes":""},"categories":[3],"tags":[405,1215],"coauthors":[881],"class_list":{"0":"post-37433","1":"post","2":"type-post","3":"status-publish","4":"format-standard","5":"has-post-thumbnail","7":"category-actualidad","8":"tag-enfermedades-respiratorias","9":"tag-mascarilla"},"_links":{"self":[{"href":"https:\/\/www.igssgt.org\/noticias\/wp-json\/wp\/v2\/posts\/37433","targetHints":{"allow":["GET"]}}],"collection":[{"href":"https:\/\/www.igssgt.org\/noticias\/wp-json\/wp\/v2\/posts"}],"about":[{"href":"https:\/\/www.igssgt.org\/noticias\/wp-json\/wp\/v2\/types\/post"}],"author":[{"embeddable":true,"href":"https:\/\/www.igssgt.org\/noticias\/wp-json\/wp\/v2\/users\/4"}],"replies":[{"embeddable":true,"href":"https:\/\/www.igssgt.org\/noticias\/wp-json\/wp\/v2\/comments?post=37433"}],"version-history":[{"count":1,"href":"https:\/\/www.igssgt.org\/noticias\/wp-json\/wp\/v2\/posts\/37433\/revisions"}],"predecessor-version":[{"id":37437,"href":"https:\/\/www.igssgt.org\/noticias\/wp-json\/wp\/v2\/posts\/37433\/revisions\/37437"}],"wp:featuredmedia":[{"embeddable":true,"href":"https:\/\/www.igssgt.org\/noticias\/wp-json\/wp\/v2\/media\/37434"}],"wp:attachment":[{"href":"https:\/\/www.igssgt.org\/noticias\/wp-json\/wp\/v2\/media?parent=37433"}],"wp:term":[{"taxonomy":"category","embeddable":true,"href":"https:\/\/www.igssgt.org\/noticias\/wp-json\/wp\/v2\/categories?post=37433"},{"taxonomy":"post_tag","embeddable":true,"href":"https:\/\/www.igssgt.org\/noticias\/wp-json\/wp\/v2\/tags?post=37433"},{"taxonomy":"author","embeddable":true,"href":"https:\/\/www.igssgt.org\/noticias\/wp-json\/wp\/v2\/coauthors?post=37433"}],"curies":[{"name":"wp","href":"https:\/\/api.w.org\/{rel}","templated":true}]}}