{"id":37516,"date":"2023-08-26T06:00:00","date_gmt":"2023-08-26T12:00:00","guid":{"rendered":"https:\/\/www.igssgt.org\/noticias\/?p=37516"},"modified":"2023-08-28T13:08:34","modified_gmt":"2023-08-28T19:08:34","slug":"el-igss-hace-un-llamado-a-la-prevencion-en-el-dia-internacional-contra-el-dengue","status":"publish","type":"post","link":"https:\/\/www.igssgt.org\/noticias\/2023\/08\/26\/el-igss-hace-un-llamado-a-la-prevencion-en-el-dia-internacional-contra-el-dengue\/","title":{"rendered":"El IGSS hace un llamado a la prevenci\u00f3n en el D\u00eda Internacional contra el Dengue"},"content":{"rendered":"\n<p class=\"has-drop-cap\">Este 26 de agosto se conmemora el D\u00eda Internacional contra el Dengue y el Instituto Guatemalteco de Seguridad Social (IGSS) hace un llamado a prevenir esta enfermedad.<\/p>\n\n\n\n<p>Para evitarla es necesario que la poblaci\u00f3n conozca y ponga en pr\u00e1ctica medidas de prevenci\u00f3n, y para esto el IGSS desarrolla un programa permanente en el que, entre otras cosas, se promueven acciones y combate de las enfermedades transmitidas por los mosquitos, el cual es coordinado por el Departamento de Medicina Preventiva.<\/p>\n<p><strong><a href=\"\/wp-content\/uploads\/sites\/5\/2023\/08\/dengue-4-1.jpg\" target=\"_blank\" rel=\"noopener\"><img loading=\"lazy\" decoding=\"async\" class=\"alignright wp-image-37521\" src=\"\/wp-content\/uploads\/sites\/5\/2023\/08\/dengue-4-1.jpg\" alt=\"\" width=\"381\" height=\"300\" srcset=\"\/wp-content\/uploads\/sites\/5\/2023\/08\/dengue-4-1.jpg 600w, \/wp-content\/uploads\/sites\/5\/2023\/08\/dengue-4-1-300x236.jpg 300w, \/wp-content\/uploads\/sites\/5\/2023\/08\/dengue-4-1-534x420.jpg 534w\" sizes=\"auto, (max-width: 381px) 100vw, 381px\" \/><\/a>\u201cEn el Seguro Social se cuenta con protocolos contra el dengue, partiendo con el programa de vigilancia epidemiol\u00f3gica, por medio del cual se conoce la magnitud e intensidad con que se presenta esta enfermedad. As\u00ed tambi\u00e9n la coordinaci\u00f3n para el desarrollo de charlas informativas y educativas, las cuales se comparten a los diferentes grupos de asegurados que asisten a sus citas m\u00e9dicas en las unidades\u201d<\/strong>, refiri\u00f3 el doctor Oscar Donis, jefe de la Secci\u00f3n de Epidemiologia de la instituci\u00f3n.<\/p>\n<p>El objetivo fundamental de estas acciones es, a parte de promover las acciones preventivas, de orientar a las personas en la detecci\u00f3n temprana de los signos y s\u00edntomas de esta enfermedad, y, sobre todo, los signos de peligro para que oportunamente puedan buscar la ayuda necesaria, para lo cual las unidades est\u00e1n preparadas para su atenci\u00f3n, diagn\u00f3stico, se\u00f1al\u00f3 el experto.<\/p>\n<p><a href=\"\/wp-content\/uploads\/sites\/5\/2023\/08\/dengue-3-1.jpg\" target=\"_blank\" rel=\"noopener\"><img loading=\"lazy\" decoding=\"async\" class=\"alignnone wp-image-37520 size-full\" src=\"\/wp-content\/uploads\/sites\/5\/2023\/08\/dengue-3-1.jpg\" alt=\"\" width=\"1200\" height=\"802\" srcset=\"\/wp-content\/uploads\/sites\/5\/2023\/08\/dengue-3-1.jpg 1200w, \/wp-content\/uploads\/sites\/5\/2023\/08\/dengue-3-1-300x201.jpg 300w, \/wp-content\/uploads\/sites\/5\/2023\/08\/dengue-3-1-768x513.jpg 768w, \/wp-content\/uploads\/sites\/5\/2023\/08\/dengue-3-1-1024x684.jpg 1024w, \/wp-content\/uploads\/sites\/5\/2023\/08\/dengue-3-1-628x420.jpg 628w, \/wp-content\/uploads\/sites\/5\/2023\/08\/dengue-3-1-696x465.jpg 696w, \/wp-content\/uploads\/sites\/5\/2023\/08\/dengue-3-1-1068x714.jpg 1068w, \/wp-content\/uploads\/sites\/5\/2023\/08\/dengue-3-1-534x357.jpg 534w\" sizes=\"auto, (max-width: 1200px) 100vw, 1200px\" \/><\/a><\/p>\n<p>Es importante conocer que la v\u00eda de trasmisi\u00f3n del dengue es la picadura del zancudo Aedes egypti el cual es portador del virus; este zancudo se reproduce en aguas estancadas, como dep\u00f3sitos de agua, floreros, llantas, basura, entre otros.<\/p>\n<p>Los s\u00edntomas pueden ser desde fiebre simple hasta muy intensa, con dolor retroocular (cansancio y dolor en los ojos), dolor de articulaciones, malestar generalizado y en algunos casos se presenta reacci\u00f3n al\u00e9rgica o salpullido; en algunos casos, el dengue puede pasar de grave a mortal.<\/p>\n<p><a href=\"\/wp-content\/uploads\/sites\/5\/2023\/08\/dengue-2-1.jpg\" target=\"_blank\" rel=\"noopener\"><img loading=\"lazy\" decoding=\"async\" class=\"alignleft wp-image-37519\" src=\"\/wp-content\/uploads\/sites\/5\/2023\/08\/dengue-2-1.jpg\" alt=\"\" width=\"390\" height=\"260\" srcset=\"\/wp-content\/uploads\/sites\/5\/2023\/08\/dengue-2-1.jpg 593w, \/wp-content\/uploads\/sites\/5\/2023\/08\/dengue-2-1-300x200.jpg 300w, \/wp-content\/uploads\/sites\/5\/2023\/08\/dengue-2-1-534x356.jpg 534w\" sizes=\"auto, (max-width: 390px) 100vw, 390px\" \/><\/a>Seg\u00fan los registro de casos detectados en las unidades m\u00e9dicas del Seguro Social, los departamentos con mayor incidencia son Guatemala, Izabal, Retalhuleu, Escuintla y Sacatep\u00e9quez, concluy\u00f3 el profesional.<\/p>\n<p>En el laboratorio cl\u00ednico del \u00e1rea de inmunolog\u00eda del Hospital General de Enfermedades del IGSS zona 9, han visto un incremento de casos de dengue desde el mes de julio al realizar m\u00e1s de 25 pruebas diarias.<\/p>\n<p>Seg\u00fan explic\u00f3 la doctora Edna C\u00e1ceres, Epidemi\u00f3loga de esta unidad, el 32% de las pruebas realizadas en julio y agosto dieron positivo y hasta el momento no se ha reportado fallecimientos en la poblaci\u00f3n atendida.<\/p>\n<p><a href=\"\/wp-content\/uploads\/sites\/5\/2023\/08\/dengue-5-1.jpg\" target=\"_blank\" rel=\"noopener\"><img loading=\"lazy\" decoding=\"async\" class=\"alignnone wp-image-37522 size-full\" src=\"\/wp-content\/uploads\/sites\/5\/2023\/08\/dengue-5-1.jpg\" alt=\"\" width=\"1600\" height=\"1066\" srcset=\"\/wp-content\/uploads\/sites\/5\/2023\/08\/dengue-5-1.jpg 1600w, \/wp-content\/uploads\/sites\/5\/2023\/08\/dengue-5-1-300x200.jpg 300w, \/wp-content\/uploads\/sites\/5\/2023\/08\/dengue-5-1-768x512.jpg 768w, \/wp-content\/uploads\/sites\/5\/2023\/08\/dengue-5-1-1024x682.jpg 1024w, \/wp-content\/uploads\/sites\/5\/2023\/08\/dengue-5-1-1536x1023.jpg 1536w, \/wp-content\/uploads\/sites\/5\/2023\/08\/dengue-5-1-630x420.jpg 630w, \/wp-content\/uploads\/sites\/5\/2023\/08\/dengue-5-1-696x464.jpg 696w, \/wp-content\/uploads\/sites\/5\/2023\/08\/dengue-5-1-1068x712.jpg 1068w, \/wp-content\/uploads\/sites\/5\/2023\/08\/dengue-5-1-534x356.jpg 534w\" sizes=\"auto, (max-width: 1600px) 100vw, 1600px\" \/><\/a><\/p>\n","protected":false},"excerpt":{"rendered":"<p>Este 26 de agosto se conmemora el D\u00eda Internacional contra el Dengue y el Instituto Guatemalteco de Seguridad Social (IGSS) hace un llamado a prevenir esta enfermedad. Para evitarla es necesario que la poblaci\u00f3n conozca y ponga en pr\u00e1ctica medidas de prevenci\u00f3n, y para esto el IGSS desarrolla un programa permanente en el que, entre [&hellip;]<\/p>\n","protected":false},"author":1961,"featured_media":37518,"comment_status":"closed","ping_status":"closed","sticky":false,"template":"","format":"standard","meta":{"footnotes":""},"categories":[3],"tags":[227,727],"coauthors":[1448],"class_list":{"0":"post-37516","1":"post","2":"type-post","3":"status-publish","4":"format-standard","5":"has-post-thumbnail","7":"category-actualidad","8":"tag-dengue","9":"tag-prevencion-igss"},"_links":{"self":[{"href":"https:\/\/www.igssgt.org\/noticias\/wp-json\/wp\/v2\/posts\/37516","targetHints":{"allow":["GET"]}}],"collection":[{"href":"https:\/\/www.igssgt.org\/noticias\/wp-json\/wp\/v2\/posts"}],"about":[{"href":"https:\/\/www.igssgt.org\/noticias\/wp-json\/wp\/v2\/types\/post"}],"author":[{"embeddable":true,"href":"https:\/\/www.igssgt.org\/noticias\/wp-json\/wp\/v2\/users\/1961"}],"replies":[{"embeddable":true,"href":"https:\/\/www.igssgt.org\/noticias\/wp-json\/wp\/v2\/comments?post=37516"}],"version-history":[{"count":16,"href":"https:\/\/www.igssgt.org\/noticias\/wp-json\/wp\/v2\/posts\/37516\/revisions"}],"predecessor-version":[{"id":37561,"href":"https:\/\/www.igssgt.org\/noticias\/wp-json\/wp\/v2\/posts\/37516\/revisions\/37561"}],"wp:featuredmedia":[{"embeddable":true,"href":"https:\/\/www.igssgt.org\/noticias\/wp-json\/wp\/v2\/media\/37518"}],"wp:attachment":[{"href":"https:\/\/www.igssgt.org\/noticias\/wp-json\/wp\/v2\/media?parent=37516"}],"wp:term":[{"taxonomy":"category","embeddable":true,"href":"https:\/\/www.igssgt.org\/noticias\/wp-json\/wp\/v2\/categories?post=37516"},{"taxonomy":"post_tag","embeddable":true,"href":"https:\/\/www.igssgt.org\/noticias\/wp-json\/wp\/v2\/tags?post=37516"},{"taxonomy":"author","embeddable":true,"href":"https:\/\/www.igssgt.org\/noticias\/wp-json\/wp\/v2\/coauthors?post=37516"}],"curies":[{"name":"wp","href":"https:\/\/api.w.org\/{rel}","templated":true}]}}