{"id":37656,"date":"2023-09-04T11:47:21","date_gmt":"2023-09-04T17:47:21","guid":{"rendered":"https:\/\/www.igssgt.org\/noticias\/?p=37656"},"modified":"2023-09-04T11:47:22","modified_gmt":"2023-09-04T17:47:22","slug":"el-igss-llama-a-la-prevencion-durante-los-festejos-de-independencia","status":"publish","type":"post","link":"https:\/\/www.igssgt.org\/noticias\/2023\/09\/04\/el-igss-llama-a-la-prevencion-durante-los-festejos-de-independencia\/","title":{"rendered":"El IGSS llama a la prevenci\u00f3n durante los festejos de independencia"},"content":{"rendered":"\n<p class=\"has-drop-cap\">El Instituto Guatemalteco de Seguridad Social (IGSS) ha implementado planes de contingencia para fortalecer y promover la prevenci\u00f3n durante las actividades conmemorativas a los 202 a\u00f1os de la Independencia del pa\u00eds.<\/p>\n\n\n\n<p>El jefe de la Secci\u00f3n de Seguridad e Higiene y Prevenci\u00f3n de Accidentes del IGSS, Dr. Mynor Mej\u00eda, inform\u00f3 que son dos planes que se han puesto en marcha con el objetivo de brindar seguridad a los guatemaltecos.<\/p>\n<p><a href=\"\/wp-content\/uploads\/sites\/5\/2023\/09\/festejos-de-independencia-4.jpg\" target=\"_blank\" rel=\"noopener\"><img loading=\"lazy\" decoding=\"async\" class=\"alignnone wp-image-37664 size-full\" src=\"\/wp-content\/uploads\/sites\/5\/2023\/09\/festejos-de-independencia-4.jpg\" alt=\"\" width=\"1600\" height=\"1066\" srcset=\"\/wp-content\/uploads\/sites\/5\/2023\/09\/festejos-de-independencia-4.jpg 1600w, \/wp-content\/uploads\/sites\/5\/2023\/09\/festejos-de-independencia-4-300x200.jpg 300w, \/wp-content\/uploads\/sites\/5\/2023\/09\/festejos-de-independencia-4-768x512.jpg 768w, \/wp-content\/uploads\/sites\/5\/2023\/09\/festejos-de-independencia-4-1024x682.jpg 1024w, \/wp-content\/uploads\/sites\/5\/2023\/09\/festejos-de-independencia-4-1536x1023.jpg 1536w, \/wp-content\/uploads\/sites\/5\/2023\/09\/festejos-de-independencia-4-630x420.jpg 630w, \/wp-content\/uploads\/sites\/5\/2023\/09\/festejos-de-independencia-4-696x464.jpg 696w, \/wp-content\/uploads\/sites\/5\/2023\/09\/festejos-de-independencia-4-1068x712.jpg 1068w, \/wp-content\/uploads\/sites\/5\/2023\/09\/festejos-de-independencia-4-534x356.jpg 534w\" sizes=\"auto, (max-width: 1600px) 100vw, 1600px\" \/><\/a><\/p>\n<p>El primero se enfoca en la seguridad de los conglomerados en actividades como el recorrido de las antorchas, desfiles, celebraciones en plazas y eventos en espacios cerrados. Asimismo, se tiene prevista una campa\u00f1a de seguridad vial para que los conductores de veh\u00edculos y los participantes en las antorchas tengan cuidado al circular por las calles.<\/p>\n<p>Mej\u00eda indic\u00f3 que el segundo plan de contingencia est\u00e1 dirigido a brindar seguridad en las playas durante el fin de semana largo por el asueto del 15 de septiembre. Para ello, el Cuerpo de Salvamento del IGSS ser\u00e1 desplegado a 16 playas, dos lagos y diferentes centros recreativos, desde el mi\u00e9rcoles 13 hasta el domingo 17 de septiembre.<\/p>\n<p><strong>\u201cEs pertinente recordarles que todas las indicaciones que da un salvavidas deben acatarse para evitar riesgos y la p\u00e9rdida de vidas humanas\u201d<\/strong>, resalt\u00f3 el profesional. En total, son 60 salvavidas los que el Instituto dispondr\u00e1 durante el per\u00edodo.<\/p>\n<p><a href=\"\/wp-content\/uploads\/sites\/5\/2023\/09\/festejos-de-independencia-3.jpg\" target=\"_blank\" rel=\"noopener\"><img loading=\"lazy\" decoding=\"async\" class=\"alignnone wp-image-37660 size-full\" src=\"\/wp-content\/uploads\/sites\/5\/2023\/09\/festejos-de-independencia-3.jpg\" alt=\"\" width=\"1518\" height=\"991\" srcset=\"\/wp-content\/uploads\/sites\/5\/2023\/09\/festejos-de-independencia-3.jpg 1518w, \/wp-content\/uploads\/sites\/5\/2023\/09\/festejos-de-independencia-3-300x196.jpg 300w, \/wp-content\/uploads\/sites\/5\/2023\/09\/festejos-de-independencia-3-768x501.jpg 768w, \/wp-content\/uploads\/sites\/5\/2023\/09\/festejos-de-independencia-3-1024x669.jpg 1024w, \/wp-content\/uploads\/sites\/5\/2023\/09\/festejos-de-independencia-3-643x420.jpg 643w, \/wp-content\/uploads\/sites\/5\/2023\/09\/festejos-de-independencia-3-696x454.jpg 696w, \/wp-content\/uploads\/sites\/5\/2023\/09\/festejos-de-independencia-3-1068x697.jpg 1068w, \/wp-content\/uploads\/sites\/5\/2023\/09\/festejos-de-independencia-3-534x349.jpg 534w\" sizes=\"auto, (max-width: 1518px) 100vw, 1518px\" \/><\/a><\/p>\n<h3><strong>Es mejor prevenir<\/strong><\/h3>\n<p>El doctor Mej\u00eda hizo un llamado a tomar las medidas necesarias para que las fiestas patrias transcurran de manera segura. En ese sentido, recomend\u00f3 a los que portan las antorchas a manipularlas con precauci\u00f3n para evitar quemaduras, as\u00ed como subir a los veh\u00edculos en orden para evitar accidentes.<\/p>\n<p>Al tiempo que indic\u00f3 que se debe cuidar la hidrataci\u00f3n en los ni\u00f1os y adultos mayores para evitar los golpes de calor y sugiri\u00f3 que los menores acudan identificados a las actividades.<\/p>\n<p><strong>\u201cEl Seguro Social est\u00e1 para servirle a la comunidad\u201d<\/strong>, finaliz\u00f3.<\/p>\n\n\n\n\r\n                <style type=\"text\/css\">\r\n                    \r\n                    #tdi_1  .td-doubleSlider-2 .td-item1 {\r\n                        background: url(\/wp-content\/uploads\/sites\/5\/2023\/09\/festejos-de-independencia-1-80x60.jpg) 0 0 no-repeat;\r\n                    }\r\n                    #tdi_1  .td-doubleSlider-2 .td-item2 {\r\n                        background: url(\/wp-content\/uploads\/sites\/5\/2023\/09\/festejos-de-independencia-6-80x60.jpg) 0 0 no-repeat;\r\n                    }\r\n                    #tdi_1  .td-doubleSlider-2 .td-item3 {\r\n                        background: url(\/wp-content\/uploads\/sites\/5\/2023\/09\/festejos-de-independencia-2-80x60.jpg) 0 0 no-repeat;\r\n                    }\r\n                    #tdi_1  .td-doubleSlider-2 .td-item4 {\r\n                        background: url(\/wp-content\/uploads\/sites\/5\/2023\/09\/festejos-de-independencia-5-80x60.jpg) 0 0 no-repeat;\r\n                    }\r\n                    #tdi_1  .td-doubleSlider-2 .td-item5 {\r\n                        background: url(\/wp-content\/uploads\/sites\/5\/2023\/09\/festejos-de-independencia-8-80x60.jpg) 0 0 no-repeat;\r\n                    }\r\n                <\/style>\r\n\r\n                <div id=\"tdi_1\" class=\"td-gallery td-slide-on-2-columns\">\r\n                    <div class=\"post_td_gallery\">\r\n                        <div class=\"td-gallery-slide-top\">\r\n                           <div class=\"td-gallery-title\"><\/div>\r\n\r\n                            <div class=\"td-gallery-controls-wrapper\">\r\n                                <div class=\"td-gallery-slide-count\"><span class=\"td-gallery-slide-item-focus\">1<\/span> de 5<\/div>\r\n                                <div class=\"td-gallery-slide-prev-next-but\">\r\n                                    <i class = \"td-icon-left doubleSliderPrevButton\"><\/i>\r\n                                    <i class = \"td-icon-right doubleSliderNextButton\"><\/i>\r\n                                <\/div>\r\n                            <\/div>\r\n                        <\/div>\r\n\r\n                        <div class = \"td-doubleSlider-1 \">\r\n                            <div class = \"td-slider\">\r\n                                \r\n                    <div class = \"td-slide-item td-item1\">\r\n                        <figure class=\"td-slide-galery-figure td-slide-popup-gallery\">\r\n                            <a class=\"slide-gallery-image-link\" href=\"\/wp-content\/uploads\/sites\/5\/2023\/09\/festejos-de-independencia-1.jpg\" title=\"festejos de independencia-1\"  data-caption=\"\"  data-description=\"\">\r\n                                <img decoding=\"async\" src=\"\/wp-content\/uploads\/sites\/5\/2023\/09\/festejos-de-independencia-1-658x420.jpg\" srcset=\"\/wp-content\/uploads\/sites\/5\/2023\/09\/festejos-de-independencia-1-658x420.jpg 658w, \/wp-content\/uploads\/sites\/5\/2023\/09\/festejos-de-independencia-1-300x192.jpg 300w, \/wp-content\/uploads\/sites\/5\/2023\/09\/festejos-de-independencia-1-768x491.jpg 768w, \/wp-content\/uploads\/sites\/5\/2023\/09\/festejos-de-independencia-1-1024x654.jpg 1024w, \/wp-content\/uploads\/sites\/5\/2023\/09\/festejos-de-independencia-1-1536x981.jpg 1536w, \/wp-content\/uploads\/sites\/5\/2023\/09\/festejos-de-independencia-1-696x445.jpg 696w, \/wp-content\/uploads\/sites\/5\/2023\/09\/festejos-de-independencia-1-1068x682.jpg 1068w, \/wp-content\/uploads\/sites\/5\/2023\/09\/festejos-de-independencia-1-534x341.jpg 534w, \/wp-content\/uploads\/sites\/5\/2023\/09\/festejos-de-independencia-1.jpg 1600w\" sizes=\"(max-width: 658px) 100vw, 658px\" alt=\"\">\r\n                            <\/a>\r\n                            \r\n                        <\/figure>\r\n                    <\/div>\r\n                    <div class = \"td-slide-item td-item2\">\r\n                        <figure class=\"td-slide-galery-figure td-slide-popup-gallery\">\r\n                            <a class=\"slide-gallery-image-link\" href=\"\/wp-content\/uploads\/sites\/5\/2023\/09\/festejos-de-independencia-6.jpg\" title=\"festejos de independencia-6\"  data-caption=\"\"  data-description=\"\">\r\n                                <img decoding=\"async\" src=\"\/wp-content\/uploads\/sites\/5\/2023\/09\/festejos-de-independencia-6-489x420.jpg\" srcset=\"\/wp-content\/uploads\/sites\/5\/2023\/09\/festejos-de-independencia-6-489x420.jpg 489w, \/wp-content\/uploads\/sites\/5\/2023\/09\/festejos-de-independencia-6-300x258.jpg 300w, \/wp-content\/uploads\/sites\/5\/2023\/09\/festejos-de-independencia-6-768x660.jpg 768w, \/wp-content\/uploads\/sites\/5\/2023\/09\/festejos-de-independencia-6-1024x880.jpg 1024w, \/wp-content\/uploads\/sites\/5\/2023\/09\/festejos-de-independencia-6-696x598.jpg 696w, \/wp-content\/uploads\/sites\/5\/2023\/09\/festejos-de-independencia-6-1068x918.jpg 1068w, \/wp-content\/uploads\/sites\/5\/2023\/09\/festejos-de-independencia-6-534x459.jpg 534w, \/wp-content\/uploads\/sites\/5\/2023\/09\/festejos-de-independencia-6.jpg 1080w\" sizes=\"(max-width: 489px) 100vw, 489px\" alt=\"\">\r\n                            <\/a>\r\n                            \r\n                        <\/figure>\r\n                    <\/div>\r\n                    <div class = \"td-slide-item td-item3\">\r\n                        <figure class=\"td-slide-galery-figure td-slide-popup-gallery\">\r\n                            <a class=\"slide-gallery-image-link\" href=\"\/wp-content\/uploads\/sites\/5\/2023\/09\/festejos-de-independencia-2.jpg\" title=\"festejos de independencia-2\"  data-caption=\"\"  data-description=\"\">\r\n                                <img decoding=\"async\" src=\"\/wp-content\/uploads\/sites\/5\/2023\/09\/festejos-de-independencia-2-671x420.jpg\" srcset=\"\/wp-content\/uploads\/sites\/5\/2023\/09\/festejos-de-independencia-2-671x420.jpg 671w, \/wp-content\/uploads\/sites\/5\/2023\/09\/festejos-de-independencia-2-300x188.jpg 300w, \/wp-content\/uploads\/sites\/5\/2023\/09\/festejos-de-independencia-2-768x481.jpg 768w, \/wp-content\/uploads\/sites\/5\/2023\/09\/festejos-de-independencia-2-1024x641.jpg 1024w, \/wp-content\/uploads\/sites\/5\/2023\/09\/festejos-de-independencia-2-1536x962.jpg 1536w, \/wp-content\/uploads\/sites\/5\/2023\/09\/festejos-de-independencia-2-696x436.jpg 696w, \/wp-content\/uploads\/sites\/5\/2023\/09\/festejos-de-independencia-2-1068x669.jpg 1068w, \/wp-content\/uploads\/sites\/5\/2023\/09\/festejos-de-independencia-2-534x334.jpg 534w, \/wp-content\/uploads\/sites\/5\/2023\/09\/festejos-de-independencia-2.jpg 1551w\" sizes=\"(max-width: 671px) 100vw, 671px\" alt=\"\">\r\n                            <\/a>\r\n                            \r\n                        <\/figure>\r\n                    <\/div>\r\n                    <div class = \"td-slide-item td-item4\">\r\n                        <figure class=\"td-slide-galery-figure td-slide-popup-gallery\">\r\n                            <a class=\"slide-gallery-image-link\" href=\"\/wp-content\/uploads\/sites\/5\/2023\/09\/festejos-de-independencia-5.jpg\" title=\"festejos de independencia-5\"  data-caption=\"\"  data-description=\"\">\r\n                                <img decoding=\"async\" src=\"\/wp-content\/uploads\/sites\/5\/2023\/09\/festejos-de-independencia-5-707x420.jpg\" srcset=\"\/wp-content\/uploads\/sites\/5\/2023\/09\/festejos-de-independencia-5-707x420.jpg 707w, \/wp-content\/uploads\/sites\/5\/2023\/09\/festejos-de-independencia-5-300x178.jpg 300w, \/wp-content\/uploads\/sites\/5\/2023\/09\/festejos-de-independencia-5-768x456.jpg 768w, \/wp-content\/uploads\/sites\/5\/2023\/09\/festejos-de-independencia-5-1024x608.jpg 1024w, \/wp-content\/uploads\/sites\/5\/2023\/09\/festejos-de-independencia-5-1536x912.jpg 1536w, \/wp-content\/uploads\/sites\/5\/2023\/09\/festejos-de-independencia-5-696x413.jpg 696w, \/wp-content\/uploads\/sites\/5\/2023\/09\/festejos-de-independencia-5-1068x634.jpg 1068w, \/wp-content\/uploads\/sites\/5\/2023\/09\/festejos-de-independencia-5-534x317.jpg 534w, \/wp-content\/uploads\/sites\/5\/2023\/09\/festejos-de-independencia-5.jpg 1600w\" sizes=\"(max-width: 707px) 100vw, 707px\" alt=\"\">\r\n                            <\/a>\r\n                            \r\n                        <\/figure>\r\n                    <\/div>\r\n                    <div class = \"td-slide-item td-item5\">\r\n                        <figure class=\"td-slide-galery-figure td-slide-popup-gallery\">\r\n                            <a class=\"slide-gallery-image-link\" href=\"\/wp-content\/uploads\/sites\/5\/2023\/09\/festejos-de-independencia-8.jpg\" title=\"festejos de independencia-8\"  data-caption=\"\"  data-description=\"\">\r\n                                <img decoding=\"async\" src=\"\/wp-content\/uploads\/sites\/5\/2023\/09\/festejos-de-independencia-8-726x420.jpg\" srcset=\"\/wp-content\/uploads\/sites\/5\/2023\/09\/festejos-de-independencia-8-726x420.jpg 726w, \/wp-content\/uploads\/sites\/5\/2023\/09\/festejos-de-independencia-8-300x174.jpg 300w, \/wp-content\/uploads\/sites\/5\/2023\/09\/festejos-de-independencia-8-768x444.jpg 768w, \/wp-content\/uploads\/sites\/5\/2023\/09\/festejos-de-independencia-8-1024x593.jpg 1024w, \/wp-content\/uploads\/sites\/5\/2023\/09\/festejos-de-independencia-8-1536x889.jpg 1536w, \/wp-content\/uploads\/sites\/5\/2023\/09\/festejos-de-independencia-8-696x403.jpg 696w, \/wp-content\/uploads\/sites\/5\/2023\/09\/festejos-de-independencia-8-1068x618.jpg 1068w, \/wp-content\/uploads\/sites\/5\/2023\/09\/festejos-de-independencia-8-534x309.jpg 534w, \/wp-content\/uploads\/sites\/5\/2023\/09\/festejos-de-independencia-8.jpg 1600w\" sizes=\"(max-width: 726px) 100vw, 726px\" alt=\"\">\r\n                            <\/a>\r\n                            \r\n                        <\/figure>\r\n                    <\/div>\r\n                            <\/div>\r\n                        <\/div>\r\n\r\n                        <div class = \"td-doubleSlider-2\">\r\n                            <div class = \"td-slider\">\r\n                                \r\n                    <div class = \"td-button td-item1\">\r\n                        <div class = \"td-border\"><\/div>\r\n                    <\/div>\r\n                    <div class = \"td-button td-item2\">\r\n                        <div class = \"td-border\"><\/div>\r\n                    <\/div>\r\n                    <div class = \"td-button td-item3\">\r\n                        <div class = \"td-border\"><\/div>\r\n                    <\/div>\r\n                    <div class = \"td-button td-item4\">\r\n                        <div class = \"td-border\"><\/div>\r\n                    <\/div>\r\n                    <div class = \"td-button td-item5\">\r\n                        <div class = \"td-border\"><\/div>\r\n                    <\/div>\r\n                            <\/div>\r\n                        <\/div>\r\n\r\n                    <\/div>\r\n\r\n                <\/div>\r\n                \n","protected":false},"excerpt":{"rendered":"<p>El Instituto Guatemalteco de Seguridad Social (IGSS) ha implementado planes de contingencia para fortalecer y promover la prevenci\u00f3n durante las actividades conmemorativas a los 202 a\u00f1os de la Independencia del pa\u00eds. El jefe de la Secci\u00f3n de Seguridad e Higiene y Prevenci\u00f3n de Accidentes del IGSS, Dr. Mynor Mej\u00eda, inform\u00f3 que son dos planes que [&hellip;]<\/p>\n","protected":false},"author":1961,"featured_media":37658,"comment_status":"closed","ping_status":"closed","sticky":false,"template":"","format":"standard","meta":{"footnotes":""},"categories":[3],"tags":[1771,1772,727],"coauthors":[],"class_list":{"0":"post-37656","1":"post","2":"type-post","3":"status-publish","4":"format-standard","5":"has-post-thumbnail","7":"category-actualidad","8":"tag-festejos-de-independencia","9":"tag-independencia-de-guatemala","10":"tag-prevencion-igss"},"_links":{"self":[{"href":"https:\/\/www.igssgt.org\/noticias\/wp-json\/wp\/v2\/posts\/37656","targetHints":{"allow":["GET"]}}],"collection":[{"href":"https:\/\/www.igssgt.org\/noticias\/wp-json\/wp\/v2\/posts"}],"about":[{"href":"https:\/\/www.igssgt.org\/noticias\/wp-json\/wp\/v2\/types\/post"}],"author":[{"embeddable":true,"href":"https:\/\/www.igssgt.org\/noticias\/wp-json\/wp\/v2\/users\/1961"}],"replies":[{"embeddable":true,"href":"https:\/\/www.igssgt.org\/noticias\/wp-json\/wp\/v2\/comments?post=37656"}],"version-history":[{"count":3,"href":"https:\/\/www.igssgt.org\/noticias\/wp-json\/wp\/v2\/posts\/37656\/revisions"}],"predecessor-version":[{"id":37667,"href":"https:\/\/www.igssgt.org\/noticias\/wp-json\/wp\/v2\/posts\/37656\/revisions\/37667"}],"wp:featuredmedia":[{"embeddable":true,"href":"https:\/\/www.igssgt.org\/noticias\/wp-json\/wp\/v2\/media\/37658"}],"wp:attachment":[{"href":"https:\/\/www.igssgt.org\/noticias\/wp-json\/wp\/v2\/media?parent=37656"}],"wp:term":[{"taxonomy":"category","embeddable":true,"href":"https:\/\/www.igssgt.org\/noticias\/wp-json\/wp\/v2\/categories?post=37656"},{"taxonomy":"post_tag","embeddable":true,"href":"https:\/\/www.igssgt.org\/noticias\/wp-json\/wp\/v2\/tags?post=37656"},{"taxonomy":"author","embeddable":true,"href":"https:\/\/www.igssgt.org\/noticias\/wp-json\/wp\/v2\/coauthors?post=37656"}],"curies":[{"name":"wp","href":"https:\/\/api.w.org\/{rel}","templated":true}]}}