{"id":37668,"date":"2023-09-05T10:25:26","date_gmt":"2023-09-05T16:25:26","guid":{"rendered":"https:\/\/www.igssgt.org\/noticias\/?p=37668"},"modified":"2023-09-05T10:26:02","modified_gmt":"2023-09-05T16:26:02","slug":"el-igss-promueve-acciones-para-prevenir-el-dengue-en-escuintla","status":"publish","type":"post","link":"https:\/\/www.igssgt.org\/noticias\/2023\/09\/05\/el-igss-promueve-acciones-para-prevenir-el-dengue-en-escuintla\/","title":{"rendered":"El IGSS promueve acciones para prevenir el dengue en Escuintla"},"content":{"rendered":"\n<p class=\"has-drop-cap\">Luego de haber sido declarada la emergencia sanitaria nacional por la epidemia del dengue en el pa\u00eds, trabajadores del \u00c1rea Comunitaria del Hospital Departamental IGSS de Escuintla impartieron una serie de charlas informativas para fortalecer el conocimiento y mitigar la propagaci\u00f3n de la enfermedad en los asegurados de la Costa Sur.<\/p>\n\n\n\n<p>A trav\u00e9s de un mural informativo y materiales gr\u00e1ficos, auxiliares de enfermer\u00eda y promotores de salud expusieron la diferencia entre el dengue Cl\u00e1sico y el dengue Hemorr\u00e1gico, pues este \u00faltimo puede llegar a causar la muerte.<\/p>\n<p><a href=\"\/wp-content\/uploads\/sites\/5\/2023\/09\/dengue-escuintla-10.jpg\" target=\"_blank\" rel=\"noopener\"><img loading=\"lazy\" decoding=\"async\" class=\"alignnone wp-image-37671 size-full\" src=\"\/wp-content\/uploads\/sites\/5\/2023\/09\/dengue-escuintla-10.jpg\" alt=\"\" width=\"1488\" height=\"992\" srcset=\"\/wp-content\/uploads\/sites\/5\/2023\/09\/dengue-escuintla-10.jpg 1488w, \/wp-content\/uploads\/sites\/5\/2023\/09\/dengue-escuintla-10-300x200.jpg 300w, \/wp-content\/uploads\/sites\/5\/2023\/09\/dengue-escuintla-10-768x512.jpg 768w, \/wp-content\/uploads\/sites\/5\/2023\/09\/dengue-escuintla-10-1024x683.jpg 1024w, \/wp-content\/uploads\/sites\/5\/2023\/09\/dengue-escuintla-10-630x420.jpg 630w, \/wp-content\/uploads\/sites\/5\/2023\/09\/dengue-escuintla-10-696x464.jpg 696w, \/wp-content\/uploads\/sites\/5\/2023\/09\/dengue-escuintla-10-1068x712.jpg 1068w, \/wp-content\/uploads\/sites\/5\/2023\/09\/dengue-escuintla-10-534x356.jpg 534w\" sizes=\"auto, (max-width: 1488px) 100vw, 1488px\" \/><\/a><\/p>\n<p>Delmy Mendoza, auxiliar de enfermer\u00eda y coordinadora del evento, resalt\u00f3 la importancia de identificar los s\u00edntomas y asistir a los servicios de salud de manera oportuna. <strong>\u201cEn el dengue Cl\u00e1sico se presenta fiebre alta, dolor de ojos, sarpullido en el pecho y extremidades, n\u00e1useas, v\u00f3mitos, dolor muscular, articular y de cabeza\u201d<\/strong>, indic\u00f3.<\/p>\n<blockquote>\n<p>Se impartieron una serie de charlas informativas para fortalecer el conocimiento y mitigar la propagaci\u00f3n de la enfermedad<\/p>\n<\/blockquote>\n<p>Mendoza explic\u00f3 que en el caso del dengue Hemorr\u00e1gico, en la mayor\u00eda de casos, hay sangrado en la piel, nariz y boca, as\u00ed como dificultad al respirar, dolor abdominal intenso, presi\u00f3n alta y v\u00f3mitos con sangre.<\/p>\n<p><a href=\"\/wp-content\/uploads\/sites\/5\/2023\/09\/dengue-escuintla-3.jpg\" target=\"_blank\" rel=\"noopener\"><img loading=\"lazy\" decoding=\"async\" class=\"alignnone wp-image-37673 size-full\" src=\"\/wp-content\/uploads\/sites\/5\/2023\/09\/dengue-escuintla-3.jpg\" alt=\"\" width=\"1423\" height=\"899\" srcset=\"\/wp-content\/uploads\/sites\/5\/2023\/09\/dengue-escuintla-3.jpg 1423w, \/wp-content\/uploads\/sites\/5\/2023\/09\/dengue-escuintla-3-300x190.jpg 300w, \/wp-content\/uploads\/sites\/5\/2023\/09\/dengue-escuintla-3-768x485.jpg 768w, \/wp-content\/uploads\/sites\/5\/2023\/09\/dengue-escuintla-3-1024x647.jpg 1024w, \/wp-content\/uploads\/sites\/5\/2023\/09\/dengue-escuintla-3-665x420.jpg 665w, \/wp-content\/uploads\/sites\/5\/2023\/09\/dengue-escuintla-3-696x440.jpg 696w, \/wp-content\/uploads\/sites\/5\/2023\/09\/dengue-escuintla-3-1068x675.jpg 1068w, \/wp-content\/uploads\/sites\/5\/2023\/09\/dengue-escuintla-3-534x337.jpg 534w\" sizes=\"auto, (max-width: 1423px) 100vw, 1423px\" \/><\/a><\/p>\n<p>Durante la actividad se recomend\u00f3 aumentar las acciones de prevenci\u00f3n como limpiar los jardines y terrenos bald\u00edos, utilizar pabellones en los dormitorios, colocar mosquiteros o cedazos en ventanas o puertas, sin olvidar el uso de ropa de manga larga y repelente de mosquitos.<\/p>\n<p>Asimismo, se hizo especial \u00e9nfasis en la importancia de mantener cubiertos los dep\u00f3sitos de agua como pilas, toneles, ba\u00f1os o cualquier otro recipiente que pueda almacenar agua, as\u00ed como eliminar la acumulaci\u00f3n de basura, chatarra, llantas usadas y botellas.<\/p>\n<p>La especialista puntualiz\u00f3 que no existe vacuna ni medicamento espec\u00edfico para tratar el dengue, y que los s\u00edntomas generalmente duran entre 2 y 7 d\u00edas.<\/p>\n\n\n\n\r\n                <style type=\"text\/css\">\r\n                    \r\n                    #tdi_1  .td-doubleSlider-2 .td-item1 {\r\n                        background: url(\/wp-content\/uploads\/sites\/5\/2023\/09\/dengue-escuintla-13-80x60.jpg) 0 0 no-repeat;\r\n                    }\r\n                    #tdi_1  .td-doubleSlider-2 .td-item2 {\r\n                        background: url(\/wp-content\/uploads\/sites\/5\/2023\/09\/dengue-escuintla-1-80x60.jpg) 0 0 no-repeat;\r\n                    }\r\n                    #tdi_1  .td-doubleSlider-2 .td-item3 {\r\n                        background: url(\/wp-content\/uploads\/sites\/5\/2023\/09\/dengue-escuintla-2-80x60.jpg) 0 0 no-repeat;\r\n                    }\r\n                    #tdi_1  .td-doubleSlider-2 .td-item4 {\r\n                        background: url(\/wp-content\/uploads\/sites\/5\/2023\/09\/dengue-escuintla-4-80x60.jpg) 0 0 no-repeat;\r\n                    }\r\n                    #tdi_1  .td-doubleSlider-2 .td-item5 {\r\n                        background: url(\/wp-content\/uploads\/sites\/5\/2023\/09\/dengue-escuintla-7-80x60.jpg) 0 0 no-repeat;\r\n                    }\r\n                    #tdi_1  .td-doubleSlider-2 .td-item6 {\r\n                        background: url(\/wp-content\/uploads\/sites\/5\/2023\/09\/dengue-escuintla-8-80x60.jpg) 0 0 no-repeat;\r\n                    }\r\n                    #tdi_1  .td-doubleSlider-2 .td-item7 {\r\n                        background: url(\/wp-content\/uploads\/sites\/5\/2023\/09\/dengue-escuintla-9-80x60.jpg) 0 0 no-repeat;\r\n                    }\r\n                    #tdi_1  .td-doubleSlider-2 .td-item8 {\r\n                        background: url(\/wp-content\/uploads\/sites\/5\/2023\/09\/dengue-escuintla-11-80x60.jpg) 0 0 no-repeat;\r\n                    }\r\n                    #tdi_1  .td-doubleSlider-2 .td-item9 {\r\n                        background: url(\/wp-content\/uploads\/sites\/5\/2023\/09\/dengue-escuintla-12-80x60.jpg) 0 0 no-repeat;\r\n                    }\r\n                    #tdi_1  .td-doubleSlider-2 .td-item10 {\r\n                        background: url(\/wp-content\/uploads\/sites\/5\/2023\/09\/dengue-escuintla-6-80x60.jpg) 0 0 no-repeat;\r\n                    }\r\n                <\/style>\r\n\r\n                <div id=\"tdi_1\" class=\"td-gallery td-slide-on-2-columns\">\r\n                    <div class=\"post_td_gallery\">\r\n                        <div class=\"td-gallery-slide-top\">\r\n                           <div class=\"td-gallery-title\"><\/div>\r\n\r\n                            <div class=\"td-gallery-controls-wrapper\">\r\n                                <div class=\"td-gallery-slide-count\"><span class=\"td-gallery-slide-item-focus\">1<\/span> de 10<\/div>\r\n                                <div class=\"td-gallery-slide-prev-next-but\">\r\n                                    <i class = \"td-icon-left doubleSliderPrevButton\"><\/i>\r\n                                    <i class = \"td-icon-right doubleSliderNextButton\"><\/i>\r\n                                <\/div>\r\n                            <\/div>\r\n                        <\/div>\r\n\r\n                        <div class = \"td-doubleSlider-1 \">\r\n                            <div class = \"td-slider\">\r\n                                \r\n                    <div class = \"td-slide-item td-item1\">\r\n                        <figure class=\"td-slide-galery-figure td-slide-popup-gallery\">\r\n                            <a class=\"slide-gallery-image-link\" href=\"\/wp-content\/uploads\/sites\/5\/2023\/09\/dengue-escuintla-13.jpg\" title=\"dengue escuintla-13\"  data-caption=\"\"  data-description=\"\">\r\n                                <img decoding=\"async\" src=\"\/wp-content\/uploads\/sites\/5\/2023\/09\/dengue-escuintla-13-630x420.jpg\" srcset=\"\/wp-content\/uploads\/sites\/5\/2023\/09\/dengue-escuintla-13-630x420.jpg 630w, \/wp-content\/uploads\/sites\/5\/2023\/09\/dengue-escuintla-13-300x200.jpg 300w, \/wp-content\/uploads\/sites\/5\/2023\/09\/dengue-escuintla-13-768x512.jpg 768w, \/wp-content\/uploads\/sites\/5\/2023\/09\/dengue-escuintla-13-1024x683.jpg 1024w, \/wp-content\/uploads\/sites\/5\/2023\/09\/dengue-escuintla-13-696x464.jpg 696w, \/wp-content\/uploads\/sites\/5\/2023\/09\/dengue-escuintla-13-1068x712.jpg 1068w, \/wp-content\/uploads\/sites\/5\/2023\/09\/dengue-escuintla-13-534x356.jpg 534w, \/wp-content\/uploads\/sites\/5\/2023\/09\/dengue-escuintla-13.jpg 1488w\" sizes=\"(max-width: 630px) 100vw, 630px\" alt=\"\">\r\n                            <\/a>\r\n                            \r\n                        <\/figure>\r\n                    <\/div>\r\n                    <div class = \"td-slide-item td-item2\">\r\n                        <figure class=\"td-slide-galery-figure td-slide-popup-gallery\">\r\n                            <a class=\"slide-gallery-image-link\" href=\"\/wp-content\/uploads\/sites\/5\/2023\/09\/dengue-escuintla-1.jpg\" title=\"dengue escuintla-1\"  data-caption=\"\"  data-description=\"\">\r\n                                <img decoding=\"async\" src=\"\/wp-content\/uploads\/sites\/5\/2023\/09\/dengue-escuintla-1-630x420.jpg\" srcset=\"\/wp-content\/uploads\/sites\/5\/2023\/09\/dengue-escuintla-1-630x420.jpg 630w, \/wp-content\/uploads\/sites\/5\/2023\/09\/dengue-escuintla-1-300x200.jpg 300w, \/wp-content\/uploads\/sites\/5\/2023\/09\/dengue-escuintla-1-768x512.jpg 768w, \/wp-content\/uploads\/sites\/5\/2023\/09\/dengue-escuintla-1-1024x683.jpg 1024w, \/wp-content\/uploads\/sites\/5\/2023\/09\/dengue-escuintla-1-696x464.jpg 696w, \/wp-content\/uploads\/sites\/5\/2023\/09\/dengue-escuintla-1-1068x712.jpg 1068w, \/wp-content\/uploads\/sites\/5\/2023\/09\/dengue-escuintla-1-534x356.jpg 534w, \/wp-content\/uploads\/sites\/5\/2023\/09\/dengue-escuintla-1.jpg 1488w\" sizes=\"(max-width: 630px) 100vw, 630px\" alt=\"\">\r\n                            <\/a>\r\n                            \r\n                        <\/figure>\r\n                    <\/div>\r\n                    <div class = \"td-slide-item td-item3\">\r\n                        <figure class=\"td-slide-galery-figure td-slide-popup-gallery\">\r\n                            <a class=\"slide-gallery-image-link\" href=\"\/wp-content\/uploads\/sites\/5\/2023\/09\/dengue-escuintla-2.jpg\" title=\"dengue escuintla-2\"  data-caption=\"\"  data-description=\"\">\r\n                                <img decoding=\"async\" src=\"\/wp-content\/uploads\/sites\/5\/2023\/09\/dengue-escuintla-2-630x420.jpg\" srcset=\"\/wp-content\/uploads\/sites\/5\/2023\/09\/dengue-escuintla-2-630x420.jpg 630w, \/wp-content\/uploads\/sites\/5\/2023\/09\/dengue-escuintla-2-300x200.jpg 300w, \/wp-content\/uploads\/sites\/5\/2023\/09\/dengue-escuintla-2-768x512.jpg 768w, \/wp-content\/uploads\/sites\/5\/2023\/09\/dengue-escuintla-2-1024x683.jpg 1024w, \/wp-content\/uploads\/sites\/5\/2023\/09\/dengue-escuintla-2-696x464.jpg 696w, \/wp-content\/uploads\/sites\/5\/2023\/09\/dengue-escuintla-2-1068x712.jpg 1068w, \/wp-content\/uploads\/sites\/5\/2023\/09\/dengue-escuintla-2-534x356.jpg 534w, \/wp-content\/uploads\/sites\/5\/2023\/09\/dengue-escuintla-2.jpg 1488w\" sizes=\"(max-width: 630px) 100vw, 630px\" alt=\"\">\r\n                            <\/a>\r\n                            \r\n                        <\/figure>\r\n                    <\/div>\r\n                    <div class = \"td-slide-item td-item4\">\r\n                        <figure class=\"td-slide-galery-figure td-slide-popup-gallery\">\r\n                            <a class=\"slide-gallery-image-link\" href=\"\/wp-content\/uploads\/sites\/5\/2023\/09\/dengue-escuintla-4.jpg\" title=\"dengue escuintla-4\"  data-caption=\"\"  data-description=\"\">\r\n                                <img decoding=\"async\" src=\"\/wp-content\/uploads\/sites\/5\/2023\/09\/dengue-escuintla-4-630x420.jpg\" srcset=\"\/wp-content\/uploads\/sites\/5\/2023\/09\/dengue-escuintla-4-630x420.jpg 630w, \/wp-content\/uploads\/sites\/5\/2023\/09\/dengue-escuintla-4-300x200.jpg 300w, \/wp-content\/uploads\/sites\/5\/2023\/09\/dengue-escuintla-4-768x512.jpg 768w, \/wp-content\/uploads\/sites\/5\/2023\/09\/dengue-escuintla-4-1024x683.jpg 1024w, \/wp-content\/uploads\/sites\/5\/2023\/09\/dengue-escuintla-4-696x464.jpg 696w, \/wp-content\/uploads\/sites\/5\/2023\/09\/dengue-escuintla-4-1068x712.jpg 1068w, \/wp-content\/uploads\/sites\/5\/2023\/09\/dengue-escuintla-4-534x356.jpg 534w, \/wp-content\/uploads\/sites\/5\/2023\/09\/dengue-escuintla-4.jpg 1488w\" sizes=\"(max-width: 630px) 100vw, 630px\" alt=\"\">\r\n                            <\/a>\r\n                            \r\n                        <\/figure>\r\n                    <\/div>\r\n                    <div class = \"td-slide-item td-item5\">\r\n                        <figure class=\"td-slide-galery-figure td-slide-popup-gallery\">\r\n                            <a class=\"slide-gallery-image-link\" href=\"\/wp-content\/uploads\/sites\/5\/2023\/09\/dengue-escuintla-7.jpg\" title=\"dengue escuintla-7\"  data-caption=\"\"  data-description=\"\">\r\n                                <img decoding=\"async\" src=\"\/wp-content\/uploads\/sites\/5\/2023\/09\/dengue-escuintla-7-630x420.jpg\" srcset=\"\/wp-content\/uploads\/sites\/5\/2023\/09\/dengue-escuintla-7-630x420.jpg 630w, \/wp-content\/uploads\/sites\/5\/2023\/09\/dengue-escuintla-7-300x200.jpg 300w, \/wp-content\/uploads\/sites\/5\/2023\/09\/dengue-escuintla-7-768x512.jpg 768w, \/wp-content\/uploads\/sites\/5\/2023\/09\/dengue-escuintla-7-1024x683.jpg 1024w, \/wp-content\/uploads\/sites\/5\/2023\/09\/dengue-escuintla-7-696x464.jpg 696w, \/wp-content\/uploads\/sites\/5\/2023\/09\/dengue-escuintla-7-1068x712.jpg 1068w, \/wp-content\/uploads\/sites\/5\/2023\/09\/dengue-escuintla-7-534x356.jpg 534w, \/wp-content\/uploads\/sites\/5\/2023\/09\/dengue-escuintla-7.jpg 1488w\" sizes=\"(max-width: 630px) 100vw, 630px\" alt=\"\">\r\n                            <\/a>\r\n                            \r\n                        <\/figure>\r\n                    <\/div>\r\n                    <div class = \"td-slide-item td-item6\">\r\n                        <figure class=\"td-slide-galery-figure td-slide-popup-gallery\">\r\n                            <a class=\"slide-gallery-image-link\" href=\"\/wp-content\/uploads\/sites\/5\/2023\/09\/dengue-escuintla-8.jpg\" title=\"dengue escuintla-8\"  data-caption=\"\"  data-description=\"\">\r\n                                <img decoding=\"async\" src=\"\/wp-content\/uploads\/sites\/5\/2023\/09\/dengue-escuintla-8-630x420.jpg\" srcset=\"\/wp-content\/uploads\/sites\/5\/2023\/09\/dengue-escuintla-8-630x420.jpg 630w, \/wp-content\/uploads\/sites\/5\/2023\/09\/dengue-escuintla-8-300x200.jpg 300w, \/wp-content\/uploads\/sites\/5\/2023\/09\/dengue-escuintla-8-768x512.jpg 768w, \/wp-content\/uploads\/sites\/5\/2023\/09\/dengue-escuintla-8-1024x683.jpg 1024w, \/wp-content\/uploads\/sites\/5\/2023\/09\/dengue-escuintla-8-696x464.jpg 696w, \/wp-content\/uploads\/sites\/5\/2023\/09\/dengue-escuintla-8-1068x712.jpg 1068w, \/wp-content\/uploads\/sites\/5\/2023\/09\/dengue-escuintla-8-534x356.jpg 534w, \/wp-content\/uploads\/sites\/5\/2023\/09\/dengue-escuintla-8.jpg 1488w\" sizes=\"(max-width: 630px) 100vw, 630px\" alt=\"\">\r\n                            <\/a>\r\n                            \r\n                        <\/figure>\r\n                    <\/div>\r\n                    <div class = \"td-slide-item td-item7\">\r\n                        <figure class=\"td-slide-galery-figure td-slide-popup-gallery\">\r\n                            <a class=\"slide-gallery-image-link\" href=\"\/wp-content\/uploads\/sites\/5\/2023\/09\/dengue-escuintla-9.jpg\" title=\"dengue escuintla-9\"  data-caption=\"\"  data-description=\"\">\r\n                                <img decoding=\"async\" src=\"\/wp-content\/uploads\/sites\/5\/2023\/09\/dengue-escuintla-9-563x420.jpg\" srcset=\"\/wp-content\/uploads\/sites\/5\/2023\/09\/dengue-escuintla-9-563x420.jpg 563w, \/wp-content\/uploads\/sites\/5\/2023\/09\/dengue-escuintla-9-300x224.jpg 300w, \/wp-content\/uploads\/sites\/5\/2023\/09\/dengue-escuintla-9-768x573.jpg 768w, \/wp-content\/uploads\/sites\/5\/2023\/09\/dengue-escuintla-9-1024x764.jpg 1024w, \/wp-content\/uploads\/sites\/5\/2023\/09\/dengue-escuintla-9-80x60.jpg 80w, \/wp-content\/uploads\/sites\/5\/2023\/09\/dengue-escuintla-9-696x519.jpg 696w, \/wp-content\/uploads\/sites\/5\/2023\/09\/dengue-escuintla-9-1068x796.jpg 1068w, \/wp-content\/uploads\/sites\/5\/2023\/09\/dengue-escuintla-9-265x198.jpg 265w, \/wp-content\/uploads\/sites\/5\/2023\/09\/dengue-escuintla-9-534x398.jpg 534w, \/wp-content\/uploads\/sites\/5\/2023\/09\/dengue-escuintla-9.jpg 1321w\" sizes=\"(max-width: 563px) 100vw, 563px\" alt=\"\">\r\n                            <\/a>\r\n                            \r\n                        <\/figure>\r\n                    <\/div>\r\n                    <div class = \"td-slide-item td-item8\">\r\n                        <figure class=\"td-slide-galery-figure td-slide-popup-gallery\">\r\n                            <a class=\"slide-gallery-image-link\" href=\"\/wp-content\/uploads\/sites\/5\/2023\/09\/dengue-escuintla-11.jpg\" title=\"dengue escuintla-11\"  data-caption=\"\"  data-description=\"\">\r\n                                <img decoding=\"async\" src=\"\/wp-content\/uploads\/sites\/5\/2023\/09\/dengue-escuintla-11-630x420.jpg\" srcset=\"\/wp-content\/uploads\/sites\/5\/2023\/09\/dengue-escuintla-11-630x420.jpg 630w, \/wp-content\/uploads\/sites\/5\/2023\/09\/dengue-escuintla-11-300x200.jpg 300w, \/wp-content\/uploads\/sites\/5\/2023\/09\/dengue-escuintla-11-768x512.jpg 768w, \/wp-content\/uploads\/sites\/5\/2023\/09\/dengue-escuintla-11-1024x683.jpg 1024w, \/wp-content\/uploads\/sites\/5\/2023\/09\/dengue-escuintla-11-696x464.jpg 696w, \/wp-content\/uploads\/sites\/5\/2023\/09\/dengue-escuintla-11-1068x712.jpg 1068w, \/wp-content\/uploads\/sites\/5\/2023\/09\/dengue-escuintla-11-534x356.jpg 534w, \/wp-content\/uploads\/sites\/5\/2023\/09\/dengue-escuintla-11.jpg 1488w\" sizes=\"(max-width: 630px) 100vw, 630px\" alt=\"\">\r\n                            <\/a>\r\n                            \r\n                        <\/figure>\r\n                    <\/div>\r\n                    <div class = \"td-slide-item td-item9\">\r\n                        <figure class=\"td-slide-galery-figure td-slide-popup-gallery\">\r\n                            <a class=\"slide-gallery-image-link\" href=\"\/wp-content\/uploads\/sites\/5\/2023\/09\/dengue-escuintla-12.jpg\" title=\"dengue escuintla-12\"  data-caption=\"\"  data-description=\"\">\r\n                                <img decoding=\"async\" src=\"\/wp-content\/uploads\/sites\/5\/2023\/09\/dengue-escuintla-12-630x420.jpg\" srcset=\"\/wp-content\/uploads\/sites\/5\/2023\/09\/dengue-escuintla-12-630x420.jpg 630w, \/wp-content\/uploads\/sites\/5\/2023\/09\/dengue-escuintla-12-300x200.jpg 300w, \/wp-content\/uploads\/sites\/5\/2023\/09\/dengue-escuintla-12-768x512.jpg 768w, \/wp-content\/uploads\/sites\/5\/2023\/09\/dengue-escuintla-12-1024x683.jpg 1024w, \/wp-content\/uploads\/sites\/5\/2023\/09\/dengue-escuintla-12-696x464.jpg 696w, \/wp-content\/uploads\/sites\/5\/2023\/09\/dengue-escuintla-12-1068x712.jpg 1068w, \/wp-content\/uploads\/sites\/5\/2023\/09\/dengue-escuintla-12-534x356.jpg 534w, \/wp-content\/uploads\/sites\/5\/2023\/09\/dengue-escuintla-12.jpg 1488w\" sizes=\"(max-width: 630px) 100vw, 630px\" alt=\"\">\r\n                            <\/a>\r\n                            \r\n                        <\/figure>\r\n                    <\/div>\r\n                    <div class = \"td-slide-item td-item10\">\r\n                        <figure class=\"td-slide-galery-figure td-slide-popup-gallery\">\r\n                            <a class=\"slide-gallery-image-link\" href=\"\/wp-content\/uploads\/sites\/5\/2023\/09\/dengue-escuintla-6.jpg\" title=\"dengue escuintla-6\"  data-caption=\"\"  data-description=\"\">\r\n                                <img decoding=\"async\" src=\"\/wp-content\/uploads\/sites\/5\/2023\/09\/dengue-escuintla-6-630x420.jpg\" srcset=\"\/wp-content\/uploads\/sites\/5\/2023\/09\/dengue-escuintla-6-630x420.jpg 630w, \/wp-content\/uploads\/sites\/5\/2023\/09\/dengue-escuintla-6-300x200.jpg 300w, \/wp-content\/uploads\/sites\/5\/2023\/09\/dengue-escuintla-6-768x512.jpg 768w, \/wp-content\/uploads\/sites\/5\/2023\/09\/dengue-escuintla-6-1024x683.jpg 1024w, \/wp-content\/uploads\/sites\/5\/2023\/09\/dengue-escuintla-6-696x464.jpg 696w, \/wp-content\/uploads\/sites\/5\/2023\/09\/dengue-escuintla-6-1068x712.jpg 1068w, \/wp-content\/uploads\/sites\/5\/2023\/09\/dengue-escuintla-6-534x356.jpg 534w, \/wp-content\/uploads\/sites\/5\/2023\/09\/dengue-escuintla-6.jpg 1488w\" sizes=\"(max-width: 630px) 100vw, 630px\" alt=\"\">\r\n                            <\/a>\r\n                            \r\n                        <\/figure>\r\n                    <\/div>\r\n                            <\/div>\r\n                        <\/div>\r\n\r\n                        <div class = \"td-doubleSlider-2\">\r\n                            <div class = \"td-slider\">\r\n                                \r\n                    <div class = \"td-button td-item1\">\r\n                        <div class = \"td-border\"><\/div>\r\n                    <\/div>\r\n                    <div class = \"td-button td-item2\">\r\n                        <div class = \"td-border\"><\/div>\r\n                    <\/div>\r\n                    <div class = \"td-button td-item3\">\r\n                        <div class = \"td-border\"><\/div>\r\n                    <\/div>\r\n                    <div class = \"td-button td-item4\">\r\n                        <div class = \"td-border\"><\/div>\r\n                    <\/div>\r\n                    <div class = \"td-button td-item5\">\r\n                        <div class = \"td-border\"><\/div>\r\n                    <\/div>\r\n                    <div class = \"td-button td-item6\">\r\n                        <div class = \"td-border\"><\/div>\r\n                    <\/div>\r\n                    <div class = \"td-button td-item7\">\r\n                        <div class = \"td-border\"><\/div>\r\n                    <\/div>\r\n                    <div class = \"td-button td-item8\">\r\n                        <div class = \"td-border\"><\/div>\r\n                    <\/div>\r\n                    <div class = \"td-button td-item9\">\r\n                        <div class = \"td-border\"><\/div>\r\n                    <\/div>\r\n                    <div class = \"td-button td-item10\">\r\n                        <div class = \"td-border\"><\/div>\r\n                    <\/div>\r\n                            <\/div>\r\n                        <\/div>\r\n\r\n                    <\/div>\r\n\r\n                <\/div>\r\n                \n","protected":false},"excerpt":{"rendered":"<p>Luego de haber sido declarada la emergencia sanitaria nacional por la epidemia del dengue en el pa\u00eds, trabajadores del \u00c1rea Comunitaria del Hospital Departamental IGSS de Escuintla impartieron una serie de charlas informativas para fortalecer el conocimiento y mitigar la propagaci\u00f3n de la enfermedad en los asegurados de la Costa Sur. A trav\u00e9s de un [&hellip;]<\/p>\n","protected":false},"author":1961,"featured_media":37669,"comment_status":"closed","ping_status":"closed","sticky":false,"template":"","format":"standard","meta":{"footnotes":""},"categories":[3],"tags":[227,421,1765],"coauthors":[],"class_list":{"0":"post-37668","1":"post","2":"type-post","3":"status-publish","4":"format-standard","5":"has-post-thumbnail","7":"category-actualidad","8":"tag-dengue","9":"tag-escuintla","10":"tag-hospital-departamental-igss-de-escuintla"},"_links":{"self":[{"href":"https:\/\/www.igssgt.org\/noticias\/wp-json\/wp\/v2\/posts\/37668","targetHints":{"allow":["GET"]}}],"collection":[{"href":"https:\/\/www.igssgt.org\/noticias\/wp-json\/wp\/v2\/posts"}],"about":[{"href":"https:\/\/www.igssgt.org\/noticias\/wp-json\/wp\/v2\/types\/post"}],"author":[{"embeddable":true,"href":"https:\/\/www.igssgt.org\/noticias\/wp-json\/wp\/v2\/users\/1961"}],"replies":[{"embeddable":true,"href":"https:\/\/www.igssgt.org\/noticias\/wp-json\/wp\/v2\/comments?post=37668"}],"version-history":[{"count":4,"href":"https:\/\/www.igssgt.org\/noticias\/wp-json\/wp\/v2\/posts\/37668\/revisions"}],"predecessor-version":[{"id":37685,"href":"https:\/\/www.igssgt.org\/noticias\/wp-json\/wp\/v2\/posts\/37668\/revisions\/37685"}],"wp:featuredmedia":[{"embeddable":true,"href":"https:\/\/www.igssgt.org\/noticias\/wp-json\/wp\/v2\/media\/37669"}],"wp:attachment":[{"href":"https:\/\/www.igssgt.org\/noticias\/wp-json\/wp\/v2\/media?parent=37668"}],"wp:term":[{"taxonomy":"category","embeddable":true,"href":"https:\/\/www.igssgt.org\/noticias\/wp-json\/wp\/v2\/categories?post=37668"},{"taxonomy":"post_tag","embeddable":true,"href":"https:\/\/www.igssgt.org\/noticias\/wp-json\/wp\/v2\/tags?post=37668"},{"taxonomy":"author","embeddable":true,"href":"https:\/\/www.igssgt.org\/noticias\/wp-json\/wp\/v2\/coauthors?post=37668"}],"curies":[{"name":"wp","href":"https:\/\/api.w.org\/{rel}","templated":true}]}}