{"id":37686,"date":"2023-09-06T09:28:34","date_gmt":"2023-09-06T15:28:34","guid":{"rendered":"https:\/\/www.igssgt.org\/noticias\/?p=37686"},"modified":"2023-09-06T09:28:36","modified_gmt":"2023-09-06T15:28:36","slug":"inversion-en-tecnologia-e-infraestructura-el-igss-continua-descentralizando-servicios-ahora-con-un-car-en-chimaltenango","status":"publish","type":"post","link":"https:\/\/www.igssgt.org\/noticias\/2023\/09\/06\/inversion-en-tecnologia-e-infraestructura-el-igss-continua-descentralizando-servicios-ahora-con-un-car-en-chimaltenango\/","title":{"rendered":"Inversi\u00f3n en tecnolog\u00eda e infraestructura: El IGSS contin\u00faa descentralizando servicios, ahora con un CAR en Chimaltenango"},"content":{"rendered":"\n<p class=\"has-drop-cap\">La modernizaci\u00f3n tecnol\u00f3gica, automatizaci\u00f3n de servicios e instalaciones amplias y c\u00f3modas son la carta de presentaci\u00f3n del Centro de Alta Resoluci\u00f3n (CAR) de Chimaltenango, habilitado recientemente por el Instituto Guatemalteco de Seguridad Social (IGSS) como una muestra de la gesti\u00f3n visionaria de la actual Junta Directiva.<\/p>\n\n\n\n<p><strong>\u201cLes entregamos \u00e1reas dignas a nuestros m\u00e9dicos para que puedan atender a los pacientes. No basta decir que creemos en la eficiencia y eficacia, es necesario entregar los productos\u201d<\/strong>, expres\u00f3 durante su discurso el licenciado Jos\u00e9 Adolfo Flamenco, presidente dl Instituto.<\/p>\n<p><a href=\"\/wp-content\/uploads\/sites\/5\/2023\/09\/car-chimaltenango-7.jpg\" target=\"_blank\" rel=\"noopener\"><img loading=\"lazy\" decoding=\"async\" class=\"alignnone wp-image-37689 size-full\" src=\"\/wp-content\/uploads\/sites\/5\/2023\/09\/car-chimaltenango-7.jpg\" alt=\"\" width=\"1508\" height=\"1034\" srcset=\"\/wp-content\/uploads\/sites\/5\/2023\/09\/car-chimaltenango-7.jpg 1508w, \/wp-content\/uploads\/sites\/5\/2023\/09\/car-chimaltenango-7-300x206.jpg 300w, \/wp-content\/uploads\/sites\/5\/2023\/09\/car-chimaltenango-7-768x527.jpg 768w, \/wp-content\/uploads\/sites\/5\/2023\/09\/car-chimaltenango-7-1024x702.jpg 1024w, \/wp-content\/uploads\/sites\/5\/2023\/09\/car-chimaltenango-7-613x420.jpg 613w, \/wp-content\/uploads\/sites\/5\/2023\/09\/car-chimaltenango-7-218x150.jpg 218w, \/wp-content\/uploads\/sites\/5\/2023\/09\/car-chimaltenango-7-696x477.jpg 696w, \/wp-content\/uploads\/sites\/5\/2023\/09\/car-chimaltenango-7-1068x732.jpg 1068w, \/wp-content\/uploads\/sites\/5\/2023\/09\/car-chimaltenango-7-100x70.jpg 100w, \/wp-content\/uploads\/sites\/5\/2023\/09\/car-chimaltenango-7-534x366.jpg 534w\" sizes=\"auto, (max-width: 1508px) 100vw, 1508px\" \/><\/a><\/p>\n<p>Las mejoras hospitalarias incluyen la apertura de una Cl\u00ednica de Telemedicina y la remodelaci\u00f3n de las Cl\u00ednicas M\u00e9dicas de Adultos y Pediatr\u00eda, en las que se adecuaron \u00e1reas de entrevista y diagn\u00f3stico. Mientras la Pediatr\u00eda cuenta ahora con juegos y piscina de pelotas.<\/p>\n<p>Ambos servicios disponen de espacios exclusivos para Labor y Partos, Signos Vitales y \u00e1rea de Shock, donde es posible transferir informaci\u00f3n v\u00eda electr\u00f3nica al sistema MEDI-IGSS.<\/p>\n<blockquote>\n<p>Les entregamos \u00e1reas dignas a nuestros m\u00e9dicos para que puedan atender a los pacientes<\/p>\n<\/blockquote>\n<p>Adem\u00e1s, se unific\u00f3 el \u00e1rea de Farmacia y Bodega con las instalaciones principales, ya que anteriormente se ubicaban en un anexo. Tambi\u00e9n funciona una Sala de Rayos X dotada con equipo de \u00faltima generaci\u00f3n, encamamiento port\u00e1til, digitalizaci\u00f3n y subida de datos al sistema Orthan, que est\u00e1 en l\u00ednea con todas las unidades del Seguro Social.<\/p>\n<p>Por otro lado, ahora es posible la consulta en una cita \u00fanica, la acreditaci\u00f3n de derechos y la entrega v\u00eda electr\u00f3nica de las boletas de servicios contratados de una manera f\u00e1cil y r\u00e1pida, as\u00ed como las recepci\u00f3n y entrega electr\u00f3nica de recetas por medio de lector de huella digital.<\/p>\n<p><a href=\"\/wp-content\/uploads\/sites\/5\/2023\/09\/car-chimaltenango-4.jpg\" target=\"_blank\" rel=\"noopener\"><img loading=\"lazy\" decoding=\"async\" class=\"alignnone wp-image-37690 size-full\" src=\"\/wp-content\/uploads\/sites\/5\/2023\/09\/car-chimaltenango-4.jpg\" alt=\"\" width=\"1600\" height=\"1000\" srcset=\"\/wp-content\/uploads\/sites\/5\/2023\/09\/car-chimaltenango-4.jpg 1600w, \/wp-content\/uploads\/sites\/5\/2023\/09\/car-chimaltenango-4-300x188.jpg 300w, \/wp-content\/uploads\/sites\/5\/2023\/09\/car-chimaltenango-4-768x480.jpg 768w, \/wp-content\/uploads\/sites\/5\/2023\/09\/car-chimaltenango-4-1024x640.jpg 1024w, \/wp-content\/uploads\/sites\/5\/2023\/09\/car-chimaltenango-4-1536x960.jpg 1536w, \/wp-content\/uploads\/sites\/5\/2023\/09\/car-chimaltenango-4-672x420.jpg 672w, \/wp-content\/uploads\/sites\/5\/2023\/09\/car-chimaltenango-4-696x435.jpg 696w, \/wp-content\/uploads\/sites\/5\/2023\/09\/car-chimaltenango-4-1068x668.jpg 1068w, \/wp-content\/uploads\/sites\/5\/2023\/09\/car-chimaltenango-4-534x334.jpg 534w\" sizes=\"auto, (max-width: 1600px) 100vw, 1600px\" \/><\/a><\/p>\n<p>El pensionado Julio Castellanos resalt\u00f3 la reducci\u00f3n de tiempo en la atenci\u00f3n y el diagn\u00f3stico. <strong>\u201cTodo se ha concentrado ac\u00e1 y nos parece excelente la remodelaci\u00f3n que han hecho. Realmente vemos el inter\u00e9s por el bienestar de todos los pacientes chimaltecos\u201d<\/strong>, manifest\u00f3.<\/p>\n<p>Este CAR de Chimaltenango cuenta tambi\u00e9n con una oficina de coordinaci\u00f3n para la atenci\u00f3n al paciente y un sistema de administraci\u00f3n de colas que reduce la aglomeraci\u00f3n en las ventanillas y salas de espera. Sumado a lo anterior, se le reforzar\u00e1 con un Laboratorio Cl\u00ednico Nivel 4, que comenzar\u00e1 operaciones en breve.<\/p>\n<p><a href=\"\/wp-content\/uploads\/sites\/5\/2023\/09\/car-chimaltenango-1.jpg\" target=\"_blank\" rel=\"noopener\"><img loading=\"lazy\" decoding=\"async\" class=\"alignnone wp-image-37691 size-full\" src=\"\/wp-content\/uploads\/sites\/5\/2023\/09\/car-chimaltenango-1.jpg\" alt=\"\" width=\"1600\" height=\"1066\" srcset=\"\/wp-content\/uploads\/sites\/5\/2023\/09\/car-chimaltenango-1.jpg 1600w, \/wp-content\/uploads\/sites\/5\/2023\/09\/car-chimaltenango-1-300x200.jpg 300w, \/wp-content\/uploads\/sites\/5\/2023\/09\/car-chimaltenango-1-768x512.jpg 768w, \/wp-content\/uploads\/sites\/5\/2023\/09\/car-chimaltenango-1-1024x682.jpg 1024w, \/wp-content\/uploads\/sites\/5\/2023\/09\/car-chimaltenango-1-1536x1023.jpg 1536w, \/wp-content\/uploads\/sites\/5\/2023\/09\/car-chimaltenango-1-630x420.jpg 630w, \/wp-content\/uploads\/sites\/5\/2023\/09\/car-chimaltenango-1-696x464.jpg 696w, \/wp-content\/uploads\/sites\/5\/2023\/09\/car-chimaltenango-1-1068x712.jpg 1068w, \/wp-content\/uploads\/sites\/5\/2023\/09\/car-chimaltenango-1-534x356.jpg 534w\" sizes=\"auto, (max-width: 1600px) 100vw, 1600px\" \/><\/a><\/p>\n<p><strong>\u201cEl inter\u00e9s genuino y el bien com\u00fan es atender de manera eficiente y eficaz, que podamos automatizar y tener una tecnolog\u00eda de punta para salvar vidas\u201d<\/strong>, indic\u00f3 Carlos Alexander Simaj, alcalde de Chimaltenango, quien felicit\u00f3 a la Junta Directiva y al equipo m\u00e9dico del CAR por poner en marcha este importante proyecto.<\/p>\n<p>Las obras priorizan las necesidades de los asegurados, quienes son atendidos en \u00e1reas confortables, con equipo y personal especializado, disponible para emergencias las 24 horas y con un sistema de voceo por medio de COEX-digital.<\/p>\n\n\n\n\r\n                <style type=\"text\/css\">\r\n                    \r\n                    #tdi_1  .td-doubleSlider-2 .td-item1 {\r\n                        background: url(\/wp-content\/uploads\/sites\/5\/2023\/09\/car-chimaltenango-2-80x60.jpg) 0 0 no-repeat;\r\n                    }\r\n                    #tdi_1  .td-doubleSlider-2 .td-item2 {\r\n                        background: url(\/wp-content\/uploads\/sites\/5\/2023\/09\/car-chimaltenango-6-80x60.jpg) 0 0 no-repeat;\r\n                    }\r\n                    #tdi_1  .td-doubleSlider-2 .td-item3 {\r\n                        background: url(\/wp-content\/uploads\/sites\/5\/2023\/09\/car-chimaltenango-5-80x60.jpg) 0 0 no-repeat;\r\n                    }\r\n                    #tdi_1  .td-doubleSlider-2 .td-item4 {\r\n                        background: url(\/wp-content\/uploads\/sites\/5\/2023\/09\/car-chimaltenango-3-80x60.jpg) 0 0 no-repeat;\r\n                    }\r\n                    #tdi_1  .td-doubleSlider-2 .td-item5 {\r\n                        background: url(\/wp-content\/uploads\/sites\/5\/2023\/09\/car-chimaltenango-8-80x60.jpg) 0 0 no-repeat;\r\n                    }\r\n                <\/style>\r\n\r\n                <div id=\"tdi_1\" class=\"td-gallery td-slide-on-2-columns\">\r\n                    <div class=\"post_td_gallery\">\r\n                        <div class=\"td-gallery-slide-top\">\r\n                           <div class=\"td-gallery-title\"><\/div>\r\n\r\n                            <div class=\"td-gallery-controls-wrapper\">\r\n                                <div class=\"td-gallery-slide-count\"><span class=\"td-gallery-slide-item-focus\">1<\/span> de 5<\/div>\r\n                                <div class=\"td-gallery-slide-prev-next-but\">\r\n                                    <i class = \"td-icon-left doubleSliderPrevButton\"><\/i>\r\n                                    <i class = \"td-icon-right doubleSliderNextButton\"><\/i>\r\n                                <\/div>\r\n                            <\/div>\r\n                        <\/div>\r\n\r\n                        <div class = \"td-doubleSlider-1 \">\r\n                            <div class = \"td-slider\">\r\n                                \r\n                    <div class = \"td-slide-item td-item1\">\r\n                        <figure class=\"td-slide-galery-figure td-slide-popup-gallery\">\r\n                            <a class=\"slide-gallery-image-link\" href=\"\/wp-content\/uploads\/sites\/5\/2023\/09\/car-chimaltenango-2.jpg\" title=\"car chimaltenango-2\"  data-caption=\"\"  data-description=\"\">\r\n                                <img decoding=\"async\" src=\"\/wp-content\/uploads\/sites\/5\/2023\/09\/car-chimaltenango-2-565x420.jpg\" srcset=\"\/wp-content\/uploads\/sites\/5\/2023\/09\/car-chimaltenango-2-565x420.jpg 565w, \/wp-content\/uploads\/sites\/5\/2023\/09\/car-chimaltenango-2-485x360.jpg 485w, \/wp-content\/uploads\/sites\/5\/2023\/09\/car-chimaltenango-2-300x223.jpg 300w, \/wp-content\/uploads\/sites\/5\/2023\/09\/car-chimaltenango-2-768x571.jpg 768w, \/wp-content\/uploads\/sites\/5\/2023\/09\/car-chimaltenango-2-1024x761.jpg 1024w, \/wp-content\/uploads\/sites\/5\/2023\/09\/car-chimaltenango-2-80x60.jpg 80w, \/wp-content\/uploads\/sites\/5\/2023\/09\/car-chimaltenango-2-696x517.jpg 696w, \/wp-content\/uploads\/sites\/5\/2023\/09\/car-chimaltenango-2-1068x793.jpg 1068w, \/wp-content\/uploads\/sites\/5\/2023\/09\/car-chimaltenango-2-265x198.jpg 265w, \/wp-content\/uploads\/sites\/5\/2023\/09\/car-chimaltenango-2-534x397.jpg 534w, \/wp-content\/uploads\/sites\/5\/2023\/09\/car-chimaltenango-2.jpg 1416w\" sizes=\"(max-width: 565px) 100vw, 565px\" alt=\"\">\r\n                            <\/a>\r\n                            \r\n                        <\/figure>\r\n                    <\/div>\r\n                    <div class = \"td-slide-item td-item2\">\r\n                        <figure class=\"td-slide-galery-figure td-slide-popup-gallery\">\r\n                            <a class=\"slide-gallery-image-link\" href=\"\/wp-content\/uploads\/sites\/5\/2023\/09\/car-chimaltenango-6.jpg\" title=\"car chimaltenango-6\"  data-caption=\"\"  data-description=\"\">\r\n                                <img decoding=\"async\" src=\"\/wp-content\/uploads\/sites\/5\/2023\/09\/car-chimaltenango-6-531x420.jpg\" srcset=\"\/wp-content\/uploads\/sites\/5\/2023\/09\/car-chimaltenango-6-531x420.jpg 531w, \/wp-content\/uploads\/sites\/5\/2023\/09\/car-chimaltenango-6-300x238.jpg 300w, \/wp-content\/uploads\/sites\/5\/2023\/09\/car-chimaltenango-6-768x608.jpg 768w, \/wp-content\/uploads\/sites\/5\/2023\/09\/car-chimaltenango-6-1024x811.jpg 1024w, \/wp-content\/uploads\/sites\/5\/2023\/09\/car-chimaltenango-6-696x551.jpg 696w, \/wp-content\/uploads\/sites\/5\/2023\/09\/car-chimaltenango-6-1068x846.jpg 1068w, \/wp-content\/uploads\/sites\/5\/2023\/09\/car-chimaltenango-6-534x423.jpg 534w, \/wp-content\/uploads\/sites\/5\/2023\/09\/car-chimaltenango-6.jpg 1272w\" sizes=\"(max-width: 531px) 100vw, 531px\" alt=\"\">\r\n                            <\/a>\r\n                            \r\n                        <\/figure>\r\n                    <\/div>\r\n                    <div class = \"td-slide-item td-item3\">\r\n                        <figure class=\"td-slide-galery-figure td-slide-popup-gallery\">\r\n                            <a class=\"slide-gallery-image-link\" href=\"\/wp-content\/uploads\/sites\/5\/2023\/09\/car-chimaltenango-5.jpg\" title=\"car chimaltenango-5\"  data-caption=\"\"  data-description=\"\">\r\n                                <img decoding=\"async\" src=\"\/wp-content\/uploads\/sites\/5\/2023\/09\/car-chimaltenango-5-629x420.jpg\" srcset=\"\/wp-content\/uploads\/sites\/5\/2023\/09\/car-chimaltenango-5-629x420.jpg 629w, \/wp-content\/uploads\/sites\/5\/2023\/09\/car-chimaltenango-5-300x200.jpg 300w, \/wp-content\/uploads\/sites\/5\/2023\/09\/car-chimaltenango-5-768x513.jpg 768w, \/wp-content\/uploads\/sites\/5\/2023\/09\/car-chimaltenango-5-1024x684.jpg 1024w, \/wp-content\/uploads\/sites\/5\/2023\/09\/car-chimaltenango-5-696x465.jpg 696w, \/wp-content\/uploads\/sites\/5\/2023\/09\/car-chimaltenango-5-1068x713.jpg 1068w, \/wp-content\/uploads\/sites\/5\/2023\/09\/car-chimaltenango-5-534x357.jpg 534w, \/wp-content\/uploads\/sites\/5\/2023\/09\/car-chimaltenango-5.jpg 1442w\" sizes=\"(max-width: 629px) 100vw, 629px\" alt=\"\">\r\n                            <\/a>\r\n                            \r\n                        <\/figure>\r\n                    <\/div>\r\n                    <div class = \"td-slide-item td-item4\">\r\n                        <figure class=\"td-slide-galery-figure td-slide-popup-gallery\">\r\n                            <a class=\"slide-gallery-image-link\" href=\"\/wp-content\/uploads\/sites\/5\/2023\/09\/car-chimaltenango-3.jpg\" title=\"car chimaltenango-3\"  data-caption=\"\"  data-description=\"\">\r\n                                <img decoding=\"async\" src=\"\/wp-content\/uploads\/sites\/5\/2023\/09\/car-chimaltenango-3-621x420.jpg\" srcset=\"\/wp-content\/uploads\/sites\/5\/2023\/09\/car-chimaltenango-3-621x420.jpg 621w, \/wp-content\/uploads\/sites\/5\/2023\/09\/car-chimaltenango-3-300x203.jpg 300w, \/wp-content\/uploads\/sites\/5\/2023\/09\/car-chimaltenango-3-768x520.jpg 768w, \/wp-content\/uploads\/sites\/5\/2023\/09\/car-chimaltenango-3-1024x693.jpg 1024w, \/wp-content\/uploads\/sites\/5\/2023\/09\/car-chimaltenango-3-696x471.jpg 696w, \/wp-content\/uploads\/sites\/5\/2023\/09\/car-chimaltenango-3-1068x723.jpg 1068w, \/wp-content\/uploads\/sites\/5\/2023\/09\/car-chimaltenango-3-534x361.jpg 534w, \/wp-content\/uploads\/sites\/5\/2023\/09\/car-chimaltenango-3.jpg 1423w\" sizes=\"(max-width: 621px) 100vw, 621px\" alt=\"\">\r\n                            <\/a>\r\n                            \r\n                        <\/figure>\r\n                    <\/div>\r\n                    <div class = \"td-slide-item td-item5\">\r\n                        <figure class=\"td-slide-galery-figure td-slide-popup-gallery\">\r\n                            <a class=\"slide-gallery-image-link\" href=\"\/wp-content\/uploads\/sites\/5\/2023\/09\/car-chimaltenango-8.jpg\" title=\"car chimaltenango-8\"  data-caption=\"\"  data-description=\"\">\r\n                                <img decoding=\"async\" src=\"\/wp-content\/uploads\/sites\/5\/2023\/09\/car-chimaltenango-8-660x420.jpg\" srcset=\"\/wp-content\/uploads\/sites\/5\/2023\/09\/car-chimaltenango-8-660x420.jpg 660w, \/wp-content\/uploads\/sites\/5\/2023\/09\/car-chimaltenango-8-300x191.jpg 300w, \/wp-content\/uploads\/sites\/5\/2023\/09\/car-chimaltenango-8-768x489.jpg 768w, \/wp-content\/uploads\/sites\/5\/2023\/09\/car-chimaltenango-8-1024x652.jpg 1024w, \/wp-content\/uploads\/sites\/5\/2023\/09\/car-chimaltenango-8-696x443.jpg 696w, \/wp-content\/uploads\/sites\/5\/2023\/09\/car-chimaltenango-8-1068x680.jpg 1068w, \/wp-content\/uploads\/sites\/5\/2023\/09\/car-chimaltenango-8-534x340.jpg 534w, \/wp-content\/uploads\/sites\/5\/2023\/09\/car-chimaltenango-8.jpg 1517w\" sizes=\"(max-width: 660px) 100vw, 660px\" alt=\"\">\r\n                            <\/a>\r\n                            \r\n                        <\/figure>\r\n                    <\/div>\r\n                            <\/div>\r\n                        <\/div>\r\n\r\n                        <div class = \"td-doubleSlider-2\">\r\n                            <div class = \"td-slider\">\r\n                                \r\n                    <div class = \"td-button td-item1\">\r\n                        <div class = \"td-border\"><\/div>\r\n                    <\/div>\r\n                    <div class = \"td-button td-item2\">\r\n                        <div class = \"td-border\"><\/div>\r\n                    <\/div>\r\n                    <div class = \"td-button td-item3\">\r\n                        <div class = \"td-border\"><\/div>\r\n                    <\/div>\r\n                    <div class = \"td-button td-item4\">\r\n                        <div class = \"td-border\"><\/div>\r\n                    <\/div>\r\n                    <div class = \"td-button td-item5\">\r\n                        <div class = \"td-border\"><\/div>\r\n                    <\/div>\r\n                            <\/div>\r\n                        <\/div>\r\n\r\n                    <\/div>\r\n\r\n                <\/div>\r\n                \n","protected":false},"excerpt":{"rendered":"<p>La modernizaci\u00f3n tecnol\u00f3gica, automatizaci\u00f3n de servicios e instalaciones amplias y c\u00f3modas son la carta de presentaci\u00f3n del Centro de Alta Resoluci\u00f3n (CAR) de Chimaltenango, habilitado recientemente por el Instituto Guatemalteco de Seguridad Social (IGSS) como una muestra de la gesti\u00f3n visionaria de la actual Junta Directiva. \u201cLes entregamos \u00e1reas dignas a nuestros m\u00e9dicos para que [&hellip;]<\/p>\n","protected":false},"author":1961,"featured_media":37688,"comment_status":"closed","ping_status":"closed","sticky":false,"template":"","format":"standard","meta":{"footnotes":""},"categories":[3],"tags":[1624,1245],"coauthors":[],"class_list":{"0":"post-37686","1":"post","2":"type-post","3":"status-publish","4":"format-standard","5":"has-post-thumbnail","7":"category-actualidad","8":"tag-centro-de-alta-resolucion","9":"tag-chimaltenango"},"_links":{"self":[{"href":"https:\/\/www.igssgt.org\/noticias\/wp-json\/wp\/v2\/posts\/37686","targetHints":{"allow":["GET"]}}],"collection":[{"href":"https:\/\/www.igssgt.org\/noticias\/wp-json\/wp\/v2\/posts"}],"about":[{"href":"https:\/\/www.igssgt.org\/noticias\/wp-json\/wp\/v2\/types\/post"}],"author":[{"embeddable":true,"href":"https:\/\/www.igssgt.org\/noticias\/wp-json\/wp\/v2\/users\/1961"}],"replies":[{"embeddable":true,"href":"https:\/\/www.igssgt.org\/noticias\/wp-json\/wp\/v2\/comments?post=37686"}],"version-history":[{"count":3,"href":"https:\/\/www.igssgt.org\/noticias\/wp-json\/wp\/v2\/posts\/37686\/revisions"}],"predecessor-version":[{"id":37698,"href":"https:\/\/www.igssgt.org\/noticias\/wp-json\/wp\/v2\/posts\/37686\/revisions\/37698"}],"wp:featuredmedia":[{"embeddable":true,"href":"https:\/\/www.igssgt.org\/noticias\/wp-json\/wp\/v2\/media\/37688"}],"wp:attachment":[{"href":"https:\/\/www.igssgt.org\/noticias\/wp-json\/wp\/v2\/media?parent=37686"}],"wp:term":[{"taxonomy":"category","embeddable":true,"href":"https:\/\/www.igssgt.org\/noticias\/wp-json\/wp\/v2\/categories?post=37686"},{"taxonomy":"post_tag","embeddable":true,"href":"https:\/\/www.igssgt.org\/noticias\/wp-json\/wp\/v2\/tags?post=37686"},{"taxonomy":"author","embeddable":true,"href":"https:\/\/www.igssgt.org\/noticias\/wp-json\/wp\/v2\/coauthors?post=37686"}],"curies":[{"name":"wp","href":"https:\/\/api.w.org\/{rel}","templated":true}]}}