{"id":37726,"date":"2023-09-10T06:00:00","date_gmt":"2023-09-10T12:00:00","guid":{"rendered":"https:\/\/www.igssgt.org\/noticias\/?p=37726"},"modified":"2023-09-08T13:20:05","modified_gmt":"2023-09-08T19:20:05","slug":"cuente-siempre-con-el-igss-que-apoya-a-sus-asegurados-en-la-lucha-contra-el-suicidio","status":"publish","type":"post","link":"https:\/\/www.igssgt.org\/noticias\/2023\/09\/10\/cuente-siempre-con-el-igss-que-apoya-a-sus-asegurados-en-la-lucha-contra-el-suicidio\/","title":{"rendered":"Cuente siempre con el IGSS, que apoya a sus asegurados en la lucha contra el suicidio"},"content":{"rendered":"\n<p class=\"has-drop-cap\">Cuando una persona decide atentar contra su vida, el entorno al que pertenece sufre lo que la Organizaci\u00f3n Panamericana de la Salud (OPS) llama <strong>\u201cefecto domin\u00f3\u201d<\/strong>, pues es un acto que tambi\u00e9n perjudica a la familia, amigos, compa\u00f1eros de trabajo y la comunidad, dejando una herida profunda.<\/p>\n\n\n\n<p>De ese impacto a nivel individual y colectivo nace el prop\u00f3sito de crear conciencia sobre este problema prioritario de la salud p\u00fablica. Por eso, desde el 2003 cada 10 de septiembre se conmemora el D\u00eda Mundial para la Prevenci\u00f3n del Suicidio.<\/p>\n<p><a href=\"\/wp-content\/uploads\/sites\/5\/2023\/09\/suicidio-4.jpg\" target=\"_blank\" rel=\"noopener\"><img loading=\"lazy\" decoding=\"async\" class=\"alignnone wp-image-37731 size-full\" src=\"\/wp-content\/uploads\/sites\/5\/2023\/09\/suicidio-4.jpg\" alt=\"\" width=\"1496\" height=\"1051\" srcset=\"\/wp-content\/uploads\/sites\/5\/2023\/09\/suicidio-4.jpg 1496w, \/wp-content\/uploads\/sites\/5\/2023\/09\/suicidio-4-300x211.jpg 300w, \/wp-content\/uploads\/sites\/5\/2023\/09\/suicidio-4-768x540.jpg 768w, \/wp-content\/uploads\/sites\/5\/2023\/09\/suicidio-4-1024x719.jpg 1024w, \/wp-content\/uploads\/sites\/5\/2023\/09\/suicidio-4-598x420.jpg 598w, \/wp-content\/uploads\/sites\/5\/2023\/09\/suicidio-4-696x489.jpg 696w, \/wp-content\/uploads\/sites\/5\/2023\/09\/suicidio-4-1068x750.jpg 1068w, \/wp-content\/uploads\/sites\/5\/2023\/09\/suicidio-4-100x70.jpg 100w, \/wp-content\/uploads\/sites\/5\/2023\/09\/suicidio-4-534x375.jpg 534w\" sizes=\"auto, (max-width: 1496px) 100vw, 1496px\" \/><\/a><\/p>\n<p>En palabras de la psiquiatra Claudia Gayt\u00e1n Mart\u00ednez, coordinadora del Programa Hospital de D\u00eda, del Centro de Atenci\u00f3n Integral de Salud Mental (CAISM), una manera adecuada de abordar este tema es sensibilizarse sobre el cuidado de la salud mental y as\u00ed disminuir el estigma sobre las enfermedades de este tipo.<\/p>\n<p><strong>\u201cLos seres humanos padecemos estr\u00e9s que muchas veces rebasa los l\u00edmites, por lo que puede llevar a que se pierda el sentido de la vida, pero es importante entender que existe el camino para salir de estas crisis\u201d<\/strong>, recalc\u00f3 Gayt\u00e1n, adem\u00e1s de enfatizar que hay profesionales dispuestos a ayudarles a entender las dificultades que afrontan en esos momentos.<\/p>\n<blockquote>\n<p>Es importante entender que existe el camino para salir de estas crisis. En el IGSS hay profesionales dispuestos a ayudarles.<\/p>\n<\/blockquote>\n<p>Mientras que Dennis Cuevas Morales, psiquiatra de la Consulta Externa de CAISM, agreg\u00f3 que aunque la mayor\u00eda de veces la conducta suicida se relaciona con un trastorno mental, siendo la ansiedad y la depresi\u00f3n los principales, tambi\u00e9n puede ser por el resultado de una decisi\u00f3n impulsiva asociada a una emoci\u00f3n intensa como la tristeza, frustraci\u00f3n, enojo, c\u00f3lera, ira o temor extremo.<\/p>\n<p>En esa l\u00ednea, la OPS ampl\u00eda que, en adici\u00f3n a los anteriores, otros factores de riesgo vinculados al suicidio son la p\u00e9rdida laboral o financiera, trauma o abuso, consumo de sustancias, barreras para acceder a la atenci\u00f3n m\u00e9dica, la migraci\u00f3n y la pandemia de COVID-19, que empeor\u00f3 la problem\u00e1tica.<\/p>\n<p><a href=\"\/wp-content\/uploads\/sites\/5\/2023\/09\/suicidio-1.jpg\" target=\"_blank\" rel=\"noopener\"><img loading=\"lazy\" decoding=\"async\" class=\"alignnone wp-image-37728 size-full\" src=\"\/wp-content\/uploads\/sites\/5\/2023\/09\/suicidio-1.jpg\" alt=\"\" width=\"1280\" height=\"853\" srcset=\"\/wp-content\/uploads\/sites\/5\/2023\/09\/suicidio-1.jpg 1280w, \/wp-content\/uploads\/sites\/5\/2023\/09\/suicidio-1-300x200.jpg 300w, \/wp-content\/uploads\/sites\/5\/2023\/09\/suicidio-1-768x512.jpg 768w, \/wp-content\/uploads\/sites\/5\/2023\/09\/suicidio-1-1024x682.jpg 1024w, \/wp-content\/uploads\/sites\/5\/2023\/09\/suicidio-1-630x420.jpg 630w, \/wp-content\/uploads\/sites\/5\/2023\/09\/suicidio-1-696x464.jpg 696w, \/wp-content\/uploads\/sites\/5\/2023\/09\/suicidio-1-1068x712.jpg 1068w, \/wp-content\/uploads\/sites\/5\/2023\/09\/suicidio-1-534x356.jpg 534w\" sizes=\"auto, (max-width: 1280px) 100vw, 1280px\" \/><\/a><\/p>\n<p><strong>\u201cSi una persona ha considerado varias veces materializar esta decisi\u00f3n podr\u00eda tener s\u00edntomas de depresi\u00f3n, falta de apetito, insomnio y afectar su funcionamiento en actividades diarias. En casos extremos, pueden llegar a despedirse de sus seres queridos o en los \u00e1mbitos donde se desempe\u00f1an\u201d<\/strong>, a\u00f1adi\u00f3 Cuevas.<\/p>\n<p>Sin embargo, Gayt\u00e1n aclar\u00f3 que estimular a las personas a hablar de la muerte no es un riesgo de suicidio, pero no hay que emitir juicios, sino animar a la persona a buscar y aceptar ayuda para encontrar soluci\u00f3n a sus problemas.<\/p>\n<p><a href=\"\/wp-content\/uploads\/sites\/5\/2023\/09\/suicidio-2.jpg\" target=\"_blank\" rel=\"noopener\"><img loading=\"lazy\" decoding=\"async\" class=\"alignnone wp-image-37729 size-full\" src=\"\/wp-content\/uploads\/sites\/5\/2023\/09\/suicidio-2.jpg\" alt=\"\" width=\"1461\" height=\"1060\" srcset=\"\/wp-content\/uploads\/sites\/5\/2023\/09\/suicidio-2.jpg 1461w, \/wp-content\/uploads\/sites\/5\/2023\/09\/suicidio-2-300x218.jpg 300w, \/wp-content\/uploads\/sites\/5\/2023\/09\/suicidio-2-768x557.jpg 768w, \/wp-content\/uploads\/sites\/5\/2023\/09\/suicidio-2-1024x743.jpg 1024w, \/wp-content\/uploads\/sites\/5\/2023\/09\/suicidio-2-579x420.jpg 579w, \/wp-content\/uploads\/sites\/5\/2023\/09\/suicidio-2-696x505.jpg 696w, \/wp-content\/uploads\/sites\/5\/2023\/09\/suicidio-2-1068x775.jpg 1068w, \/wp-content\/uploads\/sites\/5\/2023\/09\/suicidio-2-324x235.jpg 324w, \/wp-content\/uploads\/sites\/5\/2023\/09\/suicidio-2-534x387.jpg 534w\" sizes=\"auto, (max-width: 1461px) 100vw, 1461px\" \/><\/a><\/p>\n<h3><strong>Acciones del IGSS<\/strong><\/h3>\n<p>El Seguro Social proporciona atenciones en salud mental en las unidades de Consulta Externa a trav\u00e9s de las cl\u00ednicas de psicolog\u00eda. Si el m\u00e9dico general considera que amerita la intervenci\u00f3n oportuna del psiquiatra, entonces el paciente es referido a centros como CAISM donde la Emergencia atiende las 24 horas.<\/p>\n<p><strong>\u201cQueremos decirle a todas las personas que han tenido la intenci\u00f3n de hacerse da\u00f1o que siempre hay una oportunidad. El IGSS ofrece la atenci\u00f3n, solo hay que dejar atr\u00e1s el estigma porque la vida vale y siempre estaremos dispuestos a ayudarles\u201d<\/strong>, destacaron los doctores.<\/p>\n<p><a href=\"\/wp-content\/uploads\/sites\/5\/2023\/09\/suicidio-3.jpg\" target=\"_blank\" rel=\"noopener\"><img loading=\"lazy\" decoding=\"async\" class=\"alignnone wp-image-37730 size-full\" src=\"\/wp-content\/uploads\/sites\/5\/2023\/09\/suicidio-3.jpg\" alt=\"\" width=\"1217\" height=\"853\" srcset=\"\/wp-content\/uploads\/sites\/5\/2023\/09\/suicidio-3.jpg 1217w, \/wp-content\/uploads\/sites\/5\/2023\/09\/suicidio-3-300x210.jpg 300w, \/wp-content\/uploads\/sites\/5\/2023\/09\/suicidio-3-768x538.jpg 768w, \/wp-content\/uploads\/sites\/5\/2023\/09\/suicidio-3-1024x718.jpg 1024w, \/wp-content\/uploads\/sites\/5\/2023\/09\/suicidio-3-599x420.jpg 599w, \/wp-content\/uploads\/sites\/5\/2023\/09\/suicidio-3-696x488.jpg 696w, \/wp-content\/uploads\/sites\/5\/2023\/09\/suicidio-3-1068x749.jpg 1068w, \/wp-content\/uploads\/sites\/5\/2023\/09\/suicidio-3-100x70.jpg 100w, \/wp-content\/uploads\/sites\/5\/2023\/09\/suicidio-3-534x374.jpg 534w\" sizes=\"auto, (max-width: 1217px) 100vw, 1217px\" \/><\/a><\/p>\n","protected":false},"excerpt":{"rendered":"<p>Cuando una persona decide atentar contra su vida, el entorno al que pertenece sufre lo que la Organizaci\u00f3n Panamericana de la Salud (OPS) llama \u201cefecto domin\u00f3\u201d, pues es un acto que tambi\u00e9n perjudica a la familia, amigos, compa\u00f1eros de trabajo y la comunidad, dejando una herida profunda. De ese impacto a nivel individual y colectivo [&hellip;]<\/p>\n","protected":false},"author":1961,"featured_media":37727,"comment_status":"closed","ping_status":"closed","sticky":false,"template":"","format":"standard","meta":{"footnotes":""},"categories":[3],"tags":[1613,931],"coauthors":[1448],"class_list":{"0":"post-37726","1":"post","2":"type-post","3":"status-publish","4":"format-standard","5":"has-post-thumbnail","7":"category-actualidad","8":"tag-caism","9":"tag-prevencion-del-suicidio"},"_links":{"self":[{"href":"https:\/\/www.igssgt.org\/noticias\/wp-json\/wp\/v2\/posts\/37726","targetHints":{"allow":["GET"]}}],"collection":[{"href":"https:\/\/www.igssgt.org\/noticias\/wp-json\/wp\/v2\/posts"}],"about":[{"href":"https:\/\/www.igssgt.org\/noticias\/wp-json\/wp\/v2\/types\/post"}],"author":[{"embeddable":true,"href":"https:\/\/www.igssgt.org\/noticias\/wp-json\/wp\/v2\/users\/1961"}],"replies":[{"embeddable":true,"href":"https:\/\/www.igssgt.org\/noticias\/wp-json\/wp\/v2\/comments?post=37726"}],"version-history":[{"count":4,"href":"https:\/\/www.igssgt.org\/noticias\/wp-json\/wp\/v2\/posts\/37726\/revisions"}],"predecessor-version":[{"id":37735,"href":"https:\/\/www.igssgt.org\/noticias\/wp-json\/wp\/v2\/posts\/37726\/revisions\/37735"}],"wp:featuredmedia":[{"embeddable":true,"href":"https:\/\/www.igssgt.org\/noticias\/wp-json\/wp\/v2\/media\/37727"}],"wp:attachment":[{"href":"https:\/\/www.igssgt.org\/noticias\/wp-json\/wp\/v2\/media?parent=37726"}],"wp:term":[{"taxonomy":"category","embeddable":true,"href":"https:\/\/www.igssgt.org\/noticias\/wp-json\/wp\/v2\/categories?post=37726"},{"taxonomy":"post_tag","embeddable":true,"href":"https:\/\/www.igssgt.org\/noticias\/wp-json\/wp\/v2\/tags?post=37726"},{"taxonomy":"author","embeddable":true,"href":"https:\/\/www.igssgt.org\/noticias\/wp-json\/wp\/v2\/coauthors?post=37726"}],"curies":[{"name":"wp","href":"https:\/\/api.w.org\/{rel}","templated":true}]}}