{"id":37746,"date":"2023-09-11T11:28:44","date_gmt":"2023-09-11T17:28:44","guid":{"rendered":"https:\/\/www.igssgt.org\/noticias\/?p=37746"},"modified":"2023-09-11T11:28:45","modified_gmt":"2023-09-11T17:28:45","slug":"igss-estuvimos-presentes-en-la-primera-jornada-de-la-salud-beneficiando-a-la-poblacion","status":"publish","type":"post","link":"https:\/\/www.igssgt.org\/noticias\/2023\/09\/11\/igss-estuvimos-presentes-en-la-primera-jornada-de-la-salud-beneficiando-a-la-poblacion\/","title":{"rendered":"IGSS: \u00a1Estuvimos presentes en la primera Jornada de la Salud beneficiando a la poblaci\u00f3n!"},"content":{"rendered":"\n<p class=\"has-drop-cap\">M\u00e1s de 2 mil personas acudieron a la <strong>\u201cJornada de la Salud: Cuidando nuestra salud integral\u201d<\/strong>, que se llev\u00f3 a cabo el fin de semana en el Parque de la Industria para ofrecer servicios m\u00e9dicos gratuitos a la poblaci\u00f3n.<\/p>\n\n\n\n<p>Y como no pod\u00eda ser de otra forma, el Instituto Guatemalteco de Seguridad Social (IGSS) fue parte de esta gran iniciativa que reuni\u00f3 a 18 entidades comprometidas con promover el bienestar en general. Para lograrlo, se dispuso de una amplia gama de servicios m\u00e9dicos.<\/p>\n<p><a href=\"\/wp-content\/uploads\/sites\/5\/2023\/09\/jornada-de-la-salud-9.jpg\" target=\"_blank\" rel=\"noopener\"><img loading=\"lazy\" decoding=\"async\" class=\"alignnone wp-image-37749 size-full\" src=\"\/wp-content\/uploads\/sites\/5\/2023\/09\/jornada-de-la-salud-9.jpg\" alt=\"\" width=\"1600\" height=\"1066\" srcset=\"\/wp-content\/uploads\/sites\/5\/2023\/09\/jornada-de-la-salud-9.jpg 1600w, \/wp-content\/uploads\/sites\/5\/2023\/09\/jornada-de-la-salud-9-300x200.jpg 300w, \/wp-content\/uploads\/sites\/5\/2023\/09\/jornada-de-la-salud-9-768x512.jpg 768w, \/wp-content\/uploads\/sites\/5\/2023\/09\/jornada-de-la-salud-9-1024x682.jpg 1024w, \/wp-content\/uploads\/sites\/5\/2023\/09\/jornada-de-la-salud-9-1536x1023.jpg 1536w, \/wp-content\/uploads\/sites\/5\/2023\/09\/jornada-de-la-salud-9-630x420.jpg 630w, \/wp-content\/uploads\/sites\/5\/2023\/09\/jornada-de-la-salud-9-696x464.jpg 696w, \/wp-content\/uploads\/sites\/5\/2023\/09\/jornada-de-la-salud-9-1068x712.jpg 1068w, \/wp-content\/uploads\/sites\/5\/2023\/09\/jornada-de-la-salud-9-534x356.jpg 534w\" sizes=\"auto, (max-width: 1600px) 100vw, 1600px\" \/><\/a><\/p>\n<p>La supervisora del Departamento de Medicina Preventiva del IGSS, Dra. Beatriz Rivas, inform\u00f3 que el Instituto realiz\u00f3 tamizajes de glucosa, presi\u00f3n arterial, pulso, oximetr\u00eda y otros chequeos de tipo preventivo, con el objetivo de promover la salud y una cultura de prevenci\u00f3n en la poblaci\u00f3n.<\/p>\n<p>El IGSS tambi\u00e9n brind\u00f3 orientaciones nutricionales y planes educacionales de medicina f\u00edsica y rehabilitaci\u00f3n. Asimismo, comparti\u00f3 informaci\u00f3n sobre temas relacionados con prestaciones pecuniarias. Adem\u00e1s, ofreci\u00f3 al p\u00fablico dos clases de zumba que pusieron a bailar y, de paso, ejercitarlos.<\/p>\n<blockquote>\n<p>El Instituto colabor\u00f3 con Coperex en esta primera actividad. El IGSS siempre est\u00e1 presto para servir a la comunidad.<\/p>\n<\/blockquote>\n<p><strong>\u201cEn el marco de la Pol\u00edtica Preventiva, enfocados en el eje n\u00famero uno que es la Promoci\u00f3n de la Salud y Prevenci\u00f3n de la Enfermedad, el Instituto colabor\u00f3 con Coperex en esta primera actividad. El IGSS siempre est\u00e1 presto para servir a la comunidad\u201d<\/strong>, indic\u00f3 Rivas.<\/p>\n<p>La Licda. Amanda de Vega, de Coperex, resalt\u00f3 el aporte del IGSS durante el fin de semana. <strong>\u201cTuvimos su importante compa\u00f1\u00eda, una entidad de apoyo m\u00e9dico vital para toda la poblaci\u00f3n\u201d<\/strong>, se\u00f1al\u00f3. Asistentes resaltaron lo positivo de que se realicen estas actividades en beneficio de la poblaci\u00f3n y agradecieron a las entidades que participaron brindando gratis sus servicios, en un momento dif\u00edcil de la econom\u00eda.<\/p>\n<p><a href=\"\/wp-content\/uploads\/sites\/5\/2023\/09\/jornada-de-la-salud-5.jpg\" target=\"_blank\" rel=\"noopener\"><img loading=\"lazy\" decoding=\"async\" class=\"alignnone wp-image-37750 size-full\" src=\"\/wp-content\/uploads\/sites\/5\/2023\/09\/jornada-de-la-salud-5.jpg\" alt=\"\" width=\"1600\" height=\"1066\" srcset=\"\/wp-content\/uploads\/sites\/5\/2023\/09\/jornada-de-la-salud-5.jpg 1600w, \/wp-content\/uploads\/sites\/5\/2023\/09\/jornada-de-la-salud-5-300x200.jpg 300w, \/wp-content\/uploads\/sites\/5\/2023\/09\/jornada-de-la-salud-5-768x512.jpg 768w, \/wp-content\/uploads\/sites\/5\/2023\/09\/jornada-de-la-salud-5-1024x682.jpg 1024w, \/wp-content\/uploads\/sites\/5\/2023\/09\/jornada-de-la-salud-5-1536x1023.jpg 1536w, \/wp-content\/uploads\/sites\/5\/2023\/09\/jornada-de-la-salud-5-630x420.jpg 630w, \/wp-content\/uploads\/sites\/5\/2023\/09\/jornada-de-la-salud-5-696x464.jpg 696w, \/wp-content\/uploads\/sites\/5\/2023\/09\/jornada-de-la-salud-5-1068x712.jpg 1068w, \/wp-content\/uploads\/sites\/5\/2023\/09\/jornada-de-la-salud-5-534x356.jpg 534w\" sizes=\"auto, (max-width: 1600px) 100vw, 1600px\" \/><\/a><\/p>\n<h3><strong>Cifras<\/strong><\/h3>\n<p>Personas atendidas por el IGSS durante la primera Jornada de la Salud:<\/p>\n<ul>\n<li>122 en medicina y rehabilitaci\u00f3n<\/li>\n<li>23 en prestaciones pecuniarias<\/li>\n<li>388 en educaci\u00f3n en salud<\/li>\n<li>114 en nutrici\u00f3n<\/li>\n<li>445 en monitoreo de signos vitales<\/li>\n<li>326 en glucometr\u00eda<\/li>\n<li>34 en actividades f\u00edsicas<\/li>\n<\/ul>\n\n\n\n\r\n                <style type=\"text\/css\">\r\n                    \r\n                    #tdi_1  .td-doubleSlider-2 .td-item1 {\r\n                        background: url(\/wp-content\/uploads\/sites\/5\/2023\/09\/jornada-de-la-salud-7-80x60.jpg) 0 0 no-repeat;\r\n                    }\r\n                    #tdi_1  .td-doubleSlider-2 .td-item2 {\r\n                        background: url(\/wp-content\/uploads\/sites\/5\/2023\/09\/jornada-de-la-salud-6-80x60.jpg) 0 0 no-repeat;\r\n                    }\r\n                    #tdi_1  .td-doubleSlider-2 .td-item3 {\r\n                        background: url(\/wp-content\/uploads\/sites\/5\/2023\/09\/jornada-de-la-salud-1-80x60.jpg) 0 0 no-repeat;\r\n                    }\r\n                    #tdi_1  .td-doubleSlider-2 .td-item4 {\r\n                        background: url(\/wp-content\/uploads\/sites\/5\/2023\/09\/jornada-de-la-salud-3-80x60.jpg) 0 0 no-repeat;\r\n                    }\r\n                    #tdi_1  .td-doubleSlider-2 .td-item5 {\r\n                        background: url(\/wp-content\/uploads\/sites\/5\/2023\/09\/jornada-de-la-salud-2-80x60.jpg) 0 0 no-repeat;\r\n                    }\r\n                    #tdi_1  .td-doubleSlider-2 .td-item6 {\r\n                        background: url(\/wp-content\/uploads\/sites\/5\/2023\/09\/jornada-de-la-salud-8-80x60.jpg) 0 0 no-repeat;\r\n                    }\r\n                    #tdi_1  .td-doubleSlider-2 .td-item7 {\r\n                        background: url(\/wp-content\/uploads\/sites\/5\/2023\/09\/jornada-de-la-salud-10-80x60.jpg) 0 0 no-repeat;\r\n                    }\r\n                <\/style>\r\n\r\n                <div id=\"tdi_1\" class=\"td-gallery td-slide-on-2-columns\">\r\n                    <div class=\"post_td_gallery\">\r\n                        <div class=\"td-gallery-slide-top\">\r\n                           <div class=\"td-gallery-title\"><\/div>\r\n\r\n                            <div class=\"td-gallery-controls-wrapper\">\r\n                                <div class=\"td-gallery-slide-count\"><span class=\"td-gallery-slide-item-focus\">1<\/span> de 7<\/div>\r\n                                <div class=\"td-gallery-slide-prev-next-but\">\r\n                                    <i class = \"td-icon-left doubleSliderPrevButton\"><\/i>\r\n                                    <i class = \"td-icon-right doubleSliderNextButton\"><\/i>\r\n                                <\/div>\r\n                            <\/div>\r\n                        <\/div>\r\n\r\n                        <div class = \"td-doubleSlider-1 \">\r\n                            <div class = \"td-slider\">\r\n                                \r\n                    <div class = \"td-slide-item td-item1\">\r\n                        <figure class=\"td-slide-galery-figure td-slide-popup-gallery\">\r\n                            <a class=\"slide-gallery-image-link\" href=\"\/wp-content\/uploads\/sites\/5\/2023\/09\/jornada-de-la-salud-7.jpg\" title=\"jornada de la salud-7\"  data-caption=\"\"  data-description=\"\">\r\n                                <img decoding=\"async\" src=\"\/wp-content\/uploads\/sites\/5\/2023\/09\/jornada-de-la-salud-7-630x420.jpg\" srcset=\"\/wp-content\/uploads\/sites\/5\/2023\/09\/jornada-de-la-salud-7-630x420.jpg 630w, \/wp-content\/uploads\/sites\/5\/2023\/09\/jornada-de-la-salud-7-300x200.jpg 300w, \/wp-content\/uploads\/sites\/5\/2023\/09\/jornada-de-la-salud-7-768x512.jpg 768w, \/wp-content\/uploads\/sites\/5\/2023\/09\/jornada-de-la-salud-7-1024x682.jpg 1024w, \/wp-content\/uploads\/sites\/5\/2023\/09\/jornada-de-la-salud-7-1536x1023.jpg 1536w, \/wp-content\/uploads\/sites\/5\/2023\/09\/jornada-de-la-salud-7-696x464.jpg 696w, \/wp-content\/uploads\/sites\/5\/2023\/09\/jornada-de-la-salud-7-1068x712.jpg 1068w, \/wp-content\/uploads\/sites\/5\/2023\/09\/jornada-de-la-salud-7-534x356.jpg 534w, \/wp-content\/uploads\/sites\/5\/2023\/09\/jornada-de-la-salud-7.jpg 1600w\" sizes=\"(max-width: 630px) 100vw, 630px\" alt=\"\">\r\n                            <\/a>\r\n                            \r\n                        <\/figure>\r\n                    <\/div>\r\n                    <div class = \"td-slide-item td-item2\">\r\n                        <figure class=\"td-slide-galery-figure td-slide-popup-gallery\">\r\n                            <a class=\"slide-gallery-image-link\" href=\"\/wp-content\/uploads\/sites\/5\/2023\/09\/jornada-de-la-salud-6.jpg\" title=\"jornada de la salud-6\"  data-caption=\"\"  data-description=\"\">\r\n                                <img decoding=\"async\" src=\"\/wp-content\/uploads\/sites\/5\/2023\/09\/jornada-de-la-salud-6-630x420.jpg\" srcset=\"\/wp-content\/uploads\/sites\/5\/2023\/09\/jornada-de-la-salud-6-630x420.jpg 630w, \/wp-content\/uploads\/sites\/5\/2023\/09\/jornada-de-la-salud-6-300x200.jpg 300w, \/wp-content\/uploads\/sites\/5\/2023\/09\/jornada-de-la-salud-6-768x512.jpg 768w, \/wp-content\/uploads\/sites\/5\/2023\/09\/jornada-de-la-salud-6-696x464.jpg 696w, \/wp-content\/uploads\/sites\/5\/2023\/09\/jornada-de-la-salud-6-534x356.jpg 534w, \/wp-content\/uploads\/sites\/5\/2023\/09\/jornada-de-la-salud-6.jpg 1000w\" sizes=\"(max-width: 630px) 100vw, 630px\" alt=\"\">\r\n                            <\/a>\r\n                            \r\n                        <\/figure>\r\n                    <\/div>\r\n                    <div class = \"td-slide-item td-item3\">\r\n                        <figure class=\"td-slide-galery-figure td-slide-popup-gallery\">\r\n                            <a class=\"slide-gallery-image-link\" href=\"\/wp-content\/uploads\/sites\/5\/2023\/09\/jornada-de-la-salud-1.jpg\" title=\"jornada de la salud-1\"  data-caption=\"\"  data-description=\"\">\r\n                                <img decoding=\"async\" src=\"\/wp-content\/uploads\/sites\/5\/2023\/09\/jornada-de-la-salud-1-630x420.jpg\" srcset=\"\/wp-content\/uploads\/sites\/5\/2023\/09\/jornada-de-la-salud-1-630x420.jpg 630w, \/wp-content\/uploads\/sites\/5\/2023\/09\/jornada-de-la-salud-1-300x200.jpg 300w, \/wp-content\/uploads\/sites\/5\/2023\/09\/jornada-de-la-salud-1-768x512.jpg 768w, \/wp-content\/uploads\/sites\/5\/2023\/09\/jornada-de-la-salud-1-1024x682.jpg 1024w, \/wp-content\/uploads\/sites\/5\/2023\/09\/jornada-de-la-salud-1-1536x1023.jpg 1536w, \/wp-content\/uploads\/sites\/5\/2023\/09\/jornada-de-la-salud-1-696x464.jpg 696w, \/wp-content\/uploads\/sites\/5\/2023\/09\/jornada-de-la-salud-1-1068x712.jpg 1068w, \/wp-content\/uploads\/sites\/5\/2023\/09\/jornada-de-la-salud-1-534x356.jpg 534w, \/wp-content\/uploads\/sites\/5\/2023\/09\/jornada-de-la-salud-1.jpg 1600w\" sizes=\"(max-width: 630px) 100vw, 630px\" alt=\"\">\r\n                            <\/a>\r\n                            \r\n                        <\/figure>\r\n                    <\/div>\r\n                    <div class = \"td-slide-item td-item4\">\r\n                        <figure class=\"td-slide-galery-figure td-slide-popup-gallery\">\r\n                            <a class=\"slide-gallery-image-link\" href=\"\/wp-content\/uploads\/sites\/5\/2023\/09\/jornada-de-la-salud-3.jpg\" title=\"jornada de la salud-3\"  data-caption=\"\"  data-description=\"\">\r\n                                <img decoding=\"async\" src=\"\/wp-content\/uploads\/sites\/5\/2023\/09\/jornada-de-la-salud-3-630x420.jpg\" srcset=\"\/wp-content\/uploads\/sites\/5\/2023\/09\/jornada-de-la-salud-3-630x420.jpg 630w, \/wp-content\/uploads\/sites\/5\/2023\/09\/jornada-de-la-salud-3-300x200.jpg 300w, \/wp-content\/uploads\/sites\/5\/2023\/09\/jornada-de-la-salud-3-768x512.jpg 768w, \/wp-content\/uploads\/sites\/5\/2023\/09\/jornada-de-la-salud-3-1024x682.jpg 1024w, \/wp-content\/uploads\/sites\/5\/2023\/09\/jornada-de-la-salud-3-1536x1023.jpg 1536w, \/wp-content\/uploads\/sites\/5\/2023\/09\/jornada-de-la-salud-3-696x464.jpg 696w, \/wp-content\/uploads\/sites\/5\/2023\/09\/jornada-de-la-salud-3-1068x712.jpg 1068w, \/wp-content\/uploads\/sites\/5\/2023\/09\/jornada-de-la-salud-3-534x356.jpg 534w, \/wp-content\/uploads\/sites\/5\/2023\/09\/jornada-de-la-salud-3.jpg 1600w\" sizes=\"(max-width: 630px) 100vw, 630px\" alt=\"\">\r\n                            <\/a>\r\n                            \r\n                        <\/figure>\r\n                    <\/div>\r\n                    <div class = \"td-slide-item td-item5\">\r\n                        <figure class=\"td-slide-galery-figure td-slide-popup-gallery\">\r\n                            <a class=\"slide-gallery-image-link\" href=\"\/wp-content\/uploads\/sites\/5\/2023\/09\/jornada-de-la-salud-2.jpg\" title=\"jornada de la salud-2\"  data-caption=\"\"  data-description=\"\">\r\n                                <img decoding=\"async\" src=\"\/wp-content\/uploads\/sites\/5\/2023\/09\/jornada-de-la-salud-2-630x420.jpg\" srcset=\"\/wp-content\/uploads\/sites\/5\/2023\/09\/jornada-de-la-salud-2-630x420.jpg 630w, \/wp-content\/uploads\/sites\/5\/2023\/09\/jornada-de-la-salud-2-300x200.jpg 300w, \/wp-content\/uploads\/sites\/5\/2023\/09\/jornada-de-la-salud-2-768x512.jpg 768w, \/wp-content\/uploads\/sites\/5\/2023\/09\/jornada-de-la-salud-2-1024x682.jpg 1024w, \/wp-content\/uploads\/sites\/5\/2023\/09\/jornada-de-la-salud-2-1536x1023.jpg 1536w, \/wp-content\/uploads\/sites\/5\/2023\/09\/jornada-de-la-salud-2-696x464.jpg 696w, \/wp-content\/uploads\/sites\/5\/2023\/09\/jornada-de-la-salud-2-1068x712.jpg 1068w, \/wp-content\/uploads\/sites\/5\/2023\/09\/jornada-de-la-salud-2-534x356.jpg 534w, \/wp-content\/uploads\/sites\/5\/2023\/09\/jornada-de-la-salud-2.jpg 1600w\" sizes=\"(max-width: 630px) 100vw, 630px\" alt=\"\">\r\n                            <\/a>\r\n                            \r\n                        <\/figure>\r\n                    <\/div>\r\n                    <div class = \"td-slide-item td-item6\">\r\n                        <figure class=\"td-slide-galery-figure td-slide-popup-gallery\">\r\n                            <a class=\"slide-gallery-image-link\" href=\"\/wp-content\/uploads\/sites\/5\/2023\/09\/jornada-de-la-salud-8.jpg\" title=\"jornada de la salud-8\"  data-caption=\"\"  data-description=\"\">\r\n                                <img decoding=\"async\" src=\"\/wp-content\/uploads\/sites\/5\/2023\/09\/jornada-de-la-salud-8-630x420.jpg\" srcset=\"\/wp-content\/uploads\/sites\/5\/2023\/09\/jornada-de-la-salud-8-630x420.jpg 630w, \/wp-content\/uploads\/sites\/5\/2023\/09\/jornada-de-la-salud-8-300x200.jpg 300w, \/wp-content\/uploads\/sites\/5\/2023\/09\/jornada-de-la-salud-8-768x512.jpg 768w, \/wp-content\/uploads\/sites\/5\/2023\/09\/jornada-de-la-salud-8-1024x682.jpg 1024w, \/wp-content\/uploads\/sites\/5\/2023\/09\/jornada-de-la-salud-8-1536x1023.jpg 1536w, \/wp-content\/uploads\/sites\/5\/2023\/09\/jornada-de-la-salud-8-696x464.jpg 696w, \/wp-content\/uploads\/sites\/5\/2023\/09\/jornada-de-la-salud-8-1068x712.jpg 1068w, \/wp-content\/uploads\/sites\/5\/2023\/09\/jornada-de-la-salud-8-534x356.jpg 534w, \/wp-content\/uploads\/sites\/5\/2023\/09\/jornada-de-la-salud-8.jpg 1600w\" sizes=\"(max-width: 630px) 100vw, 630px\" alt=\"\">\r\n                            <\/a>\r\n                            \r\n                        <\/figure>\r\n                    <\/div>\r\n                    <div class = \"td-slide-item td-item7\">\r\n                        <figure class=\"td-slide-galery-figure td-slide-popup-gallery\">\r\n                            <a class=\"slide-gallery-image-link\" href=\"\/wp-content\/uploads\/sites\/5\/2023\/09\/jornada-de-la-salud-10.jpg\" title=\"jornada de la salud-10\"  data-caption=\"\"  data-description=\"\">\r\n                                <img decoding=\"async\" src=\"\/wp-content\/uploads\/sites\/5\/2023\/09\/jornada-de-la-salud-10-630x420.jpg\" srcset=\"\/wp-content\/uploads\/sites\/5\/2023\/09\/jornada-de-la-salud-10-630x420.jpg 630w, \/wp-content\/uploads\/sites\/5\/2023\/09\/jornada-de-la-salud-10-300x200.jpg 300w, \/wp-content\/uploads\/sites\/5\/2023\/09\/jornada-de-la-salud-10-768x512.jpg 768w, \/wp-content\/uploads\/sites\/5\/2023\/09\/jornada-de-la-salud-10-1024x682.jpg 1024w, \/wp-content\/uploads\/sites\/5\/2023\/09\/jornada-de-la-salud-10-1536x1023.jpg 1536w, \/wp-content\/uploads\/sites\/5\/2023\/09\/jornada-de-la-salud-10-696x464.jpg 696w, \/wp-content\/uploads\/sites\/5\/2023\/09\/jornada-de-la-salud-10-1068x712.jpg 1068w, \/wp-content\/uploads\/sites\/5\/2023\/09\/jornada-de-la-salud-10-534x356.jpg 534w, \/wp-content\/uploads\/sites\/5\/2023\/09\/jornada-de-la-salud-10.jpg 1600w\" sizes=\"(max-width: 630px) 100vw, 630px\" alt=\"\">\r\n                            <\/a>\r\n                            \r\n                        <\/figure>\r\n                    <\/div>\r\n                            <\/div>\r\n                        <\/div>\r\n\r\n                        <div class = \"td-doubleSlider-2\">\r\n                            <div class = \"td-slider\">\r\n                                \r\n                    <div class = \"td-button td-item1\">\r\n                        <div class = \"td-border\"><\/div>\r\n                    <\/div>\r\n                    <div class = \"td-button td-item2\">\r\n                        <div class = \"td-border\"><\/div>\r\n                    <\/div>\r\n                    <div class = \"td-button td-item3\">\r\n                        <div class = \"td-border\"><\/div>\r\n                    <\/div>\r\n                    <div class = \"td-button td-item4\">\r\n                        <div class = \"td-border\"><\/div>\r\n                    <\/div>\r\n                    <div class = \"td-button td-item5\">\r\n                        <div class = \"td-border\"><\/div>\r\n                    <\/div>\r\n                    <div class = \"td-button td-item6\">\r\n                        <div class = \"td-border\"><\/div>\r\n                    <\/div>\r\n                    <div class = \"td-button td-item7\">\r\n                        <div class = \"td-border\"><\/div>\r\n                    <\/div>\r\n                            <\/div>\r\n                        <\/div>\r\n\r\n                    <\/div>\r\n\r\n                <\/div>\r\n                \n","protected":false},"excerpt":{"rendered":"<p>M\u00e1s de 2 mil personas acudieron a la \u201cJornada de la Salud: Cuidando nuestra salud integral\u201d, que se llev\u00f3 a cabo el fin de semana en el Parque de la Industria para ofrecer servicios m\u00e9dicos gratuitos a la poblaci\u00f3n. Y como no pod\u00eda ser de otra forma, el Instituto Guatemalteco de Seguridad Social (IGSS) fue [&hellip;]<\/p>\n","protected":false},"author":1961,"featured_media":37748,"comment_status":"closed","ping_status":"closed","sticky":false,"template":"","format":"standard","meta":{"footnotes":""},"categories":[3],"tags":[1775,727],"coauthors":[],"class_list":{"0":"post-37746","1":"post","2":"type-post","3":"status-publish","4":"format-standard","5":"has-post-thumbnail","7":"category-actualidad","8":"tag-jornada-de-la-salud","9":"tag-prevencion-igss"},"_links":{"self":[{"href":"https:\/\/www.igssgt.org\/noticias\/wp-json\/wp\/v2\/posts\/37746","targetHints":{"allow":["GET"]}}],"collection":[{"href":"https:\/\/www.igssgt.org\/noticias\/wp-json\/wp\/v2\/posts"}],"about":[{"href":"https:\/\/www.igssgt.org\/noticias\/wp-json\/wp\/v2\/types\/post"}],"author":[{"embeddable":true,"href":"https:\/\/www.igssgt.org\/noticias\/wp-json\/wp\/v2\/users\/1961"}],"replies":[{"embeddable":true,"href":"https:\/\/www.igssgt.org\/noticias\/wp-json\/wp\/v2\/comments?post=37746"}],"version-history":[{"count":3,"href":"https:\/\/www.igssgt.org\/noticias\/wp-json\/wp\/v2\/posts\/37746\/revisions"}],"predecessor-version":[{"id":37759,"href":"https:\/\/www.igssgt.org\/noticias\/wp-json\/wp\/v2\/posts\/37746\/revisions\/37759"}],"wp:featuredmedia":[{"embeddable":true,"href":"https:\/\/www.igssgt.org\/noticias\/wp-json\/wp\/v2\/media\/37748"}],"wp:attachment":[{"href":"https:\/\/www.igssgt.org\/noticias\/wp-json\/wp\/v2\/media?parent=37746"}],"wp:term":[{"taxonomy":"category","embeddable":true,"href":"https:\/\/www.igssgt.org\/noticias\/wp-json\/wp\/v2\/categories?post=37746"},{"taxonomy":"post_tag","embeddable":true,"href":"https:\/\/www.igssgt.org\/noticias\/wp-json\/wp\/v2\/tags?post=37746"},{"taxonomy":"author","embeddable":true,"href":"https:\/\/www.igssgt.org\/noticias\/wp-json\/wp\/v2\/coauthors?post=37746"}],"curies":[{"name":"wp","href":"https:\/\/api.w.org\/{rel}","templated":true}]}}