{"id":37779,"date":"2023-09-11T16:06:51","date_gmt":"2023-09-11T22:06:51","guid":{"rendered":"https:\/\/www.igssgt.org\/noticias\/?p=37779"},"modified":"2023-09-11T16:06:52","modified_gmt":"2023-09-11T22:06:52","slug":"independencia-2023-el-igss-honra-a-la-patria-en-acto-civico","status":"publish","type":"post","link":"https:\/\/www.igssgt.org\/noticias\/2023\/09\/11\/independencia-2023-el-igss-honra-a-la-patria-en-acto-civico\/","title":{"rendered":"Independencia 2023: El IGSS honra a la patria en acto c\u00edvico"},"content":{"rendered":"\n<p class=\"has-drop-cap\">El fervor patrio en honor a los 202 a\u00f1os de Independencia congreg\u00f3 a autoridades del IGSS, quienes encabezaron un acto c\u00edvico en Oficinas Centrales. La actividad fue amenizada por melod\u00edas ejecutadas por la banda del Colegio Cat\u00f3lico San Pablo.<\/p>\n\n\n\n<p>En sus palabras, el presidente de Junta Directiva, licenciado Jos\u00e9 Adolfo Flamenco Jau, destac\u00f3 que Guatemala es una naci\u00f3n de ciudadanos resilientes y record\u00f3 que el Seguro Social tambi\u00e9n se preocupa por los migrantes en el extranjero.<\/p>\n<p><a href=\"\/wp-content\/uploads\/sites\/5\/2023\/09\/independencia-2023-2.jpg\" target=\"_blank\" rel=\"noopener\"><img loading=\"lazy\" decoding=\"async\" class=\"alignnone wp-image-37782 size-full\" src=\"\/wp-content\/uploads\/sites\/5\/2023\/09\/independencia-2023-2.jpg\" alt=\"\" width=\"1217\" height=\"838\" srcset=\"\/wp-content\/uploads\/sites\/5\/2023\/09\/independencia-2023-2.jpg 1217w, \/wp-content\/uploads\/sites\/5\/2023\/09\/independencia-2023-2-300x207.jpg 300w, \/wp-content\/uploads\/sites\/5\/2023\/09\/independencia-2023-2-768x529.jpg 768w, \/wp-content\/uploads\/sites\/5\/2023\/09\/independencia-2023-2-1024x705.jpg 1024w, \/wp-content\/uploads\/sites\/5\/2023\/09\/independencia-2023-2-610x420.jpg 610w, \/wp-content\/uploads\/sites\/5\/2023\/09\/independencia-2023-2-218x150.jpg 218w, \/wp-content\/uploads\/sites\/5\/2023\/09\/independencia-2023-2-696x479.jpg 696w, \/wp-content\/uploads\/sites\/5\/2023\/09\/independencia-2023-2-1068x735.jpg 1068w, \/wp-content\/uploads\/sites\/5\/2023\/09\/independencia-2023-2-100x70.jpg 100w, \/wp-content\/uploads\/sites\/5\/2023\/09\/independencia-2023-2-534x368.jpg 534w\" sizes=\"auto, (max-width: 1217px) 100vw, 1217px\" \/><\/a><\/p>\n<p><strong>\u201cLas batallas contin\u00faan porque la libertad se pelea todos los d\u00edas. La libertad tambi\u00e9n se defiende cuando estamos puntuales en nuestras labores. No perdamos de vista nuestros prop\u00f3sitos\u201d<\/strong>, reflexion\u00f3 el m\u00e1ximo funcionario del Instituto.<\/p>\n\n\n\n\r\n                <style type=\"text\/css\">\r\n                    \r\n                    #tdi_1  .td-doubleSlider-2 .td-item1 {\r\n                        background: url(\/wp-content\/uploads\/sites\/5\/2023\/09\/independencia-2023-5-80x60.jpg) 0 0 no-repeat;\r\n                    }\r\n                    #tdi_1  .td-doubleSlider-2 .td-item2 {\r\n                        background: url(\/wp-content\/uploads\/sites\/5\/2023\/09\/independencia-2023-6-80x60.jpg) 0 0 no-repeat;\r\n                    }\r\n                    #tdi_1  .td-doubleSlider-2 .td-item3 {\r\n                        background: url(\/wp-content\/uploads\/sites\/5\/2023\/09\/independencia-2023-3-80x60.jpg) 0 0 no-repeat;\r\n                    }\r\n                    #tdi_1  .td-doubleSlider-2 .td-item4 {\r\n                        background: url(\/wp-content\/uploads\/sites\/5\/2023\/09\/independencia-2023-7-80x60.jpg) 0 0 no-repeat;\r\n                    }\r\n                    #tdi_1  .td-doubleSlider-2 .td-item5 {\r\n                        background: url(\/wp-content\/uploads\/sites\/5\/2023\/09\/independencia-2023-1-80x60.jpg) 0 0 no-repeat;\r\n                    }\r\n                    #tdi_1  .td-doubleSlider-2 .td-item6 {\r\n                        background: url(\/wp-content\/uploads\/sites\/5\/2023\/09\/independencia-2023-8-80x60.jpg) 0 0 no-repeat;\r\n                    }\r\n                <\/style>\r\n\r\n                <div id=\"tdi_1\" class=\"td-gallery td-slide-on-2-columns\">\r\n                    <div class=\"post_td_gallery\">\r\n                        <div class=\"td-gallery-slide-top\">\r\n                           <div class=\"td-gallery-title\"><\/div>\r\n\r\n                            <div class=\"td-gallery-controls-wrapper\">\r\n                                <div class=\"td-gallery-slide-count\"><span class=\"td-gallery-slide-item-focus\">1<\/span> de 6<\/div>\r\n                                <div class=\"td-gallery-slide-prev-next-but\">\r\n                                    <i class = \"td-icon-left doubleSliderPrevButton\"><\/i>\r\n                                    <i class = \"td-icon-right doubleSliderNextButton\"><\/i>\r\n                                <\/div>\r\n                            <\/div>\r\n                        <\/div>\r\n\r\n                        <div class = \"td-doubleSlider-1 \">\r\n                            <div class = \"td-slider\">\r\n                                \r\n                    <div class = \"td-slide-item td-item1\">\r\n                        <figure class=\"td-slide-galery-figure td-slide-popup-gallery\">\r\n                            <a class=\"slide-gallery-image-link\" href=\"\/wp-content\/uploads\/sites\/5\/2023\/09\/independencia-2023-5.jpg\" title=\"independencia 2023-5\"  data-caption=\"\"  data-description=\"\">\r\n                                <img decoding=\"async\" src=\"\/wp-content\/uploads\/sites\/5\/2023\/09\/independencia-2023-5-276x420.jpg\" srcset=\"\/wp-content\/uploads\/sites\/5\/2023\/09\/independencia-2023-5-276x420.jpg 276w, \/wp-content\/uploads\/sites\/5\/2023\/09\/independencia-2023-5-197x300.jpg 197w, \/wp-content\/uploads\/sites\/5\/2023\/09\/independencia-2023-5-768x1170.jpg 768w, \/wp-content\/uploads\/sites\/5\/2023\/09\/independencia-2023-5-672x1024.jpg 672w, \/wp-content\/uploads\/sites\/5\/2023\/09\/independencia-2023-5-696x1060.jpg 696w, \/wp-content\/uploads\/sites\/5\/2023\/09\/independencia-2023-5-303x462.jpg 303w, \/wp-content\/uploads\/sites\/5\/2023\/09\/independencia-2023-5.jpg 988w\" sizes=\"(max-width: 276px) 100vw, 276px\" alt=\"\">\r\n                            <\/a>\r\n                            \r\n                        <\/figure>\r\n                    <\/div>\r\n                    <div class = \"td-slide-item td-item2\">\r\n                        <figure class=\"td-slide-galery-figure td-slide-popup-gallery\">\r\n                            <a class=\"slide-gallery-image-link\" href=\"\/wp-content\/uploads\/sites\/5\/2023\/09\/independencia-2023-6.jpg\" title=\"independencia 2023-6\"  data-caption=\"\"  data-description=\"\">\r\n                                <img decoding=\"async\" src=\"\/wp-content\/uploads\/sites\/5\/2023\/09\/independencia-2023-6-630x420.jpg\" srcset=\"\/wp-content\/uploads\/sites\/5\/2023\/09\/independencia-2023-6-630x420.jpg 630w, \/wp-content\/uploads\/sites\/5\/2023\/09\/independencia-2023-6-300x200.jpg 300w, \/wp-content\/uploads\/sites\/5\/2023\/09\/independencia-2023-6-768x512.jpg 768w, \/wp-content\/uploads\/sites\/5\/2023\/09\/independencia-2023-6-1024x682.jpg 1024w, \/wp-content\/uploads\/sites\/5\/2023\/09\/independencia-2023-6-1536x1023.jpg 1536w, \/wp-content\/uploads\/sites\/5\/2023\/09\/independencia-2023-6-696x464.jpg 696w, \/wp-content\/uploads\/sites\/5\/2023\/09\/independencia-2023-6-1068x712.jpg 1068w, \/wp-content\/uploads\/sites\/5\/2023\/09\/independencia-2023-6-534x356.jpg 534w, \/wp-content\/uploads\/sites\/5\/2023\/09\/independencia-2023-6.jpg 1600w\" sizes=\"(max-width: 630px) 100vw, 630px\" alt=\"\">\r\n                            <\/a>\r\n                            \r\n                        <\/figure>\r\n                    <\/div>\r\n                    <div class = \"td-slide-item td-item3\">\r\n                        <figure class=\"td-slide-galery-figure td-slide-popup-gallery\">\r\n                            <a class=\"slide-gallery-image-link\" href=\"\/wp-content\/uploads\/sites\/5\/2023\/09\/independencia-2023-3.jpg\" title=\"independencia 2023-3\"  data-caption=\"\"  data-description=\"\">\r\n                                <img decoding=\"async\" src=\"\/wp-content\/uploads\/sites\/5\/2023\/09\/independencia-2023-3-630x420.jpg\" srcset=\"\/wp-content\/uploads\/sites\/5\/2023\/09\/independencia-2023-3-630x420.jpg 630w, \/wp-content\/uploads\/sites\/5\/2023\/09\/independencia-2023-3-300x200.jpg 300w, \/wp-content\/uploads\/sites\/5\/2023\/09\/independencia-2023-3-768x512.jpg 768w, \/wp-content\/uploads\/sites\/5\/2023\/09\/independencia-2023-3-1024x682.jpg 1024w, \/wp-content\/uploads\/sites\/5\/2023\/09\/independencia-2023-3-696x464.jpg 696w, \/wp-content\/uploads\/sites\/5\/2023\/09\/independencia-2023-3-1068x712.jpg 1068w, \/wp-content\/uploads\/sites\/5\/2023\/09\/independencia-2023-3-534x356.jpg 534w, \/wp-content\/uploads\/sites\/5\/2023\/09\/independencia-2023-3.jpg 1280w\" sizes=\"(max-width: 630px) 100vw, 630px\" alt=\"\">\r\n                            <\/a>\r\n                            \r\n                        <\/figure>\r\n                    <\/div>\r\n                    <div class = \"td-slide-item td-item4\">\r\n                        <figure class=\"td-slide-galery-figure td-slide-popup-gallery\">\r\n                            <a class=\"slide-gallery-image-link\" href=\"\/wp-content\/uploads\/sites\/5\/2023\/09\/independencia-2023-7.jpg\" title=\"independencia 2023-7\"  data-caption=\"\"  data-description=\"\">\r\n                                <img decoding=\"async\" src=\"\/wp-content\/uploads\/sites\/5\/2023\/09\/independencia-2023-7-630x420.jpg\" srcset=\"\/wp-content\/uploads\/sites\/5\/2023\/09\/independencia-2023-7-630x420.jpg 630w, \/wp-content\/uploads\/sites\/5\/2023\/09\/independencia-2023-7-300x200.jpg 300w, \/wp-content\/uploads\/sites\/5\/2023\/09\/independencia-2023-7-768x512.jpg 768w, \/wp-content\/uploads\/sites\/5\/2023\/09\/independencia-2023-7-1024x682.jpg 1024w, \/wp-content\/uploads\/sites\/5\/2023\/09\/independencia-2023-7-696x464.jpg 696w, \/wp-content\/uploads\/sites\/5\/2023\/09\/independencia-2023-7-1068x712.jpg 1068w, \/wp-content\/uploads\/sites\/5\/2023\/09\/independencia-2023-7-534x356.jpg 534w, \/wp-content\/uploads\/sites\/5\/2023\/09\/independencia-2023-7.jpg 1280w\" sizes=\"(max-width: 630px) 100vw, 630px\" alt=\"\">\r\n                            <\/a>\r\n                            \r\n                        <\/figure>\r\n                    <\/div>\r\n                    <div class = \"td-slide-item td-item5\">\r\n                        <figure class=\"td-slide-galery-figure td-slide-popup-gallery\">\r\n                            <a class=\"slide-gallery-image-link\" href=\"\/wp-content\/uploads\/sites\/5\/2023\/09\/independencia-2023-1.jpg\" title=\"independencia 2023-1\"  data-caption=\"\"  data-description=\"\">\r\n                                <img decoding=\"async\" src=\"\/wp-content\/uploads\/sites\/5\/2023\/09\/independencia-2023-1-630x420.jpg\" srcset=\"\/wp-content\/uploads\/sites\/5\/2023\/09\/independencia-2023-1-630x420.jpg 630w, \/wp-content\/uploads\/sites\/5\/2023\/09\/independencia-2023-1-300x200.jpg 300w, \/wp-content\/uploads\/sites\/5\/2023\/09\/independencia-2023-1-768x512.jpg 768w, \/wp-content\/uploads\/sites\/5\/2023\/09\/independencia-2023-1-1024x682.jpg 1024w, \/wp-content\/uploads\/sites\/5\/2023\/09\/independencia-2023-1-1536x1023.jpg 1536w, \/wp-content\/uploads\/sites\/5\/2023\/09\/independencia-2023-1-696x464.jpg 696w, \/wp-content\/uploads\/sites\/5\/2023\/09\/independencia-2023-1-1068x712.jpg 1068w, \/wp-content\/uploads\/sites\/5\/2023\/09\/independencia-2023-1-534x356.jpg 534w, \/wp-content\/uploads\/sites\/5\/2023\/09\/independencia-2023-1.jpg 1600w\" sizes=\"(max-width: 630px) 100vw, 630px\" alt=\"\">\r\n                            <\/a>\r\n                            \r\n                        <\/figure>\r\n                    <\/div>\r\n                    <div class = \"td-slide-item td-item6\">\r\n                        <figure class=\"td-slide-galery-figure td-slide-popup-gallery\">\r\n                            <a class=\"slide-gallery-image-link\" href=\"\/wp-content\/uploads\/sites\/5\/2023\/09\/independencia-2023-8.jpg\" title=\"independencia 2023-8\"  data-caption=\"\"  data-description=\"\">\r\n                                <img decoding=\"async\" src=\"\/wp-content\/uploads\/sites\/5\/2023\/09\/independencia-2023-8-630x420.jpg\" srcset=\"\/wp-content\/uploads\/sites\/5\/2023\/09\/independencia-2023-8-630x420.jpg 630w, \/wp-content\/uploads\/sites\/5\/2023\/09\/independencia-2023-8-300x200.jpg 300w, \/wp-content\/uploads\/sites\/5\/2023\/09\/independencia-2023-8-768x512.jpg 768w, \/wp-content\/uploads\/sites\/5\/2023\/09\/independencia-2023-8-1024x682.jpg 1024w, \/wp-content\/uploads\/sites\/5\/2023\/09\/independencia-2023-8-1536x1023.jpg 1536w, \/wp-content\/uploads\/sites\/5\/2023\/09\/independencia-2023-8-696x464.jpg 696w, \/wp-content\/uploads\/sites\/5\/2023\/09\/independencia-2023-8-1068x712.jpg 1068w, \/wp-content\/uploads\/sites\/5\/2023\/09\/independencia-2023-8-534x356.jpg 534w, \/wp-content\/uploads\/sites\/5\/2023\/09\/independencia-2023-8.jpg 1600w\" sizes=\"(max-width: 630px) 100vw, 630px\" alt=\"\">\r\n                            <\/a>\r\n                            \r\n                        <\/figure>\r\n                    <\/div>\r\n                            <\/div>\r\n                        <\/div>\r\n\r\n                        <div class = \"td-doubleSlider-2\">\r\n                            <div class = \"td-slider\">\r\n                                \r\n                    <div class = \"td-button td-item1\">\r\n                        <div class = \"td-border\"><\/div>\r\n                    <\/div>\r\n                    <div class = \"td-button td-item2\">\r\n                        <div class = \"td-border\"><\/div>\r\n                    <\/div>\r\n                    <div class = \"td-button td-item3\">\r\n                        <div class = \"td-border\"><\/div>\r\n                    <\/div>\r\n                    <div class = \"td-button td-item4\">\r\n                        <div class = \"td-border\"><\/div>\r\n                    <\/div>\r\n                    <div class = \"td-button td-item5\">\r\n                        <div class = \"td-border\"><\/div>\r\n                    <\/div>\r\n                    <div class = \"td-button td-item6\">\r\n                        <div class = \"td-border\"><\/div>\r\n                    <\/div>\r\n                            <\/div>\r\n                        <\/div>\r\n\r\n                    <\/div>\r\n\r\n                <\/div>\r\n                \n","protected":false},"excerpt":{"rendered":"<p>El fervor patrio en honor a los 202 a\u00f1os de Independencia congreg\u00f3 a autoridades del IGSS, quienes encabezaron un acto c\u00edvico en Oficinas Centrales. La actividad fue amenizada por melod\u00edas ejecutadas por la banda del Colegio Cat\u00f3lico San Pablo. En sus palabras, el presidente de Junta Directiva, licenciado Jos\u00e9 Adolfo Flamenco Jau, destac\u00f3 que Guatemala [&hellip;]<\/p>\n","protected":false},"author":1961,"featured_media":37780,"comment_status":"closed","ping_status":"closed","sticky":false,"template":"","format":"standard","meta":{"footnotes":""},"categories":[3],"tags":[1388,1772],"coauthors":[],"class_list":{"0":"post-37779","1":"post","2":"type-post","3":"status-publish","4":"format-standard","5":"has-post-thumbnail","7":"category-actualidad","8":"tag-acto-civico","9":"tag-independencia-de-guatemala"},"_links":{"self":[{"href":"https:\/\/www.igssgt.org\/noticias\/wp-json\/wp\/v2\/posts\/37779","targetHints":{"allow":["GET"]}}],"collection":[{"href":"https:\/\/www.igssgt.org\/noticias\/wp-json\/wp\/v2\/posts"}],"about":[{"href":"https:\/\/www.igssgt.org\/noticias\/wp-json\/wp\/v2\/types\/post"}],"author":[{"embeddable":true,"href":"https:\/\/www.igssgt.org\/noticias\/wp-json\/wp\/v2\/users\/1961"}],"replies":[{"embeddable":true,"href":"https:\/\/www.igssgt.org\/noticias\/wp-json\/wp\/v2\/comments?post=37779"}],"version-history":[{"count":1,"href":"https:\/\/www.igssgt.org\/noticias\/wp-json\/wp\/v2\/posts\/37779\/revisions"}],"predecessor-version":[{"id":37789,"href":"https:\/\/www.igssgt.org\/noticias\/wp-json\/wp\/v2\/posts\/37779\/revisions\/37789"}],"wp:featuredmedia":[{"embeddable":true,"href":"https:\/\/www.igssgt.org\/noticias\/wp-json\/wp\/v2\/media\/37780"}],"wp:attachment":[{"href":"https:\/\/www.igssgt.org\/noticias\/wp-json\/wp\/v2\/media?parent=37779"}],"wp:term":[{"taxonomy":"category","embeddable":true,"href":"https:\/\/www.igssgt.org\/noticias\/wp-json\/wp\/v2\/categories?post=37779"},{"taxonomy":"post_tag","embeddable":true,"href":"https:\/\/www.igssgt.org\/noticias\/wp-json\/wp\/v2\/tags?post=37779"},{"taxonomy":"author","embeddable":true,"href":"https:\/\/www.igssgt.org\/noticias\/wp-json\/wp\/v2\/coauthors?post=37779"}],"curies":[{"name":"wp","href":"https:\/\/api.w.org\/{rel}","templated":true}]}}