{"id":37790,"date":"2023-09-12T09:56:39","date_gmt":"2023-09-12T15:56:39","guid":{"rendered":"https:\/\/www.igssgt.org\/noticias\/?p=37790"},"modified":"2023-09-12T09:56:41","modified_gmt":"2023-09-12T15:56:41","slug":"consultorio-de-antigua-guatemala-proporciona-equipo-para-almacenamiento-de-leche-materna","status":"publish","type":"post","link":"https:\/\/www.igssgt.org\/noticias\/2023\/09\/12\/consultorio-de-antigua-guatemala-proporciona-equipo-para-almacenamiento-de-leche-materna\/","title":{"rendered":"Consultorio de Antigua Guatemala proporciona equipo para almacenamiento de leche materna"},"content":{"rendered":"\n<p class=\"has-drop-cap\">El Comit\u00e9 T\u00e9cnico de Lactancia Materna del Consultorio de Antigua Guatemala entreg\u00f3, a trabajadoras afiliadas y beneficiarias, un kit de apoyo para preservar y almacenar su leche materna, cuya ingesta es fundamental para el desarrollo f\u00edsico y mental de los beb\u00e9s.<\/p>\n\n\n\n<p>El equipo incluye una hielera port\u00e1til, una toalla peque\u00f1a, un frasco de vidrio con taparosca pl\u00e1stica, un im\u00e1n de instrucciones para el almacenamiento y un folleto con recomendaciones y consejos para quienes son o est\u00e1n por convertirse en madres.<\/p>\n<p><a href=\"\/wp-content\/uploads\/sites\/5\/2023\/09\/leche-materna-2.jpg\" target=\"_blank\" rel=\"noopener\"><img loading=\"lazy\" decoding=\"async\" class=\"alignnone wp-image-37793 size-full\" src=\"\/wp-content\/uploads\/sites\/5\/2023\/09\/leche-materna-2.jpg\" alt=\"\" width=\"1600\" height=\"1053\" srcset=\"\/wp-content\/uploads\/sites\/5\/2023\/09\/leche-materna-2.jpg 1600w, \/wp-content\/uploads\/sites\/5\/2023\/09\/leche-materna-2-300x197.jpg 300w, \/wp-content\/uploads\/sites\/5\/2023\/09\/leche-materna-2-768x505.jpg 768w, \/wp-content\/uploads\/sites\/5\/2023\/09\/leche-materna-2-1024x674.jpg 1024w, \/wp-content\/uploads\/sites\/5\/2023\/09\/leche-materna-2-1536x1011.jpg 1536w, \/wp-content\/uploads\/sites\/5\/2023\/09\/leche-materna-2-638x420.jpg 638w, \/wp-content\/uploads\/sites\/5\/2023\/09\/leche-materna-2-696x458.jpg 696w, \/wp-content\/uploads\/sites\/5\/2023\/09\/leche-materna-2-1068x703.jpg 1068w, \/wp-content\/uploads\/sites\/5\/2023\/09\/leche-materna-2-534x351.jpg 534w\" sizes=\"auto, (max-width: 1600px) 100vw, 1600px\" \/><\/a><\/p>\n<p>Brenda L\u00f3pez, trabajadora del consultorio, dijo que para una madre que labora, amamantar requiere m\u00e1s esfuerzo, pues demanda mucho compromiso despu\u00e9s del per\u00edodo de post parto. <strong>\u00abAcciones como estas nos incentivan a darle a nuestros hijos este alimento \u00fanico, que solo pueden adquirir en los primeros a\u00f1os de vida\u201d<\/strong>, manifest\u00f3.<\/p>\n<blockquote>\n<p>La leche materna es fundamental para el desarrollo f\u00edsico y mental de los beb\u00e9s<\/p>\n<\/blockquote>\n<p>Con estas acciones, el Instituto Guatemalteco de Seguridad Social (IGSS), a trav\u00e9s de la Secci\u00f3n de Higiene Materno Infantil, facilita el traslado de este vital alimento y permite que se conserve en buen estado mientras las madres llegan a casa.<\/p>\n<p><a href=\"\/wp-content\/uploads\/sites\/5\/2023\/09\/leche-materna-6.jpg\" target=\"_blank\" rel=\"noopener\"><img loading=\"lazy\" decoding=\"async\" class=\"alignnone wp-image-37792 size-full\" src=\"\/wp-content\/uploads\/sites\/5\/2023\/09\/leche-materna-6.jpg\" alt=\"\" width=\"1600\" height=\"1066\" srcset=\"\/wp-content\/uploads\/sites\/5\/2023\/09\/leche-materna-6.jpg 1600w, \/wp-content\/uploads\/sites\/5\/2023\/09\/leche-materna-6-300x200.jpg 300w, \/wp-content\/uploads\/sites\/5\/2023\/09\/leche-materna-6-768x512.jpg 768w, \/wp-content\/uploads\/sites\/5\/2023\/09\/leche-materna-6-1024x682.jpg 1024w, \/wp-content\/uploads\/sites\/5\/2023\/09\/leche-materna-6-1536x1023.jpg 1536w, \/wp-content\/uploads\/sites\/5\/2023\/09\/leche-materna-6-630x420.jpg 630w, \/wp-content\/uploads\/sites\/5\/2023\/09\/leche-materna-6-696x464.jpg 696w, \/wp-content\/uploads\/sites\/5\/2023\/09\/leche-materna-6-1068x712.jpg 1068w, \/wp-content\/uploads\/sites\/5\/2023\/09\/leche-materna-6-534x356.jpg 534w\" sizes=\"auto, (max-width: 1600px) 100vw, 1600px\" \/><\/a><\/p>\n<p>La licenciada Mayra Xinico, trabajadora social y miembro del comit\u00e9, hizo referencia que este a\u00f1o la campa\u00f1a se enfoc\u00f3 en la lactancia materna y, entre otras cosas, busca crear conciencia sobre los espacios y facilidades que deben existir en el entorno laboral para que la madre lactante no interrumpa el v\u00ednculo que forma con el beb\u00e9, adem\u00e1s de no privar a ambos de los beneficios de esta pr\u00e1ctica.<\/p>\n\n\n\n\r\n                <style type=\"text\/css\">\r\n                    \r\n                    #tdi_1  .td-doubleSlider-2 .td-item1 {\r\n                        background: url(\/wp-content\/uploads\/sites\/5\/2023\/09\/leche-materna-4-80x60.jpg) 0 0 no-repeat;\r\n                    }\r\n                    #tdi_1  .td-doubleSlider-2 .td-item2 {\r\n                        background: url(\/wp-content\/uploads\/sites\/5\/2023\/09\/leche-materna-3-80x60.jpg) 0 0 no-repeat;\r\n                    }\r\n                    #tdi_1  .td-doubleSlider-2 .td-item3 {\r\n                        background: url(\/wp-content\/uploads\/sites\/5\/2023\/09\/leche-materna-1-80x60.jpg) 0 0 no-repeat;\r\n                    }\r\n                    #tdi_1  .td-doubleSlider-2 .td-item4 {\r\n                        background: url(\/wp-content\/uploads\/sites\/5\/2023\/09\/leche-materna-7-80x60.jpg) 0 0 no-repeat;\r\n                    }\r\n                <\/style>\r\n\r\n                <div id=\"tdi_1\" class=\"td-gallery td-slide-on-2-columns\">\r\n                    <div class=\"post_td_gallery\">\r\n                        <div class=\"td-gallery-slide-top\">\r\n                           <div class=\"td-gallery-title\"><\/div>\r\n\r\n                            <div class=\"td-gallery-controls-wrapper\">\r\n                                <div class=\"td-gallery-slide-count\"><span class=\"td-gallery-slide-item-focus\">1<\/span> de 4<\/div>\r\n                                <div class=\"td-gallery-slide-prev-next-but\">\r\n                                    <i class = \"td-icon-left doubleSliderPrevButton\"><\/i>\r\n                                    <i class = \"td-icon-right doubleSliderNextButton\"><\/i>\r\n                                <\/div>\r\n                            <\/div>\r\n                        <\/div>\r\n\r\n                        <div class = \"td-doubleSlider-1 \">\r\n                            <div class = \"td-slider\">\r\n                                \r\n                    <div class = \"td-slide-item td-item1\">\r\n                        <figure class=\"td-slide-galery-figure td-slide-popup-gallery\">\r\n                            <a class=\"slide-gallery-image-link\" href=\"\/wp-content\/uploads\/sites\/5\/2023\/09\/leche-materna-4.jpg\" title=\"leche materna-4\"  data-caption=\"\"  data-description=\"\">\r\n                                <img decoding=\"async\" src=\"\/wp-content\/uploads\/sites\/5\/2023\/09\/leche-materna-4-619x420.jpg\" srcset=\"\/wp-content\/uploads\/sites\/5\/2023\/09\/leche-materna-4-619x420.jpg 619w, \/wp-content\/uploads\/sites\/5\/2023\/09\/leche-materna-4-300x203.jpg 300w, \/wp-content\/uploads\/sites\/5\/2023\/09\/leche-materna-4-768x521.jpg 768w, \/wp-content\/uploads\/sites\/5\/2023\/09\/leche-materna-4-1024x694.jpg 1024w, \/wp-content\/uploads\/sites\/5\/2023\/09\/leche-materna-4-1536x1042.jpg 1536w, \/wp-content\/uploads\/sites\/5\/2023\/09\/leche-materna-4-696x472.jpg 696w, \/wp-content\/uploads\/sites\/5\/2023\/09\/leche-materna-4-1068x724.jpg 1068w, \/wp-content\/uploads\/sites\/5\/2023\/09\/leche-materna-4-534x362.jpg 534w, \/wp-content\/uploads\/sites\/5\/2023\/09\/leche-materna-4.jpg 1600w\" sizes=\"(max-width: 619px) 100vw, 619px\" alt=\"\">\r\n                            <\/a>\r\n                            \r\n                        <\/figure>\r\n                    <\/div>\r\n                    <div class = \"td-slide-item td-item2\">\r\n                        <figure class=\"td-slide-galery-figure td-slide-popup-gallery\">\r\n                            <a class=\"slide-gallery-image-link\" href=\"\/wp-content\/uploads\/sites\/5\/2023\/09\/leche-materna-3.jpg\" title=\"leche materna-3\"  data-caption=\"\"  data-description=\"\">\r\n                                <img decoding=\"async\" src=\"\/wp-content\/uploads\/sites\/5\/2023\/09\/leche-materna-3-621x420.jpg\" srcset=\"\/wp-content\/uploads\/sites\/5\/2023\/09\/leche-materna-3-621x420.jpg 621w, \/wp-content\/uploads\/sites\/5\/2023\/09\/leche-materna-3-300x203.jpg 300w, \/wp-content\/uploads\/sites\/5\/2023\/09\/leche-materna-3-768x520.jpg 768w, \/wp-content\/uploads\/sites\/5\/2023\/09\/leche-materna-3-1024x693.jpg 1024w, \/wp-content\/uploads\/sites\/5\/2023\/09\/leche-materna-3-1536x1040.jpg 1536w, \/wp-content\/uploads\/sites\/5\/2023\/09\/leche-materna-3-696x471.jpg 696w, \/wp-content\/uploads\/sites\/5\/2023\/09\/leche-materna-3-1068x723.jpg 1068w, \/wp-content\/uploads\/sites\/5\/2023\/09\/leche-materna-3-534x361.jpg 534w, \/wp-content\/uploads\/sites\/5\/2023\/09\/leche-materna-3.jpg 1550w\" sizes=\"(max-width: 621px) 100vw, 621px\" alt=\"\">\r\n                            <\/a>\r\n                            \r\n                        <\/figure>\r\n                    <\/div>\r\n                    <div class = \"td-slide-item td-item3\">\r\n                        <figure class=\"td-slide-galery-figure td-slide-popup-gallery\">\r\n                            <a class=\"slide-gallery-image-link\" href=\"\/wp-content\/uploads\/sites\/5\/2023\/09\/leche-materna-1.jpg\" title=\"leche materna-1\"  data-caption=\"\"  data-description=\"\">\r\n                                <img decoding=\"async\" src=\"\/wp-content\/uploads\/sites\/5\/2023\/09\/leche-materna-1-633x420.jpg\" srcset=\"\/wp-content\/uploads\/sites\/5\/2023\/09\/leche-materna-1-633x420.jpg 633w, \/wp-content\/uploads\/sites\/5\/2023\/09\/leche-materna-1-300x199.jpg 300w, \/wp-content\/uploads\/sites\/5\/2023\/09\/leche-materna-1-768x509.jpg 768w, \/wp-content\/uploads\/sites\/5\/2023\/09\/leche-materna-1-1024x679.jpg 1024w, \/wp-content\/uploads\/sites\/5\/2023\/09\/leche-materna-1-1536x1019.jpg 1536w, \/wp-content\/uploads\/sites\/5\/2023\/09\/leche-materna-1-696x462.jpg 696w, \/wp-content\/uploads\/sites\/5\/2023\/09\/leche-materna-1-1068x708.jpg 1068w, \/wp-content\/uploads\/sites\/5\/2023\/09\/leche-materna-1-534x354.jpg 534w, \/wp-content\/uploads\/sites\/5\/2023\/09\/leche-materna-1.jpg 1600w\" sizes=\"(max-width: 633px) 100vw, 633px\" alt=\"\">\r\n                            <\/a>\r\n                            \r\n                        <\/figure>\r\n                    <\/div>\r\n                    <div class = \"td-slide-item td-item4\">\r\n                        <figure class=\"td-slide-galery-figure td-slide-popup-gallery\">\r\n                            <a class=\"slide-gallery-image-link\" href=\"\/wp-content\/uploads\/sites\/5\/2023\/09\/leche-materna-7.jpg\" title=\"leche materna-7\"  data-caption=\"\"  data-description=\"\">\r\n                                <img decoding=\"async\" src=\"\/wp-content\/uploads\/sites\/5\/2023\/09\/leche-materna-7-630x420.jpg\" srcset=\"\/wp-content\/uploads\/sites\/5\/2023\/09\/leche-materna-7-630x420.jpg 630w, \/wp-content\/uploads\/sites\/5\/2023\/09\/leche-materna-7-300x200.jpg 300w, \/wp-content\/uploads\/sites\/5\/2023\/09\/leche-materna-7-768x512.jpg 768w, \/wp-content\/uploads\/sites\/5\/2023\/09\/leche-materna-7-1024x682.jpg 1024w, \/wp-content\/uploads\/sites\/5\/2023\/09\/leche-materna-7-1536x1023.jpg 1536w, \/wp-content\/uploads\/sites\/5\/2023\/09\/leche-materna-7-696x464.jpg 696w, \/wp-content\/uploads\/sites\/5\/2023\/09\/leche-materna-7-1068x712.jpg 1068w, \/wp-content\/uploads\/sites\/5\/2023\/09\/leche-materna-7-534x356.jpg 534w, \/wp-content\/uploads\/sites\/5\/2023\/09\/leche-materna-7.jpg 1600w\" sizes=\"(max-width: 630px) 100vw, 630px\" alt=\"\">\r\n                            <\/a>\r\n                            \r\n                        <\/figure>\r\n                    <\/div>\r\n                            <\/div>\r\n                        <\/div>\r\n\r\n                        <div class = \"td-doubleSlider-2\">\r\n                            <div class = \"td-slider\">\r\n                                \r\n                    <div class = \"td-button td-item1\">\r\n                        <div class = \"td-border\"><\/div>\r\n                    <\/div>\r\n                    <div class = \"td-button td-item2\">\r\n                        <div class = \"td-border\"><\/div>\r\n                    <\/div>\r\n                    <div class = \"td-button td-item3\">\r\n                        <div class = \"td-border\"><\/div>\r\n                    <\/div>\r\n                    <div class = \"td-button td-item4\">\r\n                        <div class = \"td-border\"><\/div>\r\n                    <\/div>\r\n                            <\/div>\r\n                        <\/div>\r\n\r\n                    <\/div>\r\n\r\n                <\/div>\r\n                \n","protected":false},"excerpt":{"rendered":"<p>El Comit\u00e9 T\u00e9cnico de Lactancia Materna del Consultorio de Antigua Guatemala entreg\u00f3, a trabajadoras afiliadas y beneficiarias, un kit de apoyo para preservar y almacenar su leche materna, cuya ingesta es fundamental para el desarrollo f\u00edsico y mental de los beb\u00e9s. El equipo incluye una hielera port\u00e1til, una toalla peque\u00f1a, un frasco de vidrio con [&hellip;]<\/p>\n","protected":false},"author":1961,"featured_media":37791,"comment_status":"closed","ping_status":"closed","sticky":false,"template":"","format":"standard","meta":{"footnotes":""},"categories":[3],"tags":[205,556,1329],"coauthors":[],"class_list":{"0":"post-37790","1":"post","2":"type-post","3":"status-publish","4":"format-standard","5":"has-post-thumbnail","7":"category-actualidad","8":"tag-consultorio-antigua-guatemala","9":"tag-lactancia-materna-igss","10":"tag-leche-materna"},"_links":{"self":[{"href":"https:\/\/www.igssgt.org\/noticias\/wp-json\/wp\/v2\/posts\/37790","targetHints":{"allow":["GET"]}}],"collection":[{"href":"https:\/\/www.igssgt.org\/noticias\/wp-json\/wp\/v2\/posts"}],"about":[{"href":"https:\/\/www.igssgt.org\/noticias\/wp-json\/wp\/v2\/types\/post"}],"author":[{"embeddable":true,"href":"https:\/\/www.igssgt.org\/noticias\/wp-json\/wp\/v2\/users\/1961"}],"replies":[{"embeddable":true,"href":"https:\/\/www.igssgt.org\/noticias\/wp-json\/wp\/v2\/comments?post=37790"}],"version-history":[{"count":2,"href":"https:\/\/www.igssgt.org\/noticias\/wp-json\/wp\/v2\/posts\/37790\/revisions"}],"predecessor-version":[{"id":37799,"href":"https:\/\/www.igssgt.org\/noticias\/wp-json\/wp\/v2\/posts\/37790\/revisions\/37799"}],"wp:featuredmedia":[{"embeddable":true,"href":"https:\/\/www.igssgt.org\/noticias\/wp-json\/wp\/v2\/media\/37791"}],"wp:attachment":[{"href":"https:\/\/www.igssgt.org\/noticias\/wp-json\/wp\/v2\/media?parent=37790"}],"wp:term":[{"taxonomy":"category","embeddable":true,"href":"https:\/\/www.igssgt.org\/noticias\/wp-json\/wp\/v2\/categories?post=37790"},{"taxonomy":"post_tag","embeddable":true,"href":"https:\/\/www.igssgt.org\/noticias\/wp-json\/wp\/v2\/tags?post=37790"},{"taxonomy":"author","embeddable":true,"href":"https:\/\/www.igssgt.org\/noticias\/wp-json\/wp\/v2\/coauthors?post=37790"}],"curies":[{"name":"wp","href":"https:\/\/api.w.org\/{rel}","templated":true}]}}