{"id":37826,"date":"2023-09-14T09:04:44","date_gmt":"2023-09-14T15:04:44","guid":{"rendered":"https:\/\/www.igssgt.org\/noticias\/?p=37826"},"modified":"2023-09-14T09:43:57","modified_gmt":"2023-09-14T15:43:57","slug":"el-espiritu-civico-se-disfruta-mejor-con-prevencion-y-el-igss-te-acompana-en-las-celebraciones","status":"publish","type":"post","link":"https:\/\/www.igssgt.org\/noticias\/2023\/09\/14\/el-espiritu-civico-se-disfruta-mejor-con-prevencion-y-el-igss-te-acompana-en-las-celebraciones\/","title":{"rendered":"El esp\u00edritu c\u00edvico se disfruta mejor con prevenci\u00f3n y el IGSS te acompa\u00f1a en las celebraciones"},"content":{"rendered":"\n<p class=\"has-drop-cap\">Con los festejos patrios aumentan los riesgos de accidentes por la mayor movilidad de personas y veh\u00edculos, el recorrido de las antorchas y las aglomeraciones. Por ello, el IGSS hace un llamado a vivir las actividades c\u00edvicas de manera responsable y segura.<\/p>\n\n\n\n<p>El jefe del Departamento de Cirug\u00eda del Hospital General de Accidentes Ceibal, Julio L\u00f3pez, inform\u00f3 que los accidentes en motocicleta, las quemaduras por las antorchas y heridos por los desfiles son las emergencias que m\u00e1s atienden. <strong>\u201cHay m\u00e1s movilizaci\u00f3n por las actividades de independencia, muchas personas viajan por el feriado y algunos se re\u00fanen a festejar y consumen alcohol, lo que aumenta los riesgos\u201d<\/strong>, se\u00f1al\u00f3.<\/p>\n<p><a href=\"\/wp-content\/uploads\/sites\/5\/2023\/09\/celebraciones-13.jpg\" target=\"_blank\" rel=\"noopener\"><img loading=\"lazy\" decoding=\"async\" class=\"alignnone wp-image-37840 size-full\" src=\"\/wp-content\/uploads\/sites\/5\/2023\/09\/celebraciones-13.jpg\" alt=\"\" width=\"1600\" height=\"1066\" srcset=\"\/wp-content\/uploads\/sites\/5\/2023\/09\/celebraciones-13.jpg 1600w, \/wp-content\/uploads\/sites\/5\/2023\/09\/celebraciones-13-300x200.jpg 300w, \/wp-content\/uploads\/sites\/5\/2023\/09\/celebraciones-13-768x512.jpg 768w, \/wp-content\/uploads\/sites\/5\/2023\/09\/celebraciones-13-1024x682.jpg 1024w, \/wp-content\/uploads\/sites\/5\/2023\/09\/celebraciones-13-1536x1023.jpg 1536w, \/wp-content\/uploads\/sites\/5\/2023\/09\/celebraciones-13-630x420.jpg 630w, \/wp-content\/uploads\/sites\/5\/2023\/09\/celebraciones-13-696x464.jpg 696w, \/wp-content\/uploads\/sites\/5\/2023\/09\/celebraciones-13-1068x712.jpg 1068w, \/wp-content\/uploads\/sites\/5\/2023\/09\/celebraciones-13-534x356.jpg 534w\" sizes=\"auto, (max-width: 1600px) 100vw, 1600px\" \/><\/a><\/p>\n<p>De acuerdo con el especialista, estos accidentes se pueden prevenir con los cuidados y la supervisi\u00f3n adecuada, por lo que hizo las siguientes recomendaciones:<\/p>\n<ul>\n<li>Evitar la ingesta de alcohol<\/li>\n<li>Usar casco en el caso de los motoristas<\/li>\n<li>Tener los cuidados necesarios para maniobrar las antorchas<\/li>\n<li>Supervisar a los menores de edad<\/li>\n<li>Respetar las v\u00edas autorizadas para antorchas y caravanas<\/li>\n<li>Cuidar la hidrataci\u00f3n durante las actividades<\/li>\n<li>Protegerse del sol<\/li>\n<li>Cuidar la alimentaci\u00f3n de los adultos mayores, principalmente si sufren de hipoglucemia<\/li>\n<\/ul>\n<p><strong>\u201cLa mayor recomendaci\u00f3n es ser responsables\u201d<\/strong>, destac\u00f3 el especialista.<\/p>\n<p><a href=\"\/wp-content\/uploads\/sites\/5\/2023\/09\/celebraciones-10.jpg\" target=\"_blank\" rel=\"noopener\"><img loading=\"lazy\" decoding=\"async\" class=\"alignnone wp-image-37838 size-full\" src=\"\/wp-content\/uploads\/sites\/5\/2023\/09\/celebraciones-10.jpg\" alt=\"\" width=\"2531\" height=\"1662\" srcset=\"\/wp-content\/uploads\/sites\/5\/2023\/09\/celebraciones-10.jpg 2531w, \/wp-content\/uploads\/sites\/5\/2023\/09\/celebraciones-10-1920x1261.jpg 1920w, \/wp-content\/uploads\/sites\/5\/2023\/09\/celebraciones-10-300x197.jpg 300w, \/wp-content\/uploads\/sites\/5\/2023\/09\/celebraciones-10-768x504.jpg 768w, \/wp-content\/uploads\/sites\/5\/2023\/09\/celebraciones-10-1024x672.jpg 1024w, \/wp-content\/uploads\/sites\/5\/2023\/09\/celebraciones-10-1536x1009.jpg 1536w, \/wp-content\/uploads\/sites\/5\/2023\/09\/celebraciones-10-2048x1345.jpg 2048w, \/wp-content\/uploads\/sites\/5\/2023\/09\/celebraciones-10-640x420.jpg 640w, \/wp-content\/uploads\/sites\/5\/2023\/09\/celebraciones-10-696x457.jpg 696w, \/wp-content\/uploads\/sites\/5\/2023\/09\/celebraciones-10-1068x701.jpg 1068w, \/wp-content\/uploads\/sites\/5\/2023\/09\/celebraciones-10-534x351.jpg 534w, \/wp-content\/uploads\/sites\/5\/2023\/09\/celebraciones-10-741x486.jpg 741w\" sizes=\"auto, (max-width: 2531px) 100vw, 2531px\" \/><\/a><\/p>\n<h3><strong>Hospital de Accidentes en apresto<\/strong><\/h3>\n<p>El doctor L\u00f3pez indic\u00f3 que ceibal est\u00e1 listo ante cualquier emergencia que surja en estos d\u00edas. Para ello, se hace una revisi\u00f3n de los turnos y se pone en alerta a todo el personal.<\/p>\n<p>Adem\u00e1s, se hace una revisi\u00f3n de los insumos que puedan ser necesarios. \u201c<strong>Por ejemplo, si sabemos que pueden aumentar los accidentes por fuego nos enfocamos en tener m\u00e1s curaciones especiales para quemados, m\u00e1s membranas para su atenci\u00f3n y todo lo que sea necesario para atender este tipo de heridas\u201d<\/strong>, indic\u00f3.<\/p>\n<p><a href=\"\/wp-content\/uploads\/sites\/5\/2023\/09\/celebraciones-12.jpg\" target=\"_blank\" rel=\"noopener\"><img loading=\"lazy\" decoding=\"async\" class=\"alignnone wp-image-37836 size-full\" src=\"\/wp-content\/uploads\/sites\/5\/2023\/09\/celebraciones-12.jpg\" alt=\"\" width=\"1600\" height=\"903\" srcset=\"\/wp-content\/uploads\/sites\/5\/2023\/09\/celebraciones-12.jpg 1600w, \/wp-content\/uploads\/sites\/5\/2023\/09\/celebraciones-12-300x169.jpg 300w, \/wp-content\/uploads\/sites\/5\/2023\/09\/celebraciones-12-768x433.jpg 768w, \/wp-content\/uploads\/sites\/5\/2023\/09\/celebraciones-12-1024x578.jpg 1024w, \/wp-content\/uploads\/sites\/5\/2023\/09\/celebraciones-12-1536x867.jpg 1536w, \/wp-content\/uploads\/sites\/5\/2023\/09\/celebraciones-12-744x420.jpg 744w, \/wp-content\/uploads\/sites\/5\/2023\/09\/celebraciones-12-696x393.jpg 696w, \/wp-content\/uploads\/sites\/5\/2023\/09\/celebraciones-12-1068x603.jpg 1068w, \/wp-content\/uploads\/sites\/5\/2023\/09\/celebraciones-12-534x301.jpg 534w\" sizes=\"auto, (max-width: 1600px) 100vw, 1600px\" \/><\/a><\/p>\n<p>El profesional agreg\u00f3 que se tiene la disponibilidad de todos los insumos necesarios a la hora de operar a m\u00e1s pacientes de los que normalmente atienden. <strong>\u201cSi ocurriera alg\u00fan evento que involucre a varias personas, debemos tener todo listo\u201d<\/strong>, explic\u00f3.<\/p>\n<p>Finalmente, el especialista record\u00f3 que la atenci\u00f3n es las 24 horas, los siete d\u00edas de la semana.<\/p>\n\n\n\n\r\n                <style type=\"text\/css\">\r\n                    \r\n                    #tdi_1  .td-doubleSlider-2 .td-item1 {\r\n                        background: url(\/wp-content\/uploads\/sites\/5\/2023\/09\/celebraciones-6-80x60.jpg) 0 0 no-repeat;\r\n                    }\r\n                    #tdi_1  .td-doubleSlider-2 .td-item2 {\r\n                        background: url(\/wp-content\/uploads\/sites\/5\/2023\/09\/celebraciones-2-80x60.jpg) 0 0 no-repeat;\r\n                    }\r\n                    #tdi_1  .td-doubleSlider-2 .td-item3 {\r\n                        background: url(\/wp-content\/uploads\/sites\/5\/2023\/09\/celebraciones-3-80x60.jpg) 0 0 no-repeat;\r\n                    }\r\n                    #tdi_1  .td-doubleSlider-2 .td-item4 {\r\n                        background: url(\/wp-content\/uploads\/sites\/5\/2023\/09\/celebraciones-4-80x60.jpg) 0 0 no-repeat;\r\n                    }\r\n                    #tdi_1  .td-doubleSlider-2 .td-item5 {\r\n                        background: url(\/wp-content\/uploads\/sites\/5\/2023\/09\/celebraciones-7-80x60.jpg) 0 0 no-repeat;\r\n                    }\r\n                    #tdi_1  .td-doubleSlider-2 .td-item6 {\r\n                        background: url(\/wp-content\/uploads\/sites\/5\/2023\/09\/celebraciones-9-80x60.jpg) 0 0 no-repeat;\r\n                    }\r\n                    #tdi_1  .td-doubleSlider-2 .td-item7 {\r\n                        background: url(\/wp-content\/uploads\/sites\/5\/2023\/09\/celebraciones-11-80x60.jpg) 0 0 no-repeat;\r\n                    }\r\n                    #tdi_1  .td-doubleSlider-2 .td-item8 {\r\n                        background: url(\/wp-content\/uploads\/sites\/5\/2023\/09\/celebraciones-5-80x60.jpg) 0 0 no-repeat;\r\n                    }\r\n                    #tdi_1  .td-doubleSlider-2 .td-item9 {\r\n                        background: url(\/wp-content\/uploads\/sites\/5\/2023\/09\/celebraciones-1-80x60.jpg) 0 0 no-repeat;\r\n                    }\r\n                <\/style>\r\n\r\n                <div id=\"tdi_1\" class=\"td-gallery td-slide-on-2-columns\">\r\n                    <div class=\"post_td_gallery\">\r\n                        <div class=\"td-gallery-slide-top\">\r\n                           <div class=\"td-gallery-title\"><\/div>\r\n\r\n                            <div class=\"td-gallery-controls-wrapper\">\r\n                                <div class=\"td-gallery-slide-count\"><span class=\"td-gallery-slide-item-focus\">1<\/span> de 9<\/div>\r\n                                <div class=\"td-gallery-slide-prev-next-but\">\r\n                                    <i class = \"td-icon-left doubleSliderPrevButton\"><\/i>\r\n                                    <i class = \"td-icon-right doubleSliderNextButton\"><\/i>\r\n                                <\/div>\r\n                            <\/div>\r\n                        <\/div>\r\n\r\n                        <div class = \"td-doubleSlider-1 \">\r\n                            <div class = \"td-slider\">\r\n                                \r\n                    <div class = \"td-slide-item td-item1\">\r\n                        <figure class=\"td-slide-galery-figure td-slide-popup-gallery\">\r\n                            <a class=\"slide-gallery-image-link\" href=\"\/wp-content\/uploads\/sites\/5\/2023\/09\/celebraciones-6.jpg\" title=\"celebraciones-6\"  data-caption=\"\"  data-description=\"\">\r\n                                <img decoding=\"async\" src=\"\/wp-content\/uploads\/sites\/5\/2023\/09\/celebraciones-6-630x420.jpg\" srcset=\"\/wp-content\/uploads\/sites\/5\/2023\/09\/celebraciones-6-630x420.jpg 630w, \/wp-content\/uploads\/sites\/5\/2023\/09\/celebraciones-6-300x200.jpg 300w, \/wp-content\/uploads\/sites\/5\/2023\/09\/celebraciones-6-768x512.jpg 768w, \/wp-content\/uploads\/sites\/5\/2023\/09\/celebraciones-6-1024x682.jpg 1024w, \/wp-content\/uploads\/sites\/5\/2023\/09\/celebraciones-6-1536x1023.jpg 1536w, \/wp-content\/uploads\/sites\/5\/2023\/09\/celebraciones-6-696x464.jpg 696w, \/wp-content\/uploads\/sites\/5\/2023\/09\/celebraciones-6-1068x712.jpg 1068w, \/wp-content\/uploads\/sites\/5\/2023\/09\/celebraciones-6-534x356.jpg 534w, \/wp-content\/uploads\/sites\/5\/2023\/09\/celebraciones-6.jpg 1600w\" sizes=\"(max-width: 630px) 100vw, 630px\" alt=\"\">\r\n                            <\/a>\r\n                            \r\n                        <\/figure>\r\n                    <\/div>\r\n                    <div class = \"td-slide-item td-item2\">\r\n                        <figure class=\"td-slide-galery-figure td-slide-popup-gallery\">\r\n                            <a class=\"slide-gallery-image-link\" href=\"\/wp-content\/uploads\/sites\/5\/2023\/09\/celebraciones-2.jpg\" title=\"celebraciones-2\"  data-caption=\"\"  data-description=\"\">\r\n                                <img decoding=\"async\" src=\"\/wp-content\/uploads\/sites\/5\/2023\/09\/celebraciones-2-621x420.jpg\" srcset=\"\/wp-content\/uploads\/sites\/5\/2023\/09\/celebraciones-2-621x420.jpg 621w, \/wp-content\/uploads\/sites\/5\/2023\/09\/celebraciones-2-300x203.jpg 300w, \/wp-content\/uploads\/sites\/5\/2023\/09\/celebraciones-2-768x519.jpg 768w, \/wp-content\/uploads\/sites\/5\/2023\/09\/celebraciones-2-1024x693.jpg 1024w, \/wp-content\/uploads\/sites\/5\/2023\/09\/celebraciones-2-696x471.jpg 696w, \/wp-content\/uploads\/sites\/5\/2023\/09\/celebraciones-2-1068x722.jpg 1068w, \/wp-content\/uploads\/sites\/5\/2023\/09\/celebraciones-2-534x361.jpg 534w, \/wp-content\/uploads\/sites\/5\/2023\/09\/celebraciones-2.jpg 1211w\" sizes=\"(max-width: 621px) 100vw, 621px\" alt=\"\">\r\n                            <\/a>\r\n                            \r\n                        <\/figure>\r\n                    <\/div>\r\n                    <div class = \"td-slide-item td-item3\">\r\n                        <figure class=\"td-slide-galery-figure td-slide-popup-gallery\">\r\n                            <a class=\"slide-gallery-image-link\" href=\"\/wp-content\/uploads\/sites\/5\/2023\/09\/celebraciones-3.jpg\" title=\"celebraciones-3\"  data-caption=\"\"  data-description=\"\">\r\n                                <img decoding=\"async\" src=\"\/wp-content\/uploads\/sites\/5\/2023\/09\/celebraciones-3-630x420.jpg\" srcset=\"\/wp-content\/uploads\/sites\/5\/2023\/09\/celebraciones-3-630x420.jpg 630w, \/wp-content\/uploads\/sites\/5\/2023\/09\/celebraciones-3-300x200.jpg 300w, \/wp-content\/uploads\/sites\/5\/2023\/09\/celebraciones-3-768x512.jpg 768w, \/wp-content\/uploads\/sites\/5\/2023\/09\/celebraciones-3-1024x682.jpg 1024w, \/wp-content\/uploads\/sites\/5\/2023\/09\/celebraciones-3-1536x1023.jpg 1536w, \/wp-content\/uploads\/sites\/5\/2023\/09\/celebraciones-3-696x464.jpg 696w, \/wp-content\/uploads\/sites\/5\/2023\/09\/celebraciones-3-1068x712.jpg 1068w, \/wp-content\/uploads\/sites\/5\/2023\/09\/celebraciones-3-534x356.jpg 534w, \/wp-content\/uploads\/sites\/5\/2023\/09\/celebraciones-3.jpg 1600w\" sizes=\"(max-width: 630px) 100vw, 630px\" alt=\"\">\r\n                            <\/a>\r\n                            \r\n                        <\/figure>\r\n                    <\/div>\r\n                    <div class = \"td-slide-item td-item4\">\r\n                        <figure class=\"td-slide-galery-figure td-slide-popup-gallery\">\r\n                            <a class=\"slide-gallery-image-link\" href=\"\/wp-content\/uploads\/sites\/5\/2023\/09\/celebraciones-4.jpg\" title=\"celebraciones-4\"  data-caption=\"\"  data-description=\"\">\r\n                                <img decoding=\"async\" src=\"\/wp-content\/uploads\/sites\/5\/2023\/09\/celebraciones-4-468x420.jpg\" srcset=\"\/wp-content\/uploads\/sites\/5\/2023\/09\/celebraciones-4-468x420.jpg 468w, \/wp-content\/uploads\/sites\/5\/2023\/09\/celebraciones-4-300x269.jpg 300w, \/wp-content\/uploads\/sites\/5\/2023\/09\/celebraciones-4-768x689.jpg 768w, \/wp-content\/uploads\/sites\/5\/2023\/09\/celebraciones-4-1024x919.jpg 1024w, \/wp-content\/uploads\/sites\/5\/2023\/09\/celebraciones-4-696x625.jpg 696w, \/wp-content\/uploads\/sites\/5\/2023\/09\/celebraciones-4-1068x959.jpg 1068w, \/wp-content\/uploads\/sites\/5\/2023\/09\/celebraciones-4-515x462.jpg 515w, \/wp-content\/uploads\/sites\/5\/2023\/09\/celebraciones-4.jpg 1074w\" sizes=\"(max-width: 468px) 100vw, 468px\" alt=\"\">\r\n                            <\/a>\r\n                            \r\n                        <\/figure>\r\n                    <\/div>\r\n                    <div class = \"td-slide-item td-item5\">\r\n                        <figure class=\"td-slide-galery-figure td-slide-popup-gallery\">\r\n                            <a class=\"slide-gallery-image-link\" href=\"\/wp-content\/uploads\/sites\/5\/2023\/09\/celebraciones-7.jpg\" title=\"celebraciones-7\"  data-caption=\"\"  data-description=\"\">\r\n                                <img decoding=\"async\" src=\"\/wp-content\/uploads\/sites\/5\/2023\/09\/celebraciones-7-630x420.jpg\" srcset=\"\/wp-content\/uploads\/sites\/5\/2023\/09\/celebraciones-7-630x420.jpg 630w, \/wp-content\/uploads\/sites\/5\/2023\/09\/celebraciones-7-300x200.jpg 300w, \/wp-content\/uploads\/sites\/5\/2023\/09\/celebraciones-7-768x512.jpg 768w, \/wp-content\/uploads\/sites\/5\/2023\/09\/celebraciones-7-1024x682.jpg 1024w, \/wp-content\/uploads\/sites\/5\/2023\/09\/celebraciones-7-696x464.jpg 696w, \/wp-content\/uploads\/sites\/5\/2023\/09\/celebraciones-7-1068x712.jpg 1068w, \/wp-content\/uploads\/sites\/5\/2023\/09\/celebraciones-7-534x356.jpg 534w, \/wp-content\/uploads\/sites\/5\/2023\/09\/celebraciones-7.jpg 1280w\" sizes=\"(max-width: 630px) 100vw, 630px\" alt=\"\">\r\n                            <\/a>\r\n                            \r\n                        <\/figure>\r\n                    <\/div>\r\n                    <div class = \"td-slide-item td-item6\">\r\n                        <figure class=\"td-slide-galery-figure td-slide-popup-gallery\">\r\n                            <a class=\"slide-gallery-image-link\" href=\"\/wp-content\/uploads\/sites\/5\/2023\/09\/celebraciones-9-scaled.jpg\" title=\"celebraciones-9\"  data-caption=\"\"  data-description=\"\">\r\n                                <img decoding=\"async\" src=\"\/wp-content\/uploads\/sites\/5\/2023\/09\/celebraciones-9-687x420.jpg\" srcset=\"\/wp-content\/uploads\/sites\/5\/2023\/09\/celebraciones-9-687x420.jpg 687w, \/wp-content\/uploads\/sites\/5\/2023\/09\/celebraciones-9-768x469.jpg 768w, \/wp-content\/uploads\/sites\/5\/2023\/09\/celebraciones-9-1920x1174.jpg 1920w, \/wp-content\/uploads\/sites\/5\/2023\/09\/celebraciones-9-300x183.jpg 300w, \/wp-content\/uploads\/sites\/5\/2023\/09\/celebraciones-9-1024x626.jpg 1024w, \/wp-content\/uploads\/sites\/5\/2023\/09\/celebraciones-9-1536x939.jpg 1536w, \/wp-content\/uploads\/sites\/5\/2023\/09\/celebraciones-9-2048x1252.jpg 2048w, \/wp-content\/uploads\/sites\/5\/2023\/09\/celebraciones-9-696x425.jpg 696w, \/wp-content\/uploads\/sites\/5\/2023\/09\/celebraciones-9-1068x653.jpg 1068w, \/wp-content\/uploads\/sites\/5\/2023\/09\/celebraciones-9-534x326.jpg 534w\" sizes=\"(max-width: 687px) 100vw, 687px\" alt=\"\">\r\n                            <\/a>\r\n                            \r\n                        <\/figure>\r\n                    <\/div>\r\n                    <div class = \"td-slide-item td-item7\">\r\n                        <figure class=\"td-slide-galery-figure td-slide-popup-gallery\">\r\n                            <a class=\"slide-gallery-image-link\" href=\"\/wp-content\/uploads\/sites\/5\/2023\/09\/celebraciones-11.jpg\" title=\"celebraciones-11\"  data-caption=\"\"  data-description=\"\">\r\n                                <img decoding=\"async\" src=\"\/wp-content\/uploads\/sites\/5\/2023\/09\/celebraciones-11-471x420.jpg\" srcset=\"\/wp-content\/uploads\/sites\/5\/2023\/09\/celebraciones-11-471x420.jpg 471w, \/wp-content\/uploads\/sites\/5\/2023\/09\/celebraciones-11-1920x1713.jpg 1920w, \/wp-content\/uploads\/sites\/5\/2023\/09\/celebraciones-11-300x268.jpg 300w, \/wp-content\/uploads\/sites\/5\/2023\/09\/celebraciones-11-768x685.jpg 768w, \/wp-content\/uploads\/sites\/5\/2023\/09\/celebraciones-11-1024x913.jpg 1024w, \/wp-content\/uploads\/sites\/5\/2023\/09\/celebraciones-11-1536x1370.jpg 1536w, \/wp-content\/uploads\/sites\/5\/2023\/09\/celebraciones-11-2048x1827.jpg 2048w, \/wp-content\/uploads\/sites\/5\/2023\/09\/celebraciones-11-696x621.jpg 696w, \/wp-content\/uploads\/sites\/5\/2023\/09\/celebraciones-11-1068x953.jpg 1068w, \/wp-content\/uploads\/sites\/5\/2023\/09\/celebraciones-11-518x462.jpg 518w\" sizes=\"(max-width: 471px) 100vw, 471px\" alt=\"\">\r\n                            <\/a>\r\n                            \r\n                        <\/figure>\r\n                    <\/div>\r\n                    <div class = \"td-slide-item td-item8\">\r\n                        <figure class=\"td-slide-galery-figure td-slide-popup-gallery\">\r\n                            <a class=\"slide-gallery-image-link\" href=\"\/wp-content\/uploads\/sites\/5\/2023\/09\/celebraciones-5.jpg\" title=\"celebraciones-5\"  data-caption=\"\"  data-description=\"\">\r\n                                <img decoding=\"async\" src=\"\/wp-content\/uploads\/sites\/5\/2023\/09\/celebraciones-5-752x420.jpg\" srcset=\"\/wp-content\/uploads\/sites\/5\/2023\/09\/celebraciones-5-752x420.jpg 752w, \/wp-content\/uploads\/sites\/5\/2023\/09\/celebraciones-5-300x168.jpg 300w, \/wp-content\/uploads\/sites\/5\/2023\/09\/celebraciones-5-768x429.jpg 768w, \/wp-content\/uploads\/sites\/5\/2023\/09\/celebraciones-5-696x389.jpg 696w, \/wp-content\/uploads\/sites\/5\/2023\/09\/celebraciones-5-534x298.jpg 534w, \/wp-content\/uploads\/sites\/5\/2023\/09\/celebraciones-5.jpg 847w\" sizes=\"(max-width: 752px) 100vw, 752px\" alt=\"\">\r\n                            <\/a>\r\n                            \r\n                        <\/figure>\r\n                    <\/div>\r\n                    <div class = \"td-slide-item td-item9\">\r\n                        <figure class=\"td-slide-galery-figure td-slide-popup-gallery\">\r\n                            <a class=\"slide-gallery-image-link\" href=\"\/wp-content\/uploads\/sites\/5\/2023\/09\/celebraciones-1.jpg\" title=\"celebraciones-1\"  data-caption=\"\"  data-description=\"\">\r\n                                <img decoding=\"async\" src=\"\/wp-content\/uploads\/sites\/5\/2023\/09\/celebraciones-1-630x420.jpg\" srcset=\"\/wp-content\/uploads\/sites\/5\/2023\/09\/celebraciones-1-630x420.jpg 630w, \/wp-content\/uploads\/sites\/5\/2023\/09\/celebraciones-1-300x200.jpg 300w, \/wp-content\/uploads\/sites\/5\/2023\/09\/celebraciones-1-768x512.jpg 768w, \/wp-content\/uploads\/sites\/5\/2023\/09\/celebraciones-1-1024x682.jpg 1024w, \/wp-content\/uploads\/sites\/5\/2023\/09\/celebraciones-1-1536x1023.jpg 1536w, \/wp-content\/uploads\/sites\/5\/2023\/09\/celebraciones-1-696x464.jpg 696w, \/wp-content\/uploads\/sites\/5\/2023\/09\/celebraciones-1-1068x712.jpg 1068w, \/wp-content\/uploads\/sites\/5\/2023\/09\/celebraciones-1-534x356.jpg 534w, \/wp-content\/uploads\/sites\/5\/2023\/09\/celebraciones-1.jpg 1600w\" sizes=\"(max-width: 630px) 100vw, 630px\" alt=\"\">\r\n                            <\/a>\r\n                            \r\n                        <\/figure>\r\n                    <\/div>\r\n                            <\/div>\r\n                        <\/div>\r\n\r\n                        <div class = \"td-doubleSlider-2\">\r\n                            <div class = \"td-slider\">\r\n                                \r\n                    <div class = \"td-button td-item1\">\r\n                        <div class = \"td-border\"><\/div>\r\n                    <\/div>\r\n                    <div class = \"td-button td-item2\">\r\n                        <div class = \"td-border\"><\/div>\r\n                    <\/div>\r\n                    <div class = \"td-button td-item3\">\r\n                        <div class = \"td-border\"><\/div>\r\n                    <\/div>\r\n                    <div class = \"td-button td-item4\">\r\n                        <div class = \"td-border\"><\/div>\r\n                    <\/div>\r\n                    <div class = \"td-button td-item5\">\r\n                        <div class = \"td-border\"><\/div>\r\n                    <\/div>\r\n                    <div class = \"td-button td-item6\">\r\n                        <div class = \"td-border\"><\/div>\r\n                    <\/div>\r\n                    <div class = \"td-button td-item7\">\r\n                        <div class = \"td-border\"><\/div>\r\n                    <\/div>\r\n                    <div class = \"td-button td-item8\">\r\n                        <div class = \"td-border\"><\/div>\r\n                    <\/div>\r\n                    <div class = \"td-button td-item9\">\r\n                        <div class = \"td-border\"><\/div>\r\n                    <\/div>\r\n                            <\/div>\r\n                        <\/div>\r\n\r\n                    <\/div>\r\n\r\n                <\/div>\r\n                \n","protected":false},"excerpt":{"rendered":"<p>Con los festejos patrios aumentan los riesgos de accidentes por la mayor movilidad de personas y veh\u00edculos, el recorrido de las antorchas y las aglomeraciones. Por ello, el IGSS hace un llamado a vivir las actividades c\u00edvicas de manera responsable y segura. El jefe del Departamento de Cirug\u00eda del Hospital General de Accidentes Ceibal, Julio [&hellip;]<\/p>\n","protected":false},"author":1961,"featured_media":37827,"comment_status":"closed","ping_status":"closed","sticky":false,"template":"","format":"standard","meta":{"footnotes":""},"categories":[3],"tags":[1771,1772,727],"coauthors":[],"class_list":{"0":"post-37826","1":"post","2":"type-post","3":"status-publish","4":"format-standard","5":"has-post-thumbnail","7":"category-actualidad","8":"tag-festejos-de-independencia","9":"tag-independencia-de-guatemala","10":"tag-prevencion-igss"},"_links":{"self":[{"href":"https:\/\/www.igssgt.org\/noticias\/wp-json\/wp\/v2\/posts\/37826","targetHints":{"allow":["GET"]}}],"collection":[{"href":"https:\/\/www.igssgt.org\/noticias\/wp-json\/wp\/v2\/posts"}],"about":[{"href":"https:\/\/www.igssgt.org\/noticias\/wp-json\/wp\/v2\/types\/post"}],"author":[{"embeddable":true,"href":"https:\/\/www.igssgt.org\/noticias\/wp-json\/wp\/v2\/users\/1961"}],"replies":[{"embeddable":true,"href":"https:\/\/www.igssgt.org\/noticias\/wp-json\/wp\/v2\/comments?post=37826"}],"version-history":[{"count":2,"href":"https:\/\/www.igssgt.org\/noticias\/wp-json\/wp\/v2\/posts\/37826\/revisions"}],"predecessor-version":[{"id":37842,"href":"https:\/\/www.igssgt.org\/noticias\/wp-json\/wp\/v2\/posts\/37826\/revisions\/37842"}],"wp:featuredmedia":[{"embeddable":true,"href":"https:\/\/www.igssgt.org\/noticias\/wp-json\/wp\/v2\/media\/37827"}],"wp:attachment":[{"href":"https:\/\/www.igssgt.org\/noticias\/wp-json\/wp\/v2\/media?parent=37826"}],"wp:term":[{"taxonomy":"category","embeddable":true,"href":"https:\/\/www.igssgt.org\/noticias\/wp-json\/wp\/v2\/categories?post=37826"},{"taxonomy":"post_tag","embeddable":true,"href":"https:\/\/www.igssgt.org\/noticias\/wp-json\/wp\/v2\/tags?post=37826"},{"taxonomy":"author","embeddable":true,"href":"https:\/\/www.igssgt.org\/noticias\/wp-json\/wp\/v2\/coauthors?post=37826"}],"curies":[{"name":"wp","href":"https:\/\/api.w.org\/{rel}","templated":true}]}}