{"id":37894,"date":"2023-09-19T09:34:04","date_gmt":"2023-09-19T15:34:04","guid":{"rendered":"https:\/\/www.igssgt.org\/noticias\/?p=37894"},"modified":"2023-09-19T09:34:05","modified_gmt":"2023-09-19T15:34:05","slug":"jornadas-medicas-promueven-la-higiene-bucal-de-afiliados-y-derechohabientes","status":"publish","type":"post","link":"https:\/\/www.igssgt.org\/noticias\/2023\/09\/19\/jornadas-medicas-promueven-la-higiene-bucal-de-afiliados-y-derechohabientes\/","title":{"rendered":"Jornadas m\u00e9dicas promueven la higiene bucal de afiliados y derechohabientes"},"content":{"rendered":"\n<p class=\"has-drop-cap\">Durante este semana se llevar\u00e1n a cabo jornadas de concientizaci\u00f3n y prevenci\u00f3n de enfermedades bucodentales en el Hospital General Dr. Juan Jos\u00e9 Ar\u00e9valo Bermejo.<\/p>\n\n\n\n<p>Para el efecto se implement\u00f3 una mesa informativa para orientar a la poblaci\u00f3n afiliada y derechohabiente sobre la importancia de la higiene bucal en la prevenci\u00f3n de enfermedades.<\/p>\n<p><a href=\"\/wp-content\/uploads\/sites\/5\/2023\/09\/higiene-bucal-1.jpg\" target=\"_blank\" rel=\"noopener\"><img loading=\"lazy\" decoding=\"async\" class=\"alignright wp-image-37897\" src=\"\/wp-content\/uploads\/sites\/5\/2023\/09\/higiene-bucal-1.jpg\" alt=\"\" width=\"330\" height=\"389\" srcset=\"\/wp-content\/uploads\/sites\/5\/2023\/09\/higiene-bucal-1.jpg 663w, \/wp-content\/uploads\/sites\/5\/2023\/09\/higiene-bucal-1-255x300.jpg 255w, \/wp-content\/uploads\/sites\/5\/2023\/09\/higiene-bucal-1-357x420.jpg 357w, \/wp-content\/uploads\/sites\/5\/2023\/09\/higiene-bucal-1-392x462.jpg 392w\" sizes=\"auto, (max-width: 330px) 100vw, 330px\" \/><\/a>Dichas actividades son atendidas por un equipo de odont\u00f3logos de la Consulta Externa. La parte de educaci\u00f3n y promoci\u00f3n de la salud est\u00e1 a cargo la Educadora en Salud y Enfermera de Educaci\u00f3n Primaria.<\/p>\n<p>El doctor Mario Alvarado, coordinador de las Cl\u00ednicas Dentales, indic\u00f3 que como parte de las actividades se le dar\u00e1 enf\u00e1sis a la prevenci\u00f3n de la salud bucal de los derechohabientes que se acerquen a la unidad.<\/p>\n<p>Seg\u00fan las estad\u00edsticas del hospital, de enero a la fecha se han brindado 14 mil 900 asistencias odontol\u00f3gicas, de las cuales 6 mil 450 fueron en el \u00e1rea de Pediatr\u00eda.<\/p>\n<p>En lo que respecta al \u00e1rea de Adultos, la cifra asciende a 8 mil 450, incluyendo 450 pr\u00f3tesis dentales.<\/p>\n<p>El afiliado Ger\u00f3nimo Cabrera agradeci\u00f3 las atenciones que recibe por parte del personal durante sus citas en las cl\u00ednicas dentales. <strong>\u201cSiempre me atienden con amabilidad y prontitud, es un excelente servicio\u201d<\/strong>, afirm\u00f3.<\/p>\n\n\n\n\r\n                <style type=\"text\/css\">\r\n                    \r\n                    #tdi_1  .td-doubleSlider-2 .td-item1 {\r\n                        background: url(\/wp-content\/uploads\/sites\/5\/2023\/09\/higiene-bucal-6-80x60.jpg) 0 0 no-repeat;\r\n                    }\r\n                    #tdi_1  .td-doubleSlider-2 .td-item2 {\r\n                        background: url(\/wp-content\/uploads\/sites\/5\/2023\/09\/higiene-bucal-2-80x60.jpg) 0 0 no-repeat;\r\n                    }\r\n                    #tdi_1  .td-doubleSlider-2 .td-item3 {\r\n                        background: url(\/wp-content\/uploads\/sites\/5\/2023\/09\/higiene-bucal-3-80x60.jpg) 0 0 no-repeat;\r\n                    }\r\n                    #tdi_1  .td-doubleSlider-2 .td-item4 {\r\n                        background: url(\/wp-content\/uploads\/sites\/5\/2023\/09\/higiene-bucal-5-80x60.jpg) 0 0 no-repeat;\r\n                    }\r\n                <\/style>\r\n\r\n                <div id=\"tdi_1\" class=\"td-gallery td-slide-on-2-columns\">\r\n                    <div class=\"post_td_gallery\">\r\n                        <div class=\"td-gallery-slide-top\">\r\n                           <div class=\"td-gallery-title\"><\/div>\r\n\r\n                            <div class=\"td-gallery-controls-wrapper\">\r\n                                <div class=\"td-gallery-slide-count\"><span class=\"td-gallery-slide-item-focus\">1<\/span> de 4<\/div>\r\n                                <div class=\"td-gallery-slide-prev-next-but\">\r\n                                    <i class = \"td-icon-left doubleSliderPrevButton\"><\/i>\r\n                                    <i class = \"td-icon-right doubleSliderNextButton\"><\/i>\r\n                                <\/div>\r\n                            <\/div>\r\n                        <\/div>\r\n\r\n                        <div class = \"td-doubleSlider-1 \">\r\n                            <div class = \"td-slider\">\r\n                                \r\n                    <div class = \"td-slide-item td-item1\">\r\n                        <figure class=\"td-slide-galery-figure td-slide-popup-gallery\">\r\n                            <a class=\"slide-gallery-image-link\" href=\"\/wp-content\/uploads\/sites\/5\/2023\/09\/higiene-bucal-6.jpg\" title=\"higiene bucal-6\"  data-caption=\"\"  data-description=\"\">\r\n                                <img decoding=\"async\" src=\"\/wp-content\/uploads\/sites\/5\/2023\/09\/higiene-bucal-6-268x420.jpg\" srcset=\"\/wp-content\/uploads\/sites\/5\/2023\/09\/higiene-bucal-6-268x420.jpg 268w, \/wp-content\/uploads\/sites\/5\/2023\/09\/higiene-bucal-6-192x300.jpg 192w, \/wp-content\/uploads\/sites\/5\/2023\/09\/higiene-bucal-6-295x462.jpg 295w, \/wp-content\/uploads\/sites\/5\/2023\/09\/higiene-bucal-6.jpg 571w\" sizes=\"(max-width: 268px) 100vw, 268px\" alt=\"\">\r\n                            <\/a>\r\n                            \r\n                        <\/figure>\r\n                    <\/div>\r\n                    <div class = \"td-slide-item td-item2\">\r\n                        <figure class=\"td-slide-galery-figure td-slide-popup-gallery\">\r\n                            <a class=\"slide-gallery-image-link\" href=\"\/wp-content\/uploads\/sites\/5\/2023\/09\/higiene-bucal-2.jpg\" title=\"higiene bucal-2\"  data-caption=\"\"  data-description=\"\">\r\n                                <img decoding=\"async\" src=\"\/wp-content\/uploads\/sites\/5\/2023\/09\/higiene-bucal-2-275x420.jpg\" srcset=\"\/wp-content\/uploads\/sites\/5\/2023\/09\/higiene-bucal-2-275x420.jpg 275w, \/wp-content\/uploads\/sites\/5\/2023\/09\/higiene-bucal-2-197x300.jpg 197w, \/wp-content\/uploads\/sites\/5\/2023\/09\/higiene-bucal-2-303x462.jpg 303w, \/wp-content\/uploads\/sites\/5\/2023\/09\/higiene-bucal-2.jpg 576w\" sizes=\"(max-width: 275px) 100vw, 275px\" alt=\"\">\r\n                            <\/a>\r\n                            \r\n                        <\/figure>\r\n                    <\/div>\r\n                    <div class = \"td-slide-item td-item3\">\r\n                        <figure class=\"td-slide-galery-figure td-slide-popup-gallery\">\r\n                            <a class=\"slide-gallery-image-link\" href=\"\/wp-content\/uploads\/sites\/5\/2023\/09\/higiene-bucal-3.jpg\" title=\"higiene bucal-3\"  data-caption=\"\"  data-description=\"\">\r\n                                <img decoding=\"async\" src=\"\/wp-content\/uploads\/sites\/5\/2023\/09\/higiene-bucal-3-392x420.jpg\" srcset=\"\/wp-content\/uploads\/sites\/5\/2023\/09\/higiene-bucal-3-392x420.jpg 392w, \/wp-content\/uploads\/sites\/5\/2023\/09\/higiene-bucal-3-280x300.jpg 280w, \/wp-content\/uploads\/sites\/5\/2023\/09\/higiene-bucal-3-768x823.jpg 768w, \/wp-content\/uploads\/sites\/5\/2023\/09\/higiene-bucal-3-955x1024.jpg 955w, \/wp-content\/uploads\/sites\/5\/2023\/09\/higiene-bucal-3-696x746.jpg 696w, \/wp-content\/uploads\/sites\/5\/2023\/09\/higiene-bucal-3-431x462.jpg 431w, \/wp-content\/uploads\/sites\/5\/2023\/09\/higiene-bucal-3.jpg 960w\" sizes=\"(max-width: 392px) 100vw, 392px\" alt=\"\">\r\n                            <\/a>\r\n                            \r\n                        <\/figure>\r\n                    <\/div>\r\n                    <div class = \"td-slide-item td-item4\">\r\n                        <figure class=\"td-slide-galery-figure td-slide-popup-gallery\">\r\n                            <a class=\"slide-gallery-image-link\" href=\"\/wp-content\/uploads\/sites\/5\/2023\/09\/higiene-bucal-5.jpg\" title=\"higiene bucal-5\"  data-caption=\"\"  data-description=\"\">\r\n                                <img decoding=\"async\" src=\"\/wp-content\/uploads\/sites\/5\/2023\/09\/higiene-bucal-5.jpg\" srcset=\"\/wp-content\/uploads\/sites\/5\/2023\/09\/higiene-bucal-5.jpg 692w, \/wp-content\/uploads\/sites\/5\/2023\/09\/higiene-bucal-5-300x163.jpg 300w, \/wp-content\/uploads\/sites\/5\/2023\/09\/higiene-bucal-5-534x290.jpg 534w\" sizes=\"(max-width: 692px) 100vw, 692px\" alt=\"\">\r\n                            <\/a>\r\n                            \r\n                        <\/figure>\r\n                    <\/div>\r\n                            <\/div>\r\n                        <\/div>\r\n\r\n                        <div class = \"td-doubleSlider-2\">\r\n                            <div class = \"td-slider\">\r\n                                \r\n                    <div class = \"td-button td-item1\">\r\n                        <div class = \"td-border\"><\/div>\r\n                    <\/div>\r\n                    <div class = \"td-button td-item2\">\r\n                        <div class = \"td-border\"><\/div>\r\n                    <\/div>\r\n                    <div class = \"td-button td-item3\">\r\n                        <div class = \"td-border\"><\/div>\r\n                    <\/div>\r\n                    <div class = \"td-button td-item4\">\r\n                        <div class = \"td-border\"><\/div>\r\n                    <\/div>\r\n                            <\/div>\r\n                        <\/div>\r\n\r\n                    <\/div>\r\n\r\n                <\/div>\r\n                \n","protected":false},"excerpt":{"rendered":"<p>Durante este semana se llevar\u00e1n a cabo jornadas de concientizaci\u00f3n y prevenci\u00f3n de enfermedades bucodentales en el Hospital General Dr. Juan Jos\u00e9 Ar\u00e9valo Bermejo. Para el efecto se implement\u00f3 una mesa informativa para orientar a la poblaci\u00f3n afiliada y derechohabiente sobre la importancia de la higiene bucal en la prevenci\u00f3n de enfermedades. Dichas actividades son [&hellip;]<\/p>\n","protected":false},"author":1961,"featured_media":37896,"comment_status":"closed","ping_status":"closed","sticky":false,"template":"","format":"standard","meta":{"footnotes":""},"categories":[3],"tags":[1643,536],"coauthors":[],"class_list":{"0":"post-37894","1":"post","2":"type-post","3":"status-publish","4":"format-standard","5":"has-post-thumbnail","7":"category-actualidad","8":"tag-higiene-bucal","9":"tag-jornadas-medicas"},"_links":{"self":[{"href":"https:\/\/www.igssgt.org\/noticias\/wp-json\/wp\/v2\/posts\/37894","targetHints":{"allow":["GET"]}}],"collection":[{"href":"https:\/\/www.igssgt.org\/noticias\/wp-json\/wp\/v2\/posts"}],"about":[{"href":"https:\/\/www.igssgt.org\/noticias\/wp-json\/wp\/v2\/types\/post"}],"author":[{"embeddable":true,"href":"https:\/\/www.igssgt.org\/noticias\/wp-json\/wp\/v2\/users\/1961"}],"replies":[{"embeddable":true,"href":"https:\/\/www.igssgt.org\/noticias\/wp-json\/wp\/v2\/comments?post=37894"}],"version-history":[{"count":5,"href":"https:\/\/www.igssgt.org\/noticias\/wp-json\/wp\/v2\/posts\/37894\/revisions"}],"predecessor-version":[{"id":37906,"href":"https:\/\/www.igssgt.org\/noticias\/wp-json\/wp\/v2\/posts\/37894\/revisions\/37906"}],"wp:featuredmedia":[{"embeddable":true,"href":"https:\/\/www.igssgt.org\/noticias\/wp-json\/wp\/v2\/media\/37896"}],"wp:attachment":[{"href":"https:\/\/www.igssgt.org\/noticias\/wp-json\/wp\/v2\/media?parent=37894"}],"wp:term":[{"taxonomy":"category","embeddable":true,"href":"https:\/\/www.igssgt.org\/noticias\/wp-json\/wp\/v2\/categories?post=37894"},{"taxonomy":"post_tag","embeddable":true,"href":"https:\/\/www.igssgt.org\/noticias\/wp-json\/wp\/v2\/tags?post=37894"},{"taxonomy":"author","embeddable":true,"href":"https:\/\/www.igssgt.org\/noticias\/wp-json\/wp\/v2\/coauthors?post=37894"}],"curies":[{"name":"wp","href":"https:\/\/api.w.org\/{rel}","templated":true}]}}