{"id":37910,"date":"2023-09-20T09:05:44","date_gmt":"2023-09-20T15:05:44","guid":{"rendered":"https:\/\/www.igssgt.org\/noticias\/?p=37910"},"modified":"2023-09-20T09:05:45","modified_gmt":"2023-09-20T15:05:45","slug":"unidad-periferica-zona-5-ofrece-una-atencion-especial-para-sus-adscritos","status":"publish","type":"post","link":"https:\/\/www.igssgt.org\/noticias\/2023\/09\/20\/unidad-periferica-zona-5-ofrece-una-atencion-especial-para-sus-adscritos\/","title":{"rendered":"Unidad Perif\u00e9rica Zona 5 ofrece una atenci\u00f3n especial para sus adscritos"},"content":{"rendered":"\n<p class=\"has-drop-cap\">Durante la conmemoraci\u00f3n de la Semana de la Salud Bucal <strong>(del 18 al 22 de septiembre)<\/strong>, la Unidad Perif\u00e9rica Zona 5 implementa estrategias para el servicio de su poblaci\u00f3n adscrita.<\/p>\n\n\n\n<p>Durante estos cinco d\u00edas los asegurados podr\u00e1n llegar sin cita para recibir asistencia y evaluaciones dentales para procedimientos de sellantes de fosas y fisuras; aplicaci\u00f3n de fl\u00faor, limpieza general, prevenci\u00f3n y tratamientos de caries, inform\u00f3 la doctora Liza Garc\u00eda Alc\u00e1ntara, Jefe de Odontolog\u00eda de la Unidad.<\/p>\n<p><a href=\"\/wp-content\/uploads\/sites\/5\/2023\/09\/salud-bucal-2.jpg\" target=\"_blank\" rel=\"noopener\"><img loading=\"lazy\" decoding=\"async\" class=\"alignnone wp-image-37913 size-full\" src=\"\/wp-content\/uploads\/sites\/5\/2023\/09\/salud-bucal-2.jpg\" alt=\"\" width=\"1600\" height=\"1204\" srcset=\"\/wp-content\/uploads\/sites\/5\/2023\/09\/salud-bucal-2.jpg 1600w, \/wp-content\/uploads\/sites\/5\/2023\/09\/salud-bucal-2-300x226.jpg 300w, \/wp-content\/uploads\/sites\/5\/2023\/09\/salud-bucal-2-768x578.jpg 768w, \/wp-content\/uploads\/sites\/5\/2023\/09\/salud-bucal-2-1024x771.jpg 1024w, \/wp-content\/uploads\/sites\/5\/2023\/09\/salud-bucal-2-1536x1156.jpg 1536w, \/wp-content\/uploads\/sites\/5\/2023\/09\/salud-bucal-2-558x420.jpg 558w, \/wp-content\/uploads\/sites\/5\/2023\/09\/salud-bucal-2-80x60.jpg 80w, \/wp-content\/uploads\/sites\/5\/2023\/09\/salud-bucal-2-696x524.jpg 696w, \/wp-content\/uploads\/sites\/5\/2023\/09\/salud-bucal-2-1068x804.jpg 1068w, \/wp-content\/uploads\/sites\/5\/2023\/09\/salud-bucal-2-265x198.jpg 265w, \/wp-content\/uploads\/sites\/5\/2023\/09\/salud-bucal-2-534x402.jpg 534w\" sizes=\"auto, (max-width: 1600px) 100vw, 1600px\" \/><\/a><\/p>\n<p>Su director, el doctor Napole\u00f3n Castillo, resalt\u00f3 que debido a la problem\u00e1tica en salud dental existente en la poblaci\u00f3n en general, es primordial ofrecer soluciones como la actividad que promueven.<\/p>\n<p><strong>\u201cLa unidad realizar\u00e1 las evaluaciones y atender\u00e1 servicios preventivos con el fin de que los afiliados tengan una mejor calidad de vida\u201d<\/strong>, se\u00f1al\u00f3 Castillo.<\/p>\n<p><a href=\"\/wp-content\/uploads\/sites\/5\/2023\/09\/salud-bucal-8.jpg\" target=\"_blank\" rel=\"noopener\"><img loading=\"lazy\" decoding=\"async\" class=\"alignnone wp-image-37914 size-full\" src=\"\/wp-content\/uploads\/sites\/5\/2023\/09\/salud-bucal-8.jpg\" alt=\"\" width=\"1496\" height=\"1027\" srcset=\"\/wp-content\/uploads\/sites\/5\/2023\/09\/salud-bucal-8.jpg 1496w, \/wp-content\/uploads\/sites\/5\/2023\/09\/salud-bucal-8-300x206.jpg 300w, \/wp-content\/uploads\/sites\/5\/2023\/09\/salud-bucal-8-768x527.jpg 768w, \/wp-content\/uploads\/sites\/5\/2023\/09\/salud-bucal-8-1024x703.jpg 1024w, \/wp-content\/uploads\/sites\/5\/2023\/09\/salud-bucal-8-612x420.jpg 612w, \/wp-content\/uploads\/sites\/5\/2023\/09\/salud-bucal-8-218x150.jpg 218w, \/wp-content\/uploads\/sites\/5\/2023\/09\/salud-bucal-8-696x478.jpg 696w, \/wp-content\/uploads\/sites\/5\/2023\/09\/salud-bucal-8-1068x733.jpg 1068w, \/wp-content\/uploads\/sites\/5\/2023\/09\/salud-bucal-8-100x70.jpg 100w, \/wp-content\/uploads\/sites\/5\/2023\/09\/salud-bucal-8-534x367.jpg 534w\" sizes=\"auto, (max-width: 1496px) 100vw, 1496px\" \/><\/a><\/p>\n<p>Adem\u00e1s de los servicios odontol\u00f3gicos, trabajadoras sociales brindan pl\u00e1ticas de prevenci\u00f3n de caries en ni\u00f1os y de enfermedades periodontales en adultos, as\u00ed como entregan material educativo y un kit de limpieza bucal.<\/p>\n<p>Los ni\u00f1os son recibidos por Moly, La Muelita Feliz quien hace grata la vista de grandes y peque\u00f1os. <strong>La atenci\u00f3n es de 8:00 de la ma\u00f1ana a 4:00 de la tarde<\/strong>, presentar carnet de consulta y pasar con la secretaria de Odontolog\u00eda de adultos o de pediatr\u00eda.<\/p>\n\n\n\n\r\n                <style type=\"text\/css\">\r\n                    \r\n                    #tdi_1  .td-doubleSlider-2 .td-item1 {\r\n                        background: url(\/wp-content\/uploads\/sites\/5\/2023\/09\/salud-bucal-5-80x60.jpg) 0 0 no-repeat;\r\n                    }\r\n                    #tdi_1  .td-doubleSlider-2 .td-item2 {\r\n                        background: url(\/wp-content\/uploads\/sites\/5\/2023\/09\/salud-bucal-6-80x60.jpg) 0 0 no-repeat;\r\n                    }\r\n                    #tdi_1  .td-doubleSlider-2 .td-item3 {\r\n                        background: url(\/wp-content\/uploads\/sites\/5\/2023\/09\/salud-bucal-1-80x60.jpg) 0 0 no-repeat;\r\n                    }\r\n                    #tdi_1  .td-doubleSlider-2 .td-item4 {\r\n                        background: url(\/wp-content\/uploads\/sites\/5\/2023\/09\/salud-bucal-4-80x60.jpg) 0 0 no-repeat;\r\n                    }\r\n                    #tdi_1  .td-doubleSlider-2 .td-item5 {\r\n                        background: url(\/wp-content\/uploads\/sites\/5\/2023\/09\/salud-bucal-3-80x60.jpg) 0 0 no-repeat;\r\n                    }\r\n                <\/style>\r\n\r\n                <div id=\"tdi_1\" class=\"td-gallery td-slide-on-2-columns\">\r\n                    <div class=\"post_td_gallery\">\r\n                        <div class=\"td-gallery-slide-top\">\r\n                           <div class=\"td-gallery-title\"><\/div>\r\n\r\n                            <div class=\"td-gallery-controls-wrapper\">\r\n                                <div class=\"td-gallery-slide-count\"><span class=\"td-gallery-slide-item-focus\">1<\/span> de 5<\/div>\r\n                                <div class=\"td-gallery-slide-prev-next-but\">\r\n                                    <i class = \"td-icon-left doubleSliderPrevButton\"><\/i>\r\n                                    <i class = \"td-icon-right doubleSliderNextButton\"><\/i>\r\n                                <\/div>\r\n                            <\/div>\r\n                        <\/div>\r\n\r\n                        <div class = \"td-doubleSlider-1 \">\r\n                            <div class = \"td-slider\">\r\n                                \r\n                    <div class = \"td-slide-item td-item1\">\r\n                        <figure class=\"td-slide-galery-figure td-slide-popup-gallery\">\r\n                            <a class=\"slide-gallery-image-link\" href=\"\/wp-content\/uploads\/sites\/5\/2023\/09\/salud-bucal-5.jpg\" title=\"salud bucal-5\"  data-caption=\"\"  data-description=\"\">\r\n                                <img decoding=\"async\" src=\"\/wp-content\/uploads\/sites\/5\/2023\/09\/salud-bucal-5-588x420.jpg\" srcset=\"\/wp-content\/uploads\/sites\/5\/2023\/09\/salud-bucal-5-588x420.jpg 588w, \/wp-content\/uploads\/sites\/5\/2023\/09\/salud-bucal-5-300x214.jpg 300w, \/wp-content\/uploads\/sites\/5\/2023\/09\/salud-bucal-5-768x548.jpg 768w, \/wp-content\/uploads\/sites\/5\/2023\/09\/salud-bucal-5-1024x731.jpg 1024w, \/wp-content\/uploads\/sites\/5\/2023\/09\/salud-bucal-5-1536x1096.jpg 1536w, \/wp-content\/uploads\/sites\/5\/2023\/09\/salud-bucal-5-696x497.jpg 696w, \/wp-content\/uploads\/sites\/5\/2023\/09\/salud-bucal-5-1068x762.jpg 1068w, \/wp-content\/uploads\/sites\/5\/2023\/09\/salud-bucal-5-100x70.jpg 100w, \/wp-content\/uploads\/sites\/5\/2023\/09\/salud-bucal-5-534x381.jpg 534w, \/wp-content\/uploads\/sites\/5\/2023\/09\/salud-bucal-5.jpg 1583w\" sizes=\"(max-width: 588px) 100vw, 588px\" alt=\"\">\r\n                            <\/a>\r\n                            \r\n                        <\/figure>\r\n                    <\/div>\r\n                    <div class = \"td-slide-item td-item2\">\r\n                        <figure class=\"td-slide-galery-figure td-slide-popup-gallery\">\r\n                            <a class=\"slide-gallery-image-link\" href=\"\/wp-content\/uploads\/sites\/5\/2023\/09\/salud-bucal-6.jpg\" title=\"salud bucal-6\"  data-caption=\"\"  data-description=\"\">\r\n                                <img decoding=\"async\" src=\"\/wp-content\/uploads\/sites\/5\/2023\/09\/salud-bucal-6-560x420.jpg\" srcset=\"\/wp-content\/uploads\/sites\/5\/2023\/09\/salud-bucal-6-560x420.jpg 560w, \/wp-content\/uploads\/sites\/5\/2023\/09\/salud-bucal-6-300x225.jpg 300w, \/wp-content\/uploads\/sites\/5\/2023\/09\/salud-bucal-6-768x576.jpg 768w, \/wp-content\/uploads\/sites\/5\/2023\/09\/salud-bucal-6-1024x768.jpg 1024w, \/wp-content\/uploads\/sites\/5\/2023\/09\/salud-bucal-6-1536x1152.jpg 1536w, \/wp-content\/uploads\/sites\/5\/2023\/09\/salud-bucal-6-80x60.jpg 80w, \/wp-content\/uploads\/sites\/5\/2023\/09\/salud-bucal-6-696x522.jpg 696w, \/wp-content\/uploads\/sites\/5\/2023\/09\/salud-bucal-6-1068x801.jpg 1068w, \/wp-content\/uploads\/sites\/5\/2023\/09\/salud-bucal-6-265x198.jpg 265w, \/wp-content\/uploads\/sites\/5\/2023\/09\/salud-bucal-6-534x401.jpg 534w, \/wp-content\/uploads\/sites\/5\/2023\/09\/salud-bucal-6.jpg 1600w\" sizes=\"(max-width: 560px) 100vw, 560px\" alt=\"\">\r\n                            <\/a>\r\n                            \r\n                        <\/figure>\r\n                    <\/div>\r\n                    <div class = \"td-slide-item td-item3\">\r\n                        <figure class=\"td-slide-galery-figure td-slide-popup-gallery\">\r\n                            <a class=\"slide-gallery-image-link\" href=\"\/wp-content\/uploads\/sites\/5\/2023\/09\/salud-bucal-1.jpg\" title=\"salud bucal-1\"  data-caption=\"\"  data-description=\"\">\r\n                                <img decoding=\"async\" src=\"\/wp-content\/uploads\/sites\/5\/2023\/09\/salud-bucal-1-607x420.jpg\" srcset=\"\/wp-content\/uploads\/sites\/5\/2023\/09\/salud-bucal-1-607x420.jpg 607w, \/wp-content\/uploads\/sites\/5\/2023\/09\/salud-bucal-1-300x208.jpg 300w, \/wp-content\/uploads\/sites\/5\/2023\/09\/salud-bucal-1-768x532.jpg 768w, \/wp-content\/uploads\/sites\/5\/2023\/09\/salud-bucal-1-1024x709.jpg 1024w, \/wp-content\/uploads\/sites\/5\/2023\/09\/salud-bucal-1-1536x1063.jpg 1536w, \/wp-content\/uploads\/sites\/5\/2023\/09\/salud-bucal-1-218x150.jpg 218w, \/wp-content\/uploads\/sites\/5\/2023\/09\/salud-bucal-1-696x482.jpg 696w, \/wp-content\/uploads\/sites\/5\/2023\/09\/salud-bucal-1-1068x739.jpg 1068w, \/wp-content\/uploads\/sites\/5\/2023\/09\/salud-bucal-1-100x70.jpg 100w, \/wp-content\/uploads\/sites\/5\/2023\/09\/salud-bucal-1-534x370.jpg 534w, \/wp-content\/uploads\/sites\/5\/2023\/09\/salud-bucal-1.jpg 1582w\" sizes=\"(max-width: 607px) 100vw, 607px\" alt=\"\">\r\n                            <\/a>\r\n                            \r\n                        <\/figure>\r\n                    <\/div>\r\n                    <div class = \"td-slide-item td-item4\">\r\n                        <figure class=\"td-slide-galery-figure td-slide-popup-gallery\">\r\n                            <a class=\"slide-gallery-image-link\" href=\"\/wp-content\/uploads\/sites\/5\/2023\/09\/salud-bucal-4.jpg\" title=\"salud bucal-4\"  data-caption=\"\"  data-description=\"\">\r\n                                <img decoding=\"async\" src=\"\/wp-content\/uploads\/sites\/5\/2023\/09\/salud-bucal-4-625x420.jpg\" srcset=\"\/wp-content\/uploads\/sites\/5\/2023\/09\/salud-bucal-4-625x420.jpg 625w, \/wp-content\/uploads\/sites\/5\/2023\/09\/salud-bucal-4-300x202.jpg 300w, \/wp-content\/uploads\/sites\/5\/2023\/09\/salud-bucal-4-768x516.jpg 768w, \/wp-content\/uploads\/sites\/5\/2023\/09\/salud-bucal-4-1024x688.jpg 1024w, \/wp-content\/uploads\/sites\/5\/2023\/09\/salud-bucal-4-696x468.jpg 696w, \/wp-content\/uploads\/sites\/5\/2023\/09\/salud-bucal-4-1068x718.jpg 1068w, \/wp-content\/uploads\/sites\/5\/2023\/09\/salud-bucal-4-534x359.jpg 534w, \/wp-content\/uploads\/sites\/5\/2023\/09\/salud-bucal-4.jpg 1384w\" sizes=\"(max-width: 625px) 100vw, 625px\" alt=\"\">\r\n                            <\/a>\r\n                            \r\n                        <\/figure>\r\n                    <\/div>\r\n                    <div class = \"td-slide-item td-item5\">\r\n                        <figure class=\"td-slide-galery-figure td-slide-popup-gallery\">\r\n                            <a class=\"slide-gallery-image-link\" href=\"\/wp-content\/uploads\/sites\/5\/2023\/09\/salud-bucal-3.jpg\" title=\"salud bucal-3\"  data-caption=\"\"  data-description=\"\">\r\n                                <img decoding=\"async\" src=\"\/wp-content\/uploads\/sites\/5\/2023\/09\/salud-bucal-3-316x420.jpg\" srcset=\"\/wp-content\/uploads\/sites\/5\/2023\/09\/salud-bucal-3-316x420.jpg 316w, \/wp-content\/uploads\/sites\/5\/2023\/09\/salud-bucal-3-226x300.jpg 226w, \/wp-content\/uploads\/sites\/5\/2023\/09\/salud-bucal-3-768x1021.jpg 768w, \/wp-content\/uploads\/sites\/5\/2023\/09\/salud-bucal-3-771x1024.jpg 771w, \/wp-content\/uploads\/sites\/5\/2023\/09\/salud-bucal-3-1156x1536.jpg 1156w, \/wp-content\/uploads\/sites\/5\/2023\/09\/salud-bucal-3-696x925.jpg 696w, \/wp-content\/uploads\/sites\/5\/2023\/09\/salud-bucal-3-1068x1419.jpg 1068w, \/wp-content\/uploads\/sites\/5\/2023\/09\/salud-bucal-3-348x462.jpg 348w, \/wp-content\/uploads\/sites\/5\/2023\/09\/salud-bucal-3.jpg 1204w\" sizes=\"(max-width: 316px) 100vw, 316px\" alt=\"\">\r\n                            <\/a>\r\n                            \r\n                        <\/figure>\r\n                    <\/div>\r\n                            <\/div>\r\n                        <\/div>\r\n\r\n                        <div class = \"td-doubleSlider-2\">\r\n                            <div class = \"td-slider\">\r\n                                \r\n                    <div class = \"td-button td-item1\">\r\n                        <div class = \"td-border\"><\/div>\r\n                    <\/div>\r\n                    <div class = \"td-button td-item2\">\r\n                        <div class = \"td-border\"><\/div>\r\n                    <\/div>\r\n                    <div class = \"td-button td-item3\">\r\n                        <div class = \"td-border\"><\/div>\r\n                    <\/div>\r\n                    <div class = \"td-button td-item4\">\r\n                        <div class = \"td-border\"><\/div>\r\n                    <\/div>\r\n                    <div class = \"td-button td-item5\">\r\n                        <div class = \"td-border\"><\/div>\r\n                    <\/div>\r\n                            <\/div>\r\n                        <\/div>\r\n\r\n                    <\/div>\r\n\r\n                <\/div>\r\n                \n","protected":false},"excerpt":{"rendered":"<p>Durante la conmemoraci\u00f3n de la Semana de la Salud Bucal (del 18 al 22 de septiembre), la Unidad Perif\u00e9rica Zona 5 implementa estrategias para el servicio de su poblaci\u00f3n adscrita. Durante estos cinco d\u00edas los asegurados podr\u00e1n llegar sin cita para recibir asistencia y evaluaciones dentales para procedimientos de sellantes de fosas y fisuras; aplicaci\u00f3n [&hellip;]<\/p>\n","protected":false},"author":1961,"featured_media":37911,"comment_status":"closed","ping_status":"closed","sticky":false,"template":"","format":"standard","meta":{"footnotes":""},"categories":[3],"tags":[780,837],"coauthors":[],"class_list":{"0":"post-37910","1":"post","2":"type-post","3":"status-publish","4":"format-standard","5":"has-post-thumbnail","7":"category-actualidad","8":"tag-semana-de-la-salud-bucal","9":"tag-unidad-periferica-zona-5"},"_links":{"self":[{"href":"https:\/\/www.igssgt.org\/noticias\/wp-json\/wp\/v2\/posts\/37910","targetHints":{"allow":["GET"]}}],"collection":[{"href":"https:\/\/www.igssgt.org\/noticias\/wp-json\/wp\/v2\/posts"}],"about":[{"href":"https:\/\/www.igssgt.org\/noticias\/wp-json\/wp\/v2\/types\/post"}],"author":[{"embeddable":true,"href":"https:\/\/www.igssgt.org\/noticias\/wp-json\/wp\/v2\/users\/1961"}],"replies":[{"embeddable":true,"href":"https:\/\/www.igssgt.org\/noticias\/wp-json\/wp\/v2\/comments?post=37910"}],"version-history":[{"count":2,"href":"https:\/\/www.igssgt.org\/noticias\/wp-json\/wp\/v2\/posts\/37910\/revisions"}],"predecessor-version":[{"id":37920,"href":"https:\/\/www.igssgt.org\/noticias\/wp-json\/wp\/v2\/posts\/37910\/revisions\/37920"}],"wp:featuredmedia":[{"embeddable":true,"href":"https:\/\/www.igssgt.org\/noticias\/wp-json\/wp\/v2\/media\/37911"}],"wp:attachment":[{"href":"https:\/\/www.igssgt.org\/noticias\/wp-json\/wp\/v2\/media?parent=37910"}],"wp:term":[{"taxonomy":"category","embeddable":true,"href":"https:\/\/www.igssgt.org\/noticias\/wp-json\/wp\/v2\/categories?post=37910"},{"taxonomy":"post_tag","embeddable":true,"href":"https:\/\/www.igssgt.org\/noticias\/wp-json\/wp\/v2\/tags?post=37910"},{"taxonomy":"author","embeddable":true,"href":"https:\/\/www.igssgt.org\/noticias\/wp-json\/wp\/v2\/coauthors?post=37910"}],"curies":[{"name":"wp","href":"https:\/\/api.w.org\/{rel}","templated":true}]}}