{"id":3793,"date":"2018-02-15T13:19:26","date_gmt":"2018-02-15T19:19:26","guid":{"rendered":"http:\/\/noticias.igssgt.org\/?p=3793"},"modified":"2018-02-15T13:19:26","modified_gmt":"2018-02-15T19:19:26","slug":"guatevision-actividades-en-el-igss-por-el-dia-internacional-contra-el-cancer-infantil","status":"publish","type":"post","link":"https:\/\/www.igssgt.org\/noticias\/2018\/02\/15\/guatevision-actividades-en-el-igss-por-el-dia-internacional-contra-el-cancer-infantil\/","title":{"rendered":"Guatevisi\u00f3n: Actividades en el IGSS por el D\u00eda Internacional Contra el C\u00e1ncer Infantil"},"content":{"rendered":"<p><em>Por G\u00e9nesis Rivas, Guatevisi\u00f3n<\/em><\/p>\n<p>Las cifras que del C\u00e1ncer Infantil a nivel nacional es 1,874 pacientes con c\u00e1ncer, el registro de ni\u00f1os con c\u00e1ncer fue realizado por la Unidad Nacional de Oncolog\u00eda Pedi\u00e1trica de los a\u00f1os 2014 al 2017.<\/p>\n<p>El 60% tiene leucemia o Linfoma es la principal causa de c\u00e1ncer en los ni\u00f1os, el IGSS cuenta con 160 pacientes que son los que est\u00e1n en tratamiento o vigilancia.<\/p>\n<p>Se dan 35 casos por mill\u00f3n, cada a\u00f1o se tendr\u00edan que estar diagnosticando 500 casos por a\u00f1o. Es importante diagnosticar al ni\u00f1o con c\u00e1ncer en una etapa temprana y si lo diagnostican tarde, las posibilidades de curar al ni\u00f1o es reducida.<\/p>\n<p>Autoridades del Hospital General de Enfermedades del Instituto Guatemalteco de Seguridad Social zona 9 realizaron hoy varias actividades informativas y recreativas dirigidas a ni\u00f1os y ni\u00f1as en conmemoraci\u00f3n del D\u00eda Internacional Contra el C\u00e1ncer Infantil.<\/p>\n<p>Los ni\u00f1os necesitan nuestra ayuda para luchar contra el c\u00e1ncer. El IGSS cuenta especialista en oncolog\u00eda pedi\u00e1trica para su atenci\u00f3n.<\/p>\n<p>Durante la actividad algunos de los colaboradores y pacientes utilizaron disfraces de distintos personajes infantiles, rompieron pi\u00f1atas, compartieron una refacci\u00f3n y adem\u00e1s se cont\u00f3 con la participaci\u00f3n de voluntarios de la agrupaci\u00f3n F\u00e1brica de Sonrisas.<\/p>\n\r\n                <style type=\"text\/css\">\r\n                    \r\n                    #tdi_1  .td-doubleSlider-2 .td-item1 {\r\n                        background: url(\/wp-content\/uploads\/sites\/5\/2018\/02\/Guatevision-Actividades-en-el-IGSS-por-el-Dia-Internacional-Contra-el-Cancer-Infantil-5-80x60.jpg) 0 0 no-repeat;\r\n                    }\r\n                    #tdi_1  .td-doubleSlider-2 .td-item2 {\r\n                        background: url(\/wp-content\/uploads\/sites\/5\/2018\/02\/Guatevision-Actividades-en-el-IGSS-por-el-Dia-Internacional-Contra-el-Cancer-Infantil-4-80x60.jpg) 0 0 no-repeat;\r\n                    }\r\n                    #tdi_1  .td-doubleSlider-2 .td-item3 {\r\n                        background: url(\/wp-content\/uploads\/sites\/5\/2018\/02\/Guatevision-Actividades-en-el-IGSS-por-el-Dia-Internacional-Contra-el-Cancer-Infantil-6-80x60.jpg) 0 0 no-repeat;\r\n                    }\r\n                    #tdi_1  .td-doubleSlider-2 .td-item4 {\r\n                        background: url(\/wp-content\/uploads\/sites\/5\/2018\/02\/Guatevision-Actividades-en-el-IGSS-por-el-Dia-Internacional-Contra-el-Cancer-Infantil-2-80x60.jpg) 0 0 no-repeat;\r\n                    }\r\n                    #tdi_1  .td-doubleSlider-2 .td-item5 {\r\n                        background: url(\/wp-content\/uploads\/sites\/5\/2018\/02\/Guatevision-Actividades-en-el-IGSS-por-el-Dia-Internacional-Contra-el-Cancer-Infantil-1-80x60.jpg) 0 0 no-repeat;\r\n                    }\r\n                    #tdi_1  .td-doubleSlider-2 .td-item6 {\r\n                        background: url(\/wp-content\/uploads\/sites\/5\/2018\/02\/Guatevision-Actividades-en-el-IGSS-por-el-Dia-Internacional-Contra-el-Cancer-Infantil-3-80x60.jpg) 0 0 no-repeat;\r\n                    }\r\n                <\/style>\r\n\r\n                <div id=\"tdi_1\" class=\"td-gallery td-slide-on-2-columns\">\r\n                    <div class=\"post_td_gallery\">\r\n                        <div class=\"td-gallery-slide-top\">\r\n                           <div class=\"td-gallery-title\"><\/div>\r\n\r\n                            <div class=\"td-gallery-controls-wrapper\">\r\n                                <div class=\"td-gallery-slide-count\"><span class=\"td-gallery-slide-item-focus\">1<\/span> de 6<\/div>\r\n                                <div class=\"td-gallery-slide-prev-next-but\">\r\n                                    <i class = \"td-icon-left doubleSliderPrevButton\"><\/i>\r\n                                    <i class = \"td-icon-right doubleSliderNextButton\"><\/i>\r\n                                <\/div>\r\n                            <\/div>\r\n                        <\/div>\r\n\r\n                        <div class = \"td-doubleSlider-1 \">\r\n                            <div class = \"td-slider\">\r\n                                \r\n                    <div class = \"td-slide-item td-item1\">\r\n                        <figure class=\"td-slide-galery-figure td-slide-popup-gallery\">\r\n                            <a class=\"slide-gallery-image-link\" href=\"\/wp-content\/uploads\/sites\/5\/2018\/02\/Guatevision-Actividades-en-el-IGSS-por-el-Dia-Internacional-Contra-el-Cancer-Infantil-5.jpg\" title=\"Guatevision Actividades en el IGSS por el Dia Internacional Contra el Cancer Infantil-5\"  data-caption=\"\"  data-description=\"\">\r\n                                <img decoding=\"async\" src=\"\/wp-content\/uploads\/sites\/5\/2018\/02\/Guatevision-Actividades-en-el-IGSS-por-el-Dia-Internacional-Contra-el-Cancer-Infantil-5-630x420.jpg\" srcset=\"\/wp-content\/uploads\/sites\/5\/2018\/02\/Guatevision-Actividades-en-el-IGSS-por-el-Dia-Internacional-Contra-el-Cancer-Infantil-5-630x420.jpg 630w, \/wp-content\/uploads\/sites\/5\/2018\/02\/Guatevision-Actividades-en-el-IGSS-por-el-Dia-Internacional-Contra-el-Cancer-Infantil-5-300x200.jpg 300w, \/wp-content\/uploads\/sites\/5\/2018\/02\/Guatevision-Actividades-en-el-IGSS-por-el-Dia-Internacional-Contra-el-Cancer-Infantil-5-768x512.jpg 768w, \/wp-content\/uploads\/sites\/5\/2018\/02\/Guatevision-Actividades-en-el-IGSS-por-el-Dia-Internacional-Contra-el-Cancer-Infantil-5-1024x682.jpg 1024w, \/wp-content\/uploads\/sites\/5\/2018\/02\/Guatevision-Actividades-en-el-IGSS-por-el-Dia-Internacional-Contra-el-Cancer-Infantil-5-696x464.jpg 696w, \/wp-content\/uploads\/sites\/5\/2018\/02\/Guatevision-Actividades-en-el-IGSS-por-el-Dia-Internacional-Contra-el-Cancer-Infantil-5-1068x712.jpg 1068w, \/wp-content\/uploads\/sites\/5\/2018\/02\/Guatevision-Actividades-en-el-IGSS-por-el-Dia-Internacional-Contra-el-Cancer-Infantil-5-534x356.jpg 534w, \/wp-content\/uploads\/sites\/5\/2018\/02\/Guatevision-Actividades-en-el-IGSS-por-el-Dia-Internacional-Contra-el-Cancer-Infantil-5.jpg 1280w\" sizes=\"(max-width: 630px) 100vw, 630px\" alt=\"\">\r\n                            <\/a>\r\n                            \r\n                        <\/figure>\r\n                    <\/div>\r\n                    <div class = \"td-slide-item td-item2\">\r\n                        <figure class=\"td-slide-galery-figure td-slide-popup-gallery\">\r\n                            <a class=\"slide-gallery-image-link\" href=\"\/wp-content\/uploads\/sites\/5\/2018\/02\/Guatevision-Actividades-en-el-IGSS-por-el-Dia-Internacional-Contra-el-Cancer-Infantil-4.jpg\" title=\"Guatevision Actividades en el IGSS por el Dia Internacional Contra el Cancer Infantil-4\"  data-caption=\"\"  data-description=\"\">\r\n                                <img decoding=\"async\" src=\"\/wp-content\/uploads\/sites\/5\/2018\/02\/Guatevision-Actividades-en-el-IGSS-por-el-Dia-Internacional-Contra-el-Cancer-Infantil-4-630x420.jpg\" srcset=\"\/wp-content\/uploads\/sites\/5\/2018\/02\/Guatevision-Actividades-en-el-IGSS-por-el-Dia-Internacional-Contra-el-Cancer-Infantil-4-630x420.jpg 630w, \/wp-content\/uploads\/sites\/5\/2018\/02\/Guatevision-Actividades-en-el-IGSS-por-el-Dia-Internacional-Contra-el-Cancer-Infantil-4-300x200.jpg 300w, \/wp-content\/uploads\/sites\/5\/2018\/02\/Guatevision-Actividades-en-el-IGSS-por-el-Dia-Internacional-Contra-el-Cancer-Infantil-4-768x512.jpg 768w, \/wp-content\/uploads\/sites\/5\/2018\/02\/Guatevision-Actividades-en-el-IGSS-por-el-Dia-Internacional-Contra-el-Cancer-Infantil-4-1024x682.jpg 1024w, \/wp-content\/uploads\/sites\/5\/2018\/02\/Guatevision-Actividades-en-el-IGSS-por-el-Dia-Internacional-Contra-el-Cancer-Infantil-4-696x464.jpg 696w, \/wp-content\/uploads\/sites\/5\/2018\/02\/Guatevision-Actividades-en-el-IGSS-por-el-Dia-Internacional-Contra-el-Cancer-Infantil-4-1068x712.jpg 1068w, \/wp-content\/uploads\/sites\/5\/2018\/02\/Guatevision-Actividades-en-el-IGSS-por-el-Dia-Internacional-Contra-el-Cancer-Infantil-4-534x356.jpg 534w, \/wp-content\/uploads\/sites\/5\/2018\/02\/Guatevision-Actividades-en-el-IGSS-por-el-Dia-Internacional-Contra-el-Cancer-Infantil-4.jpg 1280w\" sizes=\"(max-width: 630px) 100vw, 630px\" alt=\"\">\r\n                            <\/a>\r\n                            \r\n                        <\/figure>\r\n                    <\/div>\r\n                    <div class = \"td-slide-item td-item3\">\r\n                        <figure class=\"td-slide-galery-figure td-slide-popup-gallery\">\r\n                            <a class=\"slide-gallery-image-link\" href=\"\/wp-content\/uploads\/sites\/5\/2018\/02\/Guatevision-Actividades-en-el-IGSS-por-el-Dia-Internacional-Contra-el-Cancer-Infantil-6.jpg\" title=\"Guatevision Actividades en el IGSS por el Dia Internacional Contra el Cancer Infantil-6\"  data-caption=\"\"  data-description=\"\">\r\n                                <img decoding=\"async\" src=\"\/wp-content\/uploads\/sites\/5\/2018\/02\/Guatevision-Actividades-en-el-IGSS-por-el-Dia-Internacional-Contra-el-Cancer-Infantil-6-630x420.jpg\" srcset=\"\/wp-content\/uploads\/sites\/5\/2018\/02\/Guatevision-Actividades-en-el-IGSS-por-el-Dia-Internacional-Contra-el-Cancer-Infantil-6-630x420.jpg 630w, \/wp-content\/uploads\/sites\/5\/2018\/02\/Guatevision-Actividades-en-el-IGSS-por-el-Dia-Internacional-Contra-el-Cancer-Infantil-6-300x200.jpg 300w, \/wp-content\/uploads\/sites\/5\/2018\/02\/Guatevision-Actividades-en-el-IGSS-por-el-Dia-Internacional-Contra-el-Cancer-Infantil-6-768x512.jpg 768w, \/wp-content\/uploads\/sites\/5\/2018\/02\/Guatevision-Actividades-en-el-IGSS-por-el-Dia-Internacional-Contra-el-Cancer-Infantil-6-1024x682.jpg 1024w, \/wp-content\/uploads\/sites\/5\/2018\/02\/Guatevision-Actividades-en-el-IGSS-por-el-Dia-Internacional-Contra-el-Cancer-Infantil-6-696x464.jpg 696w, \/wp-content\/uploads\/sites\/5\/2018\/02\/Guatevision-Actividades-en-el-IGSS-por-el-Dia-Internacional-Contra-el-Cancer-Infantil-6-1068x712.jpg 1068w, \/wp-content\/uploads\/sites\/5\/2018\/02\/Guatevision-Actividades-en-el-IGSS-por-el-Dia-Internacional-Contra-el-Cancer-Infantil-6-534x356.jpg 534w, \/wp-content\/uploads\/sites\/5\/2018\/02\/Guatevision-Actividades-en-el-IGSS-por-el-Dia-Internacional-Contra-el-Cancer-Infantil-6.jpg 1280w\" sizes=\"(max-width: 630px) 100vw, 630px\" alt=\"\">\r\n                            <\/a>\r\n                            \r\n                        <\/figure>\r\n                    <\/div>\r\n                    <div class = \"td-slide-item td-item4\">\r\n                        <figure class=\"td-slide-galery-figure td-slide-popup-gallery\">\r\n                            <a class=\"slide-gallery-image-link\" href=\"\/wp-content\/uploads\/sites\/5\/2018\/02\/Guatevision-Actividades-en-el-IGSS-por-el-Dia-Internacional-Contra-el-Cancer-Infantil-2.jpg\" title=\"Guatevision Actividades en el IGSS por el Dia Internacional Contra el Cancer Infantil-2\"  data-caption=\"\"  data-description=\"\">\r\n                                <img decoding=\"async\" src=\"\/wp-content\/uploads\/sites\/5\/2018\/02\/Guatevision-Actividades-en-el-IGSS-por-el-Dia-Internacional-Contra-el-Cancer-Infantil-2-630x420.jpg\" srcset=\"\/wp-content\/uploads\/sites\/5\/2018\/02\/Guatevision-Actividades-en-el-IGSS-por-el-Dia-Internacional-Contra-el-Cancer-Infantil-2-630x420.jpg 630w, \/wp-content\/uploads\/sites\/5\/2018\/02\/Guatevision-Actividades-en-el-IGSS-por-el-Dia-Internacional-Contra-el-Cancer-Infantil-2-300x200.jpg 300w, \/wp-content\/uploads\/sites\/5\/2018\/02\/Guatevision-Actividades-en-el-IGSS-por-el-Dia-Internacional-Contra-el-Cancer-Infantil-2-768x512.jpg 768w, \/wp-content\/uploads\/sites\/5\/2018\/02\/Guatevision-Actividades-en-el-IGSS-por-el-Dia-Internacional-Contra-el-Cancer-Infantil-2-1024x682.jpg 1024w, \/wp-content\/uploads\/sites\/5\/2018\/02\/Guatevision-Actividades-en-el-IGSS-por-el-Dia-Internacional-Contra-el-Cancer-Infantil-2-696x464.jpg 696w, \/wp-content\/uploads\/sites\/5\/2018\/02\/Guatevision-Actividades-en-el-IGSS-por-el-Dia-Internacional-Contra-el-Cancer-Infantil-2-1068x712.jpg 1068w, \/wp-content\/uploads\/sites\/5\/2018\/02\/Guatevision-Actividades-en-el-IGSS-por-el-Dia-Internacional-Contra-el-Cancer-Infantil-2-534x356.jpg 534w, \/wp-content\/uploads\/sites\/5\/2018\/02\/Guatevision-Actividades-en-el-IGSS-por-el-Dia-Internacional-Contra-el-Cancer-Infantil-2.jpg 1280w\" sizes=\"(max-width: 630px) 100vw, 630px\" alt=\"\">\r\n                            <\/a>\r\n                            \r\n                        <\/figure>\r\n                    <\/div>\r\n                    <div class = \"td-slide-item td-item5\">\r\n                        <figure class=\"td-slide-galery-figure td-slide-popup-gallery\">\r\n                            <a class=\"slide-gallery-image-link\" href=\"\/wp-content\/uploads\/sites\/5\/2018\/02\/Guatevision-Actividades-en-el-IGSS-por-el-Dia-Internacional-Contra-el-Cancer-Infantil-1.jpg\" title=\"Guatevision Actividades en el IGSS por el Dia Internacional Contra el Cancer Infantil-1\"  data-caption=\"\"  data-description=\"\">\r\n                                <img decoding=\"async\" src=\"\/wp-content\/uploads\/sites\/5\/2018\/02\/Guatevision-Actividades-en-el-IGSS-por-el-Dia-Internacional-Contra-el-Cancer-Infantil-1-630x420.jpg\" srcset=\"\/wp-content\/uploads\/sites\/5\/2018\/02\/Guatevision-Actividades-en-el-IGSS-por-el-Dia-Internacional-Contra-el-Cancer-Infantil-1-630x420.jpg 630w, \/wp-content\/uploads\/sites\/5\/2018\/02\/Guatevision-Actividades-en-el-IGSS-por-el-Dia-Internacional-Contra-el-Cancer-Infantil-1-300x200.jpg 300w, \/wp-content\/uploads\/sites\/5\/2018\/02\/Guatevision-Actividades-en-el-IGSS-por-el-Dia-Internacional-Contra-el-Cancer-Infantil-1-768x512.jpg 768w, \/wp-content\/uploads\/sites\/5\/2018\/02\/Guatevision-Actividades-en-el-IGSS-por-el-Dia-Internacional-Contra-el-Cancer-Infantil-1-1024x682.jpg 1024w, \/wp-content\/uploads\/sites\/5\/2018\/02\/Guatevision-Actividades-en-el-IGSS-por-el-Dia-Internacional-Contra-el-Cancer-Infantil-1-696x464.jpg 696w, \/wp-content\/uploads\/sites\/5\/2018\/02\/Guatevision-Actividades-en-el-IGSS-por-el-Dia-Internacional-Contra-el-Cancer-Infantil-1-1068x712.jpg 1068w, \/wp-content\/uploads\/sites\/5\/2018\/02\/Guatevision-Actividades-en-el-IGSS-por-el-Dia-Internacional-Contra-el-Cancer-Infantil-1-534x356.jpg 534w, \/wp-content\/uploads\/sites\/5\/2018\/02\/Guatevision-Actividades-en-el-IGSS-por-el-Dia-Internacional-Contra-el-Cancer-Infantil-1.jpg 1280w\" sizes=\"(max-width: 630px) 100vw, 630px\" alt=\"\">\r\n                            <\/a>\r\n                            \r\n                        <\/figure>\r\n                    <\/div>\r\n                    <div class = \"td-slide-item td-item6\">\r\n                        <figure class=\"td-slide-galery-figure td-slide-popup-gallery\">\r\n                            <a class=\"slide-gallery-image-link\" href=\"\/wp-content\/uploads\/sites\/5\/2018\/02\/Guatevision-Actividades-en-el-IGSS-por-el-Dia-Internacional-Contra-el-Cancer-Infantil-3.jpg\" title=\"Guatevision Actividades en el IGSS por el Dia Internacional Contra el Cancer Infantil-3\"  data-caption=\"\"  data-description=\"\">\r\n                                <img decoding=\"async\" src=\"\/wp-content\/uploads\/sites\/5\/2018\/02\/Guatevision-Actividades-en-el-IGSS-por-el-Dia-Internacional-Contra-el-Cancer-Infantil-3-630x420.jpg\" srcset=\"\/wp-content\/uploads\/sites\/5\/2018\/02\/Guatevision-Actividades-en-el-IGSS-por-el-Dia-Internacional-Contra-el-Cancer-Infantil-3-630x420.jpg 630w, \/wp-content\/uploads\/sites\/5\/2018\/02\/Guatevision-Actividades-en-el-IGSS-por-el-Dia-Internacional-Contra-el-Cancer-Infantil-3-300x200.jpg 300w, \/wp-content\/uploads\/sites\/5\/2018\/02\/Guatevision-Actividades-en-el-IGSS-por-el-Dia-Internacional-Contra-el-Cancer-Infantil-3-768x512.jpg 768w, \/wp-content\/uploads\/sites\/5\/2018\/02\/Guatevision-Actividades-en-el-IGSS-por-el-Dia-Internacional-Contra-el-Cancer-Infantil-3-1024x682.jpg 1024w, \/wp-content\/uploads\/sites\/5\/2018\/02\/Guatevision-Actividades-en-el-IGSS-por-el-Dia-Internacional-Contra-el-Cancer-Infantil-3-696x464.jpg 696w, \/wp-content\/uploads\/sites\/5\/2018\/02\/Guatevision-Actividades-en-el-IGSS-por-el-Dia-Internacional-Contra-el-Cancer-Infantil-3-1068x712.jpg 1068w, \/wp-content\/uploads\/sites\/5\/2018\/02\/Guatevision-Actividades-en-el-IGSS-por-el-Dia-Internacional-Contra-el-Cancer-Infantil-3-534x356.jpg 534w, \/wp-content\/uploads\/sites\/5\/2018\/02\/Guatevision-Actividades-en-el-IGSS-por-el-Dia-Internacional-Contra-el-Cancer-Infantil-3.jpg 1280w\" sizes=\"(max-width: 630px) 100vw, 630px\" alt=\"\">\r\n                            <\/a>\r\n                            \r\n                        <\/figure>\r\n                    <\/div>\r\n                            <\/div>\r\n                        <\/div>\r\n\r\n                        <div class = \"td-doubleSlider-2\">\r\n                            <div class = \"td-slider\">\r\n                                \r\n                    <div class = \"td-button td-item1\">\r\n                        <div class = \"td-border\"><\/div>\r\n                    <\/div>\r\n                    <div class = \"td-button td-item2\">\r\n                        <div class = \"td-border\"><\/div>\r\n                    <\/div>\r\n                    <div class = \"td-button td-item3\">\r\n                        <div class = \"td-border\"><\/div>\r\n                    <\/div>\r\n                    <div class = \"td-button td-item4\">\r\n                        <div class = \"td-border\"><\/div>\r\n                    <\/div>\r\n                    <div class = \"td-button td-item5\">\r\n                        <div class = \"td-border\"><\/div>\r\n                    <\/div>\r\n                    <div class = \"td-button td-item6\">\r\n                        <div class = \"td-border\"><\/div>\r\n                    <\/div>\r\n                            <\/div>\r\n                        <\/div>\r\n\r\n                    <\/div>\r\n\r\n                <\/div>\r\n                \n","protected":false},"excerpt":{"rendered":"<p>Por G\u00e9nesis Rivas, Guatevisi\u00f3n Las cifras que del C\u00e1ncer Infantil a nivel nacional es 1,874 pacientes con c\u00e1ncer, el registro de ni\u00f1os con c\u00e1ncer fue realizado por la Unidad Nacional de Oncolog\u00eda Pedi\u00e1trica de los a\u00f1os 2014 al 2017. El 60% tiene leucemia o Linfoma es la principal causa de c\u00e1ncer en los ni\u00f1os, el [&hellip;]<\/p>\n","protected":false},"author":4,"featured_media":3794,"comment_status":"open","ping_status":"open","sticky":false,"template":"","format":"standard","meta":{"footnotes":""},"categories":[3,41,24,29,36],"tags":[459,490,676,698],"coauthors":[],"class_list":{"0":"post-3793","1":"post","2":"type-post","3":"status-publish","4":"format-standard","5":"has-post-thumbnail","7":"category-actualidad","8":"category-igss-en-los-medios","9":"category-pediatria","10":"category-publicaciones","11":"category-unidades-medicas","12":"tag-guatevision","13":"tag-igss","14":"tag-oncologia","15":"tag-pediatria"},"_links":{"self":[{"href":"https:\/\/www.igssgt.org\/noticias\/wp-json\/wp\/v2\/posts\/3793","targetHints":{"allow":["GET"]}}],"collection":[{"href":"https:\/\/www.igssgt.org\/noticias\/wp-json\/wp\/v2\/posts"}],"about":[{"href":"https:\/\/www.igssgt.org\/noticias\/wp-json\/wp\/v2\/types\/post"}],"author":[{"embeddable":true,"href":"https:\/\/www.igssgt.org\/noticias\/wp-json\/wp\/v2\/users\/4"}],"replies":[{"embeddable":true,"href":"https:\/\/www.igssgt.org\/noticias\/wp-json\/wp\/v2\/comments?post=3793"}],"version-history":[{"count":0,"href":"https:\/\/www.igssgt.org\/noticias\/wp-json\/wp\/v2\/posts\/3793\/revisions"}],"wp:featuredmedia":[{"embeddable":true,"href":"https:\/\/www.igssgt.org\/noticias\/wp-json\/wp\/v2\/media\/3794"}],"wp:attachment":[{"href":"https:\/\/www.igssgt.org\/noticias\/wp-json\/wp\/v2\/media?parent=3793"}],"wp:term":[{"taxonomy":"category","embeddable":true,"href":"https:\/\/www.igssgt.org\/noticias\/wp-json\/wp\/v2\/categories?post=3793"},{"taxonomy":"post_tag","embeddable":true,"href":"https:\/\/www.igssgt.org\/noticias\/wp-json\/wp\/v2\/tags?post=3793"},{"taxonomy":"author","embeddable":true,"href":"https:\/\/www.igssgt.org\/noticias\/wp-json\/wp\/v2\/coauthors?post=3793"}],"curies":[{"name":"wp","href":"https:\/\/api.w.org\/{rel}","templated":true}]}}