{"id":38069,"date":"2023-09-27T09:20:09","date_gmt":"2023-09-27T15:20:09","guid":{"rendered":"https:\/\/www.igssgt.org\/noticias\/?p=38069"},"modified":"2023-09-27T09:20:10","modified_gmt":"2023-09-27T15:20:10","slug":"asegurados-del-camip-2-barranquilla-se-informan-sobre-el-dengue","status":"publish","type":"post","link":"https:\/\/www.igssgt.org\/noticias\/2023\/09\/27\/asegurados-del-camip-2-barranquilla-se-informan-sobre-el-dengue\/","title":{"rendered":"Asegurados del CAMIP 2 Barranquilla se informan sobre el dengue"},"content":{"rendered":"\n<p class=\"has-drop-cap\">Ante la emergencia del dengue en el pa\u00eds, personal de Enfermer\u00eda del Centro de Atenci\u00f3n M\u00e9dica Integral para Pensionados CAMIP 2 Barranquilla invit\u00f3 y comparti\u00f3 informaci\u00f3n con los pensionados y jubilados para cuidarse y evitar contraer la enfermedad.<\/p>\n\n\n\n<p>Su director, doctor Ren\u00e9 Marroqu\u00edn, coment\u00f3 que el llamado que realizaron es de prevenci\u00f3n al ser un virus peligroso que puede cobrar vidas, por lo que el tratamiento y diagn\u00f3stico a tiempo son primordiales.<\/p>\n<p><a href=\"\/wp-content\/uploads\/sites\/5\/2023\/09\/camip-2-dengue-2.jpg\" target=\"_blank\" rel=\"noopener\"><img loading=\"lazy\" decoding=\"async\" class=\"alignnone wp-image-38073 size-full\" src=\"\/wp-content\/uploads\/sites\/5\/2023\/09\/camip-2-dengue-2.jpg\" alt=\"\" width=\"920\" height=\"576\" srcset=\"\/wp-content\/uploads\/sites\/5\/2023\/09\/camip-2-dengue-2.jpg 920w, \/wp-content\/uploads\/sites\/5\/2023\/09\/camip-2-dengue-2-300x188.jpg 300w, \/wp-content\/uploads\/sites\/5\/2023\/09\/camip-2-dengue-2-768x481.jpg 768w, \/wp-content\/uploads\/sites\/5\/2023\/09\/camip-2-dengue-2-671x420.jpg 671w, \/wp-content\/uploads\/sites\/5\/2023\/09\/camip-2-dengue-2-696x436.jpg 696w, \/wp-content\/uploads\/sites\/5\/2023\/09\/camip-2-dengue-2-534x334.jpg 534w\" sizes=\"auto, (max-width: 920px) 100vw, 920px\" \/><\/a><\/p>\n<p>Durante las pl\u00e1ticas, los profesionales explican sobre el per\u00edodo de incubaci\u00f3n que se desarrolla de 2 a 7 d\u00edas despu\u00e9s de la picadura del mosquito trasmisor <strong>(Aedes aegypti)<\/strong> y los s\u00edntomas inician con fiebre alta, dolores de cabeza, musculares, \u00f3seos y articulares.<\/p>\n<blockquote>\n<p>El virus del dengue es peligroso y puede cobrar vidas, por lo que el tratamiento y diagn\u00f3stico a tiempo son primordiales<\/p>\n<\/blockquote>\n<p>Asimismo les hacen saber que el dengue hemorr\u00e1gico puede ser mortal, el cual se caracteriza por provocar sangrado de enc\u00edas o nariz, as\u00ed como fuerte dolor de est\u00f3mago, y que es com\u00fan en quienes se infectan por segunda vez.<\/p>\n<p><a href=\"\/wp-content\/uploads\/sites\/5\/2023\/09\/camip-2-dengue-3.jpg\" target=\"_blank\" rel=\"noopener\"><img loading=\"lazy\" decoding=\"async\" class=\"alignnone wp-image-38074 size-full\" src=\"\/wp-content\/uploads\/sites\/5\/2023\/09\/camip-2-dengue-3.jpg\" alt=\"\" width=\"908\" height=\"572\" srcset=\"\/wp-content\/uploads\/sites\/5\/2023\/09\/camip-2-dengue-3.jpg 908w, \/wp-content\/uploads\/sites\/5\/2023\/09\/camip-2-dengue-3-300x189.jpg 300w, \/wp-content\/uploads\/sites\/5\/2023\/09\/camip-2-dengue-3-768x484.jpg 768w, \/wp-content\/uploads\/sites\/5\/2023\/09\/camip-2-dengue-3-667x420.jpg 667w, \/wp-content\/uploads\/sites\/5\/2023\/09\/camip-2-dengue-3-696x438.jpg 696w, \/wp-content\/uploads\/sites\/5\/2023\/09\/camip-2-dengue-3-534x336.jpg 534w\" sizes=\"auto, (max-width: 908px) 100vw, 908px\" \/><\/a><\/p>\n<p>Los expertos tambi\u00e9n indicaron a los asegurados que en materia de prevenci\u00f3n es urgente eliminar los criaderos de zancudos desechando todo aquello que contenga agua estancada (recipientes, chatarra y llantas), as\u00ed como realizar limpieza de canales y reposaderas.<\/p>\n<p>Para prevenir la proliferaci\u00f3n de estos insectos es importante tambi\u00e9n el lavado constante de las pilas, tapar los botes y toneles que guarden agua.<\/p>\n<p>Otras de las recomendaciones es utilizar repelente contra zancudos, colocar mosquiteros y pabellones en los dormitorios y vestir blusas o camisas de manga larga y pantal\u00f3n.<\/p>\n<p><a href=\"\/wp-content\/uploads\/sites\/5\/2023\/09\/camip-2-dengue-5.jpg\" target=\"_blank\" rel=\"noopener\"><img loading=\"lazy\" decoding=\"async\" class=\"alignnone wp-image-38075 size-full\" src=\"\/wp-content\/uploads\/sites\/5\/2023\/09\/camip-2-dengue-5.jpg\" alt=\"\" width=\"1103\" height=\"576\" srcset=\"\/wp-content\/uploads\/sites\/5\/2023\/09\/camip-2-dengue-5.jpg 1103w, \/wp-content\/uploads\/sites\/5\/2023\/09\/camip-2-dengue-5-300x157.jpg 300w, \/wp-content\/uploads\/sites\/5\/2023\/09\/camip-2-dengue-5-768x401.jpg 768w, \/wp-content\/uploads\/sites\/5\/2023\/09\/camip-2-dengue-5-1024x535.jpg 1024w, \/wp-content\/uploads\/sites\/5\/2023\/09\/camip-2-dengue-5-804x420.jpg 804w, \/wp-content\/uploads\/sites\/5\/2023\/09\/camip-2-dengue-5-696x363.jpg 696w, \/wp-content\/uploads\/sites\/5\/2023\/09\/camip-2-dengue-5-1068x558.jpg 1068w, \/wp-content\/uploads\/sites\/5\/2023\/09\/camip-2-dengue-5-534x279.jpg 534w\" sizes=\"auto, (max-width: 1103px) 100vw, 1103px\" \/><\/a><\/p>\n<p>Alfonso L\u00f3pez de 65 a\u00f1os, pacientes del centro, escuch\u00f3 atento las recomendaciones e hizo un llamado de prevenci\u00f3n a los presentes ya que padeci\u00f3 dengue y su recuperaci\u00f3n fue complicada. <strong>\u201cGracias al CAMIP Barranquilla recib\u00ed la atenci\u00f3n y medicaci\u00f3n oportuna\u201d<\/strong>, comparti\u00f3.<\/p>\n<p>El doctor Marroqu\u00edn hizo \u00e9nfasis en no auto medicarse y al sentir uno de los s\u00edntomas acudir a la unidad m\u00e9dica para recibir la atenci\u00f3n, pues las complicaciones y el riesgo de muerte son prevenibles si el dengue se combate a tiempo.<\/p>\n<p><a href=\"\/wp-content\/uploads\/sites\/5\/2023\/09\/camip-2-dengue-1.jpg\" target=\"_blank\" rel=\"noopener\"><img loading=\"lazy\" decoding=\"async\" class=\"alignnone wp-image-38076 size-full\" src=\"\/wp-content\/uploads\/sites\/5\/2023\/09\/camip-2-dengue-1.jpg\" alt=\"\" width=\"1011\" height=\"576\" srcset=\"\/wp-content\/uploads\/sites\/5\/2023\/09\/camip-2-dengue-1.jpg 1011w, \/wp-content\/uploads\/sites\/5\/2023\/09\/camip-2-dengue-1-300x171.jpg 300w, \/wp-content\/uploads\/sites\/5\/2023\/09\/camip-2-dengue-1-768x438.jpg 768w, \/wp-content\/uploads\/sites\/5\/2023\/09\/camip-2-dengue-1-737x420.jpg 737w, \/wp-content\/uploads\/sites\/5\/2023\/09\/camip-2-dengue-1-696x397.jpg 696w, \/wp-content\/uploads\/sites\/5\/2023\/09\/camip-2-dengue-1-534x304.jpg 534w\" sizes=\"auto, (max-width: 1011px) 100vw, 1011px\" \/><\/a><\/p>\n","protected":false},"excerpt":{"rendered":"<p>Ante la emergencia del dengue en el pa\u00eds, personal de Enfermer\u00eda del Centro de Atenci\u00f3n M\u00e9dica Integral para Pensionados CAMIP 2 Barranquilla invit\u00f3 y comparti\u00f3 informaci\u00f3n con los pensionados y jubilados para cuidarse y evitar contraer la enfermedad. Su director, doctor Ren\u00e9 Marroqu\u00edn, coment\u00f3 que el llamado que realizaron es de prevenci\u00f3n al ser un [&hellip;]<\/p>\n","protected":false},"author":1961,"featured_media":38072,"comment_status":"closed","ping_status":"closed","sticky":false,"template":"","format":"standard","meta":{"footnotes":""},"categories":[3],"tags":[1157,227],"coauthors":[],"class_list":{"0":"post-38069","1":"post","2":"type-post","3":"status-publish","4":"format-standard","5":"has-post-thumbnail","7":"category-actualidad","8":"tag-camip-2-barranquilla","9":"tag-dengue"},"_links":{"self":[{"href":"https:\/\/www.igssgt.org\/noticias\/wp-json\/wp\/v2\/posts\/38069","targetHints":{"allow":["GET"]}}],"collection":[{"href":"https:\/\/www.igssgt.org\/noticias\/wp-json\/wp\/v2\/posts"}],"about":[{"href":"https:\/\/www.igssgt.org\/noticias\/wp-json\/wp\/v2\/types\/post"}],"author":[{"embeddable":true,"href":"https:\/\/www.igssgt.org\/noticias\/wp-json\/wp\/v2\/users\/1961"}],"replies":[{"embeddable":true,"href":"https:\/\/www.igssgt.org\/noticias\/wp-json\/wp\/v2\/comments?post=38069"}],"version-history":[{"count":3,"href":"https:\/\/www.igssgt.org\/noticias\/wp-json\/wp\/v2\/posts\/38069\/revisions"}],"predecessor-version":[{"id":38077,"href":"https:\/\/www.igssgt.org\/noticias\/wp-json\/wp\/v2\/posts\/38069\/revisions\/38077"}],"wp:featuredmedia":[{"embeddable":true,"href":"https:\/\/www.igssgt.org\/noticias\/wp-json\/wp\/v2\/media\/38072"}],"wp:attachment":[{"href":"https:\/\/www.igssgt.org\/noticias\/wp-json\/wp\/v2\/media?parent=38069"}],"wp:term":[{"taxonomy":"category","embeddable":true,"href":"https:\/\/www.igssgt.org\/noticias\/wp-json\/wp\/v2\/categories?post=38069"},{"taxonomy":"post_tag","embeddable":true,"href":"https:\/\/www.igssgt.org\/noticias\/wp-json\/wp\/v2\/tags?post=38069"},{"taxonomy":"author","embeddable":true,"href":"https:\/\/www.igssgt.org\/noticias\/wp-json\/wp\/v2\/coauthors?post=38069"}],"curies":[{"name":"wp","href":"https:\/\/api.w.org\/{rel}","templated":true}]}}