{"id":38380,"date":"2023-10-13T09:35:32","date_gmt":"2023-10-13T15:35:32","guid":{"rendered":"https:\/\/www.igssgt.org\/noticias\/?p=38380"},"modified":"2023-10-13T09:35:33","modified_gmt":"2023-10-13T15:35:33","slug":"el-mejor-seguro-oportunidad-de-vida-a-mas-pacientes-en-el-hospital-modular-zona-11","status":"publish","type":"post","link":"https:\/\/www.igssgt.org\/noticias\/2023\/10\/13\/el-mejor-seguro-oportunidad-de-vida-a-mas-pacientes-en-el-hospital-modular-zona-11\/","title":{"rendered":"El mejor Seguro: Oportunidad de vida a m\u00e1s pacientes en el Hospital Modular Zona 11"},"content":{"rendered":"\n<p class=\"has-drop-cap\">Glenda Amarilis L\u00f3pez fue diagnosticada con mieloma m\u00faltiple (c\u00e1ncer de c\u00e9lulas plasm\u00e1ticas) hace m\u00e1s de un a\u00f1o. Durante ese tiempo recibi\u00f3 quimioterapias y en dos ocasiones ha estado internada en el Hospital Modular Zona 11. <strong>\u201cLa infraestructura tiene todo lo necesario para quienes sufrimos enfermedades graves. As\u00ed que gracias al Seguro Social por la oportunidad de vida que nos da\u201d<\/strong>, comparti\u00f3.<\/p>\n\n\n\n<p><a href=\"\/wp-content\/uploads\/sites\/5\/2023\/10\/modulares-z11-5-scaled.jpg\" target=\"_blank\" rel=\"noopener\"><img loading=\"lazy\" decoding=\"async\" class=\"alignnone wp-image-38386 size-full\" src=\"\/wp-content\/uploads\/sites\/5\/2023\/10\/modulares-z11-5-scaled.jpg\" alt=\"\" width=\"2560\" height=\"1600\" srcset=\"\/wp-content\/uploads\/sites\/5\/2023\/10\/modulares-z11-5-scaled.jpg 2560w, \/wp-content\/uploads\/sites\/5\/2023\/10\/modulares-z11-5-1920x1200.jpg 1920w, \/wp-content\/uploads\/sites\/5\/2023\/10\/modulares-z11-5-300x188.jpg 300w, \/wp-content\/uploads\/sites\/5\/2023\/10\/modulares-z11-5-768x480.jpg 768w, \/wp-content\/uploads\/sites\/5\/2023\/10\/modulares-z11-5-1024x640.jpg 1024w, \/wp-content\/uploads\/sites\/5\/2023\/10\/modulares-z11-5-1536x960.jpg 1536w, \/wp-content\/uploads\/sites\/5\/2023\/10\/modulares-z11-5-2048x1280.jpg 2048w, \/wp-content\/uploads\/sites\/5\/2023\/10\/modulares-z11-5-672x420.jpg 672w, \/wp-content\/uploads\/sites\/5\/2023\/10\/modulares-z11-5-696x435.jpg 696w, \/wp-content\/uploads\/sites\/5\/2023\/10\/modulares-z11-5-1068x668.jpg 1068w, \/wp-content\/uploads\/sites\/5\/2023\/10\/modulares-z11-5-534x334.jpg 534w\" sizes=\"auto, (max-width: 2560px) 100vw, 2560px\" \/><\/a><\/p>\n<p>Este centro asistencial ayuda a la desconcentraci\u00f3n de pacientes provenientes de otras unidades m\u00e9dicas de todo el pa\u00eds. Sus instalaciones con tecnolog\u00eda avanzada, as\u00ed como el equipo de profesionales integrado por diferentes especialistas m\u00e9dicos, posibilitan la adaptaci\u00f3n de los servicios a la poblaci\u00f3n afiliada que encuentra ah\u00ed una luz de esperanza.<\/p>\n<p><a href=\"\/wp-content\/uploads\/sites\/5\/2023\/10\/modulares-z11-1-scaled.jpg\" target=\"_blank\" rel=\"noopener\"><img loading=\"lazy\" decoding=\"async\" class=\"alignnone wp-image-38382 size-full\" src=\"\/wp-content\/uploads\/sites\/5\/2023\/10\/modulares-z11-1-scaled.jpg\" alt=\"\" width=\"2560\" height=\"1640\" srcset=\"\/wp-content\/uploads\/sites\/5\/2023\/10\/modulares-z11-1-scaled.jpg 2560w, \/wp-content\/uploads\/sites\/5\/2023\/10\/modulares-z11-1-1920x1230.jpg 1920w, \/wp-content\/uploads\/sites\/5\/2023\/10\/modulares-z11-1-300x192.jpg 300w, \/wp-content\/uploads\/sites\/5\/2023\/10\/modulares-z11-1-768x492.jpg 768w, \/wp-content\/uploads\/sites\/5\/2023\/10\/modulares-z11-1-1024x656.jpg 1024w, \/wp-content\/uploads\/sites\/5\/2023\/10\/modulares-z11-1-1536x984.jpg 1536w, \/wp-content\/uploads\/sites\/5\/2023\/10\/modulares-z11-1-2048x1312.jpg 2048w, \/wp-content\/uploads\/sites\/5\/2023\/10\/modulares-z11-1-656x420.jpg 656w, \/wp-content\/uploads\/sites\/5\/2023\/10\/modulares-z11-1-696x446.jpg 696w, \/wp-content\/uploads\/sites\/5\/2023\/10\/modulares-z11-1-1068x684.jpg 1068w, \/wp-content\/uploads\/sites\/5\/2023\/10\/modulares-z11-1-534x342.jpg 534w\" sizes=\"auto, (max-width: 2560px) 100vw, 2560px\" \/><\/a><\/p>\n<p>Al respecto, la doctora Karla Mar\u00eda Gonz\u00e1lez, directora m\u00e9dica de la Unidad Perif\u00e9rica Zona 11, detall\u00f3 que el primer m\u00f3dulo es para el tratamiento de pacientes con COVID-19 en estado cr\u00edtico y moderado. En el segundo se ofrece terapia intensiva para adultos con un diagn\u00f3stico de agudizaci\u00f3n de enfermedades catastr\u00f3ficas cr\u00f3nicas.<\/p>\n<p>Solo en estos modulares se ha cuidado de la salud de 1 mil 98 personas en el transcurso de este 2023.<\/p>\n<p><a href=\"\/wp-content\/uploads\/sites\/5\/2023\/10\/modulares-z11-3-scaled.jpg\" target=\"_blank\" rel=\"noopener\"><img loading=\"lazy\" decoding=\"async\" class=\"alignnone wp-image-38384 size-full\" src=\"\/wp-content\/uploads\/sites\/5\/2023\/10\/modulares-z11-3-scaled.jpg\" alt=\"\" width=\"2560\" height=\"1789\" srcset=\"\/wp-content\/uploads\/sites\/5\/2023\/10\/modulares-z11-3-scaled.jpg 2560w, \/wp-content\/uploads\/sites\/5\/2023\/10\/modulares-z11-3-1024x715.jpg 1024w, \/wp-content\/uploads\/sites\/5\/2023\/10\/modulares-z11-3-1920x1341.jpg 1920w, \/wp-content\/uploads\/sites\/5\/2023\/10\/modulares-z11-3-300x210.jpg 300w, \/wp-content\/uploads\/sites\/5\/2023\/10\/modulares-z11-3-768x537.jpg 768w, \/wp-content\/uploads\/sites\/5\/2023\/10\/modulares-z11-3-1536x1073.jpg 1536w, \/wp-content\/uploads\/sites\/5\/2023\/10\/modulares-z11-3-2048x1431.jpg 2048w, \/wp-content\/uploads\/sites\/5\/2023\/10\/modulares-z11-3-601x420.jpg 601w, \/wp-content\/uploads\/sites\/5\/2023\/10\/modulares-z11-3-696x486.jpg 696w, \/wp-content\/uploads\/sites\/5\/2023\/10\/modulares-z11-3-1068x746.jpg 1068w, \/wp-content\/uploads\/sites\/5\/2023\/10\/modulares-z11-3-100x70.jpg 100w, \/wp-content\/uploads\/sites\/5\/2023\/10\/modulares-z11-3-534x373.jpg 534w\" sizes=\"auto, (max-width: 2560px) 100vw, 2560px\" \/><\/a><\/p>\n<p>En cuanto al \u00e1rea de Hemato Oncolog\u00eda, compuesta por los m\u00f3dulos 3 y 4, ha tenido 1 mil 76 ingresos en lo que va de 2023. <strong>\u201cSe atiende a todos los pacientes del Seguro Social del pa\u00eds que ameriten diagn\u00f3stico y tratamiento de estas enfermedades\u201d<\/strong>, se\u00f1al\u00f3 el doctor No\u00e9 Vinicio Castro S\u00e1nchez, jefe del servicio.<\/p>\n<p>Cabe resaltar que la alimentaci\u00f3n de los enfermos se enfoca en preservar su nutrici\u00f3n, ya que es preparada con f\u00f3rmulas especiales, seg\u00fan sea el caso cl\u00ednico.<\/p>\n<p><a href=\"\/wp-content\/uploads\/sites\/5\/2023\/10\/modulares-z11-4-scaled.jpg\" target=\"_blank\" rel=\"noopener\"><img loading=\"lazy\" decoding=\"async\" class=\"alignnone wp-image-38385 size-full\" src=\"\/wp-content\/uploads\/sites\/5\/2023\/10\/modulares-z11-4-scaled.jpg\" alt=\"\" width=\"2560\" height=\"1686\" srcset=\"\/wp-content\/uploads\/sites\/5\/2023\/10\/modulares-z11-4-scaled.jpg 2560w, \/wp-content\/uploads\/sites\/5\/2023\/10\/modulares-z11-4-1024x675.jpg 1024w, \/wp-content\/uploads\/sites\/5\/2023\/10\/modulares-z11-4-696x459.jpg 696w, \/wp-content\/uploads\/sites\/5\/2023\/10\/modulares-z11-4-1068x704.jpg 1068w, \/wp-content\/uploads\/sites\/5\/2023\/10\/modulares-z11-4-1920x1265.jpg 1920w, \/wp-content\/uploads\/sites\/5\/2023\/10\/modulares-z11-4-300x198.jpg 300w, \/wp-content\/uploads\/sites\/5\/2023\/10\/modulares-z11-4-768x506.jpg 768w, \/wp-content\/uploads\/sites\/5\/2023\/10\/modulares-z11-4-1536x1012.jpg 1536w, \/wp-content\/uploads\/sites\/5\/2023\/10\/modulares-z11-4-2048x1349.jpg 2048w, \/wp-content\/uploads\/sites\/5\/2023\/10\/modulares-z11-4-638x420.jpg 638w, \/wp-content\/uploads\/sites\/5\/2023\/10\/modulares-z11-4-534x352.jpg 534w\" sizes=\"auto, (max-width: 2560px) 100vw, 2560px\" \/><\/a><\/p>\n","protected":false},"excerpt":{"rendered":"<p>Glenda Amarilis L\u00f3pez fue diagnosticada con mieloma m\u00faltiple (c\u00e1ncer de c\u00e9lulas plasm\u00e1ticas) hace m\u00e1s de un a\u00f1o. Durante ese tiempo recibi\u00f3 quimioterapias y en dos ocasiones ha estado internada en el Hospital Modular Zona 11. \u201cLa infraestructura tiene todo lo necesario para quienes sufrimos enfermedades graves. As\u00ed que gracias al Seguro Social por la oportunidad [&hellip;]<\/p>\n","protected":false},"author":1961,"featured_media":38383,"comment_status":"closed","ping_status":"closed","sticky":false,"template":"","format":"standard","meta":{"footnotes":""},"categories":[3],"tags":[1508,1443],"coauthors":[],"class_list":{"0":"post-38380","1":"post","2":"type-post","3":"status-publish","4":"format-standard","5":"has-post-thumbnail","7":"category-actualidad","8":"tag-hospital-modular-zona-11","9":"tag-unidad-periferica-zona-11"},"_links":{"self":[{"href":"https:\/\/www.igssgt.org\/noticias\/wp-json\/wp\/v2\/posts\/38380","targetHints":{"allow":["GET"]}}],"collection":[{"href":"https:\/\/www.igssgt.org\/noticias\/wp-json\/wp\/v2\/posts"}],"about":[{"href":"https:\/\/www.igssgt.org\/noticias\/wp-json\/wp\/v2\/types\/post"}],"author":[{"embeddable":true,"href":"https:\/\/www.igssgt.org\/noticias\/wp-json\/wp\/v2\/users\/1961"}],"replies":[{"embeddable":true,"href":"https:\/\/www.igssgt.org\/noticias\/wp-json\/wp\/v2\/comments?post=38380"}],"version-history":[{"count":2,"href":"https:\/\/www.igssgt.org\/noticias\/wp-json\/wp\/v2\/posts\/38380\/revisions"}],"predecessor-version":[{"id":38387,"href":"https:\/\/www.igssgt.org\/noticias\/wp-json\/wp\/v2\/posts\/38380\/revisions\/38387"}],"wp:featuredmedia":[{"embeddable":true,"href":"https:\/\/www.igssgt.org\/noticias\/wp-json\/wp\/v2\/media\/38383"}],"wp:attachment":[{"href":"https:\/\/www.igssgt.org\/noticias\/wp-json\/wp\/v2\/media?parent=38380"}],"wp:term":[{"taxonomy":"category","embeddable":true,"href":"https:\/\/www.igssgt.org\/noticias\/wp-json\/wp\/v2\/categories?post=38380"},{"taxonomy":"post_tag","embeddable":true,"href":"https:\/\/www.igssgt.org\/noticias\/wp-json\/wp\/v2\/tags?post=38380"},{"taxonomy":"author","embeddable":true,"href":"https:\/\/www.igssgt.org\/noticias\/wp-json\/wp\/v2\/coauthors?post=38380"}],"curies":[{"name":"wp","href":"https:\/\/api.w.org\/{rel}","templated":true}]}}