{"id":38395,"date":"2023-10-16T06:00:00","date_gmt":"2023-10-16T12:00:00","guid":{"rendered":"https:\/\/www.igssgt.org\/noticias\/?p=38395"},"modified":"2023-10-13T12:14:21","modified_gmt":"2023-10-13T18:14:21","slug":"el-seguro-social-inmunizo-a-mas-de-1-5-millones-de-personas-por-covid-19-en-2022","status":"publish","type":"post","link":"https:\/\/www.igssgt.org\/noticias\/2023\/10\/16\/el-seguro-social-inmunizo-a-mas-de-1-5-millones-de-personas-por-covid-19-en-2022\/","title":{"rendered":"El Seguro Social inmuniz\u00f3 a m\u00e1s de 1.5 millones de personas por COVID-19 en 2022"},"content":{"rendered":"\n<p class=\"has-drop-cap\">Durante el a\u00f1o 2022, el Instituto Guatemalteco de Seguridad Social dio cumplimiento al Plan Nacional de Vacunaci\u00f3n y continu\u00f3 la lucha contra el COVID-19 administrando 1 mill\u00f3n 648 mil 123 vacunas a la poblaci\u00f3n asegurada y al p\u00fablico en general.<\/p>\n\n\n\n<p><strong>\u201cLa vacunaci\u00f3n ayud\u00f3 a disminuir las tasas de morbilidad y mortalidad por este virus, as\u00ed como la demanda de hospitalizaci\u00f3n en los diferentes servicios de salud en el pa\u00eds\u201d<\/strong>, explic\u00f3 la doctora Ada Vargas, epidemi\u00f3loga del Instituto.<\/p>\n<p><a href=\"\/wp-content\/uploads\/sites\/5\/2023\/10\/vacunas-covid19-7.jpg\" target=\"_blank\" rel=\"noopener\"><img loading=\"lazy\" decoding=\"async\" class=\"alignnone wp-image-38402 size-full\" src=\"\/wp-content\/uploads\/sites\/5\/2023\/10\/vacunas-covid19-7.jpg\" alt=\"\" width=\"1600\" height=\"898\" srcset=\"\/wp-content\/uploads\/sites\/5\/2023\/10\/vacunas-covid19-7.jpg 1600w, \/wp-content\/uploads\/sites\/5\/2023\/10\/vacunas-covid19-7-300x168.jpg 300w, \/wp-content\/uploads\/sites\/5\/2023\/10\/vacunas-covid19-7-768x431.jpg 768w, \/wp-content\/uploads\/sites\/5\/2023\/10\/vacunas-covid19-7-1024x575.jpg 1024w, \/wp-content\/uploads\/sites\/5\/2023\/10\/vacunas-covid19-7-1536x862.jpg 1536w, \/wp-content\/uploads\/sites\/5\/2023\/10\/vacunas-covid19-7-748x420.jpg 748w, \/wp-content\/uploads\/sites\/5\/2023\/10\/vacunas-covid19-7-696x391.jpg 696w, \/wp-content\/uploads\/sites\/5\/2023\/10\/vacunas-covid19-7-1068x599.jpg 1068w, \/wp-content\/uploads\/sites\/5\/2023\/10\/vacunas-covid19-7-534x300.jpg 534w\" sizes=\"auto, (max-width: 1600px) 100vw, 1600px\" \/><\/a><\/p>\n<p>Las vacunas administradas fueron de la plataforma de ARN mensajero (Pfizer\/BioNTech y Moderna) y de la plataforma de vector viral no replicable (AstraZeneca y Sputnik V).<\/p>\n<p>De acuerdo con la especialista, se debe seguir promoviendo la vacunaci\u00f3n contra el COVID, pues previene la enfermedad grave, el riesgo de hospitalizaci\u00f3n y la muerte por el virus SARS-CoV-2.<\/p>\n<p><a href=\"\/wp-content\/uploads\/sites\/5\/2023\/10\/vacunas-covid19-5.jpg\" target=\"_blank\" rel=\"noopener\"><img loading=\"lazy\" decoding=\"async\" class=\"alignnone wp-image-38400 size-full\" src=\"\/wp-content\/uploads\/sites\/5\/2023\/10\/vacunas-covid19-5.jpg\" alt=\"\" width=\"1600\" height=\"1066\" srcset=\"\/wp-content\/uploads\/sites\/5\/2023\/10\/vacunas-covid19-5.jpg 1600w, \/wp-content\/uploads\/sites\/5\/2023\/10\/vacunas-covid19-5-300x200.jpg 300w, \/wp-content\/uploads\/sites\/5\/2023\/10\/vacunas-covid19-5-768x512.jpg 768w, \/wp-content\/uploads\/sites\/5\/2023\/10\/vacunas-covid19-5-1024x682.jpg 1024w, \/wp-content\/uploads\/sites\/5\/2023\/10\/vacunas-covid19-5-1536x1023.jpg 1536w, \/wp-content\/uploads\/sites\/5\/2023\/10\/vacunas-covid19-5-630x420.jpg 630w, \/wp-content\/uploads\/sites\/5\/2023\/10\/vacunas-covid19-5-696x464.jpg 696w, \/wp-content\/uploads\/sites\/5\/2023\/10\/vacunas-covid19-5-1068x712.jpg 1068w, \/wp-content\/uploads\/sites\/5\/2023\/10\/vacunas-covid19-5-534x356.jpg 534w\" sizes=\"auto, (max-width: 1600px) 100vw, 1600px\" \/><\/a><\/p>\n<p>A pesar de que ya se super\u00f3 el periodo m\u00e1s grave de la pandemia, es importante que se contin\u00fae con las medidas de bioseguridad: el lavado constante de manos, uso de mascarilla y el distanciamiento f\u00edsico, indic\u00f3 la epidemi\u00f3loga.<\/p>\n\n\n\n\r\n                <style type=\"text\/css\">\r\n                    \r\n                    #tdi_1  .td-doubleSlider-2 .td-item1 {\r\n                        background: url(\/wp-content\/uploads\/sites\/5\/2023\/10\/vacunas-covid19-3-80x60.jpg) 0 0 no-repeat;\r\n                    }\r\n                    #tdi_1  .td-doubleSlider-2 .td-item2 {\r\n                        background: url(\/wp-content\/uploads\/sites\/5\/2023\/10\/vacunas-covid19-6-80x60.jpg) 0 0 no-repeat;\r\n                    }\r\n                    #tdi_1  .td-doubleSlider-2 .td-item3 {\r\n                        background: url(\/wp-content\/uploads\/sites\/5\/2023\/10\/vacunas-covid19-4-80x60.jpg) 0 0 no-repeat;\r\n                    }\r\n                    #tdi_1  .td-doubleSlider-2 .td-item4 {\r\n                        background: url(\/wp-content\/uploads\/sites\/5\/2023\/10\/vacunas-covid19-2-80x60.jpg) 0 0 no-repeat;\r\n                    }\r\n                <\/style>\r\n\r\n                <div id=\"tdi_1\" class=\"td-gallery td-slide-on-2-columns\">\r\n                    <div class=\"post_td_gallery\">\r\n                        <div class=\"td-gallery-slide-top\">\r\n                           <div class=\"td-gallery-title\"><\/div>\r\n\r\n                            <div class=\"td-gallery-controls-wrapper\">\r\n                                <div class=\"td-gallery-slide-count\"><span class=\"td-gallery-slide-item-focus\">1<\/span> de 4<\/div>\r\n                                <div class=\"td-gallery-slide-prev-next-but\">\r\n                                    <i class = \"td-icon-left doubleSliderPrevButton\"><\/i>\r\n                                    <i class = \"td-icon-right doubleSliderNextButton\"><\/i>\r\n                                <\/div>\r\n                            <\/div>\r\n                        <\/div>\r\n\r\n                        <div class = \"td-doubleSlider-1 \">\r\n                            <div class = \"td-slider\">\r\n                                \r\n                    <div class = \"td-slide-item td-item1\">\r\n                        <figure class=\"td-slide-galery-figure td-slide-popup-gallery\">\r\n                            <a class=\"slide-gallery-image-link\" href=\"\/wp-content\/uploads\/sites\/5\/2023\/10\/vacunas-covid19-3.jpg\" title=\"vacunas covid19-3\"  data-caption=\"\"  data-description=\"\">\r\n                                <img decoding=\"async\" src=\"\/wp-content\/uploads\/sites\/5\/2023\/10\/vacunas-covid19-3-630x420.jpg\" srcset=\"\/wp-content\/uploads\/sites\/5\/2023\/10\/vacunas-covid19-3-630x420.jpg 630w, \/wp-content\/uploads\/sites\/5\/2023\/10\/vacunas-covid19-3-300x200.jpg 300w, \/wp-content\/uploads\/sites\/5\/2023\/10\/vacunas-covid19-3-768x512.jpg 768w, \/wp-content\/uploads\/sites\/5\/2023\/10\/vacunas-covid19-3-1024x682.jpg 1024w, \/wp-content\/uploads\/sites\/5\/2023\/10\/vacunas-covid19-3-1536x1023.jpg 1536w, \/wp-content\/uploads\/sites\/5\/2023\/10\/vacunas-covid19-3-696x464.jpg 696w, \/wp-content\/uploads\/sites\/5\/2023\/10\/vacunas-covid19-3-1068x712.jpg 1068w, \/wp-content\/uploads\/sites\/5\/2023\/10\/vacunas-covid19-3-534x356.jpg 534w, \/wp-content\/uploads\/sites\/5\/2023\/10\/vacunas-covid19-3.jpg 1600w\" sizes=\"(max-width: 630px) 100vw, 630px\" alt=\"\">\r\n                            <\/a>\r\n                            \r\n                        <\/figure>\r\n                    <\/div>\r\n                    <div class = \"td-slide-item td-item2\">\r\n                        <figure class=\"td-slide-galery-figure td-slide-popup-gallery\">\r\n                            <a class=\"slide-gallery-image-link\" href=\"\/wp-content\/uploads\/sites\/5\/2023\/10\/vacunas-covid19-6.jpg\" title=\"vacunas covid19-6\"  data-caption=\"\"  data-description=\"\">\r\n                                <img decoding=\"async\" src=\"\/wp-content\/uploads\/sites\/5\/2023\/10\/vacunas-covid19-6-560x420.jpg\" srcset=\"\/wp-content\/uploads\/sites\/5\/2023\/10\/vacunas-covid19-6-560x420.jpg 560w, \/wp-content\/uploads\/sites\/5\/2023\/10\/vacunas-covid19-6-300x225.jpg 300w, \/wp-content\/uploads\/sites\/5\/2023\/10\/vacunas-covid19-6-768x576.jpg 768w, \/wp-content\/uploads\/sites\/5\/2023\/10\/vacunas-covid19-6-1024x768.jpg 1024w, \/wp-content\/uploads\/sites\/5\/2023\/10\/vacunas-covid19-6-1536x1152.jpg 1536w, \/wp-content\/uploads\/sites\/5\/2023\/10\/vacunas-covid19-6-80x60.jpg 80w, \/wp-content\/uploads\/sites\/5\/2023\/10\/vacunas-covid19-6-696x522.jpg 696w, \/wp-content\/uploads\/sites\/5\/2023\/10\/vacunas-covid19-6-1068x801.jpg 1068w, \/wp-content\/uploads\/sites\/5\/2023\/10\/vacunas-covid19-6-265x198.jpg 265w, \/wp-content\/uploads\/sites\/5\/2023\/10\/vacunas-covid19-6-534x401.jpg 534w, \/wp-content\/uploads\/sites\/5\/2023\/10\/vacunas-covid19-6.jpg 1600w\" sizes=\"(max-width: 560px) 100vw, 560px\" alt=\"\">\r\n                            <\/a>\r\n                            \r\n                        <\/figure>\r\n                    <\/div>\r\n                    <div class = \"td-slide-item td-item3\">\r\n                        <figure class=\"td-slide-galery-figure td-slide-popup-gallery\">\r\n                            <a class=\"slide-gallery-image-link\" href=\"\/wp-content\/uploads\/sites\/5\/2023\/10\/vacunas-covid19-4.jpg\" title=\"vacunas covid19-4\"  data-caption=\"\"  data-description=\"\">\r\n                                <img decoding=\"async\" src=\"\/wp-content\/uploads\/sites\/5\/2023\/10\/vacunas-covid19-4-748x420.jpg\" srcset=\"\/wp-content\/uploads\/sites\/5\/2023\/10\/vacunas-covid19-4-748x420.jpg 748w, \/wp-content\/uploads\/sites\/5\/2023\/10\/vacunas-covid19-4-300x168.jpg 300w, \/wp-content\/uploads\/sites\/5\/2023\/10\/vacunas-covid19-4-768x431.jpg 768w, \/wp-content\/uploads\/sites\/5\/2023\/10\/vacunas-covid19-4-1024x575.jpg 1024w, \/wp-content\/uploads\/sites\/5\/2023\/10\/vacunas-covid19-4-1536x862.jpg 1536w, \/wp-content\/uploads\/sites\/5\/2023\/10\/vacunas-covid19-4-696x391.jpg 696w, \/wp-content\/uploads\/sites\/5\/2023\/10\/vacunas-covid19-4-1068x599.jpg 1068w, \/wp-content\/uploads\/sites\/5\/2023\/10\/vacunas-covid19-4-534x300.jpg 534w, \/wp-content\/uploads\/sites\/5\/2023\/10\/vacunas-covid19-4.jpg 1600w\" sizes=\"(max-width: 748px) 100vw, 748px\" alt=\"\">\r\n                            <\/a>\r\n                            \r\n                        <\/figure>\r\n                    <\/div>\r\n                    <div class = \"td-slide-item td-item4\">\r\n                        <figure class=\"td-slide-galery-figure td-slide-popup-gallery\">\r\n                            <a class=\"slide-gallery-image-link\" href=\"\/wp-content\/uploads\/sites\/5\/2023\/10\/vacunas-covid19-2.jpg\" title=\"vacunas covid19-2\"  data-caption=\"\"  data-description=\"\">\r\n                                <img decoding=\"async\" src=\"\/wp-content\/uploads\/sites\/5\/2023\/10\/vacunas-covid19-2-615x420.jpg\" srcset=\"\/wp-content\/uploads\/sites\/5\/2023\/10\/vacunas-covid19-2-615x420.jpg 615w, \/wp-content\/uploads\/sites\/5\/2023\/10\/vacunas-covid19-2-300x205.jpg 300w, \/wp-content\/uploads\/sites\/5\/2023\/10\/vacunas-covid19-2-768x525.jpg 768w, \/wp-content\/uploads\/sites\/5\/2023\/10\/vacunas-covid19-2-1024x699.jpg 1024w, \/wp-content\/uploads\/sites\/5\/2023\/10\/vacunas-covid19-2-218x150.jpg 218w, \/wp-content\/uploads\/sites\/5\/2023\/10\/vacunas-covid19-2-696x475.jpg 696w, \/wp-content\/uploads\/sites\/5\/2023\/10\/vacunas-covid19-2-1068x729.jpg 1068w, \/wp-content\/uploads\/sites\/5\/2023\/10\/vacunas-covid19-2-534x365.jpg 534w, \/wp-content\/uploads\/sites\/5\/2023\/10\/vacunas-covid19-2.jpg 1492w\" sizes=\"(max-width: 615px) 100vw, 615px\" alt=\"\">\r\n                            <\/a>\r\n                            \r\n                        <\/figure>\r\n                    <\/div>\r\n                            <\/div>\r\n                        <\/div>\r\n\r\n                        <div class = \"td-doubleSlider-2\">\r\n                            <div class = \"td-slider\">\r\n                                \r\n                    <div class = \"td-button td-item1\">\r\n                        <div class = \"td-border\"><\/div>\r\n                    <\/div>\r\n                    <div class = \"td-button td-item2\">\r\n                        <div class = \"td-border\"><\/div>\r\n                    <\/div>\r\n                    <div class = \"td-button td-item3\">\r\n                        <div class = \"td-border\"><\/div>\r\n                    <\/div>\r\n                    <div class = \"td-button td-item4\">\r\n                        <div class = \"td-border\"><\/div>\r\n                    <\/div>\r\n                            <\/div>\r\n                        <\/div>\r\n\r\n                    <\/div>\r\n\r\n                <\/div>\r\n                \n","protected":false},"excerpt":{"rendered":"<p>Durante el a\u00f1o 2022, el Instituto Guatemalteco de Seguridad Social dio cumplimiento al Plan Nacional de Vacunaci\u00f3n y continu\u00f3 la lucha contra el COVID-19 administrando 1 mill\u00f3n 648 mil 123 vacunas a la poblaci\u00f3n asegurada y al p\u00fablico en general. \u201cLa vacunaci\u00f3n ayud\u00f3 a disminuir las tasas de morbilidad y mortalidad por este virus, as\u00ed [&hellip;]<\/p>\n","protected":false},"author":1961,"featured_media":38396,"comment_status":"closed","ping_status":"closed","sticky":false,"template":"","format":"standard","meta":{"footnotes":""},"categories":[3],"tags":[1155,1287],"coauthors":[1448],"class_list":{"0":"post-38395","1":"post","2":"type-post","3":"status-publish","4":"format-standard","5":"has-post-thumbnail","7":"category-actualidad","8":"tag-covid-19","9":"tag-vacunas-covid-19"},"_links":{"self":[{"href":"https:\/\/www.igssgt.org\/noticias\/wp-json\/wp\/v2\/posts\/38395","targetHints":{"allow":["GET"]}}],"collection":[{"href":"https:\/\/www.igssgt.org\/noticias\/wp-json\/wp\/v2\/posts"}],"about":[{"href":"https:\/\/www.igssgt.org\/noticias\/wp-json\/wp\/v2\/types\/post"}],"author":[{"embeddable":true,"href":"https:\/\/www.igssgt.org\/noticias\/wp-json\/wp\/v2\/users\/1961"}],"replies":[{"embeddable":true,"href":"https:\/\/www.igssgt.org\/noticias\/wp-json\/wp\/v2\/comments?post=38395"}],"version-history":[{"count":1,"href":"https:\/\/www.igssgt.org\/noticias\/wp-json\/wp\/v2\/posts\/38395\/revisions"}],"predecessor-version":[{"id":38403,"href":"https:\/\/www.igssgt.org\/noticias\/wp-json\/wp\/v2\/posts\/38395\/revisions\/38403"}],"wp:featuredmedia":[{"embeddable":true,"href":"https:\/\/www.igssgt.org\/noticias\/wp-json\/wp\/v2\/media\/38396"}],"wp:attachment":[{"href":"https:\/\/www.igssgt.org\/noticias\/wp-json\/wp\/v2\/media?parent=38395"}],"wp:term":[{"taxonomy":"category","embeddable":true,"href":"https:\/\/www.igssgt.org\/noticias\/wp-json\/wp\/v2\/categories?post=38395"},{"taxonomy":"post_tag","embeddable":true,"href":"https:\/\/www.igssgt.org\/noticias\/wp-json\/wp\/v2\/tags?post=38395"},{"taxonomy":"author","embeddable":true,"href":"https:\/\/www.igssgt.org\/noticias\/wp-json\/wp\/v2\/coauthors?post=38395"}],"curies":[{"name":"wp","href":"https:\/\/api.w.org\/{rel}","templated":true}]}}