{"id":38406,"date":"2023-10-13T16:13:05","date_gmt":"2023-10-13T22:13:05","guid":{"rendered":"https:\/\/www.igssgt.org\/noticias\/?p=38406"},"modified":"2023-10-13T16:16:06","modified_gmt":"2023-10-13T22:16:06","slug":"adriel-y-joshua-prematuros-tienen-oportunidad-de-vida-gracias-a-la-seguridad-social","status":"publish","type":"post","link":"https:\/\/www.igssgt.org\/noticias\/2023\/10\/13\/adriel-y-joshua-prematuros-tienen-oportunidad-de-vida-gracias-a-la-seguridad-social\/","title":{"rendered":"Adriel y Joshua: prematuros tienen oportunidad de vida gracias a la Seguridad Social"},"content":{"rendered":"\n<p class=\"has-drop-cap\">El lunes 9 de octubre comenz\u00f3 de forma habitual en el hogar Mor\u00e1n Reyes. Sin embargo, cerca de las 10 de la ma\u00f1ana la tranquilidad dio paso a la preocupaci\u00f3n, pues un sangrado vaginal desat\u00f3 los peores pensamientos en la primeriza y futura madre.<\/p>\n\n\n\n<p>Sin m\u00e1s, su familia se apresur\u00f3 para llevarla al centro asistencial m\u00e1s cercano, pero no pudo ser atendida por lo que horas despu\u00e9s fue llevada al Seguro Social de la localidad. Tendr\u00eda un parto prematuro.<\/p>\n<p>Cerca de las 7 de la noche del 11 de octubre, Adriel Omar y Joshua Benjam\u00edn eran recibidos por personal m\u00e9dico del Hospital Dr. Juan Jos\u00e9 Ar\u00e9valo Bermejo, por su condici\u00f3n de \u201cpron\u00f3stico reservado\u201d al venir al mundo con 26 semanas de gestaci\u00f3n.<\/p>\n<p><a href=\"\/wp-content\/uploads\/sites\/5\/2023\/10\/bebes-prematuros-IGSS-2023-4.jpg\"><img loading=\"lazy\" decoding=\"async\" class=\"alignnone size-full wp-image-38408\" src=\"\/wp-content\/uploads\/sites\/5\/2023\/10\/bebes-prematuros-IGSS-2023-4.jpg\" alt=\"\" width=\"768\" height=\"1024\" srcset=\"\/wp-content\/uploads\/sites\/5\/2023\/10\/bebes-prematuros-IGSS-2023-4.jpg 768w, \/wp-content\/uploads\/sites\/5\/2023\/10\/bebes-prematuros-IGSS-2023-4-225x300.jpg 225w, \/wp-content\/uploads\/sites\/5\/2023\/10\/bebes-prematuros-IGSS-2023-4-315x420.jpg 315w, \/wp-content\/uploads\/sites\/5\/2023\/10\/bebes-prematuros-IGSS-2023-4-696x928.jpg 696w, \/wp-content\/uploads\/sites\/5\/2023\/10\/bebes-prematuros-IGSS-2023-4-347x462.jpg 347w\" sizes=\"auto, (max-width: 768px) 100vw, 768px\" \/><\/a><\/p>\n<p>De inmediato fueron internados en el Servicio de Neonatos en donde un equipo multidisciplinario dispuso su experiencia y del equipamiento moderno para brindarles oportunamente los cuidados urgentes a los hermanitos.<\/p>\n<p>Diecis\u00e9is horas despu\u00e9s, los gemelos de la cuna 1 y 2 enfrentan la vida lejos de la compa\u00f1\u00eda de su madre, pero ya muestran su fortaleza. Uno de ellos, de poco m\u00e1s de 4 libras, respira por s\u00ed solo y ya recibe alimentaci\u00f3n especial. Mientras que su compa\u00f1ero de gestaci\u00f3n requiri\u00f3 de ventilaci\u00f3n asistida.<\/p>\n<p>\u201cAmbos vinieron con bajo peso y alto riesgo neonatal, el de menos de 3 libras era el m\u00e1s delicado. Aunque no requiri\u00f3 de respiraci\u00f3n invasiva, ya est\u00e1 estable. Los dos quedar\u00e1n luego a la espera de que mam\u00e1 les proporcione su lactancia\u201d, explic\u00f3 la neonat\u00f3loga Evelyn Valenzuela.<\/p>\n<p><a href=\"\/wp-content\/uploads\/sites\/5\/2023\/10\/bebes-prematuros-IGSS-2023-5.jpg\"><img loading=\"lazy\" decoding=\"async\" class=\"alignnone size-full wp-image-38409\" src=\"\/wp-content\/uploads\/sites\/5\/2023\/10\/bebes-prematuros-IGSS-2023-5.jpg\" alt=\"\" width=\"603\" height=\"586\" srcset=\"\/wp-content\/uploads\/sites\/5\/2023\/10\/bebes-prematuros-IGSS-2023-5.jpg 603w, \/wp-content\/uploads\/sites\/5\/2023\/10\/bebes-prematuros-IGSS-2023-5-300x292.jpg 300w, \/wp-content\/uploads\/sites\/5\/2023\/10\/bebes-prematuros-IGSS-2023-5-432x420.jpg 432w, \/wp-content\/uploads\/sites\/5\/2023\/10\/bebes-prematuros-IGSS-2023-5-475x462.jpg 475w\" sizes=\"auto, (max-width: 603px) 100vw, 603px\" \/><\/a><\/p>\n<p>Mientras tanto, la afiliada Marleny Mor\u00e1n, madre de Adriel y Joshua, se recupera del alumbramiento por ces\u00e1rea, tras ser atendida en el Consultorio del IGSS Sayaxch\u00e9, Pet\u00e9n.<\/p>\n<p>En unos d\u00edas estar\u00eda al lado de sus primog\u00e9nitos, pero una afecci\u00f3n card\u00edaca detectada durante el parto, le imposibilitar\u00e1 abrazarlos pronto. Adem\u00e1s, el inconveniente de recorrer m\u00e1s de 400 kil\u00f3metros y sortear los bloqueos, arriesgan m\u00e1s su salud.<\/p>\n<p>Como se pudo arriesgar la vida de los peque\u00f1os, que se evit\u00f3 gracias a la directora de la unidad de Sayaxch\u00e9, doctora Vivian Portillo quien gestion\u00f3 su traslado a la capital en avioneta.<\/p>\n<p><a href=\"\/wp-content\/uploads\/sites\/5\/2023\/10\/bebes-prematuros-IGSS-2023-2.jpg\"><img loading=\"lazy\" decoding=\"async\" class=\"alignnone size-full wp-image-38410\" src=\"\/wp-content\/uploads\/sites\/5\/2023\/10\/bebes-prematuros-IGSS-2023-2.jpg\" alt=\"\" width=\"792\" height=\"576\" srcset=\"\/wp-content\/uploads\/sites\/5\/2023\/10\/bebes-prematuros-IGSS-2023-2.jpg 792w, \/wp-content\/uploads\/sites\/5\/2023\/10\/bebes-prematuros-IGSS-2023-2-300x218.jpg 300w, \/wp-content\/uploads\/sites\/5\/2023\/10\/bebes-prematuros-IGSS-2023-2-768x559.jpg 768w, \/wp-content\/uploads\/sites\/5\/2023\/10\/bebes-prematuros-IGSS-2023-2-578x420.jpg 578w, \/wp-content\/uploads\/sites\/5\/2023\/10\/bebes-prematuros-IGSS-2023-2-696x506.jpg 696w, \/wp-content\/uploads\/sites\/5\/2023\/10\/bebes-prematuros-IGSS-2023-2-324x235.jpg 324w, \/wp-content\/uploads\/sites\/5\/2023\/10\/bebes-prematuros-IGSS-2023-2-534x388.jpg 534w\" sizes=\"auto, (max-width: 792px) 100vw, 792px\" \/><\/a><br \/><br \/>\u201cAgradezco a todo el personal del Seguro Social, tanto de Sayaxch\u00e9 como del hospital de la zona 6, por las atenciones para mis hijos y esposa. Ver a los gemelos y o\u00edr al doctor me llenan de esperanza\u201d, coment\u00f3 el transportista y alba\u00f1il Ricardo Reyes, pap\u00e1 de los gemelos, quien a las 4:00 de la ma\u00f1ana estaba en la ciudad.<br \/><br \/>As\u00ed, la familia residente del caser\u00edo San Juan Acul, recibi\u00f3 parte de la cobertura de la Seguridad Social, al beneficiarse de los cuidados pre y post maternos, y atenci\u00f3n especializada para los derechohabientes desde el primer d\u00eda de vida.<\/p>\n\r\n                <style type=\"text\/css\">\r\n                    \r\n                    #tdi_1  .td-doubleSlider-2 .td-item1 {\r\n                        background: url(\/wp-content\/uploads\/sites\/5\/2023\/10\/bebes-prematuros-IGSS-2023-1-80x60.jpg) 0 0 no-repeat;\r\n                    }\r\n                    #tdi_1  .td-doubleSlider-2 .td-item2 {\r\n                        background: url(\/wp-content\/uploads\/sites\/5\/2023\/10\/bebes-prematuros-IGSS-2023-6-80x60.jpg) 0 0 no-repeat;\r\n                    }\r\n                    #tdi_1  .td-doubleSlider-2 .td-item3 {\r\n                        background: url(\/wp-content\/uploads\/sites\/5\/2023\/10\/bebes-prematuros-IGSS-2023-3-80x60.jpg) 0 0 no-repeat;\r\n                    }\r\n                    #tdi_1  .td-doubleSlider-2 .td-item4 {\r\n                        background: url(\/wp-content\/uploads\/sites\/5\/2023\/10\/bebes-prematuros-IGSS-2023-2-80x60.jpg) 0 0 no-repeat;\r\n                    }\r\n                    #tdi_1  .td-doubleSlider-2 .td-item5 {\r\n                        background: url(\/wp-content\/uploads\/sites\/5\/2023\/10\/bebes-prematuros-IGSS-2023-5-80x60.jpg) 0 0 no-repeat;\r\n                    }\r\n                    #tdi_1  .td-doubleSlider-2 .td-item6 {\r\n                        background: url(\/wp-content\/uploads\/sites\/5\/2023\/10\/bebes-prematuros-IGSS-2023-4-80x60.jpg) 0 0 no-repeat;\r\n                    }\r\n                <\/style>\r\n\r\n                <div id=\"tdi_1\" class=\"td-gallery td-slide-on-2-columns\">\r\n                    <div class=\"post_td_gallery\">\r\n                        <div class=\"td-gallery-slide-top\">\r\n                           <div class=\"td-gallery-title\">Galer\u00eda de Imagenes<\/div>\r\n\r\n                            <div class=\"td-gallery-controls-wrapper\">\r\n                                <div class=\"td-gallery-slide-count\"><span class=\"td-gallery-slide-item-focus\">1<\/span> de 6<\/div>\r\n                                <div class=\"td-gallery-slide-prev-next-but\">\r\n                                    <i class = \"td-icon-left doubleSliderPrevButton\"><\/i>\r\n                                    <i class = \"td-icon-right doubleSliderNextButton\"><\/i>\r\n                                <\/div>\r\n                            <\/div>\r\n                        <\/div>\r\n\r\n                        <div class = \"td-doubleSlider-1 \">\r\n                            <div class = \"td-slider\">\r\n                                \r\n                    <div class = \"td-slide-item td-item1\">\r\n                        <figure class=\"td-slide-galery-figure td-slide-popup-gallery\">\r\n                            <a class=\"slide-gallery-image-link\" href=\"\/wp-content\/uploads\/sites\/5\/2023\/10\/bebes-prematuros-IGSS-2023-1.jpg\" title=\"bebes prematuros IGSS 2023-1\"  data-caption=\"\"  data-description=\"\">\r\n                                <img decoding=\"async\" src=\"\/wp-content\/uploads\/sites\/5\/2023\/10\/bebes-prematuros-IGSS-2023-1-346x420.jpg\" srcset=\"\/wp-content\/uploads\/sites\/5\/2023\/10\/bebes-prematuros-IGSS-2023-1-346x420.jpg 346w, \/wp-content\/uploads\/sites\/5\/2023\/10\/bebes-prematuros-IGSS-2023-1-247x300.jpg 247w, \/wp-content\/uploads\/sites\/5\/2023\/10\/bebes-prematuros-IGSS-2023-1-380x462.jpg 380w, \/wp-content\/uploads\/sites\/5\/2023\/10\/bebes-prematuros-IGSS-2023-1.jpg 576w\" sizes=\"(max-width: 346px) 100vw, 346px\" alt=\"\">\r\n                            <\/a>\r\n                            \r\n                        <\/figure>\r\n                    <\/div>\r\n                    <div class = \"td-slide-item td-item2\">\r\n                        <figure class=\"td-slide-galery-figure td-slide-popup-gallery\">\r\n                            <a class=\"slide-gallery-image-link\" href=\"\/wp-content\/uploads\/sites\/5\/2023\/10\/bebes-prematuros-IGSS-2023-6.jpg\" title=\"bebes prematuros IGSS 2023-6\"  data-caption=\"\"  data-description=\"\">\r\n                                <img decoding=\"async\" src=\"\/wp-content\/uploads\/sites\/5\/2023\/10\/bebes-prematuros-IGSS-2023-6-315x420.jpg\" srcset=\"\/wp-content\/uploads\/sites\/5\/2023\/10\/bebes-prematuros-IGSS-2023-6-315x420.jpg 315w, \/wp-content\/uploads\/sites\/5\/2023\/10\/bebes-prematuros-IGSS-2023-6-225x300.jpg 225w, \/wp-content\/uploads\/sites\/5\/2023\/10\/bebes-prematuros-IGSS-2023-6-696x928.jpg 696w, \/wp-content\/uploads\/sites\/5\/2023\/10\/bebes-prematuros-IGSS-2023-6-347x462.jpg 347w, \/wp-content\/uploads\/sites\/5\/2023\/10\/bebes-prematuros-IGSS-2023-6.jpg 768w\" sizes=\"(max-width: 315px) 100vw, 315px\" alt=\"\">\r\n                            <\/a>\r\n                            \r\n                        <\/figure>\r\n                    <\/div>\r\n                    <div class = \"td-slide-item td-item3\">\r\n                        <figure class=\"td-slide-galery-figure td-slide-popup-gallery\">\r\n                            <a class=\"slide-gallery-image-link\" href=\"\/wp-content\/uploads\/sites\/5\/2023\/10\/bebes-prematuros-IGSS-2023-3.jpg\" title=\"bebes prematuros IGSS 2023-3\"  data-caption=\"\"  data-description=\"\">\r\n                                <img decoding=\"async\" src=\"\/wp-content\/uploads\/sites\/5\/2023\/10\/bebes-prematuros-IGSS-2023-3-586x420.jpg\" srcset=\"\/wp-content\/uploads\/sites\/5\/2023\/10\/bebes-prematuros-IGSS-2023-3-586x420.jpg 586w, \/wp-content\/uploads\/sites\/5\/2023\/10\/bebes-prematuros-IGSS-2023-3-300x215.jpg 300w, \/wp-content\/uploads\/sites\/5\/2023\/10\/bebes-prematuros-IGSS-2023-3-534x383.jpg 534w, \/wp-content\/uploads\/sites\/5\/2023\/10\/bebes-prematuros-IGSS-2023-3.jpg 661w\" sizes=\"(max-width: 586px) 100vw, 586px\" alt=\"\">\r\n                            <\/a>\r\n                            \r\n                        <\/figure>\r\n                    <\/div>\r\n                    <div class = \"td-slide-item td-item4\">\r\n                        <figure class=\"td-slide-galery-figure td-slide-popup-gallery\">\r\n                            <a class=\"slide-gallery-image-link\" href=\"\/wp-content\/uploads\/sites\/5\/2023\/10\/bebes-prematuros-IGSS-2023-2.jpg\" title=\"bebes prematuros IGSS 2023-2\"  data-caption=\"\"  data-description=\"\">\r\n                                <img decoding=\"async\" src=\"\/wp-content\/uploads\/sites\/5\/2023\/10\/bebes-prematuros-IGSS-2023-2-578x420.jpg\" srcset=\"\/wp-content\/uploads\/sites\/5\/2023\/10\/bebes-prematuros-IGSS-2023-2-578x420.jpg 578w, \/wp-content\/uploads\/sites\/5\/2023\/10\/bebes-prematuros-IGSS-2023-2-300x218.jpg 300w, \/wp-content\/uploads\/sites\/5\/2023\/10\/bebes-prematuros-IGSS-2023-2-768x559.jpg 768w, \/wp-content\/uploads\/sites\/5\/2023\/10\/bebes-prematuros-IGSS-2023-2-696x506.jpg 696w, \/wp-content\/uploads\/sites\/5\/2023\/10\/bebes-prematuros-IGSS-2023-2-324x235.jpg 324w, \/wp-content\/uploads\/sites\/5\/2023\/10\/bebes-prematuros-IGSS-2023-2-534x388.jpg 534w, \/wp-content\/uploads\/sites\/5\/2023\/10\/bebes-prematuros-IGSS-2023-2.jpg 792w\" sizes=\"(max-width: 578px) 100vw, 578px\" alt=\"\">\r\n                            <\/a>\r\n                            \r\n                        <\/figure>\r\n                    <\/div>\r\n                    <div class = \"td-slide-item td-item5\">\r\n                        <figure class=\"td-slide-galery-figure td-slide-popup-gallery\">\r\n                            <a class=\"slide-gallery-image-link\" href=\"\/wp-content\/uploads\/sites\/5\/2023\/10\/bebes-prematuros-IGSS-2023-5.jpg\" title=\"bebes prematuros IGSS 2023-5\"  data-caption=\"\"  data-description=\"\">\r\n                                <img decoding=\"async\" src=\"\/wp-content\/uploads\/sites\/5\/2023\/10\/bebes-prematuros-IGSS-2023-5-432x420.jpg\" srcset=\"\/wp-content\/uploads\/sites\/5\/2023\/10\/bebes-prematuros-IGSS-2023-5-432x420.jpg 432w, \/wp-content\/uploads\/sites\/5\/2023\/10\/bebes-prematuros-IGSS-2023-5-300x292.jpg 300w, \/wp-content\/uploads\/sites\/5\/2023\/10\/bebes-prematuros-IGSS-2023-5-475x462.jpg 475w, \/wp-content\/uploads\/sites\/5\/2023\/10\/bebes-prematuros-IGSS-2023-5.jpg 603w\" sizes=\"(max-width: 432px) 100vw, 432px\" alt=\"\">\r\n                            <\/a>\r\n                            \r\n                        <\/figure>\r\n                    <\/div>\r\n                    <div class = \"td-slide-item td-item6\">\r\n                        <figure class=\"td-slide-galery-figure td-slide-popup-gallery\">\r\n                            <a class=\"slide-gallery-image-link\" href=\"\/wp-content\/uploads\/sites\/5\/2023\/10\/bebes-prematuros-IGSS-2023-4.jpg\" title=\"bebes prematuros IGSS 2023-4\"  data-caption=\"\"  data-description=\"\">\r\n                                <img decoding=\"async\" src=\"\/wp-content\/uploads\/sites\/5\/2023\/10\/bebes-prematuros-IGSS-2023-4-315x420.jpg\" srcset=\"\/wp-content\/uploads\/sites\/5\/2023\/10\/bebes-prematuros-IGSS-2023-4-315x420.jpg 315w, \/wp-content\/uploads\/sites\/5\/2023\/10\/bebes-prematuros-IGSS-2023-4-225x300.jpg 225w, \/wp-content\/uploads\/sites\/5\/2023\/10\/bebes-prematuros-IGSS-2023-4-696x928.jpg 696w, \/wp-content\/uploads\/sites\/5\/2023\/10\/bebes-prematuros-IGSS-2023-4-347x462.jpg 347w, \/wp-content\/uploads\/sites\/5\/2023\/10\/bebes-prematuros-IGSS-2023-4.jpg 768w\" sizes=\"(max-width: 315px) 100vw, 315px\" alt=\"\">\r\n                            <\/a>\r\n                            \r\n                        <\/figure>\r\n                    <\/div>\r\n                            <\/div>\r\n                        <\/div>\r\n\r\n                        <div class = \"td-doubleSlider-2\">\r\n                            <div class = \"td-slider\">\r\n                                \r\n                    <div class = \"td-button td-item1\">\r\n                        <div class = \"td-border\"><\/div>\r\n                    <\/div>\r\n                    <div class = \"td-button td-item2\">\r\n                        <div class = \"td-border\"><\/div>\r\n                    <\/div>\r\n                    <div class = \"td-button td-item3\">\r\n                        <div class = \"td-border\"><\/div>\r\n                    <\/div>\r\n                    <div class = \"td-button td-item4\">\r\n                        <div class = \"td-border\"><\/div>\r\n                    <\/div>\r\n                    <div class = \"td-button td-item5\">\r\n                        <div class = \"td-border\"><\/div>\r\n                    <\/div>\r\n                    <div class = \"td-button td-item6\">\r\n                        <div class = \"td-border\"><\/div>\r\n                    <\/div>\r\n                            <\/div>\r\n                        <\/div>\r\n\r\n                    <\/div>\r\n\r\n                <\/div>\r\n                \n","protected":false},"excerpt":{"rendered":"<p>El lunes 9 de octubre comenz\u00f3 de forma habitual en el hogar Mor\u00e1n Reyes. Sin embargo, cerca de las 10 de la ma\u00f1ana la tranquilidad dio paso a la preocupaci\u00f3n, pues un sangrado vaginal desat\u00f3 los peores pensamientos en la primeriza y futura madre. Sin m\u00e1s, su familia se apresur\u00f3 para llevarla al centro asistencial [&hellip;]<\/p>\n","protected":false},"author":1961,"featured_media":38407,"comment_status":"closed","ping_status":"closed","sticky":false,"template":"","format":"standard","meta":{"footnotes":""},"categories":[3],"tags":[307,661,833],"coauthors":[],"class_list":{"0":"post-38406","1":"post","2":"type-post","3":"status-publish","4":"format-standard","5":"has-post-thumbnail","7":"category-actualidad","8":"tag-dr-juan-jose-arevalo-bermejo","9":"tag-ninos-prematuros","10":"tag-unidad-de-neonatologia"},"_links":{"self":[{"href":"https:\/\/www.igssgt.org\/noticias\/wp-json\/wp\/v2\/posts\/38406","targetHints":{"allow":["GET"]}}],"collection":[{"href":"https:\/\/www.igssgt.org\/noticias\/wp-json\/wp\/v2\/posts"}],"about":[{"href":"https:\/\/www.igssgt.org\/noticias\/wp-json\/wp\/v2\/types\/post"}],"author":[{"embeddable":true,"href":"https:\/\/www.igssgt.org\/noticias\/wp-json\/wp\/v2\/users\/1961"}],"replies":[{"embeddable":true,"href":"https:\/\/www.igssgt.org\/noticias\/wp-json\/wp\/v2\/comments?post=38406"}],"version-history":[{"count":1,"href":"https:\/\/www.igssgt.org\/noticias\/wp-json\/wp\/v2\/posts\/38406\/revisions"}],"predecessor-version":[{"id":38414,"href":"https:\/\/www.igssgt.org\/noticias\/wp-json\/wp\/v2\/posts\/38406\/revisions\/38414"}],"wp:featuredmedia":[{"embeddable":true,"href":"https:\/\/www.igssgt.org\/noticias\/wp-json\/wp\/v2\/media\/38407"}],"wp:attachment":[{"href":"https:\/\/www.igssgt.org\/noticias\/wp-json\/wp\/v2\/media?parent=38406"}],"wp:term":[{"taxonomy":"category","embeddable":true,"href":"https:\/\/www.igssgt.org\/noticias\/wp-json\/wp\/v2\/categories?post=38406"},{"taxonomy":"post_tag","embeddable":true,"href":"https:\/\/www.igssgt.org\/noticias\/wp-json\/wp\/v2\/tags?post=38406"},{"taxonomy":"author","embeddable":true,"href":"https:\/\/www.igssgt.org\/noticias\/wp-json\/wp\/v2\/coauthors?post=38406"}],"curies":[{"name":"wp","href":"https:\/\/api.w.org\/{rel}","templated":true}]}}