{"id":38558,"date":"2023-11-03T08:35:00","date_gmt":"2023-11-03T14:35:00","guid":{"rendered":"https:\/\/www.igssgt.org\/noticias\/?p=38558"},"modified":"2023-11-03T10:13:44","modified_gmt":"2023-11-03T16:13:44","slug":"juramentan-a-representante-titular-del-sector-laboral-ante-la-junta-directiva-del-igss","status":"publish","type":"post","link":"https:\/\/www.igssgt.org\/noticias\/2023\/11\/03\/juramentan-a-representante-titular-del-sector-laboral-ante-la-junta-directiva-del-igss\/","title":{"rendered":"Juramentan a representante titular del Sector Laboral ante la Junta Directiva del IGSS"},"content":{"rendered":"\n<p class=\"has-drop-cap\">En acto solemne celebrado en el sal\u00f3n Aatinac de las Oficinas Centrales del Instituto Guatemalteco de Seguridad Social, el se\u00f1or Adolfo Lacs Palomo fue juramentado como Vocal III, Representante Titular del Sector Laboral ante la Junta Directiva.<\/p>\n\n\n\n<figure id=\"attachment_38560\" aria-describedby=\"caption-attachment-38560\" style=\"width: 297px\" class=\"wp-caption alignright\"><a href=\"\/wp-content\/uploads\/sites\/5\/2023\/11\/juramentacion-representante-laboral-junta-directiva-IGSS-LACS-2023-01-2.jpg\"><img loading=\"lazy\" decoding=\"async\" class=\"wp-image-38560\" src=\"\/wp-content\/uploads\/sites\/5\/2023\/11\/juramentacion-representante-laboral-junta-directiva-IGSS-LACS-2023-01-2.jpg\" alt=\"\" width=\"297\" height=\"446\" srcset=\"\/wp-content\/uploads\/sites\/5\/2023\/11\/juramentacion-representante-laboral-junta-directiva-IGSS-LACS-2023-01-2.jpg 682w, \/wp-content\/uploads\/sites\/5\/2023\/11\/juramentacion-representante-laboral-junta-directiva-IGSS-LACS-2023-01-2-200x300.jpg 200w, \/wp-content\/uploads\/sites\/5\/2023\/11\/juramentacion-representante-laboral-junta-directiva-IGSS-LACS-2023-01-2-280x420.jpg 280w, \/wp-content\/uploads\/sites\/5\/2023\/11\/juramentacion-representante-laboral-junta-directiva-IGSS-LACS-2023-01-2-308x462.jpg 308w\" sizes=\"auto, (max-width: 297px) 100vw, 297px\" \/><\/a><figcaption id=\"caption-attachment-38560\" class=\"wp-caption-text\">Sr. Adolfo Lacs Palomo.<\/figcaption><\/figure>\n<p>Luego de la ceremonia, Lacs reiter\u00f3 su compromiso de trabajar en favor del engrandecimiento institucional: \u201cEs una responsabilidad enorme. Mi deber es hacer cumplir las normativas del Seguro Social y los convenios existentes de Derechos Humanos\u201d, manifest\u00f3.<br \/><br \/>Lacs Palomo trabaja desde hace 41 a\u00f1os en el Banco de Guatemala. Adem\u00e1s, se desempe\u00f1\u00f3 como director del Instituto T\u00e9cnico de Capacitaci\u00f3n y Productividad (INTECAP), es dirigente sindical y, de 2008 a 2012 cre\u00f3, conjuntamente con delegados del sector privado y cooperativas, el Consejo Econ\u00f3mico y Social, con el prop\u00f3sito de propiciar una base de di\u00e1logo tripartita para asesorar y apoyar las pol\u00edticas p\u00fablicas.<\/p>\n","protected":false},"excerpt":{"rendered":"<p>En acto solemne celebrado en el sal\u00f3n Aatinac de las Oficinas Centrales del Instituto Guatemalteco de Seguridad Social, el se\u00f1or Adolfo Lacs Palomo fue juramentado como Vocal III, Representante Titular del Sector Laboral ante la Junta Directiva. Luego de la ceremonia, Lacs reiter\u00f3 su compromiso de trabajar en favor del engrandecimiento institucional: \u201cEs una responsabilidad [&hellip;]<\/p>\n","protected":false},"author":4,"featured_media":38559,"comment_status":"closed","ping_status":"closed","sticky":false,"template":"","format":"standard","meta":{"footnotes":""},"categories":[3,21],"tags":[544],"coauthors":[],"class_list":{"0":"post-38558","1":"post","2":"type-post","3":"status-publish","4":"format-standard","5":"has-post-thumbnail","7":"category-actualidad","8":"category-junta-directiva-igss","9":"tag-junta-directiva-igss"},"_links":{"self":[{"href":"https:\/\/www.igssgt.org\/noticias\/wp-json\/wp\/v2\/posts\/38558","targetHints":{"allow":["GET"]}}],"collection":[{"href":"https:\/\/www.igssgt.org\/noticias\/wp-json\/wp\/v2\/posts"}],"about":[{"href":"https:\/\/www.igssgt.org\/noticias\/wp-json\/wp\/v2\/types\/post"}],"author":[{"embeddable":true,"href":"https:\/\/www.igssgt.org\/noticias\/wp-json\/wp\/v2\/users\/4"}],"replies":[{"embeddable":true,"href":"https:\/\/www.igssgt.org\/noticias\/wp-json\/wp\/v2\/comments?post=38558"}],"version-history":[{"count":1,"href":"https:\/\/www.igssgt.org\/noticias\/wp-json\/wp\/v2\/posts\/38558\/revisions"}],"predecessor-version":[{"id":38561,"href":"https:\/\/www.igssgt.org\/noticias\/wp-json\/wp\/v2\/posts\/38558\/revisions\/38561"}],"wp:featuredmedia":[{"embeddable":true,"href":"https:\/\/www.igssgt.org\/noticias\/wp-json\/wp\/v2\/media\/38559"}],"wp:attachment":[{"href":"https:\/\/www.igssgt.org\/noticias\/wp-json\/wp\/v2\/media?parent=38558"}],"wp:term":[{"taxonomy":"category","embeddable":true,"href":"https:\/\/www.igssgt.org\/noticias\/wp-json\/wp\/v2\/categories?post=38558"},{"taxonomy":"post_tag","embeddable":true,"href":"https:\/\/www.igssgt.org\/noticias\/wp-json\/wp\/v2\/tags?post=38558"},{"taxonomy":"author","embeddable":true,"href":"https:\/\/www.igssgt.org\/noticias\/wp-json\/wp\/v2\/coauthors?post=38558"}],"curies":[{"name":"wp","href":"https:\/\/api.w.org\/{rel}","templated":true}]}}