{"id":38562,"date":"2023-11-05T06:00:00","date_gmt":"2023-11-05T12:00:00","guid":{"rendered":"https:\/\/www.igssgt.org\/noticias\/?p=38562"},"modified":"2023-11-06T08:49:45","modified_gmt":"2023-11-06T14:49:45","slug":"el-igss-hace-un-llamado-para-cuidar-la-salud-en-la-epoca-de-bajas-temperaturas","status":"publish","type":"post","link":"https:\/\/www.igssgt.org\/noticias\/2023\/11\/05\/el-igss-hace-un-llamado-para-cuidar-la-salud-en-la-epoca-de-bajas-temperaturas\/","title":{"rendered":"El IGSS hace un llamado para cuidar la salud en la \u00e9poca de bajas temperaturas"},"content":{"rendered":"\n<p class=\"has-drop-cap\">El Instituto Guatemalteco de Seguridad Social (IGSS) hace un llamado a su poblaci\u00f3n y en general a protegerse por las bajas temperaturas y vientos propios de la \u00e9poca de fin de a\u00f1o, que pueden provocar enfermedades respiratorias.<\/p>\n\n\n\n<p><strong>\u201cEn todo el trayecto del sistema respiratorio tenemos ciertas fibras y mecanismos de defensa que no permiten que los virus y bacterias ingresen al cuerpo. Sin embargo, por el fr\u00edo estas fibras se paralizan y pierden su capacidad de protecci\u00f3n\u201d<\/strong>, explic\u00f3 la geriatra Marcia Cabrera, del Centro de Atenci\u00f3n M\u00e9dica Integral para Pensionados -CAMIP- Pamplona.<\/p>\n<p><a href=\"\/wp-content\/uploads\/sites\/5\/2023\/11\/bajas-temperaturas-3.jpg\" target=\"_blank\" rel=\"noopener\"><img loading=\"lazy\" decoding=\"async\" class=\"alignnone wp-image-38565 size-full\" src=\"\/wp-content\/uploads\/sites\/5\/2023\/11\/bajas-temperaturas-3.jpg\" alt=\"\" width=\"1280\" height=\"853\" srcset=\"\/wp-content\/uploads\/sites\/5\/2023\/11\/bajas-temperaturas-3.jpg 1280w, \/wp-content\/uploads\/sites\/5\/2023\/11\/bajas-temperaturas-3-300x200.jpg 300w, \/wp-content\/uploads\/sites\/5\/2023\/11\/bajas-temperaturas-3-768x512.jpg 768w, \/wp-content\/uploads\/sites\/5\/2023\/11\/bajas-temperaturas-3-1024x682.jpg 1024w, \/wp-content\/uploads\/sites\/5\/2023\/11\/bajas-temperaturas-3-630x420.jpg 630w, \/wp-content\/uploads\/sites\/5\/2023\/11\/bajas-temperaturas-3-696x464.jpg 696w, \/wp-content\/uploads\/sites\/5\/2023\/11\/bajas-temperaturas-3-1068x712.jpg 1068w, \/wp-content\/uploads\/sites\/5\/2023\/11\/bajas-temperaturas-3-534x356.jpg 534w\" sizes=\"auto, (max-width: 1280px) 100vw, 1280px\" \/><\/a><\/p>\n<p>Las temperaturas bajas tambi\u00e9n afectan a quienes padecen de artrosis por los dolores en las articulaciones, que hace que los m\u00fasculos se contraigan m\u00e1s y se entumezcan <strong>\u201cpor eso es recomendable hacer masaje en los codos, rodillas, manos y pies y as\u00ed activar el flujo sangu\u00edneo\u201d<\/strong>, sugiri\u00f3 Cabrera.<\/p>\n<blockquote>\n<p>El Seguro Social hace un llamado a la poblaci\u00f3n a protegerse por las bajas temperaturas y vientos propios de la \u00e9poca de fin de a\u00f1o<\/p>\n<\/blockquote>\n<p>Entre la poblaci\u00f3n m\u00e1s afectada por el clima est\u00e1n los menores de 7 a\u00f1os, adultos mayores y enfermos cr\u00f3nicos por lo que al salir de casa deben de abrigarse, cubrir la boca, y el pecho. <strong>\u201cLos ni\u00f1os suelen presentar infecciones respiratorias y si comparten con los abuelitos, estos deben utilizar mascarilla\u201d<\/strong>, destac\u00f3 la especialista.<\/p>\n<p><a href=\"\/wp-content\/uploads\/sites\/5\/2023\/11\/bajas-temperaturas-2.jpg\" target=\"_blank\" rel=\"noopener\"><img loading=\"lazy\" decoding=\"async\" class=\"alignnone wp-image-38564 size-full\" src=\"\/wp-content\/uploads\/sites\/5\/2023\/11\/bajas-temperaturas-2.jpg\" alt=\"\" width=\"1280\" height=\"853\" srcset=\"\/wp-content\/uploads\/sites\/5\/2023\/11\/bajas-temperaturas-2.jpg 1280w, \/wp-content\/uploads\/sites\/5\/2023\/11\/bajas-temperaturas-2-300x200.jpg 300w, \/wp-content\/uploads\/sites\/5\/2023\/11\/bajas-temperaturas-2-768x512.jpg 768w, \/wp-content\/uploads\/sites\/5\/2023\/11\/bajas-temperaturas-2-1024x682.jpg 1024w, \/wp-content\/uploads\/sites\/5\/2023\/11\/bajas-temperaturas-2-630x420.jpg 630w, \/wp-content\/uploads\/sites\/5\/2023\/11\/bajas-temperaturas-2-696x464.jpg 696w, \/wp-content\/uploads\/sites\/5\/2023\/11\/bajas-temperaturas-2-1068x712.jpg 1068w, \/wp-content\/uploads\/sites\/5\/2023\/11\/bajas-temperaturas-2-534x356.jpg 534w\" sizes=\"auto, (max-width: 1280px) 100vw, 1280px\" \/><\/a><\/p>\n<p>Entre otras recomendaciones se\u00f1al\u00f3 tener el esquema de vacunaci\u00f3n contra el neumococo 13, neumococo 23 y de influenza. Agreg\u00f3 evitar las entradas de aire por ventanas y puertas de la habitaci\u00f3n. En la parte nutritiva, se deben de comer frutas, verduras, estar hidratados y practicar actividad f\u00edsica.<\/p>\n<p>Finalmente, es importante que ante s\u00edntomas persistentes o una emergencia, el afiliado puede acudir a las cl\u00ednicas de 24 horas para su tratamiento inmediato, sino acudir al m\u00e9dico de cabecera.<\/p>\n<p><a href=\"\/wp-content\/uploads\/sites\/5\/2023\/11\/bajas-temperaturas-1.jpg\" target=\"_blank\" rel=\"noopener\"><img loading=\"lazy\" decoding=\"async\" class=\"alignnone wp-image-38563 size-full\" src=\"\/wp-content\/uploads\/sites\/5\/2023\/11\/bajas-temperaturas-1.jpg\" alt=\"\" width=\"1048\" height=\"764\" srcset=\"\/wp-content\/uploads\/sites\/5\/2023\/11\/bajas-temperaturas-1.jpg 1048w, \/wp-content\/uploads\/sites\/5\/2023\/11\/bajas-temperaturas-1-300x219.jpg 300w, \/wp-content\/uploads\/sites\/5\/2023\/11\/bajas-temperaturas-1-768x560.jpg 768w, \/wp-content\/uploads\/sites\/5\/2023\/11\/bajas-temperaturas-1-1024x747.jpg 1024w, \/wp-content\/uploads\/sites\/5\/2023\/11\/bajas-temperaturas-1-576x420.jpg 576w, \/wp-content\/uploads\/sites\/5\/2023\/11\/bajas-temperaturas-1-696x507.jpg 696w, \/wp-content\/uploads\/sites\/5\/2023\/11\/bajas-temperaturas-1-324x235.jpg 324w, \/wp-content\/uploads\/sites\/5\/2023\/11\/bajas-temperaturas-1-534x389.jpg 534w\" sizes=\"auto, (max-width: 1048px) 100vw, 1048px\" \/><\/a><\/p>\n","protected":false},"excerpt":{"rendered":"<p>El Instituto Guatemalteco de Seguridad Social (IGSS) hace un llamado a su poblaci\u00f3n y en general a protegerse por las bajas temperaturas y vientos propios de la \u00e9poca de fin de a\u00f1o, que pueden provocar enfermedades respiratorias. \u201cEn todo el trayecto del sistema respiratorio tenemos ciertas fibras y mecanismos de defensa que no permiten que [&hellip;]<\/p>\n","protected":false},"author":1961,"featured_media":38566,"comment_status":"closed","ping_status":"closed","sticky":false,"template":"","format":"standard","meta":{"footnotes":""},"categories":[3],"tags":[1797,412,727],"coauthors":[1448],"class_list":{"0":"post-38562","1":"post","2":"type-post","3":"status-publish","4":"format-standard","5":"has-post-thumbnail","7":"category-actualidad","8":"tag-bajas-temperaturas","9":"tag-epoca-de-frio","10":"tag-prevencion-igss"},"_links":{"self":[{"href":"https:\/\/www.igssgt.org\/noticias\/wp-json\/wp\/v2\/posts\/38562","targetHints":{"allow":["GET"]}}],"collection":[{"href":"https:\/\/www.igssgt.org\/noticias\/wp-json\/wp\/v2\/posts"}],"about":[{"href":"https:\/\/www.igssgt.org\/noticias\/wp-json\/wp\/v2\/types\/post"}],"author":[{"embeddable":true,"href":"https:\/\/www.igssgt.org\/noticias\/wp-json\/wp\/v2\/users\/1961"}],"replies":[{"embeddable":true,"href":"https:\/\/www.igssgt.org\/noticias\/wp-json\/wp\/v2\/comments?post=38562"}],"version-history":[{"count":1,"href":"https:\/\/www.igssgt.org\/noticias\/wp-json\/wp\/v2\/posts\/38562\/revisions"}],"predecessor-version":[{"id":38567,"href":"https:\/\/www.igssgt.org\/noticias\/wp-json\/wp\/v2\/posts\/38562\/revisions\/38567"}],"wp:featuredmedia":[{"embeddable":true,"href":"https:\/\/www.igssgt.org\/noticias\/wp-json\/wp\/v2\/media\/38566"}],"wp:attachment":[{"href":"https:\/\/www.igssgt.org\/noticias\/wp-json\/wp\/v2\/media?parent=38562"}],"wp:term":[{"taxonomy":"category","embeddable":true,"href":"https:\/\/www.igssgt.org\/noticias\/wp-json\/wp\/v2\/categories?post=38562"},{"taxonomy":"post_tag","embeddable":true,"href":"https:\/\/www.igssgt.org\/noticias\/wp-json\/wp\/v2\/tags?post=38562"},{"taxonomy":"author","embeddable":true,"href":"https:\/\/www.igssgt.org\/noticias\/wp-json\/wp\/v2\/coauthors?post=38562"}],"curies":[{"name":"wp","href":"https:\/\/api.w.org\/{rel}","templated":true}]}}