{"id":38568,"date":"2023-11-07T09:48:39","date_gmt":"2023-11-07T15:48:39","guid":{"rendered":"https:\/\/www.igssgt.org\/noticias\/?p=38568"},"modified":"2023-11-07T09:48:40","modified_gmt":"2023-11-07T15:48:40","slug":"por-medio-de-una-cuota-voluntaria-y-mensual-el-migrante-guatemalteco-puede-optar-a-los-servicios-que-el-seguro-social-brinda-a-su-poblacion-protegida","status":"publish","type":"post","link":"https:\/\/www.igssgt.org\/noticias\/2023\/11\/07\/por-medio-de-una-cuota-voluntaria-y-mensual-el-migrante-guatemalteco-puede-optar-a-los-servicios-que-el-seguro-social-brinda-a-su-poblacion-protegida\/","title":{"rendered":"Por medio de una cuota voluntaria y mensual el migrante guatemalteco puede optar a los servicios que el Seguro Social brinda a su poblaci\u00f3n protegida"},"content":{"rendered":"\n<p class=\"has-drop-cap\">La protecci\u00f3n que el Seguro Social otorga a los connacionales en el extranjero y a su n\u00facleo familiar, que debe residir en el territorio nacional, tiene como prop\u00f3sito principal facilitar la atenci\u00f3n en salud para su familia y el derecho a prestaciones pecuniarias, como la Pensi\u00f3n Mensual vitalicia por Vejez, para el afiliado migrante.<\/p>\n\n\n\n<p><a href=\"\/wp-content\/uploads\/sites\/5\/2023\/11\/acuerdo-1543-2.jpg\" target=\"_blank\" rel=\"noopener\"><img loading=\"lazy\" decoding=\"async\" class=\"alignright wp-image-38570\" src=\"\/wp-content\/uploads\/sites\/5\/2023\/11\/acuerdo-1543-2.jpg\" alt=\"\" width=\"212\" height=\"330\" srcset=\"\/wp-content\/uploads\/sites\/5\/2023\/11\/acuerdo-1543-2.jpg 1026w, \/wp-content\/uploads\/sites\/5\/2023\/11\/acuerdo-1543-2-192x300.jpg 192w, \/wp-content\/uploads\/sites\/5\/2023\/11\/acuerdo-1543-2-768x1198.jpg 768w, \/wp-content\/uploads\/sites\/5\/2023\/11\/acuerdo-1543-2-657x1024.jpg 657w, \/wp-content\/uploads\/sites\/5\/2023\/11\/acuerdo-1543-2-985x1536.jpg 985w, \/wp-content\/uploads\/sites\/5\/2023\/11\/acuerdo-1543-2-269x420.jpg 269w, \/wp-content\/uploads\/sites\/5\/2023\/11\/acuerdo-1543-2-696x1085.jpg 696w, \/wp-content\/uploads\/sites\/5\/2023\/11\/acuerdo-1543-2-296x462.jpg 296w\" sizes=\"auto, (max-width: 212px) 100vw, 212px\" \/><\/a>En ese sentido, el Acuerdo 1543 de Junta Directiva establece los beneficios de la nueva ampliaci\u00f3n de cobertura para el Migrante Guatemalteco y su N\u00facleo Familiar, constituido por la esposa e hijos menores de siete a\u00f1os, a quienes debe inscribir al R\u00e9gimen, para luego contribuir con una cuota mensual de mil quetzales exactos (Q. 1,000.00), que pueden pagarse seg\u00fan convenga al connacional en el extranjero, de la siguiente manera:<\/p>\n<ul>\n<li>Una cuota mensual de Q1 mil quetzales<\/li>\n<li>Trimestral (Q3 mil quetzales)<\/li>\n<li>Semestral (Q6 mil quetzales)<\/li>\n<li>Anual (Q12 mil quetzales)<\/li>\n<\/ul>\n<p>El pago de la cuota se puede hacer con tarjeta de cr\u00e9dito o d\u00e9bito a trav\u00e9s de los bancos del sistema nacional o por medio de un familiar radicado en Guatemala.<\/p>\n<p><strong><a href=\"\/wp-content\/uploads\/sites\/5\/2023\/11\/acuerdo-1543-1.jpg\" target=\"_blank\" rel=\"noopener\"><img loading=\"lazy\" decoding=\"async\" class=\"alignleft wp-image-38569\" src=\"\/wp-content\/uploads\/sites\/5\/2023\/11\/acuerdo-1543-1.jpg\" alt=\"\" width=\"220\" height=\"330\" srcset=\"\/wp-content\/uploads\/sites\/5\/2023\/11\/acuerdo-1543-1.jpg 1067w, \/wp-content\/uploads\/sites\/5\/2023\/11\/acuerdo-1543-1-200x300.jpg 200w, \/wp-content\/uploads\/sites\/5\/2023\/11\/acuerdo-1543-1-768x1152.jpg 768w, \/wp-content\/uploads\/sites\/5\/2023\/11\/acuerdo-1543-1-683x1024.jpg 683w, \/wp-content\/uploads\/sites\/5\/2023\/11\/acuerdo-1543-1-1024x1536.jpg 1024w, \/wp-content\/uploads\/sites\/5\/2023\/11\/acuerdo-1543-1-280x420.jpg 280w, \/wp-content\/uploads\/sites\/5\/2023\/11\/acuerdo-1543-1-696x1044.jpg 696w, \/wp-content\/uploads\/sites\/5\/2023\/11\/acuerdo-1543-1-308x462.jpg 308w\" sizes=\"auto, (max-width: 220px) 100vw, 220px\" \/><\/a>\u201cEl Instituto promueve la incorporaci\u00f3n de mecanismos innovadores para el pago a fin de viabilizar al migrante guatemalteco esta incorporaci\u00f3n\u201d<\/strong>, enfatiz\u00f3 el licenciado Jos\u00e9 Adolfo Flamenco Jau, presidente de Junta Directiva.<\/p>\n<p>La nueva cobertura para el migrante guatemalteco y su n\u00facleo familiar, entra en vigencia treinta d\u00edas (30) despu\u00e9s de la publicaci\u00f3n del Acuerdo 1543 en el Diario Oficial.<\/p>\n<p>En la misma l\u00ednea, el primer paso para adherirse al R\u00e9gimen ser\u00e1 la inscripci\u00f3n y luego la acreditaci\u00f3n de derechos, la cual es viable a partir de cuatro contribuciones (Q4 mil quetzales) realizadas.<\/p>\n<p><em><strong>\u00a1El Seguro Social es m\u00e1s servicios, innovaci\u00f3n e inversi\u00f3n a la vista de todos!<\/strong><\/em><\/p>\n<p><a href=\"\/wp-content\/uploads\/sites\/5\/2023\/11\/acuerdo-1543-4.jpg\" target=\"_blank\" rel=\"noopener\"><img loading=\"lazy\" decoding=\"async\" class=\"alignnone wp-image-38572 size-full\" src=\"\/wp-content\/uploads\/sites\/5\/2023\/11\/acuerdo-1543-4.jpg\" alt=\"\" width=\"1600\" height=\"788\" srcset=\"\/wp-content\/uploads\/sites\/5\/2023\/11\/acuerdo-1543-4.jpg 1600w, \/wp-content\/uploads\/sites\/5\/2023\/11\/acuerdo-1543-4-300x148.jpg 300w, \/wp-content\/uploads\/sites\/5\/2023\/11\/acuerdo-1543-4-768x378.jpg 768w, \/wp-content\/uploads\/sites\/5\/2023\/11\/acuerdo-1543-4-1024x504.jpg 1024w, \/wp-content\/uploads\/sites\/5\/2023\/11\/acuerdo-1543-4-1536x756.jpg 1536w, \/wp-content\/uploads\/sites\/5\/2023\/11\/acuerdo-1543-4-853x420.jpg 853w, \/wp-content\/uploads\/sites\/5\/2023\/11\/acuerdo-1543-4-696x343.jpg 696w, \/wp-content\/uploads\/sites\/5\/2023\/11\/acuerdo-1543-4-1068x526.jpg 1068w, \/wp-content\/uploads\/sites\/5\/2023\/11\/acuerdo-1543-4-324x160.jpg 324w, \/wp-content\/uploads\/sites\/5\/2023\/11\/acuerdo-1543-4-534x263.jpg 534w\" sizes=\"auto, (max-width: 1600px) 100vw, 1600px\" \/><\/a><\/p>\n","protected":false},"excerpt":{"rendered":"<p>La protecci\u00f3n que el Seguro Social otorga a los connacionales en el extranjero y a su n\u00facleo familiar, que debe residir en el territorio nacional, tiene como prop\u00f3sito principal facilitar la atenci\u00f3n en salud para su familia y el derecho a prestaciones pecuniarias, como la Pensi\u00f3n Mensual vitalicia por Vejez, para el afiliado migrante. En [&hellip;]<\/p>\n","protected":false},"author":1961,"featured_media":38571,"comment_status":"closed","ping_status":"closed","sticky":false,"template":"","format":"standard","meta":{"footnotes":""},"categories":[1505],"tags":[1696,1093],"coauthors":[],"class_list":{"0":"post-38568","1":"post","2":"type-post","3":"status-publish","4":"format-standard","5":"has-post-thumbnail","7":"category-acuerdos-y-resoluciones","8":"tag-acuerdo-1543","9":"tag-migrantes"},"_links":{"self":[{"href":"https:\/\/www.igssgt.org\/noticias\/wp-json\/wp\/v2\/posts\/38568","targetHints":{"allow":["GET"]}}],"collection":[{"href":"https:\/\/www.igssgt.org\/noticias\/wp-json\/wp\/v2\/posts"}],"about":[{"href":"https:\/\/www.igssgt.org\/noticias\/wp-json\/wp\/v2\/types\/post"}],"author":[{"embeddable":true,"href":"https:\/\/www.igssgt.org\/noticias\/wp-json\/wp\/v2\/users\/1961"}],"replies":[{"embeddable":true,"href":"https:\/\/www.igssgt.org\/noticias\/wp-json\/wp\/v2\/comments?post=38568"}],"version-history":[{"count":1,"href":"https:\/\/www.igssgt.org\/noticias\/wp-json\/wp\/v2\/posts\/38568\/revisions"}],"predecessor-version":[{"id":38573,"href":"https:\/\/www.igssgt.org\/noticias\/wp-json\/wp\/v2\/posts\/38568\/revisions\/38573"}],"wp:featuredmedia":[{"embeddable":true,"href":"https:\/\/www.igssgt.org\/noticias\/wp-json\/wp\/v2\/media\/38571"}],"wp:attachment":[{"href":"https:\/\/www.igssgt.org\/noticias\/wp-json\/wp\/v2\/media?parent=38568"}],"wp:term":[{"taxonomy":"category","embeddable":true,"href":"https:\/\/www.igssgt.org\/noticias\/wp-json\/wp\/v2\/categories?post=38568"},{"taxonomy":"post_tag","embeddable":true,"href":"https:\/\/www.igssgt.org\/noticias\/wp-json\/wp\/v2\/tags?post=38568"},{"taxonomy":"author","embeddable":true,"href":"https:\/\/www.igssgt.org\/noticias\/wp-json\/wp\/v2\/coauthors?post=38568"}],"curies":[{"name":"wp","href":"https:\/\/api.w.org\/{rel}","templated":true}]}}