{"id":38624,"date":"2023-11-10T16:05:03","date_gmt":"2023-11-10T22:05:03","guid":{"rendered":"https:\/\/www.igssgt.org\/noticias\/?p=38624"},"modified":"2023-11-10T16:05:04","modified_gmt":"2023-11-10T22:05:04","slug":"capacidad-de-la-farmacia-de-gerona-aumenta-para-beneficio-de-afiliados","status":"publish","type":"post","link":"https:\/\/www.igssgt.org\/noticias\/2023\/11\/10\/capacidad-de-la-farmacia-de-gerona-aumenta-para-beneficio-de-afiliados\/","title":{"rendered":"Capacidad de la farmacia de Gerona aumenta para beneficio de afiliados"},"content":{"rendered":"\n<p class=\"has-drop-cap\">Autoridades del Seguro Social habilitaron la ampliaci\u00f3n de la bodega de Farmacia de la Unidad de Consulta Externa de\u00a0 Especialidades M\u00e9dico Quir\u00fargicas Gerona, lo que beneficiar\u00e1 a los afiliados que contar\u00e1n con un abastecimiento de medicamentos necesario para cada caso.<\/p>\n\n\n\n<p><\/p>\n<p>El licenciado Edson Javier Rivera M\u00e9ndez, gerente del Instituto, destac\u00f3 que el proyecto no solo significa tener m\u00e1s medicamentos en almac\u00e9n, sino garantiza una gesti\u00f3n m\u00e1s eficiente y \u201cun acceso m\u00e1s r\u00e1pido para aquellos que dependen de nosotros en sus momentos m\u00e1s vulnerables\u00bb.<\/p>\n<p><a href=\"\/wp-content\/uploads\/sites\/5\/2023\/11\/ampliacion-bodega-unidad-gerona-IGSS-2023-02.jpg\"><img loading=\"lazy\" decoding=\"async\" class=\"aligncenter size-full wp-image-38626\" src=\"\/wp-content\/uploads\/sites\/5\/2023\/11\/ampliacion-bodega-unidad-gerona-IGSS-2023-02.jpg\" alt=\"\" width=\"1600\" height=\"1066\" srcset=\"\/wp-content\/uploads\/sites\/5\/2023\/11\/ampliacion-bodega-unidad-gerona-IGSS-2023-02.jpg 1600w, \/wp-content\/uploads\/sites\/5\/2023\/11\/ampliacion-bodega-unidad-gerona-IGSS-2023-02-300x200.jpg 300w, \/wp-content\/uploads\/sites\/5\/2023\/11\/ampliacion-bodega-unidad-gerona-IGSS-2023-02-768x512.jpg 768w, \/wp-content\/uploads\/sites\/5\/2023\/11\/ampliacion-bodega-unidad-gerona-IGSS-2023-02-1024x682.jpg 1024w, \/wp-content\/uploads\/sites\/5\/2023\/11\/ampliacion-bodega-unidad-gerona-IGSS-2023-02-1536x1023.jpg 1536w, \/wp-content\/uploads\/sites\/5\/2023\/11\/ampliacion-bodega-unidad-gerona-IGSS-2023-02-630x420.jpg 630w, \/wp-content\/uploads\/sites\/5\/2023\/11\/ampliacion-bodega-unidad-gerona-IGSS-2023-02-696x464.jpg 696w, \/wp-content\/uploads\/sites\/5\/2023\/11\/ampliacion-bodega-unidad-gerona-IGSS-2023-02-1068x712.jpg 1068w, \/wp-content\/uploads\/sites\/5\/2023\/11\/ampliacion-bodega-unidad-gerona-IGSS-2023-02-534x356.jpg 534w\" sizes=\"auto, (max-width: 1600px) 100vw, 1600px\" \/><\/a><\/p>\n<p> <\/p>\n<p>Resalt\u00f3 adem\u00e1s la implementaci\u00f3n exitosa del servicio de entrega de medicinas por courier. \u00abAhora nuestros pacientes tienen la conveniencia de recibir\u00a0 sus medicamentos en la puerta de sus hogares con lo que ahorran tiempo y costos, lo que contribuye a una experiencia de atenci\u00f3n m\u00e1s c\u00f3moda y personalizada\u00bb.<\/p>\n<p> <\/p>\n<p>Mientras que el licenciado Jos\u00e9 Adolfo Flamenco Jau, presidente del IGSS, reafirm\u00f3 la misi\u00f3n de continuar elevando los niveles de atenci\u00f3n y m\u00e1s servicios a la poblaci\u00f3n afiliada, derechohabiente y asegurada.\u00a0<\/p>\n<p> <\/p>\n<p>\u201cEstas ampliaciones no son simplemente un crecimiento f\u00edsico de nuestras instalaciones, representan nuestro constante compromiso con la salud y el bienestar de nuestros asegurados\u201d, asegur\u00f3.<\/p>\n<p> <\/p>\n<p>Al aumentar las capacidades, se podr\u00e1 garantizar que los afiliados adheridos a la Unidad reciban la atenci\u00f3n y \u201clas medicinas que necesitan cuando las requieran, ya que podremos hacer comparas para muchos meses y ya no parciales\u201d, refiri\u00f3 el doctor Fernando Marroqu\u00edn, director de Gerona.<\/p>\n<p> <\/p>\n<p>Esta Unidad atiende a pacientes que son referidos y que requieren atenci\u00f3n especializada en oftalmolog\u00eda, cardiolog\u00eda, dermatolog\u00eda, neurolog\u00eda, reumatolog\u00eda, urolog\u00eda, otorrinolaringolog\u00eda y electroencefalograf\u00eda, entre otras.<\/p>\n\r\n                <style type=\"text\/css\">\r\n                    \r\n                    #tdi_1  .td-doubleSlider-2 .td-item1 {\r\n                        background: url(\/wp-content\/uploads\/sites\/5\/2023\/11\/ampliacion-bodega-unidad-gerona-IGSS-2023-012-80x60.jpg) 0 0 no-repeat;\r\n                    }\r\n                    #tdi_1  .td-doubleSlider-2 .td-item2 {\r\n                        background: url(\/wp-content\/uploads\/sites\/5\/2023\/11\/ampliacion-bodega-unidad-gerona-IGSS-2023-014-80x60.jpg) 0 0 no-repeat;\r\n                    }\r\n                    #tdi_1  .td-doubleSlider-2 .td-item3 {\r\n                        background: url(\/wp-content\/uploads\/sites\/5\/2023\/11\/ampliacion-bodega-unidad-gerona-IGSS-2023-011-80x60.jpg) 0 0 no-repeat;\r\n                    }\r\n                <\/style>\r\n\r\n                <div id=\"tdi_1\" class=\"td-gallery td-slide-on-2-columns\">\r\n                    <div class=\"post_td_gallery\">\r\n                        <div class=\"td-gallery-slide-top\">\r\n                           <div class=\"td-gallery-title\"><\/div>\r\n\r\n                            <div class=\"td-gallery-controls-wrapper\">\r\n                                <div class=\"td-gallery-slide-count\"><span class=\"td-gallery-slide-item-focus\">1<\/span> de 3<\/div>\r\n                                <div class=\"td-gallery-slide-prev-next-but\">\r\n                                    <i class = \"td-icon-left doubleSliderPrevButton\"><\/i>\r\n                                    <i class = \"td-icon-right doubleSliderNextButton\"><\/i>\r\n                                <\/div>\r\n                            <\/div>\r\n                        <\/div>\r\n\r\n                        <div class = \"td-doubleSlider-1 \">\r\n                            <div class = \"td-slider\">\r\n                                \r\n                    <div class = \"td-slide-item td-item1\">\r\n                        <figure class=\"td-slide-galery-figure td-slide-popup-gallery\">\r\n                            <a class=\"slide-gallery-image-link\" href=\"\/wp-content\/uploads\/sites\/5\/2023\/11\/ampliacion-bodega-unidad-gerona-IGSS-2023-012.jpg\" title=\"ampliacion bodega unidad gerona IGSS 2023-012\"  data-caption=\"\"  data-description=\"\">\r\n                                <img decoding=\"async\" src=\"\/wp-content\/uploads\/sites\/5\/2023\/11\/ampliacion-bodega-unidad-gerona-IGSS-2023-012-540x420.jpg\" srcset=\"\/wp-content\/uploads\/sites\/5\/2023\/11\/ampliacion-bodega-unidad-gerona-IGSS-2023-012-540x420.jpg 540w, \/wp-content\/uploads\/sites\/5\/2023\/11\/ampliacion-bodega-unidad-gerona-IGSS-2023-012-300x233.jpg 300w, \/wp-content\/uploads\/sites\/5\/2023\/11\/ampliacion-bodega-unidad-gerona-IGSS-2023-012-768x597.jpg 768w, \/wp-content\/uploads\/sites\/5\/2023\/11\/ampliacion-bodega-unidad-gerona-IGSS-2023-012-1024x796.jpg 1024w, \/wp-content\/uploads\/sites\/5\/2023\/11\/ampliacion-bodega-unidad-gerona-IGSS-2023-012-1536x1194.jpg 1536w, \/wp-content\/uploads\/sites\/5\/2023\/11\/ampliacion-bodega-unidad-gerona-IGSS-2023-012-696x541.jpg 696w, \/wp-content\/uploads\/sites\/5\/2023\/11\/ampliacion-bodega-unidad-gerona-IGSS-2023-012-1068x830.jpg 1068w, \/wp-content\/uploads\/sites\/5\/2023\/11\/ampliacion-bodega-unidad-gerona-IGSS-2023-012-534x415.jpg 534w, \/wp-content\/uploads\/sites\/5\/2023\/11\/ampliacion-bodega-unidad-gerona-IGSS-2023-012.jpg 1600w\" sizes=\"(max-width: 540px) 100vw, 540px\" alt=\"\">\r\n                            <\/a>\r\n                            \r\n                        <\/figure>\r\n                    <\/div>\r\n                    <div class = \"td-slide-item td-item2\">\r\n                        <figure class=\"td-slide-galery-figure td-slide-popup-gallery\">\r\n                            <a class=\"slide-gallery-image-link\" href=\"\/wp-content\/uploads\/sites\/5\/2023\/11\/ampliacion-bodega-unidad-gerona-IGSS-2023-014.jpg\" title=\"ampliacion bodega unidad gerona IGSS 2023-014\"  data-caption=\"\"  data-description=\"\">\r\n                                <img decoding=\"async\" src=\"\/wp-content\/uploads\/sites\/5\/2023\/11\/ampliacion-bodega-unidad-gerona-IGSS-2023-014-630x420.jpg\" srcset=\"\/wp-content\/uploads\/sites\/5\/2023\/11\/ampliacion-bodega-unidad-gerona-IGSS-2023-014-630x420.jpg 630w, \/wp-content\/uploads\/sites\/5\/2023\/11\/ampliacion-bodega-unidad-gerona-IGSS-2023-014-300x200.jpg 300w, \/wp-content\/uploads\/sites\/5\/2023\/11\/ampliacion-bodega-unidad-gerona-IGSS-2023-014-768x512.jpg 768w, \/wp-content\/uploads\/sites\/5\/2023\/11\/ampliacion-bodega-unidad-gerona-IGSS-2023-014-1024x682.jpg 1024w, \/wp-content\/uploads\/sites\/5\/2023\/11\/ampliacion-bodega-unidad-gerona-IGSS-2023-014-1536x1023.jpg 1536w, \/wp-content\/uploads\/sites\/5\/2023\/11\/ampliacion-bodega-unidad-gerona-IGSS-2023-014-696x464.jpg 696w, \/wp-content\/uploads\/sites\/5\/2023\/11\/ampliacion-bodega-unidad-gerona-IGSS-2023-014-1068x712.jpg 1068w, \/wp-content\/uploads\/sites\/5\/2023\/11\/ampliacion-bodega-unidad-gerona-IGSS-2023-014-534x356.jpg 534w, \/wp-content\/uploads\/sites\/5\/2023\/11\/ampliacion-bodega-unidad-gerona-IGSS-2023-014.jpg 1600w\" sizes=\"(max-width: 630px) 100vw, 630px\" alt=\"\">\r\n                            <\/a>\r\n                            \r\n                        <\/figure>\r\n                    <\/div>\r\n                    <div class = \"td-slide-item td-item3\">\r\n                        <figure class=\"td-slide-galery-figure td-slide-popup-gallery\">\r\n                            <a class=\"slide-gallery-image-link\" href=\"\/wp-content\/uploads\/sites\/5\/2023\/11\/ampliacion-bodega-unidad-gerona-IGSS-2023-011.jpg\" title=\"ampliacion bodega unidad gerona IGSS 2023-011\"  data-caption=\"\"  data-description=\"\">\r\n                                <img decoding=\"async\" src=\"\/wp-content\/uploads\/sites\/5\/2023\/11\/ampliacion-bodega-unidad-gerona-IGSS-2023-011-630x420.jpg\" srcset=\"\/wp-content\/uploads\/sites\/5\/2023\/11\/ampliacion-bodega-unidad-gerona-IGSS-2023-011-630x420.jpg 630w, \/wp-content\/uploads\/sites\/5\/2023\/11\/ampliacion-bodega-unidad-gerona-IGSS-2023-011-300x200.jpg 300w, \/wp-content\/uploads\/sites\/5\/2023\/11\/ampliacion-bodega-unidad-gerona-IGSS-2023-011-768x512.jpg 768w, \/wp-content\/uploads\/sites\/5\/2023\/11\/ampliacion-bodega-unidad-gerona-IGSS-2023-011-1024x682.jpg 1024w, \/wp-content\/uploads\/sites\/5\/2023\/11\/ampliacion-bodega-unidad-gerona-IGSS-2023-011-1536x1023.jpg 1536w, \/wp-content\/uploads\/sites\/5\/2023\/11\/ampliacion-bodega-unidad-gerona-IGSS-2023-011-696x464.jpg 696w, \/wp-content\/uploads\/sites\/5\/2023\/11\/ampliacion-bodega-unidad-gerona-IGSS-2023-011-1068x712.jpg 1068w, \/wp-content\/uploads\/sites\/5\/2023\/11\/ampliacion-bodega-unidad-gerona-IGSS-2023-011-534x356.jpg 534w, \/wp-content\/uploads\/sites\/5\/2023\/11\/ampliacion-bodega-unidad-gerona-IGSS-2023-011.jpg 1600w\" sizes=\"(max-width: 630px) 100vw, 630px\" alt=\"\">\r\n                            <\/a>\r\n                            \r\n                        <\/figure>\r\n                    <\/div>\r\n                            <\/div>\r\n                        <\/div>\r\n\r\n                        <div class = \"td-doubleSlider-2\">\r\n                            <div class = \"td-slider\">\r\n                                \r\n                    <div class = \"td-button td-item1\">\r\n                        <div class = \"td-border\"><\/div>\r\n                    <\/div>\r\n                    <div class = \"td-button td-item2\">\r\n                        <div class = \"td-border\"><\/div>\r\n                    <\/div>\r\n                    <div class = \"td-button td-item3\">\r\n                        <div class = \"td-border\"><\/div>\r\n                    <\/div>\r\n                            <\/div>\r\n                        <\/div>\r\n\r\n                    <\/div>\r\n\r\n                <\/div>\r\n                \n<p><\/p>\n","protected":false},"excerpt":{"rendered":"<p>Autoridades del Seguro Social habilitaron la ampliaci\u00f3n de la bodega de Farmacia de la Unidad de Consulta Externa de\u00a0 Especialidades M\u00e9dico Quir\u00fargicas Gerona, lo que beneficiar\u00e1 a los afiliados que contar\u00e1n con un abastecimiento de medicamentos necesario para cada caso. El licenciado Edson Javier Rivera M\u00e9ndez, gerente del Instituto, destac\u00f3 que el proyecto no solo [&hellip;]<\/p>\n","protected":false},"author":4,"featured_media":38625,"comment_status":"closed","ping_status":"closed","sticky":false,"template":"","format":"standard","meta":{"footnotes":""},"categories":[3,18],"tags":[506],"coauthors":[],"class_list":{"0":"post-38624","1":"post","2":"type-post","3":"status-publish","4":"format-standard","5":"has-post-thumbnail","7":"category-actualidad","8":"category-equipamiento-e-infraestructura","9":"tag-infraestructura"},"_links":{"self":[{"href":"https:\/\/www.igssgt.org\/noticias\/wp-json\/wp\/v2\/posts\/38624","targetHints":{"allow":["GET"]}}],"collection":[{"href":"https:\/\/www.igssgt.org\/noticias\/wp-json\/wp\/v2\/posts"}],"about":[{"href":"https:\/\/www.igssgt.org\/noticias\/wp-json\/wp\/v2\/types\/post"}],"author":[{"embeddable":true,"href":"https:\/\/www.igssgt.org\/noticias\/wp-json\/wp\/v2\/users\/4"}],"replies":[{"embeddable":true,"href":"https:\/\/www.igssgt.org\/noticias\/wp-json\/wp\/v2\/comments?post=38624"}],"version-history":[{"count":1,"href":"https:\/\/www.igssgt.org\/noticias\/wp-json\/wp\/v2\/posts\/38624\/revisions"}],"predecessor-version":[{"id":38630,"href":"https:\/\/www.igssgt.org\/noticias\/wp-json\/wp\/v2\/posts\/38624\/revisions\/38630"}],"wp:featuredmedia":[{"embeddable":true,"href":"https:\/\/www.igssgt.org\/noticias\/wp-json\/wp\/v2\/media\/38625"}],"wp:attachment":[{"href":"https:\/\/www.igssgt.org\/noticias\/wp-json\/wp\/v2\/media?parent=38624"}],"wp:term":[{"taxonomy":"category","embeddable":true,"href":"https:\/\/www.igssgt.org\/noticias\/wp-json\/wp\/v2\/categories?post=38624"},{"taxonomy":"post_tag","embeddable":true,"href":"https:\/\/www.igssgt.org\/noticias\/wp-json\/wp\/v2\/tags?post=38624"},{"taxonomy":"author","embeddable":true,"href":"https:\/\/www.igssgt.org\/noticias\/wp-json\/wp\/v2\/coauthors?post=38624"}],"curies":[{"name":"wp","href":"https:\/\/api.w.org\/{rel}","templated":true}]}}