{"id":38870,"date":"2023-11-22T10:21:29","date_gmt":"2023-11-22T16:21:29","guid":{"rendered":"https:\/\/www.igssgt.org\/noticias\/?p=38870"},"modified":"2023-11-22T10:21:31","modified_gmt":"2023-11-22T16:21:31","slug":"fortalecen-capacidades-de-las-mas-de-100-trabajadoras-sociales-del-seguro-social","status":"publish","type":"post","link":"https:\/\/www.igssgt.org\/noticias\/2023\/11\/22\/fortalecen-capacidades-de-las-mas-de-100-trabajadoras-sociales-del-seguro-social\/","title":{"rendered":"Fortalecen capacidades de las m\u00e1s de 100 Trabajadoras Sociales del Seguro Social"},"content":{"rendered":"\n<p class=\"has-drop-cap\">Autoridades del Instituto Guatemalteco de Seguridad Social -IGSS- organizaron el Encuentro Regional de Trabajo Social, un espacio de capacitaci\u00f3n para las profesionales. El espacio acad\u00e9mico se realiz\u00f3 por dos d\u00edas en el auditorio Autonom\u00eda de las Oficinas Centrales del IGSS, donde participan m\u00e1s de 130 licenciadas en Trabajo Social que prestan sus servicios en las diferentes unidades m\u00e9dicas de la instituci\u00f3n.<\/p>\n\n\n\n<p><a href=\"\/wp-content\/uploads\/sites\/5\/2023\/11\/trabajadoras-sociales-5.jpeg\" target=\"_blank\" rel=\"noopener\"><img loading=\"lazy\" decoding=\"async\" class=\"alignnone wp-image-38874 size-full\" src=\"\/wp-content\/uploads\/sites\/5\/2023\/11\/trabajadoras-sociales-5.jpeg\" alt=\"\" width=\"1599\" height=\"1066\" srcset=\"\/wp-content\/uploads\/sites\/5\/2023\/11\/trabajadoras-sociales-5.jpeg 1599w, \/wp-content\/uploads\/sites\/5\/2023\/11\/trabajadoras-sociales-5-300x200.jpeg 300w, \/wp-content\/uploads\/sites\/5\/2023\/11\/trabajadoras-sociales-5-768x512.jpeg 768w, \/wp-content\/uploads\/sites\/5\/2023\/11\/trabajadoras-sociales-5-1024x683.jpeg 1024w, \/wp-content\/uploads\/sites\/5\/2023\/11\/trabajadoras-sociales-5-1536x1024.jpeg 1536w, \/wp-content\/uploads\/sites\/5\/2023\/11\/trabajadoras-sociales-5-630x420.jpeg 630w, \/wp-content\/uploads\/sites\/5\/2023\/11\/trabajadoras-sociales-5-696x464.jpeg 696w, \/wp-content\/uploads\/sites\/5\/2023\/11\/trabajadoras-sociales-5-1068x712.jpeg 1068w, \/wp-content\/uploads\/sites\/5\/2023\/11\/trabajadoras-sociales-5-534x356.jpeg 534w\" sizes=\"auto, (max-width: 1599px) 100vw, 1599px\" \/><\/a><\/p>\n<p>El licenciado Domingo Argueta, Subgerente de Prestaciones Pecuniarias, destac\u00f3 que este encuentro refuerza temas espec\u00edficos del Trabajo Social en el IGSS para continuar brindado un servicio con calidad y calidez humana.<\/p>\n<p><strong>\u201cHoy es importante cambiar paradigmas y dar un mejor servicio con mucho amor y aprecio para esa gente trabajadora que ha dejado su vida en el instituto y los pacientes que est\u00e1n resguardados esperando una mejor\u00eda en su salud\u201d<\/strong>, comparti\u00f3.<\/p>\n<blockquote>\n<p>Somos el v\u00ednculo entre la familia y el adulto mayor, capacitamos a los parientes en las atenciones que necesitan<\/p>\n<\/blockquote>\n<p>Durante la actividad se record\u00f3 que el Seguro Social es pionero del Trabajo Social en Guatemala y junto con la cooperaci\u00f3n t\u00e9cnica de la Organizaci\u00f3n de Naciones Unidas crearon el 17 de marzo de 1949 la primera Escuela Superior de Servicio Social, y el 2 de mayo de ese mismo a\u00f1o iniciaron las clases. En 1966 la Universidad de San Carlos de Guatemala asumi\u00f3 el compromiso de continuar esta ense\u00f1anza a nivel universitario, se\u00f1al\u00f3 la licenciada Mayra Valdez, supervisora de Trabajo Social del Hospital General Juan Jos\u00e9 Ar\u00e9valo Bermejo.<\/p>\n<p><strong>\u201cNuestra labor humanitaria consiste en brindar informaci\u00f3n del estado de los pacientes a sus seres queridos. Tambi\u00e9n somos el v\u00ednculo entre la familia y el adulto mayor, capacitamos a los parientes en las atenciones que necesitan con la prescripci\u00f3n m\u00e9dica y sus cuidados, entre otros servicios\u201d<\/strong>, asegur\u00f3 la licenciada Tracy Xicar\u00e1, del Hospital General de Accidentes Ceibal.<\/p>\n<p><a href=\"\/wp-content\/uploads\/sites\/5\/2023\/11\/trabajadoras-sociales-3.jpeg\" target=\"_blank\" rel=\"noopener\"><img loading=\"lazy\" decoding=\"async\" class=\"alignnone wp-image-38875 size-full\" src=\"\/wp-content\/uploads\/sites\/5\/2023\/11\/trabajadoras-sociales-3.jpeg\" alt=\"\" width=\"1599\" height=\"1066\" srcset=\"\/wp-content\/uploads\/sites\/5\/2023\/11\/trabajadoras-sociales-3.jpeg 1599w, \/wp-content\/uploads\/sites\/5\/2023\/11\/trabajadoras-sociales-3-300x200.jpeg 300w, \/wp-content\/uploads\/sites\/5\/2023\/11\/trabajadoras-sociales-3-768x512.jpeg 768w, \/wp-content\/uploads\/sites\/5\/2023\/11\/trabajadoras-sociales-3-1024x683.jpeg 1024w, \/wp-content\/uploads\/sites\/5\/2023\/11\/trabajadoras-sociales-3-1536x1024.jpeg 1536w, \/wp-content\/uploads\/sites\/5\/2023\/11\/trabajadoras-sociales-3-630x420.jpeg 630w, \/wp-content\/uploads\/sites\/5\/2023\/11\/trabajadoras-sociales-3-696x464.jpeg 696w, \/wp-content\/uploads\/sites\/5\/2023\/11\/trabajadoras-sociales-3-1068x712.jpeg 1068w, \/wp-content\/uploads\/sites\/5\/2023\/11\/trabajadoras-sociales-3-534x356.jpeg 534w\" sizes=\"auto, (max-width: 1599px) 100vw, 1599px\" \/><\/a><\/p>\n<p>Xicar\u00e1 record\u00f3 que durante la pandemia del COVID-19, su rutina comenzaba a las seis de la ma\u00f1ana y motivaban al paciente a no decaer y <strong>\u201crealizamos videollamadas a las familias para que los enfermos se sintieran acuerpados\u201d<\/strong>.<\/p>\n<p>Participaron en el encuentro trabajadoras sociales del \u00e1rea Metropolitana, y de los departamentos de Escuintla, Chimaltenango, Antigua Guatemala y Santa Rosa, entre otros.<\/p>\n\n\n\n\r\n                <style type=\"text\/css\">\r\n                    \r\n                    #tdi_1  .td-doubleSlider-2 .td-item1 {\r\n                        background: url(\/wp-content\/uploads\/sites\/5\/2023\/11\/trabajadoras-sociales-1-80x60.jpeg) 0 0 no-repeat;\r\n                    }\r\n                    #tdi_1  .td-doubleSlider-2 .td-item2 {\r\n                        background: url(\/wp-content\/uploads\/sites\/5\/2023\/11\/trabajadoras-sociales-2-80x60.jpeg) 0 0 no-repeat;\r\n                    }\r\n                    #tdi_1  .td-doubleSlider-2 .td-item3 {\r\n                        background: url(\/wp-content\/uploads\/sites\/5\/2023\/11\/trabajadoras-sociales-4-80x60.jpeg) 0 0 no-repeat;\r\n                    }\r\n                    #tdi_1  .td-doubleSlider-2 .td-item4 {\r\n                        background: url(\/wp-content\/uploads\/sites\/5\/2023\/11\/trabajadoras-sociales-7-80x60.jpeg) 0 0 no-repeat;\r\n                    }\r\n                <\/style>\r\n\r\n                <div id=\"tdi_1\" class=\"td-gallery td-slide-on-2-columns\">\r\n                    <div class=\"post_td_gallery\">\r\n                        <div class=\"td-gallery-slide-top\">\r\n                           <div class=\"td-gallery-title\"><\/div>\r\n\r\n                            <div class=\"td-gallery-controls-wrapper\">\r\n                                <div class=\"td-gallery-slide-count\"><span class=\"td-gallery-slide-item-focus\">1<\/span> de 4<\/div>\r\n                                <div class=\"td-gallery-slide-prev-next-but\">\r\n                                    <i class = \"td-icon-left doubleSliderPrevButton\"><\/i>\r\n                                    <i class = \"td-icon-right doubleSliderNextButton\"><\/i>\r\n                                <\/div>\r\n                            <\/div>\r\n                        <\/div>\r\n\r\n                        <div class = \"td-doubleSlider-1 \">\r\n                            <div class = \"td-slider\">\r\n                                \r\n                    <div class = \"td-slide-item td-item1\">\r\n                        <figure class=\"td-slide-galery-figure td-slide-popup-gallery\">\r\n                            <a class=\"slide-gallery-image-link\" href=\"\/wp-content\/uploads\/sites\/5\/2023\/11\/trabajadoras-sociales-1.jpeg\" title=\"trabajadoras sociales-1\"  data-caption=\"\"  data-description=\"\">\r\n                                <img decoding=\"async\" src=\"\/wp-content\/uploads\/sites\/5\/2023\/11\/trabajadoras-sociales-1-630x420.jpeg\" srcset=\"\/wp-content\/uploads\/sites\/5\/2023\/11\/trabajadoras-sociales-1-630x420.jpeg 630w, \/wp-content\/uploads\/sites\/5\/2023\/11\/trabajadoras-sociales-1-300x200.jpeg 300w, \/wp-content\/uploads\/sites\/5\/2023\/11\/trabajadoras-sociales-1-768x512.jpeg 768w, \/wp-content\/uploads\/sites\/5\/2023\/11\/trabajadoras-sociales-1-1024x683.jpeg 1024w, \/wp-content\/uploads\/sites\/5\/2023\/11\/trabajadoras-sociales-1-1536x1024.jpeg 1536w, \/wp-content\/uploads\/sites\/5\/2023\/11\/trabajadoras-sociales-1-696x464.jpeg 696w, \/wp-content\/uploads\/sites\/5\/2023\/11\/trabajadoras-sociales-1-1068x712.jpeg 1068w, \/wp-content\/uploads\/sites\/5\/2023\/11\/trabajadoras-sociales-1-534x356.jpeg 534w, \/wp-content\/uploads\/sites\/5\/2023\/11\/trabajadoras-sociales-1.jpeg 1599w\" sizes=\"(max-width: 630px) 100vw, 630px\" alt=\"\">\r\n                            <\/a>\r\n                            \r\n                        <\/figure>\r\n                    <\/div>\r\n                    <div class = \"td-slide-item td-item2\">\r\n                        <figure class=\"td-slide-galery-figure td-slide-popup-gallery\">\r\n                            <a class=\"slide-gallery-image-link\" href=\"\/wp-content\/uploads\/sites\/5\/2023\/11\/trabajadoras-sociales-2.jpeg\" title=\"trabajadoras sociales-2\"  data-caption=\"\"  data-description=\"\">\r\n                                <img decoding=\"async\" src=\"\/wp-content\/uploads\/sites\/5\/2023\/11\/trabajadoras-sociales-2-630x420.jpeg\" srcset=\"\/wp-content\/uploads\/sites\/5\/2023\/11\/trabajadoras-sociales-2-630x420.jpeg 630w, \/wp-content\/uploads\/sites\/5\/2023\/11\/trabajadoras-sociales-2-300x200.jpeg 300w, \/wp-content\/uploads\/sites\/5\/2023\/11\/trabajadoras-sociales-2-768x512.jpeg 768w, \/wp-content\/uploads\/sites\/5\/2023\/11\/trabajadoras-sociales-2-1024x683.jpeg 1024w, \/wp-content\/uploads\/sites\/5\/2023\/11\/trabajadoras-sociales-2-1536x1024.jpeg 1536w, \/wp-content\/uploads\/sites\/5\/2023\/11\/trabajadoras-sociales-2-696x464.jpeg 696w, \/wp-content\/uploads\/sites\/5\/2023\/11\/trabajadoras-sociales-2-1068x712.jpeg 1068w, \/wp-content\/uploads\/sites\/5\/2023\/11\/trabajadoras-sociales-2-534x356.jpeg 534w, \/wp-content\/uploads\/sites\/5\/2023\/11\/trabajadoras-sociales-2.jpeg 1599w\" sizes=\"(max-width: 630px) 100vw, 630px\" alt=\"\">\r\n                            <\/a>\r\n                            \r\n                        <\/figure>\r\n                    <\/div>\r\n                    <div class = \"td-slide-item td-item3\">\r\n                        <figure class=\"td-slide-galery-figure td-slide-popup-gallery\">\r\n                            <a class=\"slide-gallery-image-link\" href=\"\/wp-content\/uploads\/sites\/5\/2023\/11\/trabajadoras-sociales-4.jpeg\" title=\"trabajadoras sociales-4\"  data-caption=\"\"  data-description=\"\">\r\n                                <img decoding=\"async\" src=\"\/wp-content\/uploads\/sites\/5\/2023\/11\/trabajadoras-sociales-4-630x420.jpeg\" srcset=\"\/wp-content\/uploads\/sites\/5\/2023\/11\/trabajadoras-sociales-4-630x420.jpeg 630w, \/wp-content\/uploads\/sites\/5\/2023\/11\/trabajadoras-sociales-4-300x200.jpeg 300w, \/wp-content\/uploads\/sites\/5\/2023\/11\/trabajadoras-sociales-4-768x512.jpeg 768w, \/wp-content\/uploads\/sites\/5\/2023\/11\/trabajadoras-sociales-4-1024x683.jpeg 1024w, \/wp-content\/uploads\/sites\/5\/2023\/11\/trabajadoras-sociales-4-1536x1024.jpeg 1536w, \/wp-content\/uploads\/sites\/5\/2023\/11\/trabajadoras-sociales-4-696x464.jpeg 696w, \/wp-content\/uploads\/sites\/5\/2023\/11\/trabajadoras-sociales-4-1068x712.jpeg 1068w, \/wp-content\/uploads\/sites\/5\/2023\/11\/trabajadoras-sociales-4-534x356.jpeg 534w, \/wp-content\/uploads\/sites\/5\/2023\/11\/trabajadoras-sociales-4.jpeg 1599w\" sizes=\"(max-width: 630px) 100vw, 630px\" alt=\"\">\r\n                            <\/a>\r\n                            \r\n                        <\/figure>\r\n                    <\/div>\r\n                    <div class = \"td-slide-item td-item4\">\r\n                        <figure class=\"td-slide-galery-figure td-slide-popup-gallery\">\r\n                            <a class=\"slide-gallery-image-link\" href=\"\/wp-content\/uploads\/sites\/5\/2023\/11\/trabajadoras-sociales-7.jpeg\" title=\"trabajadoras sociales-7\"  data-caption=\"\"  data-description=\"\">\r\n                                <img decoding=\"async\" src=\"\/wp-content\/uploads\/sites\/5\/2023\/11\/trabajadoras-sociales-7-630x420.jpeg\" srcset=\"\/wp-content\/uploads\/sites\/5\/2023\/11\/trabajadoras-sociales-7-630x420.jpeg 630w, \/wp-content\/uploads\/sites\/5\/2023\/11\/trabajadoras-sociales-7-300x200.jpeg 300w, \/wp-content\/uploads\/sites\/5\/2023\/11\/trabajadoras-sociales-7-768x512.jpeg 768w, \/wp-content\/uploads\/sites\/5\/2023\/11\/trabajadoras-sociales-7-1024x683.jpeg 1024w, \/wp-content\/uploads\/sites\/5\/2023\/11\/trabajadoras-sociales-7-1536x1024.jpeg 1536w, \/wp-content\/uploads\/sites\/5\/2023\/11\/trabajadoras-sociales-7-696x464.jpeg 696w, \/wp-content\/uploads\/sites\/5\/2023\/11\/trabajadoras-sociales-7-1068x712.jpeg 1068w, \/wp-content\/uploads\/sites\/5\/2023\/11\/trabajadoras-sociales-7-534x356.jpeg 534w, \/wp-content\/uploads\/sites\/5\/2023\/11\/trabajadoras-sociales-7.jpeg 1599w\" sizes=\"(max-width: 630px) 100vw, 630px\" alt=\"\">\r\n                            <\/a>\r\n                            \r\n                        <\/figure>\r\n                    <\/div>\r\n                            <\/div>\r\n                        <\/div>\r\n\r\n                        <div class = \"td-doubleSlider-2\">\r\n                            <div class = \"td-slider\">\r\n                                \r\n                    <div class = \"td-button td-item1\">\r\n                        <div class = \"td-border\"><\/div>\r\n                    <\/div>\r\n                    <div class = \"td-button td-item2\">\r\n                        <div class = \"td-border\"><\/div>\r\n                    <\/div>\r\n                    <div class = \"td-button td-item3\">\r\n                        <div class = \"td-border\"><\/div>\r\n                    <\/div>\r\n                    <div class = \"td-button td-item4\">\r\n                        <div class = \"td-border\"><\/div>\r\n                    <\/div>\r\n                            <\/div>\r\n                        <\/div>\r\n\r\n                    <\/div>\r\n\r\n                <\/div>\r\n                \n","protected":false},"excerpt":{"rendered":"<p>Autoridades del Instituto Guatemalteco de Seguridad Social -IGSS- organizaron el Encuentro Regional de Trabajo Social, un espacio de capacitaci\u00f3n para las profesionales. El espacio acad\u00e9mico se realiz\u00f3 por dos d\u00edas en el auditorio Autonom\u00eda de las Oficinas Centrales del IGSS, donde participan m\u00e1s de 130 licenciadas en Trabajo Social que prestan sus servicios en las [&hellip;]<\/p>\n","protected":false},"author":1961,"featured_media":38873,"comment_status":"closed","ping_status":"closed","sticky":false,"template":"","format":"standard","meta":{"footnotes":""},"categories":[3],"tags":[1675,818],"coauthors":[],"class_list":{"0":"post-38870","1":"post","2":"type-post","3":"status-publish","4":"format-standard","5":"has-post-thumbnail","7":"category-actualidad","8":"tag-capacitacion-igss-2","9":"tag-trabajo-social"},"_links":{"self":[{"href":"https:\/\/www.igssgt.org\/noticias\/wp-json\/wp\/v2\/posts\/38870","targetHints":{"allow":["GET"]}}],"collection":[{"href":"https:\/\/www.igssgt.org\/noticias\/wp-json\/wp\/v2\/posts"}],"about":[{"href":"https:\/\/www.igssgt.org\/noticias\/wp-json\/wp\/v2\/types\/post"}],"author":[{"embeddable":true,"href":"https:\/\/www.igssgt.org\/noticias\/wp-json\/wp\/v2\/users\/1961"}],"replies":[{"embeddable":true,"href":"https:\/\/www.igssgt.org\/noticias\/wp-json\/wp\/v2\/comments?post=38870"}],"version-history":[{"count":3,"href":"https:\/\/www.igssgt.org\/noticias\/wp-json\/wp\/v2\/posts\/38870\/revisions"}],"predecessor-version":[{"id":38881,"href":"https:\/\/www.igssgt.org\/noticias\/wp-json\/wp\/v2\/posts\/38870\/revisions\/38881"}],"wp:featuredmedia":[{"embeddable":true,"href":"https:\/\/www.igssgt.org\/noticias\/wp-json\/wp\/v2\/media\/38873"}],"wp:attachment":[{"href":"https:\/\/www.igssgt.org\/noticias\/wp-json\/wp\/v2\/media?parent=38870"}],"wp:term":[{"taxonomy":"category","embeddable":true,"href":"https:\/\/www.igssgt.org\/noticias\/wp-json\/wp\/v2\/categories?post=38870"},{"taxonomy":"post_tag","embeddable":true,"href":"https:\/\/www.igssgt.org\/noticias\/wp-json\/wp\/v2\/tags?post=38870"},{"taxonomy":"author","embeddable":true,"href":"https:\/\/www.igssgt.org\/noticias\/wp-json\/wp\/v2\/coauthors?post=38870"}],"curies":[{"name":"wp","href":"https:\/\/api.w.org\/{rel}","templated":true}]}}