{"id":38994,"date":"2023-11-28T12:20:18","date_gmt":"2023-11-28T18:20:18","guid":{"rendered":"https:\/\/www.igssgt.org\/noticias\/?p=38994"},"modified":"2023-11-28T12:20:19","modified_gmt":"2023-11-28T18:20:19","slug":"bodas-de-plata-laborales-toda-una-vida-al-servicio-de-los-asegurados","status":"publish","type":"post","link":"https:\/\/www.igssgt.org\/noticias\/2023\/11\/28\/bodas-de-plata-laborales-toda-una-vida-al-servicio-de-los-asegurados\/","title":{"rendered":"Bodas de plata laborales: Toda una vida al servicio de los asegurados"},"content":{"rendered":"\n<p class=\"has-drop-cap\">Autoridades del Seguro Social, encabezadas por el licenciado Jos\u00e9 Adolfo Flamenco Jau, presidente de Junta Directiva, entregaron pines y diplomas a 277 trabajadores de la instituci\u00f3n a nivel nacional por arribar a 25 a\u00f1os de servicio ininterrumpido.<\/p>\n\n\n\n<p>El emotivo acto <strong>\u00abReconocimiento por 25 A\u00f1os de Servicio\u00bb<\/strong> se desarroll\u00f3 en dos jornadas con la participaci\u00f3n de 209 homenajeados de dependencias metropolitanas y 68 departamentales.<\/p>\n<p><a href=\"\/wp-content\/uploads\/sites\/5\/2023\/11\/bodas-de-plata-3.jpeg\" target=\"_blank\" rel=\"noopener\"><img loading=\"lazy\" decoding=\"async\" class=\"alignnone wp-image-39002 size-full\" src=\"\/wp-content\/uploads\/sites\/5\/2023\/11\/bodas-de-plata-3.jpeg\" alt=\"\" width=\"1441\" height=\"1001\" srcset=\"\/wp-content\/uploads\/sites\/5\/2023\/11\/bodas-de-plata-3.jpeg 1441w, \/wp-content\/uploads\/sites\/5\/2023\/11\/bodas-de-plata-3-300x208.jpeg 300w, \/wp-content\/uploads\/sites\/5\/2023\/11\/bodas-de-plata-3-768x533.jpeg 768w, \/wp-content\/uploads\/sites\/5\/2023\/11\/bodas-de-plata-3-1024x711.jpeg 1024w, \/wp-content\/uploads\/sites\/5\/2023\/11\/bodas-de-plata-3-605x420.jpeg 605w, \/wp-content\/uploads\/sites\/5\/2023\/11\/bodas-de-plata-3-218x150.jpeg 218w, \/wp-content\/uploads\/sites\/5\/2023\/11\/bodas-de-plata-3-696x483.jpeg 696w, \/wp-content\/uploads\/sites\/5\/2023\/11\/bodas-de-plata-3-1068x742.jpeg 1068w, \/wp-content\/uploads\/sites\/5\/2023\/11\/bodas-de-plata-3-100x70.jpeg 100w, \/wp-content\/uploads\/sites\/5\/2023\/11\/bodas-de-plata-3-534x371.jpeg 534w\" sizes=\"auto, (max-width: 1441px) 100vw, 1441px\" \/><\/a><\/p>\n<p><strong>\u00abDesde Junta Directiva agradecemos su lealtad, son ejemplo dentro de la instituci\u00f3n y nuestro m\u00e1s valioso activo. Son agentes de cambio y su legado es que entregan un mejor IGSS a las nuevas generaciones. Disfruten con orgullo este d\u00eda junto a sus familias\u00bb<\/strong>, fue el mensaje que dedic\u00f3 el m\u00e1ximo dirigente a los homenajeados.<\/p>\n<p><a href=\"\/wp-content\/uploads\/sites\/5\/2023\/11\/bodas-de-plata-6.jpeg\"><img loading=\"lazy\" decoding=\"async\" class=\" wp-image-38997 alignright\" src=\"\/wp-content\/uploads\/sites\/5\/2023\/11\/bodas-de-plata-6.jpeg\" alt=\"\" width=\"290\" height=\"394\" srcset=\"\/wp-content\/uploads\/sites\/5\/2023\/11\/bodas-de-plata-6.jpeg 1065w, \/wp-content\/uploads\/sites\/5\/2023\/11\/bodas-de-plata-6-221x300.jpeg 221w, \/wp-content\/uploads\/sites\/5\/2023\/11\/bodas-de-plata-6-768x1042.jpeg 768w, \/wp-content\/uploads\/sites\/5\/2023\/11\/bodas-de-plata-6-755x1024.jpeg 755w, \/wp-content\/uploads\/sites\/5\/2023\/11\/bodas-de-plata-6-310x420.jpeg 310w, \/wp-content\/uploads\/sites\/5\/2023\/11\/bodas-de-plata-6-696x944.jpeg 696w, \/wp-content\/uploads\/sites\/5\/2023\/11\/bodas-de-plata-6-341x462.jpeg 341w\" sizes=\"auto, (max-width: 290px) 100vw, 290px\" \/><\/a>Las sonrisas, los abrazos y un brillo en los ojos predominaron en los colaboradores, quienes destacan por su versatilidad a la adpataci\u00f3n de los cambios tecnol\u00f3gicos en la vida laboral.<\/p>\n<p>Por su parte, el Dr. Gustavo Vela, Director General de Gerencia se\u00f1al\u00f3: <strong>\u00abUna de nuestras labor es es el trato humano, nos debemos a la empat\u00eda hacia los asegurados y eso es lo m\u00e1s valioso que ustedes han brindado. Son trabajadores formadores de nuevas generaciones\u00bb<\/strong>.<\/p>\n<p><strong>\u00abAgradezco a la instituci\u00f3n por la oportunidad, ya que he podido sacar adelante mis proyectos y a la familia\u00bb<\/strong>, indic\u00f3 Rosario Salazar, quien labora como camarera en el hospital del IGSS de Retalhuleu.<\/p>\n<p><strong>\u00abTodos tienen su propia historia que el destino les tenia preparado en el IGSS, felicitaciones\u00bb<\/strong>, se\u00f1al\u00f3 la subgerente de Recursos Humanos, Z\u00e1mara Vel\u00e1squez.<\/p>\n<p>De esta forma, como cada a\u00f1o, el Instituto dignifica a su personal que con esmero, responsabilidad y compromiso brinda lo mejor desde sus lugares de trabajo.<\/p>\n\n\n\n\r\n                <style type=\"text\/css\">\r\n                    \r\n                    #tdi_1  .td-doubleSlider-2 .td-item1 {\r\n                        background: url(\/wp-content\/uploads\/sites\/5\/2023\/11\/bodas-de-plata-4-80x60.jpeg) 0 0 no-repeat;\r\n                    }\r\n                    #tdi_1  .td-doubleSlider-2 .td-item2 {\r\n                        background: url(\/wp-content\/uploads\/sites\/5\/2023\/11\/bodas-de-plata-5-80x60.jpeg) 0 0 no-repeat;\r\n                    }\r\n                    #tdi_1  .td-doubleSlider-2 .td-item3 {\r\n                        background: url(\/wp-content\/uploads\/sites\/5\/2023\/11\/bodas-de-plata-8-80x60.jpeg) 0 0 no-repeat;\r\n                    }\r\n                    #tdi_1  .td-doubleSlider-2 .td-item4 {\r\n                        background: url(\/wp-content\/uploads\/sites\/5\/2023\/11\/bodas-de-plata-9-80x60.jpeg) 0 0 no-repeat;\r\n                    }\r\n                    #tdi_1  .td-doubleSlider-2 .td-item5 {\r\n                        background: url(\/wp-content\/uploads\/sites\/5\/2023\/11\/bodas-de-plata-10-80x60.jpeg) 0 0 no-repeat;\r\n                    }\r\n                    #tdi_1  .td-doubleSlider-2 .td-item6 {\r\n                        background: url(\/wp-content\/uploads\/sites\/5\/2023\/11\/bodas-de-plata-11-80x60.jpeg) 0 0 no-repeat;\r\n                    }\r\n                    #tdi_1  .td-doubleSlider-2 .td-item7 {\r\n                        background: url(\/wp-content\/uploads\/sites\/5\/2023\/11\/bodas-de-plata-1-80x60.jpeg) 0 0 no-repeat;\r\n                    }\r\n                    #tdi_1  .td-doubleSlider-2 .td-item8 {\r\n                        background: url(\/wp-content\/uploads\/sites\/5\/2023\/11\/bodas-de-plata-2-80x60.jpeg) 0 0 no-repeat;\r\n                    }\r\n                    #tdi_1  .td-doubleSlider-2 .td-item9 {\r\n                        background: url(\/wp-content\/uploads\/sites\/5\/2023\/11\/bodas-de-plata-13-80x60.jpeg) 0 0 no-repeat;\r\n                    }\r\n                <\/style>\r\n\r\n                <div id=\"tdi_1\" class=\"td-gallery td-slide-on-2-columns\">\r\n                    <div class=\"post_td_gallery\">\r\n                        <div class=\"td-gallery-slide-top\">\r\n                           <div class=\"td-gallery-title\"><\/div>\r\n\r\n                            <div class=\"td-gallery-controls-wrapper\">\r\n                                <div class=\"td-gallery-slide-count\"><span class=\"td-gallery-slide-item-focus\">1<\/span> de 9<\/div>\r\n                                <div class=\"td-gallery-slide-prev-next-but\">\r\n                                    <i class = \"td-icon-left doubleSliderPrevButton\"><\/i>\r\n                                    <i class = \"td-icon-right doubleSliderNextButton\"><\/i>\r\n                                <\/div>\r\n                            <\/div>\r\n                        <\/div>\r\n\r\n                        <div class = \"td-doubleSlider-1 \">\r\n                            <div class = \"td-slider\">\r\n                                \r\n                    <div class = \"td-slide-item td-item1\">\r\n                        <figure class=\"td-slide-galery-figure td-slide-popup-gallery\">\r\n                            <a class=\"slide-gallery-image-link\" href=\"\/wp-content\/uploads\/sites\/5\/2023\/11\/bodas-de-plata-4.jpeg\" title=\"bodas de plata-4\"  data-caption=\"\"  data-description=\"\">\r\n                                <img decoding=\"async\" src=\"\/wp-content\/uploads\/sites\/5\/2023\/11\/bodas-de-plata-4-527x420.jpeg\" srcset=\"\/wp-content\/uploads\/sites\/5\/2023\/11\/bodas-de-plata-4-527x420.jpeg 527w, \/wp-content\/uploads\/sites\/5\/2023\/11\/bodas-de-plata-4-300x239.jpeg 300w, \/wp-content\/uploads\/sites\/5\/2023\/11\/bodas-de-plata-4-768x612.jpeg 768w, \/wp-content\/uploads\/sites\/5\/2023\/11\/bodas-de-plata-4-1024x817.jpeg 1024w, \/wp-content\/uploads\/sites\/5\/2023\/11\/bodas-de-plata-4-696x555.jpeg 696w, \/wp-content\/uploads\/sites\/5\/2023\/11\/bodas-de-plata-4-1068x852.jpeg 1068w, \/wp-content\/uploads\/sites\/5\/2023\/11\/bodas-de-plata-4-534x426.jpeg 534w, \/wp-content\/uploads\/sites\/5\/2023\/11\/bodas-de-plata-4.jpeg 1214w\" sizes=\"(max-width: 527px) 100vw, 527px\" alt=\"\">\r\n                            <\/a>\r\n                            \r\n                        <\/figure>\r\n                    <\/div>\r\n                    <div class = \"td-slide-item td-item2\">\r\n                        <figure class=\"td-slide-galery-figure td-slide-popup-gallery\">\r\n                            <a class=\"slide-gallery-image-link\" href=\"\/wp-content\/uploads\/sites\/5\/2023\/11\/bodas-de-plata-5.jpeg\" title=\"bodas de plata-5\"  data-caption=\"\"  data-description=\"\">\r\n                                <img decoding=\"async\" src=\"\/wp-content\/uploads\/sites\/5\/2023\/11\/bodas-de-plata-5-737x420.jpeg\" srcset=\"\/wp-content\/uploads\/sites\/5\/2023\/11\/bodas-de-plata-5-737x420.jpeg 737w, \/wp-content\/uploads\/sites\/5\/2023\/11\/bodas-de-plata-5-300x171.jpeg 300w, \/wp-content\/uploads\/sites\/5\/2023\/11\/bodas-de-plata-5-768x438.jpeg 768w, \/wp-content\/uploads\/sites\/5\/2023\/11\/bodas-de-plata-5-1024x584.jpeg 1024w, \/wp-content\/uploads\/sites\/5\/2023\/11\/bodas-de-plata-5-1536x876.jpeg 1536w, \/wp-content\/uploads\/sites\/5\/2023\/11\/bodas-de-plata-5-696x397.jpeg 696w, \/wp-content\/uploads\/sites\/5\/2023\/11\/bodas-de-plata-5-1068x609.jpeg 1068w, \/wp-content\/uploads\/sites\/5\/2023\/11\/bodas-de-plata-5-534x304.jpeg 534w, \/wp-content\/uploads\/sites\/5\/2023\/11\/bodas-de-plata-5.jpeg 1563w\" sizes=\"(max-width: 737px) 100vw, 737px\" alt=\"\">\r\n                            <\/a>\r\n                            \r\n                        <\/figure>\r\n                    <\/div>\r\n                    <div class = \"td-slide-item td-item3\">\r\n                        <figure class=\"td-slide-galery-figure td-slide-popup-gallery\">\r\n                            <a class=\"slide-gallery-image-link\" href=\"\/wp-content\/uploads\/sites\/5\/2023\/11\/bodas-de-plata-8.jpeg\" title=\"bodas de plata-8\"  data-caption=\"\"  data-description=\"\">\r\n                                <img decoding=\"async\" src=\"\/wp-content\/uploads\/sites\/5\/2023\/11\/bodas-de-plata-8-851x420.jpeg\" srcset=\"\/wp-content\/uploads\/sites\/5\/2023\/11\/bodas-de-plata-8-851x420.jpeg 851w, \/wp-content\/uploads\/sites\/5\/2023\/11\/bodas-de-plata-8-300x148.jpeg 300w, \/wp-content\/uploads\/sites\/5\/2023\/11\/bodas-de-plata-8-768x379.jpeg 768w, \/wp-content\/uploads\/sites\/5\/2023\/11\/bodas-de-plata-8-1024x505.jpeg 1024w, \/wp-content\/uploads\/sites\/5\/2023\/11\/bodas-de-plata-8-1536x758.jpeg 1536w, \/wp-content\/uploads\/sites\/5\/2023\/11\/bodas-de-plata-8-696x343.jpeg 696w, \/wp-content\/uploads\/sites\/5\/2023\/11\/bodas-de-plata-8-1068x527.jpeg 1068w, \/wp-content\/uploads\/sites\/5\/2023\/11\/bodas-de-plata-8-324x160.jpeg 324w, \/wp-content\/uploads\/sites\/5\/2023\/11\/bodas-de-plata-8-534x263.jpeg 534w, \/wp-content\/uploads\/sites\/5\/2023\/11\/bodas-de-plata-8.jpeg 1579w\" sizes=\"(max-width: 851px) 100vw, 851px\" alt=\"\">\r\n                            <\/a>\r\n                            \r\n                        <\/figure>\r\n                    <\/div>\r\n                    <div class = \"td-slide-item td-item4\">\r\n                        <figure class=\"td-slide-galery-figure td-slide-popup-gallery\">\r\n                            <a class=\"slide-gallery-image-link\" href=\"\/wp-content\/uploads\/sites\/5\/2023\/11\/bodas-de-plata-9.jpeg\" title=\"bodas de plata-9\"  data-caption=\"\"  data-description=\"\">\r\n                                <img decoding=\"async\" src=\"\/wp-content\/uploads\/sites\/5\/2023\/11\/bodas-de-plata-9-832x420.jpeg\" srcset=\"\/wp-content\/uploads\/sites\/5\/2023\/11\/bodas-de-plata-9-832x420.jpeg 832w, \/wp-content\/uploads\/sites\/5\/2023\/11\/bodas-de-plata-9-300x151.jpeg 300w, \/wp-content\/uploads\/sites\/5\/2023\/11\/bodas-de-plata-9-768x388.jpeg 768w, \/wp-content\/uploads\/sites\/5\/2023\/11\/bodas-de-plata-9-1024x517.jpeg 1024w, \/wp-content\/uploads\/sites\/5\/2023\/11\/bodas-de-plata-9-696x351.jpeg 696w, \/wp-content\/uploads\/sites\/5\/2023\/11\/bodas-de-plata-9-1068x539.jpeg 1068w, \/wp-content\/uploads\/sites\/5\/2023\/11\/bodas-de-plata-9-534x270.jpeg 534w, \/wp-content\/uploads\/sites\/5\/2023\/11\/bodas-de-plata-9.jpeg 1466w\" sizes=\"(max-width: 832px) 100vw, 832px\" alt=\"\">\r\n                            <\/a>\r\n                            \r\n                        <\/figure>\r\n                    <\/div>\r\n                    <div class = \"td-slide-item td-item5\">\r\n                        <figure class=\"td-slide-galery-figure td-slide-popup-gallery\">\r\n                            <a class=\"slide-gallery-image-link\" href=\"\/wp-content\/uploads\/sites\/5\/2023\/11\/bodas-de-plata-10.jpeg\" title=\"bodas de plata-10\"  data-caption=\"\"  data-description=\"\">\r\n                                <img decoding=\"async\" src=\"\/wp-content\/uploads\/sites\/5\/2023\/11\/bodas-de-plata-10-804x420.jpeg\" srcset=\"\/wp-content\/uploads\/sites\/5\/2023\/11\/bodas-de-plata-10-804x420.jpeg 804w, \/wp-content\/uploads\/sites\/5\/2023\/11\/bodas-de-plata-10-300x157.jpeg 300w, \/wp-content\/uploads\/sites\/5\/2023\/11\/bodas-de-plata-10-768x401.jpeg 768w, \/wp-content\/uploads\/sites\/5\/2023\/11\/bodas-de-plata-10-1024x535.jpeg 1024w, \/wp-content\/uploads\/sites\/5\/2023\/11\/bodas-de-plata-10-696x363.jpeg 696w, \/wp-content\/uploads\/sites\/5\/2023\/11\/bodas-de-plata-10-1068x558.jpeg 1068w, \/wp-content\/uploads\/sites\/5\/2023\/11\/bodas-de-plata-10-534x279.jpeg 534w, \/wp-content\/uploads\/sites\/5\/2023\/11\/bodas-de-plata-10.jpeg 1492w\" sizes=\"(max-width: 804px) 100vw, 804px\" alt=\"\">\r\n                            <\/a>\r\n                            \r\n                        <\/figure>\r\n                    <\/div>\r\n                    <div class = \"td-slide-item td-item6\">\r\n                        <figure class=\"td-slide-galery-figure td-slide-popup-gallery\">\r\n                            <a class=\"slide-gallery-image-link\" href=\"\/wp-content\/uploads\/sites\/5\/2023\/11\/bodas-de-plata-11.jpeg\" title=\"bodas de plata-11\"  data-caption=\"\"  data-description=\"\">\r\n                                <img decoding=\"async\" src=\"\/wp-content\/uploads\/sites\/5\/2023\/11\/bodas-de-plata-11-794x420.jpeg\" srcset=\"\/wp-content\/uploads\/sites\/5\/2023\/11\/bodas-de-plata-11-794x420.jpeg 794w, \/wp-content\/uploads\/sites\/5\/2023\/11\/bodas-de-plata-11-300x159.jpeg 300w, \/wp-content\/uploads\/sites\/5\/2023\/11\/bodas-de-plata-11-768x406.jpeg 768w, \/wp-content\/uploads\/sites\/5\/2023\/11\/bodas-de-plata-11-1024x542.jpeg 1024w, \/wp-content\/uploads\/sites\/5\/2023\/11\/bodas-de-plata-11-696x368.jpeg 696w, \/wp-content\/uploads\/sites\/5\/2023\/11\/bodas-de-plata-11-1068x565.jpeg 1068w, \/wp-content\/uploads\/sites\/5\/2023\/11\/bodas-de-plata-11-534x282.jpeg 534w, \/wp-content\/uploads\/sites\/5\/2023\/11\/bodas-de-plata-11.jpeg 1499w\" sizes=\"(max-width: 794px) 100vw, 794px\" alt=\"\">\r\n                            <\/a>\r\n                            \r\n                        <\/figure>\r\n                    <\/div>\r\n                    <div class = \"td-slide-item td-item7\">\r\n                        <figure class=\"td-slide-galery-figure td-slide-popup-gallery\">\r\n                            <a class=\"slide-gallery-image-link\" href=\"\/wp-content\/uploads\/sites\/5\/2023\/11\/bodas-de-plata-1.jpeg\" title=\"bodas de plata-1\"  data-caption=\"\"  data-description=\"\">\r\n                                <img decoding=\"async\" src=\"\/wp-content\/uploads\/sites\/5\/2023\/11\/bodas-de-plata-1-700x420.jpeg\" srcset=\"\/wp-content\/uploads\/sites\/5\/2023\/11\/bodas-de-plata-1-700x420.jpeg 700w, \/wp-content\/uploads\/sites\/5\/2023\/11\/bodas-de-plata-1-300x180.jpeg 300w, \/wp-content\/uploads\/sites\/5\/2023\/11\/bodas-de-plata-1-768x461.jpeg 768w, \/wp-content\/uploads\/sites\/5\/2023\/11\/bodas-de-plata-1-1024x615.jpeg 1024w, \/wp-content\/uploads\/sites\/5\/2023\/11\/bodas-de-plata-1-696x418.jpeg 696w, \/wp-content\/uploads\/sites\/5\/2023\/11\/bodas-de-plata-1-1068x641.jpeg 1068w, \/wp-content\/uploads\/sites\/5\/2023\/11\/bodas-de-plata-1-534x320.jpeg 534w, \/wp-content\/uploads\/sites\/5\/2023\/11\/bodas-de-plata-1.jpeg 1528w\" sizes=\"(max-width: 700px) 100vw, 700px\" alt=\"\">\r\n                            <\/a>\r\n                            \r\n                        <\/figure>\r\n                    <\/div>\r\n                    <div class = \"td-slide-item td-item8\">\r\n                        <figure class=\"td-slide-galery-figure td-slide-popup-gallery\">\r\n                            <a class=\"slide-gallery-image-link\" href=\"\/wp-content\/uploads\/sites\/5\/2023\/11\/bodas-de-plata-2.jpeg\" title=\"bodas de plata-2\"  data-caption=\"\"  data-description=\"\">\r\n                                <img decoding=\"async\" src=\"\/wp-content\/uploads\/sites\/5\/2023\/11\/bodas-de-plata-2-280x420.jpeg\" srcset=\"\/wp-content\/uploads\/sites\/5\/2023\/11\/bodas-de-plata-2-280x420.jpeg 280w, \/wp-content\/uploads\/sites\/5\/2023\/11\/bodas-de-plata-2-200x300.jpeg 200w, \/wp-content\/uploads\/sites\/5\/2023\/11\/bodas-de-plata-2-768x1153.jpeg 768w, \/wp-content\/uploads\/sites\/5\/2023\/11\/bodas-de-plata-2-682x1024.jpeg 682w, \/wp-content\/uploads\/sites\/5\/2023\/11\/bodas-de-plata-2-1023x1536.jpeg 1023w, \/wp-content\/uploads\/sites\/5\/2023\/11\/bodas-de-plata-2-696x1045.jpeg 696w, \/wp-content\/uploads\/sites\/5\/2023\/11\/bodas-de-plata-2-308x462.jpeg 308w, \/wp-content\/uploads\/sites\/5\/2023\/11\/bodas-de-plata-2.jpeg 1066w\" sizes=\"(max-width: 280px) 100vw, 280px\" alt=\"\">\r\n                            <\/a>\r\n                            \r\n                        <\/figure>\r\n                    <\/div>\r\n                    <div class = \"td-slide-item td-item9\">\r\n                        <figure class=\"td-slide-galery-figure td-slide-popup-gallery\">\r\n                            <a class=\"slide-gallery-image-link\" href=\"\/wp-content\/uploads\/sites\/5\/2023\/11\/bodas-de-plata-13.jpeg\" title=\"bodas de plata-13\"  data-caption=\"\"  data-description=\"\">\r\n                                <img decoding=\"async\" src=\"\/wp-content\/uploads\/sites\/5\/2023\/11\/bodas-de-plata-13-577x420.jpeg\" srcset=\"\/wp-content\/uploads\/sites\/5\/2023\/11\/bodas-de-plata-13-577x420.jpeg 577w, \/wp-content\/uploads\/sites\/5\/2023\/11\/bodas-de-plata-13-300x219.jpeg 300w, \/wp-content\/uploads\/sites\/5\/2023\/11\/bodas-de-plata-13-768x559.jpeg 768w, \/wp-content\/uploads\/sites\/5\/2023\/11\/bodas-de-plata-13-1024x746.jpeg 1024w, \/wp-content\/uploads\/sites\/5\/2023\/11\/bodas-de-plata-13-696x507.jpeg 696w, \/wp-content\/uploads\/sites\/5\/2023\/11\/bodas-de-plata-13-1068x778.jpeg 1068w, \/wp-content\/uploads\/sites\/5\/2023\/11\/bodas-de-plata-13-324x235.jpeg 324w, \/wp-content\/uploads\/sites\/5\/2023\/11\/bodas-de-plata-13-534x389.jpeg 534w, \/wp-content\/uploads\/sites\/5\/2023\/11\/bodas-de-plata-13.jpeg 1348w\" sizes=\"(max-width: 577px) 100vw, 577px\" alt=\"\">\r\n                            <\/a>\r\n                            \r\n                        <\/figure>\r\n                    <\/div>\r\n                            <\/div>\r\n                        <\/div>\r\n\r\n                        <div class = \"td-doubleSlider-2\">\r\n                            <div class = \"td-slider\">\r\n                                \r\n                    <div class = \"td-button td-item1\">\r\n                        <div class = \"td-border\"><\/div>\r\n                    <\/div>\r\n                    <div class = \"td-button td-item2\">\r\n                        <div class = \"td-border\"><\/div>\r\n                    <\/div>\r\n                    <div class = \"td-button td-item3\">\r\n                        <div class = \"td-border\"><\/div>\r\n                    <\/div>\r\n                    <div class = \"td-button td-item4\">\r\n                        <div class = \"td-border\"><\/div>\r\n                    <\/div>\r\n                    <div class = \"td-button td-item5\">\r\n                        <div class = \"td-border\"><\/div>\r\n                    <\/div>\r\n                    <div class = \"td-button td-item6\">\r\n                        <div class = \"td-border\"><\/div>\r\n                    <\/div>\r\n                    <div class = \"td-button td-item7\">\r\n                        <div class = \"td-border\"><\/div>\r\n                    <\/div>\r\n                    <div class = \"td-button td-item8\">\r\n                        <div class = \"td-border\"><\/div>\r\n                    <\/div>\r\n                    <div class = \"td-button td-item9\">\r\n                        <div class = \"td-border\"><\/div>\r\n                    <\/div>\r\n                            <\/div>\r\n                        <\/div>\r\n\r\n                    <\/div>\r\n\r\n                <\/div>\r\n                \n","protected":false},"excerpt":{"rendered":"<p>Autoridades del Seguro Social, encabezadas por el licenciado Jos\u00e9 Adolfo Flamenco Jau, presidente de Junta Directiva, entregaron pines y diplomas a 277 trabajadores de la instituci\u00f3n a nivel nacional por arribar a 25 a\u00f1os de servicio ininterrumpido. El emotivo acto \u00abReconocimiento por 25 A\u00f1os de Servicio\u00bb se desarroll\u00f3 en dos jornadas con la participaci\u00f3n de [&hellip;]<\/p>\n","protected":false},"author":1961,"featured_media":38996,"comment_status":"closed","ping_status":"closed","sticky":false,"template":"","format":"standard","meta":{"footnotes":""},"categories":[3],"tags":[1000],"coauthors":[],"class_list":{"0":"post-38994","1":"post","2":"type-post","3":"status-publish","4":"format-standard","5":"has-post-thumbnail","7":"category-actualidad","8":"tag-reconocimiento-25-anos-de-servicio"},"_links":{"self":[{"href":"https:\/\/www.igssgt.org\/noticias\/wp-json\/wp\/v2\/posts\/38994","targetHints":{"allow":["GET"]}}],"collection":[{"href":"https:\/\/www.igssgt.org\/noticias\/wp-json\/wp\/v2\/posts"}],"about":[{"href":"https:\/\/www.igssgt.org\/noticias\/wp-json\/wp\/v2\/types\/post"}],"author":[{"embeddable":true,"href":"https:\/\/www.igssgt.org\/noticias\/wp-json\/wp\/v2\/users\/1961"}],"replies":[{"embeddable":true,"href":"https:\/\/www.igssgt.org\/noticias\/wp-json\/wp\/v2\/comments?post=38994"}],"version-history":[{"count":4,"href":"https:\/\/www.igssgt.org\/noticias\/wp-json\/wp\/v2\/posts\/38994\/revisions"}],"predecessor-version":[{"id":39010,"href":"https:\/\/www.igssgt.org\/noticias\/wp-json\/wp\/v2\/posts\/38994\/revisions\/39010"}],"wp:featuredmedia":[{"embeddable":true,"href":"https:\/\/www.igssgt.org\/noticias\/wp-json\/wp\/v2\/media\/38996"}],"wp:attachment":[{"href":"https:\/\/www.igssgt.org\/noticias\/wp-json\/wp\/v2\/media?parent=38994"}],"wp:term":[{"taxonomy":"category","embeddable":true,"href":"https:\/\/www.igssgt.org\/noticias\/wp-json\/wp\/v2\/categories?post=38994"},{"taxonomy":"post_tag","embeddable":true,"href":"https:\/\/www.igssgt.org\/noticias\/wp-json\/wp\/v2\/tags?post=38994"},{"taxonomy":"author","embeddable":true,"href":"https:\/\/www.igssgt.org\/noticias\/wp-json\/wp\/v2\/coauthors?post=38994"}],"curies":[{"name":"wp","href":"https:\/\/api.w.org\/{rel}","templated":true}]}}