{"id":39046,"date":"2023-12-03T06:00:00","date_gmt":"2023-12-03T12:00:00","guid":{"rendered":"https:\/\/www.igssgt.org\/noticias\/?p=39046"},"modified":"2023-12-04T12:59:20","modified_gmt":"2023-12-04T18:59:20","slug":"el-seguro-social-promueve-una-cultura-de-inclusion-de-las-personas-con-discapacidad","status":"publish","type":"post","link":"https:\/\/www.igssgt.org\/noticias\/2023\/12\/03\/el-seguro-social-promueve-una-cultura-de-inclusion-de-las-personas-con-discapacidad\/","title":{"rendered":"El Seguro Social promueve una cultura de inclusi\u00f3n de las personas con discapacidad"},"content":{"rendered":"\n<p class=\"has-drop-cap\">Cada 3 de diciembre se conmemora el D\u00eda Internacional de las Personas con Discapacidad. <strong>\u201cDurante muchos a\u00f1os las personas en situaci\u00f3n de discapacidad hemos sido vulnerables. Despu\u00e9s de tanta lucha y tantos consensos, la Asamblea de las Naciones Unidas declar\u00f3 esta conmemoraci\u00f3n en 1992\u201d<\/strong>, explic\u00f3 la licenciada Leslie Leal, asesora de la Subgerencia de Prestaciones Pecuniarias.<\/p>\n\n\n<p><a href=\"\/wp-content\/uploads\/sites\/5\/2023\/12\/discapacidad-1.jpg\" target=\"_blank\" rel=\"noopener\"><img loading=\"lazy\" decoding=\"async\" class=\"alignnone wp-image-39052 size-full\" src=\"\/wp-content\/uploads\/sites\/5\/2023\/12\/discapacidad-1.jpg\" alt=\"\" width=\"1600\" height=\"900\" srcset=\"\/wp-content\/uploads\/sites\/5\/2023\/12\/discapacidad-1.jpg 1600w, \/wp-content\/uploads\/sites\/5\/2023\/12\/discapacidad-1-300x169.jpg 300w, \/wp-content\/uploads\/sites\/5\/2023\/12\/discapacidad-1-768x432.jpg 768w, \/wp-content\/uploads\/sites\/5\/2023\/12\/discapacidad-1-1024x576.jpg 1024w, \/wp-content\/uploads\/sites\/5\/2023\/12\/discapacidad-1-1536x864.jpg 1536w, \/wp-content\/uploads\/sites\/5\/2023\/12\/discapacidad-1-747x420.jpg 747w, \/wp-content\/uploads\/sites\/5\/2023\/12\/discapacidad-1-696x392.jpg 696w, \/wp-content\/uploads\/sites\/5\/2023\/12\/discapacidad-1-1068x601.jpg 1068w, \/wp-content\/uploads\/sites\/5\/2023\/12\/discapacidad-1-534x300.jpg 534w\" sizes=\"auto, (max-width: 1600px) 100vw, 1600px\" \/><\/a><\/p>\n<p class=\"p1\">De acuerdo con Leal, con los a\u00f1os se ha dado un cambio de paradigma, se ha abierto el camino para la participaci\u00f3n activa en igualdad de condiciones con los dem\u00e1s. <strong>\u201cAunque ya se han encaminado varias acciones, sabemos que a\u00fan falta mucho por recorrer\u201d<\/strong>, indic\u00f3.<\/p>\n<p class=\"p1\">El Seguro Social ha tomado acciones para la inclusi\u00f3n, implementando planes para erradicar las barreras excluyentes y adoptar la terminolog\u00eda correcta para un abordaje adecuado. Asimismo, se han conformado mesas en las que participan todas las subgerencias y se han creado redes inclusivas.<\/p>\n<p><a href=\"\/wp-content\/uploads\/sites\/5\/2023\/12\/discapacidad-0.jpg\" target=\"_blank\" rel=\"noopener\"><img loading=\"lazy\" decoding=\"async\" class=\"alignnone wp-image-39048 size-full\" src=\"\/wp-content\/uploads\/sites\/5\/2023\/12\/discapacidad-0.jpg\" alt=\"\" width=\"2000\" height=\"1333\" srcset=\"\/wp-content\/uploads\/sites\/5\/2023\/12\/discapacidad-0.jpg 2000w, \/wp-content\/uploads\/sites\/5\/2023\/12\/discapacidad-0-1920x1280.jpg 1920w, \/wp-content\/uploads\/sites\/5\/2023\/12\/discapacidad-0-300x200.jpg 300w, \/wp-content\/uploads\/sites\/5\/2023\/12\/discapacidad-0-768x512.jpg 768w, \/wp-content\/uploads\/sites\/5\/2023\/12\/discapacidad-0-1024x682.jpg 1024w, \/wp-content\/uploads\/sites\/5\/2023\/12\/discapacidad-0-1536x1024.jpg 1536w, \/wp-content\/uploads\/sites\/5\/2023\/12\/discapacidad-0-630x420.jpg 630w, \/wp-content\/uploads\/sites\/5\/2023\/12\/discapacidad-0-696x464.jpg 696w, \/wp-content\/uploads\/sites\/5\/2023\/12\/discapacidad-0-1068x712.jpg 1068w, \/wp-content\/uploads\/sites\/5\/2023\/12\/discapacidad-0-534x356.jpg 534w\" sizes=\"auto, (max-width: 2000px) 100vw, 2000px\" \/><\/a><\/p>\n<p class=\"p1\">De igual manera, el Hospital de Rehabilitaci\u00f3n tiene la misi\u00f3n fundamental de dar una oportunidad de retorno digno de manera productiva y con el goce de sus derechos a todas las personas en situaci\u00f3n de discapacidad por accidentes o enfermedades. <strong>\u201cEl Instituto trabaja por, para y con personas que tienen alguna condici\u00f3n discapacitante y su situaci\u00f3n es abordada de manera integral en esta unidad\u201d<\/strong>, indic\u00f3 la doctora Karina Rodr\u00edguez, director m\u00e9dico de este hospital.<\/p>\n<p><a href=\"\/wp-content\/uploads\/sites\/5\/2023\/12\/discapacidad-3.jpg\" target=\"_blank\" rel=\"noopener\"><img loading=\"lazy\" decoding=\"async\" class=\"alignnone wp-image-39050 size-full\" src=\"\/wp-content\/uploads\/sites\/5\/2023\/12\/discapacidad-3.jpg\" alt=\"\" width=\"1600\" height=\"1066\" srcset=\"\/wp-content\/uploads\/sites\/5\/2023\/12\/discapacidad-3.jpg 1600w, \/wp-content\/uploads\/sites\/5\/2023\/12\/discapacidad-3-300x200.jpg 300w, \/wp-content\/uploads\/sites\/5\/2023\/12\/discapacidad-3-768x512.jpg 768w, \/wp-content\/uploads\/sites\/5\/2023\/12\/discapacidad-3-1024x682.jpg 1024w, \/wp-content\/uploads\/sites\/5\/2023\/12\/discapacidad-3-1536x1023.jpg 1536w, \/wp-content\/uploads\/sites\/5\/2023\/12\/discapacidad-3-630x420.jpg 630w, \/wp-content\/uploads\/sites\/5\/2023\/12\/discapacidad-3-696x464.jpg 696w, \/wp-content\/uploads\/sites\/5\/2023\/12\/discapacidad-3-1068x712.jpg 1068w, \/wp-content\/uploads\/sites\/5\/2023\/12\/discapacidad-3-534x356.jpg 534w\" sizes=\"auto, (max-width: 1600px) 100vw, 1600px\" \/><\/a><\/p>\n<h3 class=\"p1\"><strong>Los accidentes son el principal motivo de atenci\u00f3n<\/strong><\/h3>\n<p class=\"p1\">Los accidentes de tr\u00e1nsito fueron el principal motivo de discapacidad entre los pacientes atendidos por el Hospital de Rehabilitaci\u00f3n, inform\u00f3 Rodr\u00edguez. Hasta octubre del presente a\u00f1o, de las 9 mil 600 personas atendidas, 1 mil 500 fueron por traumas craneoencef\u00e1licos, mientras que 7 de cada 10 personas adultas tienen alguna enfermedad discapacitante.<\/p>\n<p><a href=\"\/wp-content\/uploads\/sites\/5\/2023\/12\/discapacidad-4.jpg\" target=\"_blank\" rel=\"noopener\"><img loading=\"lazy\" decoding=\"async\" class=\"alignnone wp-image-39051 size-full\" src=\"\/wp-content\/uploads\/sites\/5\/2023\/12\/discapacidad-4.jpg\" alt=\"\" width=\"1600\" height=\"1200\" srcset=\"\/wp-content\/uploads\/sites\/5\/2023\/12\/discapacidad-4.jpg 1600w, \/wp-content\/uploads\/sites\/5\/2023\/12\/discapacidad-4-300x225.jpg 300w, \/wp-content\/uploads\/sites\/5\/2023\/12\/discapacidad-4-768x576.jpg 768w, \/wp-content\/uploads\/sites\/5\/2023\/12\/discapacidad-4-1024x768.jpg 1024w, \/wp-content\/uploads\/sites\/5\/2023\/12\/discapacidad-4-1536x1152.jpg 1536w, \/wp-content\/uploads\/sites\/5\/2023\/12\/discapacidad-4-560x420.jpg 560w, \/wp-content\/uploads\/sites\/5\/2023\/12\/discapacidad-4-80x60.jpg 80w, \/wp-content\/uploads\/sites\/5\/2023\/12\/discapacidad-4-696x522.jpg 696w, \/wp-content\/uploads\/sites\/5\/2023\/12\/discapacidad-4-1068x801.jpg 1068w, \/wp-content\/uploads\/sites\/5\/2023\/12\/discapacidad-4-265x198.jpg 265w, \/wp-content\/uploads\/sites\/5\/2023\/12\/discapacidad-4-534x401.jpg 534w\" sizes=\"auto, (max-width: 1600px) 100vw, 1600px\" \/><\/a><\/p>","protected":false},"excerpt":{"rendered":"<p>Cada 3 de diciembre se conmemora el D\u00eda Internacional de las Personas con Discapacidad. \u201cDurante muchos a\u00f1os las personas en situaci\u00f3n de discapacidad hemos sido vulnerables. Despu\u00e9s de tanta lucha y tantos consensos, la Asamblea de las Naciones Unidas declar\u00f3 esta conmemoraci\u00f3n en 1992\u201d, explic\u00f3 la licenciada Leslie Leal, asesora de la Subgerencia de Prestaciones [&hellip;]<\/p>\n","protected":false},"author":1961,"featured_media":39049,"comment_status":"closed","ping_status":"closed","sticky":false,"template":"","format":"standard","meta":{"footnotes":""},"categories":[3],"tags":[1561,478],"coauthors":[1448],"class_list":{"0":"post-39046","1":"post","2":"type-post","3":"status-publish","4":"format-standard","5":"has-post-thumbnail","7":"category-actualidad","8":"tag-dia-internacional-de-las-personas-con-discapacidad","9":"tag-hospital-de-rehabilitacion"},"_links":{"self":[{"href":"https:\/\/www.igssgt.org\/noticias\/wp-json\/wp\/v2\/posts\/39046","targetHints":{"allow":["GET"]}}],"collection":[{"href":"https:\/\/www.igssgt.org\/noticias\/wp-json\/wp\/v2\/posts"}],"about":[{"href":"https:\/\/www.igssgt.org\/noticias\/wp-json\/wp\/v2\/types\/post"}],"author":[{"embeddable":true,"href":"https:\/\/www.igssgt.org\/noticias\/wp-json\/wp\/v2\/users\/1961"}],"replies":[{"embeddable":true,"href":"https:\/\/www.igssgt.org\/noticias\/wp-json\/wp\/v2\/comments?post=39046"}],"version-history":[{"count":3,"href":"https:\/\/www.igssgt.org\/noticias\/wp-json\/wp\/v2\/posts\/39046\/revisions"}],"predecessor-version":[{"id":39057,"href":"https:\/\/www.igssgt.org\/noticias\/wp-json\/wp\/v2\/posts\/39046\/revisions\/39057"}],"wp:featuredmedia":[{"embeddable":true,"href":"https:\/\/www.igssgt.org\/noticias\/wp-json\/wp\/v2\/media\/39049"}],"wp:attachment":[{"href":"https:\/\/www.igssgt.org\/noticias\/wp-json\/wp\/v2\/media?parent=39046"}],"wp:term":[{"taxonomy":"category","embeddable":true,"href":"https:\/\/www.igssgt.org\/noticias\/wp-json\/wp\/v2\/categories?post=39046"},{"taxonomy":"post_tag","embeddable":true,"href":"https:\/\/www.igssgt.org\/noticias\/wp-json\/wp\/v2\/tags?post=39046"},{"taxonomy":"author","embeddable":true,"href":"https:\/\/www.igssgt.org\/noticias\/wp-json\/wp\/v2\/coauthors?post=39046"}],"curies":[{"name":"wp","href":"https:\/\/api.w.org\/{rel}","templated":true}]}}