{"id":39059,"date":"2023-12-05T09:40:44","date_gmt":"2023-12-05T15:40:44","guid":{"rendered":"https:\/\/www.igssgt.org\/noticias\/?p=39059"},"modified":"2023-12-05T09:40:45","modified_gmt":"2023-12-05T15:40:45","slug":"en-el-hospital-departamental-de-escuintla-se-ejercitan-con-ritmos-latinos","status":"publish","type":"post","link":"https:\/\/www.igssgt.org\/noticias\/2023\/12\/05\/en-el-hospital-departamental-de-escuintla-se-ejercitan-con-ritmos-latinos\/","title":{"rendered":"En el Hospital Departamental de Escuintla se ejercitan con ritmos latinos"},"content":{"rendered":"\n<p class=\"has-drop-cap\">En una jornada de bienestar y actividad f\u00edsica, el instructor de zumba, Samuel Medrano, lider\u00f3 una en\u00e9rgica clase que reuni\u00f3 a m\u00e1s de 40 trabajadores del Hospital Departamental de Escuintla.<\/p>\n\n\n<p>La iniciativa, dise\u00f1ada para fomentar la salud y fortalecer los lazos entre el personal, fue recibida con entusiasmo y participaci\u00f3n activa.<\/p>\n<p><a href=\"\/wp-content\/uploads\/sites\/5\/2023\/12\/zuma-escuintla-9.jpeg\" target=\"_blank\" rel=\"noopener\"><img loading=\"lazy\" decoding=\"async\" class=\"alignnone wp-image-39069 size-full\" src=\"\/wp-content\/uploads\/sites\/5\/2023\/12\/zuma-escuintla-9.jpeg\" alt=\"\" width=\"1577\" height=\"1036\" srcset=\"\/wp-content\/uploads\/sites\/5\/2023\/12\/zuma-escuintla-9.jpeg 1577w, \/wp-content\/uploads\/sites\/5\/2023\/12\/zuma-escuintla-9-300x197.jpeg 300w, \/wp-content\/uploads\/sites\/5\/2023\/12\/zuma-escuintla-9-768x505.jpeg 768w, \/wp-content\/uploads\/sites\/5\/2023\/12\/zuma-escuintla-9-1024x673.jpeg 1024w, \/wp-content\/uploads\/sites\/5\/2023\/12\/zuma-escuintla-9-1536x1009.jpeg 1536w, \/wp-content\/uploads\/sites\/5\/2023\/12\/zuma-escuintla-9-639x420.jpeg 639w, \/wp-content\/uploads\/sites\/5\/2023\/12\/zuma-escuintla-9-696x457.jpeg 696w, \/wp-content\/uploads\/sites\/5\/2023\/12\/zuma-escuintla-9-1068x702.jpeg 1068w, \/wp-content\/uploads\/sites\/5\/2023\/12\/zuma-escuintla-9-534x351.jpeg 534w, \/wp-content\/uploads\/sites\/5\/2023\/12\/zuma-escuintla-9-741x486.jpeg 741w\" sizes=\"auto, (max-width: 1577px) 100vw, 1577px\" \/><\/a><\/p>\n<p>Las instalaciones de la unidad m\u00e9dica se transformaron en un espacio lleno de ritmo y alegr\u00eda, donde los empleados se sumergieron en una experiencia \u00fanica de ejercicio con m\u00fasica latina. El evento no solo buscaba promover la actividad f\u00edsica, sino tambi\u00e9n aliviar el estr\u00e9s diario y fomentar un ambiente laboral saludable. Los participantes, provenientes de diversas \u00e1reas del hospital, disfrutaron de una pausa activa que les permiti\u00f3 liberar tensiones y revitalizar sus energ\u00edas.<\/p>\n<blockquote>\n<p>El ejercicio no solo beneficia el cuerpo, sino tambi\u00e9n la mente<\/p>\n<\/blockquote>\n<p>El instructor de la actividad, destac\u00f3 la importancia de promover la actividad f\u00edsica en entornos laborales, especialmente en instituciones de salud. <strong>\u00abEl ejercicio no solo beneficia el cuerpo, sino tambi\u00e9n la mente. En un lugar como un hospital, donde la dedicaci\u00f3n y el esfuerzo son constantes, es crucial encontrar momentos para cuidar de nuestra salud integral\u00bb<\/strong>, coment\u00f3 Medrano.<\/p>\n<p><a href=\"\/wp-content\/uploads\/sites\/5\/2023\/12\/zuma-escuintla-3.jpeg\" target=\"_blank\" rel=\"noopener\"><img loading=\"lazy\" decoding=\"async\" class=\"alignnone wp-image-39063 size-full\" src=\"\/wp-content\/uploads\/sites\/5\/2023\/12\/zuma-escuintla-3.jpeg\" alt=\"\" width=\"1600\" height=\"1066\" srcset=\"\/wp-content\/uploads\/sites\/5\/2023\/12\/zuma-escuintla-3.jpeg 1600w, \/wp-content\/uploads\/sites\/5\/2023\/12\/zuma-escuintla-3-300x200.jpeg 300w, \/wp-content\/uploads\/sites\/5\/2023\/12\/zuma-escuintla-3-768x512.jpeg 768w, \/wp-content\/uploads\/sites\/5\/2023\/12\/zuma-escuintla-3-1024x682.jpeg 1024w, \/wp-content\/uploads\/sites\/5\/2023\/12\/zuma-escuintla-3-1536x1023.jpeg 1536w, \/wp-content\/uploads\/sites\/5\/2023\/12\/zuma-escuintla-3-630x420.jpeg 630w, \/wp-content\/uploads\/sites\/5\/2023\/12\/zuma-escuintla-3-696x464.jpeg 696w, \/wp-content\/uploads\/sites\/5\/2023\/12\/zuma-escuintla-3-1068x712.jpeg 1068w, \/wp-content\/uploads\/sites\/5\/2023\/12\/zuma-escuintla-3-534x356.jpeg 534w\" sizes=\"auto, (max-width: 1600px) 100vw, 1600px\" \/><\/a><\/p>\n<p>Los participantes expresaron su agradecimiento por la oportunidad de compartir momentos de diversi\u00f3n y ejercicio.<\/p>\n<p>Sandra Hern\u00e1ndez, auxiliar de enfermer\u00eda del Nivel I, mencion\u00f3: <strong>\u00abfue una experiencia maravillosa. Nos hizo olvidar por un rato las tensiones del trabajo y nos record\u00f3 la importancia de cuidar de nosotros mismos\u00bb<\/strong>.<\/p>\n\n\r\n                <style type=\"text\/css\">\r\n                    \r\n                    #tdi_1  .td-doubleSlider-2 .td-item1 {\r\n                        background: url(\/wp-content\/uploads\/sites\/5\/2023\/12\/zuma-escuintla-4-80x60.jpeg) 0 0 no-repeat;\r\n                    }\r\n                    #tdi_1  .td-doubleSlider-2 .td-item2 {\r\n                        background: url(\/wp-content\/uploads\/sites\/5\/2023\/12\/zuma-escuintla-7-80x60.jpeg) 0 0 no-repeat;\r\n                    }\r\n                    #tdi_1  .td-doubleSlider-2 .td-item3 {\r\n                        background: url(\/wp-content\/uploads\/sites\/5\/2023\/12\/zuma-escuintla-2-80x60.jpeg) 0 0 no-repeat;\r\n                    }\r\n                    #tdi_1  .td-doubleSlider-2 .td-item4 {\r\n                        background: url(\/wp-content\/uploads\/sites\/5\/2023\/12\/zuma-escuintla-10-80x60.jpeg) 0 0 no-repeat;\r\n                    }\r\n                    #tdi_1  .td-doubleSlider-2 .td-item5 {\r\n                        background: url(\/wp-content\/uploads\/sites\/5\/2023\/12\/zuma-escuintla-6-80x60.jpeg) 0 0 no-repeat;\r\n                    }\r\n                    #tdi_1  .td-doubleSlider-2 .td-item6 {\r\n                        background: url(\/wp-content\/uploads\/sites\/5\/2023\/12\/zuma-escuintla-5-80x60.jpeg) 0 0 no-repeat;\r\n                    }\r\n                    #tdi_1  .td-doubleSlider-2 .td-item7 {\r\n                        background: url(\/wp-content\/uploads\/sites\/5\/2023\/12\/zuma-escuintla-1-80x60.jpeg) 0 0 no-repeat;\r\n                    }\r\n                    #tdi_1  .td-doubleSlider-2 .td-item8 {\r\n                        background: url(\/wp-content\/uploads\/sites\/5\/2023\/12\/zuma-escuintla-0-80x60.jpeg) 0 0 no-repeat;\r\n                    }\r\n                <\/style>\r\n\r\n                <div id=\"tdi_1\" class=\"td-gallery td-slide-on-2-columns\">\r\n                    <div class=\"post_td_gallery\">\r\n                        <div class=\"td-gallery-slide-top\">\r\n                           <div class=\"td-gallery-title\"><\/div>\r\n\r\n                            <div class=\"td-gallery-controls-wrapper\">\r\n                                <div class=\"td-gallery-slide-count\"><span class=\"td-gallery-slide-item-focus\">1<\/span> de 8<\/div>\r\n                                <div class=\"td-gallery-slide-prev-next-but\">\r\n                                    <i class = \"td-icon-left doubleSliderPrevButton\"><\/i>\r\n                                    <i class = \"td-icon-right doubleSliderNextButton\"><\/i>\r\n                                <\/div>\r\n                            <\/div>\r\n                        <\/div>\r\n\r\n                        <div class = \"td-doubleSlider-1 \">\r\n                            <div class = \"td-slider\">\r\n                                \r\n                    <div class = \"td-slide-item td-item1\">\r\n                        <figure class=\"td-slide-galery-figure td-slide-popup-gallery\">\r\n                            <a class=\"slide-gallery-image-link\" href=\"\/wp-content\/uploads\/sites\/5\/2023\/12\/zuma-escuintla-4.jpeg\" title=\"zuma escuintla-4\"  data-caption=\"\"  data-description=\"\">\r\n                                <img decoding=\"async\" src=\"\/wp-content\/uploads\/sites\/5\/2023\/12\/zuma-escuintla-4-630x420.jpeg\" srcset=\"\/wp-content\/uploads\/sites\/5\/2023\/12\/zuma-escuintla-4-630x420.jpeg 630w, \/wp-content\/uploads\/sites\/5\/2023\/12\/zuma-escuintla-4-300x200.jpeg 300w, \/wp-content\/uploads\/sites\/5\/2023\/12\/zuma-escuintla-4-768x512.jpeg 768w, \/wp-content\/uploads\/sites\/5\/2023\/12\/zuma-escuintla-4-1024x682.jpeg 1024w, \/wp-content\/uploads\/sites\/5\/2023\/12\/zuma-escuintla-4-1536x1023.jpeg 1536w, \/wp-content\/uploads\/sites\/5\/2023\/12\/zuma-escuintla-4-696x464.jpeg 696w, \/wp-content\/uploads\/sites\/5\/2023\/12\/zuma-escuintla-4-1068x712.jpeg 1068w, \/wp-content\/uploads\/sites\/5\/2023\/12\/zuma-escuintla-4-534x356.jpeg 534w, \/wp-content\/uploads\/sites\/5\/2023\/12\/zuma-escuintla-4.jpeg 1600w\" sizes=\"(max-width: 630px) 100vw, 630px\" alt=\"\">\r\n                            <\/a>\r\n                            \r\n                        <\/figure>\r\n                    <\/div>\r\n                    <div class = \"td-slide-item td-item2\">\r\n                        <figure class=\"td-slide-galery-figure td-slide-popup-gallery\">\r\n                            <a class=\"slide-gallery-image-link\" href=\"\/wp-content\/uploads\/sites\/5\/2023\/12\/zuma-escuintla-7.jpeg\" title=\"zuma escuintla-7\"  data-caption=\"\"  data-description=\"\">\r\n                                <img decoding=\"async\" src=\"\/wp-content\/uploads\/sites\/5\/2023\/12\/zuma-escuintla-7-630x420.jpeg\" srcset=\"\/wp-content\/uploads\/sites\/5\/2023\/12\/zuma-escuintla-7-630x420.jpeg 630w, \/wp-content\/uploads\/sites\/5\/2023\/12\/zuma-escuintla-7-300x200.jpeg 300w, \/wp-content\/uploads\/sites\/5\/2023\/12\/zuma-escuintla-7-768x512.jpeg 768w, \/wp-content\/uploads\/sites\/5\/2023\/12\/zuma-escuintla-7-1024x682.jpeg 1024w, \/wp-content\/uploads\/sites\/5\/2023\/12\/zuma-escuintla-7-1536x1023.jpeg 1536w, \/wp-content\/uploads\/sites\/5\/2023\/12\/zuma-escuintla-7-696x464.jpeg 696w, \/wp-content\/uploads\/sites\/5\/2023\/12\/zuma-escuintla-7-1068x712.jpeg 1068w, \/wp-content\/uploads\/sites\/5\/2023\/12\/zuma-escuintla-7-534x356.jpeg 534w, \/wp-content\/uploads\/sites\/5\/2023\/12\/zuma-escuintla-7.jpeg 1600w\" sizes=\"(max-width: 630px) 100vw, 630px\" alt=\"\">\r\n                            <\/a>\r\n                            \r\n                        <\/figure>\r\n                    <\/div>\r\n                    <div class = \"td-slide-item td-item3\">\r\n                        <figure class=\"td-slide-galery-figure td-slide-popup-gallery\">\r\n                            <a class=\"slide-gallery-image-link\" href=\"\/wp-content\/uploads\/sites\/5\/2023\/12\/zuma-escuintla-2.jpeg\" title=\"zuma escuintla-2\"  data-caption=\"\"  data-description=\"\">\r\n                                <img decoding=\"async\" src=\"\/wp-content\/uploads\/sites\/5\/2023\/12\/zuma-escuintla-2-630x420.jpeg\" srcset=\"\/wp-content\/uploads\/sites\/5\/2023\/12\/zuma-escuintla-2-630x420.jpeg 630w, \/wp-content\/uploads\/sites\/5\/2023\/12\/zuma-escuintla-2-300x200.jpeg 300w, \/wp-content\/uploads\/sites\/5\/2023\/12\/zuma-escuintla-2-768x512.jpeg 768w, \/wp-content\/uploads\/sites\/5\/2023\/12\/zuma-escuintla-2-1024x682.jpeg 1024w, \/wp-content\/uploads\/sites\/5\/2023\/12\/zuma-escuintla-2-1536x1023.jpeg 1536w, \/wp-content\/uploads\/sites\/5\/2023\/12\/zuma-escuintla-2-696x464.jpeg 696w, \/wp-content\/uploads\/sites\/5\/2023\/12\/zuma-escuintla-2-1068x712.jpeg 1068w, \/wp-content\/uploads\/sites\/5\/2023\/12\/zuma-escuintla-2-534x356.jpeg 534w, \/wp-content\/uploads\/sites\/5\/2023\/12\/zuma-escuintla-2.jpeg 1600w\" sizes=\"(max-width: 630px) 100vw, 630px\" alt=\"\">\r\n                            <\/a>\r\n                            \r\n                        <\/figure>\r\n                    <\/div>\r\n                    <div class = \"td-slide-item td-item4\">\r\n                        <figure class=\"td-slide-galery-figure td-slide-popup-gallery\">\r\n                            <a class=\"slide-gallery-image-link\" href=\"\/wp-content\/uploads\/sites\/5\/2023\/12\/zuma-escuintla-10.jpeg\" title=\"zuma escuintla-10\"  data-caption=\"\"  data-description=\"\">\r\n                                <img decoding=\"async\" src=\"\/wp-content\/uploads\/sites\/5\/2023\/12\/zuma-escuintla-10-663x420.jpeg\" srcset=\"\/wp-content\/uploads\/sites\/5\/2023\/12\/zuma-escuintla-10-663x420.jpeg 663w, \/wp-content\/uploads\/sites\/5\/2023\/12\/zuma-escuintla-10-300x190.jpeg 300w, \/wp-content\/uploads\/sites\/5\/2023\/12\/zuma-escuintla-10-768x487.jpeg 768w, \/wp-content\/uploads\/sites\/5\/2023\/12\/zuma-escuintla-10-1024x649.jpeg 1024w, \/wp-content\/uploads\/sites\/5\/2023\/12\/zuma-escuintla-10-1536x974.jpeg 1536w, \/wp-content\/uploads\/sites\/5\/2023\/12\/zuma-escuintla-10-696x441.jpeg 696w, \/wp-content\/uploads\/sites\/5\/2023\/12\/zuma-escuintla-10-1068x677.jpeg 1068w, \/wp-content\/uploads\/sites\/5\/2023\/12\/zuma-escuintla-10-534x338.jpeg 534w, \/wp-content\/uploads\/sites\/5\/2023\/12\/zuma-escuintla-10.jpeg 1595w\" sizes=\"(max-width: 663px) 100vw, 663px\" alt=\"\">\r\n                            <\/a>\r\n                            \r\n                        <\/figure>\r\n                    <\/div>\r\n                    <div class = \"td-slide-item td-item5\">\r\n                        <figure class=\"td-slide-galery-figure td-slide-popup-gallery\">\r\n                            <a class=\"slide-gallery-image-link\" href=\"\/wp-content\/uploads\/sites\/5\/2023\/12\/zuma-escuintla-6.jpeg\" title=\"zuma escuintla-6\"  data-caption=\"\"  data-description=\"\">\r\n                                <img decoding=\"async\" src=\"\/wp-content\/uploads\/sites\/5\/2023\/12\/zuma-escuintla-6-543x420.jpeg\" srcset=\"\/wp-content\/uploads\/sites\/5\/2023\/12\/zuma-escuintla-6-543x420.jpeg 543w, \/wp-content\/uploads\/sites\/5\/2023\/12\/zuma-escuintla-6-300x232.jpeg 300w, \/wp-content\/uploads\/sites\/5\/2023\/12\/zuma-escuintla-6-768x595.jpeg 768w, \/wp-content\/uploads\/sites\/5\/2023\/12\/zuma-escuintla-6-1024x793.jpeg 1024w, \/wp-content\/uploads\/sites\/5\/2023\/12\/zuma-escuintla-6-696x539.jpeg 696w, \/wp-content\/uploads\/sites\/5\/2023\/12\/zuma-escuintla-6-1068x827.jpeg 1068w, \/wp-content\/uploads\/sites\/5\/2023\/12\/zuma-escuintla-6-534x413.jpeg 534w, \/wp-content\/uploads\/sites\/5\/2023\/12\/zuma-escuintla-6.jpeg 1346w\" sizes=\"(max-width: 543px) 100vw, 543px\" alt=\"\">\r\n                            <\/a>\r\n                            \r\n                        <\/figure>\r\n                    <\/div>\r\n                    <div class = \"td-slide-item td-item6\">\r\n                        <figure class=\"td-slide-galery-figure td-slide-popup-gallery\">\r\n                            <a class=\"slide-gallery-image-link\" href=\"\/wp-content\/uploads\/sites\/5\/2023\/12\/zuma-escuintla-5.jpeg\" title=\"zuma escuintla-5\"  data-caption=\"\"  data-description=\"\">\r\n                                <img decoding=\"async\" src=\"\/wp-content\/uploads\/sites\/5\/2023\/12\/zuma-escuintla-5-630x420.jpeg\" srcset=\"\/wp-content\/uploads\/sites\/5\/2023\/12\/zuma-escuintla-5-630x420.jpeg 630w, \/wp-content\/uploads\/sites\/5\/2023\/12\/zuma-escuintla-5-300x200.jpeg 300w, \/wp-content\/uploads\/sites\/5\/2023\/12\/zuma-escuintla-5-768x512.jpeg 768w, \/wp-content\/uploads\/sites\/5\/2023\/12\/zuma-escuintla-5-1024x682.jpeg 1024w, \/wp-content\/uploads\/sites\/5\/2023\/12\/zuma-escuintla-5-1536x1023.jpeg 1536w, \/wp-content\/uploads\/sites\/5\/2023\/12\/zuma-escuintla-5-696x464.jpeg 696w, \/wp-content\/uploads\/sites\/5\/2023\/12\/zuma-escuintla-5-1068x712.jpeg 1068w, \/wp-content\/uploads\/sites\/5\/2023\/12\/zuma-escuintla-5-534x356.jpeg 534w, \/wp-content\/uploads\/sites\/5\/2023\/12\/zuma-escuintla-5.jpeg 1600w\" sizes=\"(max-width: 630px) 100vw, 630px\" alt=\"\">\r\n                            <\/a>\r\n                            \r\n                        <\/figure>\r\n                    <\/div>\r\n                    <div class = \"td-slide-item td-item7\">\r\n                        <figure class=\"td-slide-galery-figure td-slide-popup-gallery\">\r\n                            <a class=\"slide-gallery-image-link\" href=\"\/wp-content\/uploads\/sites\/5\/2023\/12\/zuma-escuintla-1.jpeg\" title=\"zuma escuintla-1\"  data-caption=\"\"  data-description=\"\">\r\n                                <img decoding=\"async\" src=\"\/wp-content\/uploads\/sites\/5\/2023\/12\/zuma-escuintla-1-630x420.jpeg\" srcset=\"\/wp-content\/uploads\/sites\/5\/2023\/12\/zuma-escuintla-1-630x420.jpeg 630w, \/wp-content\/uploads\/sites\/5\/2023\/12\/zuma-escuintla-1-300x200.jpeg 300w, \/wp-content\/uploads\/sites\/5\/2023\/12\/zuma-escuintla-1-768x512.jpeg 768w, \/wp-content\/uploads\/sites\/5\/2023\/12\/zuma-escuintla-1-1024x682.jpeg 1024w, \/wp-content\/uploads\/sites\/5\/2023\/12\/zuma-escuintla-1-1536x1023.jpeg 1536w, \/wp-content\/uploads\/sites\/5\/2023\/12\/zuma-escuintla-1-696x464.jpeg 696w, \/wp-content\/uploads\/sites\/5\/2023\/12\/zuma-escuintla-1-1068x712.jpeg 1068w, \/wp-content\/uploads\/sites\/5\/2023\/12\/zuma-escuintla-1-534x356.jpeg 534w, \/wp-content\/uploads\/sites\/5\/2023\/12\/zuma-escuintla-1.jpeg 1600w\" sizes=\"(max-width: 630px) 100vw, 630px\" alt=\"\">\r\n                            <\/a>\r\n                            \r\n                        <\/figure>\r\n                    <\/div>\r\n                    <div class = \"td-slide-item td-item8\">\r\n                        <figure class=\"td-slide-galery-figure td-slide-popup-gallery\">\r\n                            <a class=\"slide-gallery-image-link\" href=\"\/wp-content\/uploads\/sites\/5\/2023\/12\/zuma-escuintla-0.jpeg\" title=\"zuma escuintla-0\"  data-caption=\"\"  data-description=\"\">\r\n                                <img decoding=\"async\" src=\"\/wp-content\/uploads\/sites\/5\/2023\/12\/zuma-escuintla-0-610x420.jpeg\" srcset=\"\/wp-content\/uploads\/sites\/5\/2023\/12\/zuma-escuintla-0-610x420.jpeg 610w, \/wp-content\/uploads\/sites\/5\/2023\/12\/zuma-escuintla-0-300x207.jpeg 300w, \/wp-content\/uploads\/sites\/5\/2023\/12\/zuma-escuintla-0-768x529.jpeg 768w, \/wp-content\/uploads\/sites\/5\/2023\/12\/zuma-escuintla-0-1024x705.jpeg 1024w, \/wp-content\/uploads\/sites\/5\/2023\/12\/zuma-escuintla-0-218x150.jpeg 218w, \/wp-content\/uploads\/sites\/5\/2023\/12\/zuma-escuintla-0-696x479.jpeg 696w, \/wp-content\/uploads\/sites\/5\/2023\/12\/zuma-escuintla-0-1068x735.jpeg 1068w, \/wp-content\/uploads\/sites\/5\/2023\/12\/zuma-escuintla-0-100x70.jpeg 100w, \/wp-content\/uploads\/sites\/5\/2023\/12\/zuma-escuintla-0-534x368.jpeg 534w, \/wp-content\/uploads\/sites\/5\/2023\/12\/zuma-escuintla-0.jpeg 1480w\" sizes=\"(max-width: 610px) 100vw, 610px\" alt=\"\">\r\n                            <\/a>\r\n                            \r\n                        <\/figure>\r\n                    <\/div>\r\n                            <\/div>\r\n                        <\/div>\r\n\r\n                        <div class = \"td-doubleSlider-2\">\r\n                            <div class = \"td-slider\">\r\n                                \r\n                    <div class = \"td-button td-item1\">\r\n                        <div class = \"td-border\"><\/div>\r\n                    <\/div>\r\n                    <div class = \"td-button td-item2\">\r\n                        <div class = \"td-border\"><\/div>\r\n                    <\/div>\r\n                    <div class = \"td-button td-item3\">\r\n                        <div class = \"td-border\"><\/div>\r\n                    <\/div>\r\n                    <div class = \"td-button td-item4\">\r\n                        <div class = \"td-border\"><\/div>\r\n                    <\/div>\r\n                    <div class = \"td-button td-item5\">\r\n                        <div class = \"td-border\"><\/div>\r\n                    <\/div>\r\n                    <div class = \"td-button td-item6\">\r\n                        <div class = \"td-border\"><\/div>\r\n                    <\/div>\r\n                    <div class = \"td-button td-item7\">\r\n                        <div class = \"td-border\"><\/div>\r\n                    <\/div>\r\n                    <div class = \"td-button td-item8\">\r\n                        <div class = \"td-border\"><\/div>\r\n                    <\/div>\r\n                            <\/div>\r\n                        <\/div>\r\n\r\n                    <\/div>\r\n\r\n                <\/div>\r\n                ","protected":false},"excerpt":{"rendered":"<p>En una jornada de bienestar y actividad f\u00edsica, el instructor de zumba, Samuel Medrano, lider\u00f3 una en\u00e9rgica clase que reuni\u00f3 a m\u00e1s de 40 trabajadores del Hospital Departamental de Escuintla. La iniciativa, dise\u00f1ada para fomentar la salud y fortalecer los lazos entre el personal, fue recibida con entusiasmo y participaci\u00f3n activa. Las instalaciones de la [&hellip;]<\/p>\n","protected":false},"author":1961,"featured_media":39068,"comment_status":"closed","ping_status":"closed","sticky":false,"template":"","format":"standard","meta":{"footnotes":""},"categories":[3],"tags":[1246,1089],"coauthors":[],"class_list":{"0":"post-39059","1":"post","2":"type-post","3":"status-publish","4":"format-standard","5":"has-post-thumbnail","7":"category-actualidad","8":"tag-hospital-departamental-de-escuintla","9":"tag-zumba"},"_links":{"self":[{"href":"https:\/\/www.igssgt.org\/noticias\/wp-json\/wp\/v2\/posts\/39059","targetHints":{"allow":["GET"]}}],"collection":[{"href":"https:\/\/www.igssgt.org\/noticias\/wp-json\/wp\/v2\/posts"}],"about":[{"href":"https:\/\/www.igssgt.org\/noticias\/wp-json\/wp\/v2\/types\/post"}],"author":[{"embeddable":true,"href":"https:\/\/www.igssgt.org\/noticias\/wp-json\/wp\/v2\/users\/1961"}],"replies":[{"embeddable":true,"href":"https:\/\/www.igssgt.org\/noticias\/wp-json\/wp\/v2\/comments?post=39059"}],"version-history":[{"count":2,"href":"https:\/\/www.igssgt.org\/noticias\/wp-json\/wp\/v2\/posts\/39059\/revisions"}],"predecessor-version":[{"id":39072,"href":"https:\/\/www.igssgt.org\/noticias\/wp-json\/wp\/v2\/posts\/39059\/revisions\/39072"}],"wp:featuredmedia":[{"embeddable":true,"href":"https:\/\/www.igssgt.org\/noticias\/wp-json\/wp\/v2\/media\/39068"}],"wp:attachment":[{"href":"https:\/\/www.igssgt.org\/noticias\/wp-json\/wp\/v2\/media?parent=39059"}],"wp:term":[{"taxonomy":"category","embeddable":true,"href":"https:\/\/www.igssgt.org\/noticias\/wp-json\/wp\/v2\/categories?post=39059"},{"taxonomy":"post_tag","embeddable":true,"href":"https:\/\/www.igssgt.org\/noticias\/wp-json\/wp\/v2\/tags?post=39059"},{"taxonomy":"author","embeddable":true,"href":"https:\/\/www.igssgt.org\/noticias\/wp-json\/wp\/v2\/coauthors?post=39059"}],"curies":[{"name":"wp","href":"https:\/\/api.w.org\/{rel}","templated":true}]}}