{"id":39073,"date":"2023-12-05T12:40:06","date_gmt":"2023-12-05T18:40:06","guid":{"rendered":"https:\/\/www.igssgt.org\/noticias\/?p=39073"},"modified":"2024-02-21T13:11:51","modified_gmt":"2024-02-21T19:11:51","slug":"el-seguro-social-presenta-la-nueva-cobertura-del-acuerdo-1543-en-los-angeles-california","status":"publish","type":"post","link":"https:\/\/www.igssgt.org\/noticias\/2023\/12\/05\/el-seguro-social-presenta-la-nueva-cobertura-del-acuerdo-1543-en-los-angeles-california\/","title":{"rendered":"El Seguro Social presenta la nueva cobertura del Acuerdo 1543 en Los \u00c1ngeles, California"},"content":{"rendered":"\n<p class=\"has-drop-cap\">Como un acto que reafirma el compromiso con los connacionales en el extranjero, el Instituto Guatemalteco de Seguridad Social y el Ministerio de Relaciones Exteriores culminaron meses de trabajo con el lanzamiento en Los \u00c1ngeles, California, de la nueva cobertura Protecci\u00f3n al Migrante Guatemalteco y a su N\u00facleo Familiar, establecida en el Acuerdo 1543.<\/p>\n\n\n<p>El presidente de Junta Directiva, licenciado Jos\u00e9 Adolfo Flamenco Jau, destac\u00f3 el papel fundamental que los migrantes desempe\u00f1an en la econom\u00eda nacional, ya que las remesas ocupan entre el 18 y el 20 por ciento del producto interno bruto, es decir, m\u00e1s de 18 mil millones de d\u00f3lares en este 2023.<\/p>\n<p><a href=\"\/wp-content\/uploads\/sites\/5\/2023\/12\/acuerdo1543-5-scaled.jpeg\" target=\"_blank\" rel=\"noopener\"><img loading=\"lazy\" decoding=\"async\" class=\"alignnone wp-image-39076 size-full\" src=\"\/wp-content\/uploads\/sites\/5\/2023\/12\/acuerdo1543-5-scaled.jpeg\" alt=\"\" width=\"2560\" height=\"1594\" srcset=\"\/wp-content\/uploads\/sites\/5\/2023\/12\/acuerdo1543-5-scaled.jpeg 2560w, \/wp-content\/uploads\/sites\/5\/2023\/12\/acuerdo1543-5-1920x1195.jpeg 1920w, \/wp-content\/uploads\/sites\/5\/2023\/12\/acuerdo1543-5-300x187.jpeg 300w, \/wp-content\/uploads\/sites\/5\/2023\/12\/acuerdo1543-5-768x478.jpeg 768w, \/wp-content\/uploads\/sites\/5\/2023\/12\/acuerdo1543-5-1024x638.jpeg 1024w, \/wp-content\/uploads\/sites\/5\/2023\/12\/acuerdo1543-5-1536x956.jpeg 1536w, \/wp-content\/uploads\/sites\/5\/2023\/12\/acuerdo1543-5-2048x1275.jpeg 2048w, \/wp-content\/uploads\/sites\/5\/2023\/12\/acuerdo1543-5-675x420.jpeg 675w, \/wp-content\/uploads\/sites\/5\/2023\/12\/acuerdo1543-5-696x433.jpeg 696w, \/wp-content\/uploads\/sites\/5\/2023\/12\/acuerdo1543-5-1068x665.jpeg 1068w, \/wp-content\/uploads\/sites\/5\/2023\/12\/acuerdo1543-5-534x332.jpeg 534w\" sizes=\"auto, (max-width: 2560px) 100vw, 2560px\" \/><\/a><\/p>\n<p><strong>\u201cQueremos que los migrantes retornen con dignidad a Guatemala y gocen de prestaciones pecuniarias y m\u00e9dicas. La cobertura es voluntaria, ilimitada y de por vida. Aplica en todos los pa\u00edses\u201d<\/strong>, sostuvo el licenciado Flamenco Jau.<\/p>\n<p>Al mismo tiempo, aclar\u00f3 que son bienvenidos los connacionales que se afilien por primera vez. Adem\u00e1s, explic\u00f3 que quienes contribuyeron desde el 1 de marzo de 1977 y dejaron de hacerlo pueden reactivar su aporte, el cual se suma a las 240 cuotas requeridas para recibir la Pensi\u00f3n Mensual vitalicia por Vejez a partir de los 60 a\u00f1os, como m\u00ednimo.<\/p>\n<p><a href=\"\/wp-content\/uploads\/sites\/5\/2023\/12\/acuerdo1543-6-scaled.jpeg\" target=\"_blank\" rel=\"noopener\"><img loading=\"lazy\" decoding=\"async\" class=\"alignright wp-image-39077\" src=\"\/wp-content\/uploads\/sites\/5\/2023\/12\/acuerdo1543-6-scaled.jpeg\" alt=\"\" width=\"442\" height=\"449\" srcset=\"\/wp-content\/uploads\/sites\/5\/2023\/12\/acuerdo1543-6-scaled.jpeg 2518w, \/wp-content\/uploads\/sites\/5\/2023\/12\/acuerdo1543-6-1920x1952.jpeg 1920w, \/wp-content\/uploads\/sites\/5\/2023\/12\/acuerdo1543-6-295x300.jpeg 295w, \/wp-content\/uploads\/sites\/5\/2023\/12\/acuerdo1543-6-768x781.jpeg 768w, \/wp-content\/uploads\/sites\/5\/2023\/12\/acuerdo1543-6-1007x1024.jpeg 1007w, \/wp-content\/uploads\/sites\/5\/2023\/12\/acuerdo1543-6-1511x1536.jpeg 1511w, \/wp-content\/uploads\/sites\/5\/2023\/12\/acuerdo1543-6-2014x2048.jpeg 2014w, \/wp-content\/uploads\/sites\/5\/2023\/12\/acuerdo1543-6-413x420.jpeg 413w, \/wp-content\/uploads\/sites\/5\/2023\/12\/acuerdo1543-6-696x708.jpeg 696w, \/wp-content\/uploads\/sites\/5\/2023\/12\/acuerdo1543-6-1068x1086.jpeg 1068w, \/wp-content\/uploads\/sites\/5\/2023\/12\/acuerdo1543-6-454x462.jpeg 454w\" sizes=\"auto, (max-width: 442px) 100vw, 442px\" \/><\/a>Esta ampliaci\u00f3n de cobertura se encuentra en su primera fase, por lo que se contemplan otros proyectos de beneficio para los migrantes y sus familias (c\u00f3nyuge e hijos de hasta 7 a\u00f1os), como la implementaci\u00f3n de m\u00e1s v\u00edas de comunicaci\u00f3n para atender sus consultas.<\/p>\n<p>Por otro lado, Flamenco Jau coment\u00f3 que el Instituto se prepar\u00f3 para esta ampliaci\u00f3n con la habilitaci\u00f3n de \u00e1reas de encamamiento en zona 11 de la ciudad de Guatemala, Escuintla, Pal\u00edn, Antigua Guatemala, San Marcos y Quetzaltenango. Asimismo, se form\u00f3 a m\u00e1s m\u00e9dicos para el estudio de especialidades y subespecialidades en M\u00e9xico, Espa\u00f1a y Colombia.<\/p>\n<p><strong>\u201cNo hay ning\u00fan pa\u00eds de Centro Am\u00e9rica que tenga los tratamientos que brinda nuestro Seguro Social. En Guatemala hay diez hemat\u00f3logos y, de ellos, siete trabajan con nosotros\u201d<\/strong>, destac\u00f3 el m\u00e1ximo dirigente del Instituto.<\/p>\n<p>Dicha reuni\u00f3n, en la que participaron l\u00edderes migrantes y representantes de consulados guatemaltecos, tambi\u00e9n cont\u00f3 con disertaciones sobre c\u00f3mo realizar la Comprobaci\u00f3n de Supervivencia y Persistencia de Derechos mediante un consulado, adem\u00e1s explicar el funcionamiento del portal web institucional.<\/p>\n<p><a href=\"\/wp-content\/uploads\/sites\/5\/2023\/12\/acuerdo1543-3-scaled.jpeg\" target=\"_blank\" rel=\"noopener\"><img loading=\"lazy\" decoding=\"async\" class=\"alignnone wp-image-39080 size-full\" src=\"\/wp-content\/uploads\/sites\/5\/2023\/12\/acuerdo1543-3-scaled.jpeg\" alt=\"\" width=\"2560\" height=\"1807\" srcset=\"\/wp-content\/uploads\/sites\/5\/2023\/12\/acuerdo1543-3-scaled.jpeg 2560w, \/wp-content\/uploads\/sites\/5\/2023\/12\/acuerdo1543-3-1920x1355.jpeg 1920w, \/wp-content\/uploads\/sites\/5\/2023\/12\/acuerdo1543-3-300x212.jpeg 300w, \/wp-content\/uploads\/sites\/5\/2023\/12\/acuerdo1543-3-768x542.jpeg 768w, \/wp-content\/uploads\/sites\/5\/2023\/12\/acuerdo1543-3-1024x723.jpeg 1024w, \/wp-content\/uploads\/sites\/5\/2023\/12\/acuerdo1543-3-1536x1084.jpeg 1536w, \/wp-content\/uploads\/sites\/5\/2023\/12\/acuerdo1543-3-2048x1446.jpeg 2048w, \/wp-content\/uploads\/sites\/5\/2023\/12\/acuerdo1543-3-595x420.jpeg 595w, \/wp-content\/uploads\/sites\/5\/2023\/12\/acuerdo1543-3-696x491.jpeg 696w, \/wp-content\/uploads\/sites\/5\/2023\/12\/acuerdo1543-3-1068x754.jpeg 1068w, \/wp-content\/uploads\/sites\/5\/2023\/12\/acuerdo1543-3-100x70.jpeg 100w, \/wp-content\/uploads\/sites\/5\/2023\/12\/acuerdo1543-3-534x377.jpeg 534w\" sizes=\"auto, (max-width: 2560px) 100vw, 2560px\" \/><\/a><\/p>\n<p><strong>\u201cSabemos que la tecnolog\u00eda est\u00e1 a un clic de distancia. Los invitamos a que hagan sus consultas en www.igssgt.org.com, apartado Trabajador Migrante. Pueden ingresar desde su laptop, computadora de escritorio y tel\u00e9fono inteligente\u201d<\/strong>, indic\u00f3 la licenciada Eveline Soto, jefe de Departamento Administrativo, Departamento de Registro de Patronos y Trabajadores.<\/p>\n<p>Un punto de vital importancia que se dio a conocer es que los interesados en afiliarse no necesitan una cita en el Consulado de Los \u00c1ngeles para tener m\u00e1s informaci\u00f3n sobre el portafolio de servicios del Seguro Social. <strong>\u201cContamos con 25 mil trabajadores repartidos en 84 unidades m\u00e9dicas del pa\u00eds. Ser\u00e1 un gusto atenderlos\u201d<\/strong>, dijo al cierre de la reuni\u00f3n el presidente de Junta Directiva.<\/p>\n\r\n                <style type=\"text\/css\">\r\n                    \r\n                    #tdi_1  .td-doubleSlider-2 .td-item1 {\r\n                        background: url(\/wp-content\/uploads\/sites\/5\/2023\/12\/acuerdo1543-2-80x60.jpeg) 0 0 no-repeat;\r\n                    }\r\n                    #tdi_1  .td-doubleSlider-2 .td-item2 {\r\n                        background: url(\/wp-content\/uploads\/sites\/5\/2023\/12\/acuerdo1543-4-80x60.jpeg) 0 0 no-repeat;\r\n                    }\r\n                    #tdi_1  .td-doubleSlider-2 .td-item3 {\r\n                        background: url(\/wp-content\/uploads\/sites\/5\/2023\/12\/acuerdo1543-1-80x60.jpeg) 0 0 no-repeat;\r\n                    }\r\n                    #tdi_1  .td-doubleSlider-2 .td-item4 {\r\n                        background: url(\/wp-content\/uploads\/sites\/5\/2023\/12\/acuerdo1543-7-80x60.jpeg) 0 0 no-repeat;\r\n                    }\r\n                <\/style>\r\n\r\n                <div id=\"tdi_1\" class=\"td-gallery td-slide-on-2-columns\">\r\n                    <div class=\"post_td_gallery\">\r\n                        <div class=\"td-gallery-slide-top\">\r\n                           <div class=\"td-gallery-title\"><\/div>\r\n\r\n                            <div class=\"td-gallery-controls-wrapper\">\r\n                                <div class=\"td-gallery-slide-count\"><span class=\"td-gallery-slide-item-focus\">1<\/span> de 4<\/div>\r\n                                <div class=\"td-gallery-slide-prev-next-but\">\r\n                                    <i class = \"td-icon-left doubleSliderPrevButton\"><\/i>\r\n                                    <i class = \"td-icon-right doubleSliderNextButton\"><\/i>\r\n                                <\/div>\r\n                            <\/div>\r\n                        <\/div>\r\n\r\n                        <div class = \"td-doubleSlider-1 \">\r\n                            <div class = \"td-slider\">\r\n                                \r\n                    <div class = \"td-slide-item td-item1\">\r\n                        <figure class=\"td-slide-galery-figure td-slide-popup-gallery\">\r\n                            <a class=\"slide-gallery-image-link\" href=\"\/wp-content\/uploads\/sites\/5\/2023\/12\/acuerdo1543-2-scaled.jpeg\" title=\"acuerdo1543-2\"  data-caption=\"\"  data-description=\"\">\r\n                                <img decoding=\"async\" src=\"\/wp-content\/uploads\/sites\/5\/2023\/12\/acuerdo1543-2-621x420.jpeg\" srcset=\"\/wp-content\/uploads\/sites\/5\/2023\/12\/acuerdo1543-2-621x420.jpeg 621w, \/wp-content\/uploads\/sites\/5\/2023\/12\/acuerdo1543-2-1920x1298.jpeg 1920w, \/wp-content\/uploads\/sites\/5\/2023\/12\/acuerdo1543-2-300x203.jpeg 300w, \/wp-content\/uploads\/sites\/5\/2023\/12\/acuerdo1543-2-768x519.jpeg 768w, \/wp-content\/uploads\/sites\/5\/2023\/12\/acuerdo1543-2-1024x692.jpeg 1024w, \/wp-content\/uploads\/sites\/5\/2023\/12\/acuerdo1543-2-1536x1039.jpeg 1536w, \/wp-content\/uploads\/sites\/5\/2023\/12\/acuerdo1543-2-2048x1385.jpeg 2048w, \/wp-content\/uploads\/sites\/5\/2023\/12\/acuerdo1543-2-696x471.jpeg 696w, \/wp-content\/uploads\/sites\/5\/2023\/12\/acuerdo1543-2-1068x722.jpeg 1068w, \/wp-content\/uploads\/sites\/5\/2023\/12\/acuerdo1543-2-534x361.jpeg 534w\" sizes=\"(max-width: 621px) 100vw, 621px\" alt=\"\">\r\n                            <\/a>\r\n                            \r\n                        <\/figure>\r\n                    <\/div>\r\n                    <div class = \"td-slide-item td-item2\">\r\n                        <figure class=\"td-slide-galery-figure td-slide-popup-gallery\">\r\n                            <a class=\"slide-gallery-image-link\" href=\"\/wp-content\/uploads\/sites\/5\/2023\/12\/acuerdo1543-4-scaled.jpeg\" title=\"acuerdo1543-4\"  data-caption=\"\"  data-description=\"\">\r\n                                <img decoding=\"async\" src=\"\/wp-content\/uploads\/sites\/5\/2023\/12\/acuerdo1543-4-424x420.jpeg\" srcset=\"\/wp-content\/uploads\/sites\/5\/2023\/12\/acuerdo1543-4-424x420.jpeg 424w, \/wp-content\/uploads\/sites\/5\/2023\/12\/acuerdo1543-4-1920x1900.jpeg 1920w, \/wp-content\/uploads\/sites\/5\/2023\/12\/acuerdo1543-4-150x150.jpeg 150w, \/wp-content\/uploads\/sites\/5\/2023\/12\/acuerdo1543-4-300x297.jpeg 300w, \/wp-content\/uploads\/sites\/5\/2023\/12\/acuerdo1543-4-768x760.jpeg 768w, \/wp-content\/uploads\/sites\/5\/2023\/12\/acuerdo1543-4-1024x1014.jpeg 1024w, \/wp-content\/uploads\/sites\/5\/2023\/12\/acuerdo1543-4-1536x1520.jpeg 1536w, \/wp-content\/uploads\/sites\/5\/2023\/12\/acuerdo1543-4-2048x2027.jpeg 2048w, \/wp-content\/uploads\/sites\/5\/2023\/12\/acuerdo1543-4-696x689.jpeg 696w, \/wp-content\/uploads\/sites\/5\/2023\/12\/acuerdo1543-4-1068x1057.jpeg 1068w, \/wp-content\/uploads\/sites\/5\/2023\/12\/acuerdo1543-4-467x462.jpeg 467w\" sizes=\"(max-width: 424px) 100vw, 424px\" alt=\"\">\r\n                            <\/a>\r\n                            \r\n                        <\/figure>\r\n                    <\/div>\r\n                    <div class = \"td-slide-item td-item3\">\r\n                        <figure class=\"td-slide-galery-figure td-slide-popup-gallery\">\r\n                            <a class=\"slide-gallery-image-link\" href=\"\/wp-content\/uploads\/sites\/5\/2023\/12\/acuerdo1543-1-scaled.jpeg\" title=\"acuerdo1543-1\"  data-caption=\"\"  data-description=\"\">\r\n                                <img decoding=\"async\" src=\"\/wp-content\/uploads\/sites\/5\/2023\/12\/acuerdo1543-1-638x420.jpeg\" srcset=\"\/wp-content\/uploads\/sites\/5\/2023\/12\/acuerdo1543-1-638x420.jpeg 638w, \/wp-content\/uploads\/sites\/5\/2023\/12\/acuerdo1543-1-1536x1011.jpeg 1536w, \/wp-content\/uploads\/sites\/5\/2023\/12\/acuerdo1543-1-1920x1264.jpeg 1920w, \/wp-content\/uploads\/sites\/5\/2023\/12\/acuerdo1543-1-300x198.jpeg 300w, \/wp-content\/uploads\/sites\/5\/2023\/12\/acuerdo1543-1-768x506.jpeg 768w, \/wp-content\/uploads\/sites\/5\/2023\/12\/acuerdo1543-1-1024x674.jpeg 1024w, \/wp-content\/uploads\/sites\/5\/2023\/12\/acuerdo1543-1-2048x1349.jpeg 2048w, \/wp-content\/uploads\/sites\/5\/2023\/12\/acuerdo1543-1-696x458.jpeg 696w, \/wp-content\/uploads\/sites\/5\/2023\/12\/acuerdo1543-1-1068x703.jpeg 1068w, \/wp-content\/uploads\/sites\/5\/2023\/12\/acuerdo1543-1-534x352.jpeg 534w\" sizes=\"(max-width: 638px) 100vw, 638px\" alt=\"\">\r\n                            <\/a>\r\n                            \r\n                        <\/figure>\r\n                    <\/div>\r\n                    <div class = \"td-slide-item td-item4\">\r\n                        <figure class=\"td-slide-galery-figure td-slide-popup-gallery\">\r\n                            <a class=\"slide-gallery-image-link\" href=\"\/wp-content\/uploads\/sites\/5\/2023\/12\/acuerdo1543-7-scaled.jpeg\" title=\"acuerdo1543-7\"  data-caption=\"\"  data-description=\"\">\r\n                                <img decoding=\"async\" src=\"\/wp-content\/uploads\/sites\/5\/2023\/12\/acuerdo1543-7-420x420.jpeg\" srcset=\"\/wp-content\/uploads\/sites\/5\/2023\/12\/acuerdo1543-7-420x420.jpeg 420w, \/wp-content\/uploads\/sites\/5\/2023\/12\/acuerdo1543-7-1920x1919.jpeg 1920w, \/wp-content\/uploads\/sites\/5\/2023\/12\/acuerdo1543-7-150x150.jpeg 150w, \/wp-content\/uploads\/sites\/5\/2023\/12\/acuerdo1543-7-300x300.jpeg 300w, \/wp-content\/uploads\/sites\/5\/2023\/12\/acuerdo1543-7-768x768.jpeg 768w, \/wp-content\/uploads\/sites\/5\/2023\/12\/acuerdo1543-7-1024x1024.jpeg 1024w, \/wp-content\/uploads\/sites\/5\/2023\/12\/acuerdo1543-7-1536x1536.jpeg 1536w, \/wp-content\/uploads\/sites\/5\/2023\/12\/acuerdo1543-7-2048x2048.jpeg 2048w, \/wp-content\/uploads\/sites\/5\/2023\/12\/acuerdo1543-7-696x696.jpeg 696w, \/wp-content\/uploads\/sites\/5\/2023\/12\/acuerdo1543-7-1068x1068.jpeg 1068w, \/wp-content\/uploads\/sites\/5\/2023\/12\/acuerdo1543-7-462x462.jpeg 462w\" sizes=\"(max-width: 420px) 100vw, 420px\" alt=\"\">\r\n                            <\/a>\r\n                            \r\n                        <\/figure>\r\n                    <\/div>\r\n                            <\/div>\r\n                        <\/div>\r\n\r\n                        <div class = \"td-doubleSlider-2\">\r\n                            <div class = \"td-slider\">\r\n                                \r\n                    <div class = \"td-button td-item1\">\r\n                        <div class = \"td-border\"><\/div>\r\n                    <\/div>\r\n                    <div class = \"td-button td-item2\">\r\n                        <div class = \"td-border\"><\/div>\r\n                    <\/div>\r\n                    <div class = \"td-button td-item3\">\r\n                        <div class = \"td-border\"><\/div>\r\n                    <\/div>\r\n                    <div class = \"td-button td-item4\">\r\n                        <div class = \"td-border\"><\/div>\r\n                    <\/div>\r\n                            <\/div>\r\n                        <\/div>\r\n\r\n                    <\/div>\r\n\r\n                <\/div>\r\n                ","protected":false},"excerpt":{"rendered":"<p>Como un acto que reafirma el compromiso con los connacionales en el extranjero, el Instituto Guatemalteco de Seguridad Social y el Ministerio de Relaciones Exteriores culminaron meses de trabajo con el lanzamiento en Los \u00c1ngeles, California, de la nueva cobertura Protecci\u00f3n al Migrante Guatemalteco y a su N\u00facleo Familiar, establecida en el Acuerdo 1543.<\/p>\n","protected":false},"author":1961,"featured_media":39075,"comment_status":"closed","ping_status":"closed","sticky":false,"template":"","format":"standard","meta":{"footnotes":""},"categories":[3,1505,15,1854],"tags":[1696,1819,1818,1802],"coauthors":[],"class_list":{"0":"post-39073","1":"post","2":"type-post","3":"status-publish","4":"format-standard","5":"has-post-thumbnail","7":"category-actualidad","8":"category-acuerdos-y-resoluciones","9":"category-destacado","10":"category-trabajador-migrante","11":"tag-acuerdo-1543","12":"tag-california","13":"tag-los-angeles-2","14":"tag-trabajador-migrante"},"_links":{"self":[{"href":"https:\/\/www.igssgt.org\/noticias\/wp-json\/wp\/v2\/posts\/39073","targetHints":{"allow":["GET"]}}],"collection":[{"href":"https:\/\/www.igssgt.org\/noticias\/wp-json\/wp\/v2\/posts"}],"about":[{"href":"https:\/\/www.igssgt.org\/noticias\/wp-json\/wp\/v2\/types\/post"}],"author":[{"embeddable":true,"href":"https:\/\/www.igssgt.org\/noticias\/wp-json\/wp\/v2\/users\/1961"}],"replies":[{"embeddable":true,"href":"https:\/\/www.igssgt.org\/noticias\/wp-json\/wp\/v2\/comments?post=39073"}],"version-history":[{"count":5,"href":"https:\/\/www.igssgt.org\/noticias\/wp-json\/wp\/v2\/posts\/39073\/revisions"}],"predecessor-version":[{"id":39111,"href":"https:\/\/www.igssgt.org\/noticias\/wp-json\/wp\/v2\/posts\/39073\/revisions\/39111"}],"wp:featuredmedia":[{"embeddable":true,"href":"https:\/\/www.igssgt.org\/noticias\/wp-json\/wp\/v2\/media\/39075"}],"wp:attachment":[{"href":"https:\/\/www.igssgt.org\/noticias\/wp-json\/wp\/v2\/media?parent=39073"}],"wp:term":[{"taxonomy":"category","embeddable":true,"href":"https:\/\/www.igssgt.org\/noticias\/wp-json\/wp\/v2\/categories?post=39073"},{"taxonomy":"post_tag","embeddable":true,"href":"https:\/\/www.igssgt.org\/noticias\/wp-json\/wp\/v2\/tags?post=39073"},{"taxonomy":"author","embeddable":true,"href":"https:\/\/www.igssgt.org\/noticias\/wp-json\/wp\/v2\/coauthors?post=39073"}],"curies":[{"name":"wp","href":"https:\/\/api.w.org\/{rel}","templated":true}]}}