{"id":39133,"date":"2023-12-08T14:00:55","date_gmt":"2023-12-08T20:00:55","guid":{"rendered":"https:\/\/www.igssgt.org\/noticias\/?p=39133"},"modified":"2023-12-08T14:00:56","modified_gmt":"2023-12-08T20:00:56","slug":"atencion-mas-personalizada-y-mejora-continua-apuntalan-el-nuevo-plan-estrategico-institucional-del-igss","status":"publish","type":"post","link":"https:\/\/www.igssgt.org\/noticias\/2023\/12\/08\/atencion-mas-personalizada-y-mejora-continua-apuntalan-el-nuevo-plan-estrategico-institucional-del-igss\/","title":{"rendered":"Atenci\u00f3n m\u00e1s personalizada y mejora continua apuntalan el nuevo Plan Estrat\u00e9gico Institucional del IGSS"},"content":{"rendered":"\n<p class=\"has-drop-cap\">La ruta institucional para continuar brindando m\u00e1s y mejores servicios a la poblaci\u00f3n derechohabiente por los pr\u00f3ximos cinco a\u00f1os se dieron a conocer en la presentaci\u00f3n del Plan Estrat\u00e9gico Institucional -PEI-, quinquenio 2023-2027.<\/p>\n\n\n<p><a href=\"\/wp-content\/uploads\/sites\/5\/2023\/12\/pei-4.jpeg\" target=\"_blank\" rel=\"noopener\"><img loading=\"lazy\" decoding=\"async\" class=\"alignnone wp-image-39139 size-full\" src=\"\/wp-content\/uploads\/sites\/5\/2023\/12\/pei-4.jpeg\" alt=\"\" width=\"1600\" height=\"1066\" srcset=\"\/wp-content\/uploads\/sites\/5\/2023\/12\/pei-4.jpeg 1600w, \/wp-content\/uploads\/sites\/5\/2023\/12\/pei-4-300x200.jpeg 300w, \/wp-content\/uploads\/sites\/5\/2023\/12\/pei-4-768x512.jpeg 768w, \/wp-content\/uploads\/sites\/5\/2023\/12\/pei-4-1024x682.jpeg 1024w, \/wp-content\/uploads\/sites\/5\/2023\/12\/pei-4-1536x1023.jpeg 1536w, \/wp-content\/uploads\/sites\/5\/2023\/12\/pei-4-630x420.jpeg 630w, \/wp-content\/uploads\/sites\/5\/2023\/12\/pei-4-696x464.jpeg 696w, \/wp-content\/uploads\/sites\/5\/2023\/12\/pei-4-1068x712.jpeg 1068w, \/wp-content\/uploads\/sites\/5\/2023\/12\/pei-4-534x356.jpeg 534w\" sizes=\"auto, (max-width: 1600px) 100vw, 1600px\" \/><\/a><\/p>\n<p>Dicho evento se desarroll\u00f3 en el ic\u00f3nico auditorio La Autonom\u00eda de las Oficinas Centrales del Seguro Social, ante la presencia de integrantes de Junta Directiva, gerencia, subgerencias, directores m\u00e9dicos, trabajadores e invitados especiales.<\/p>\n<p>El PEI elaborado es un esfuerzo grupal institucional cuyo \u00fanico fin es el de robustecer la mejora continua del servicio que va de la mano con la innovaci\u00f3n tecnol\u00f3gica y eficiencia.<\/p>\n<p><a href=\"\/wp-content\/uploads\/sites\/5\/2023\/12\/pei-1.jpeg\" target=\"_blank\" rel=\"noopener\"><img loading=\"lazy\" decoding=\"async\" class=\"alignnone wp-image-39136 size-full\" src=\"\/wp-content\/uploads\/sites\/5\/2023\/12\/pei-1.jpeg\" alt=\"\" width=\"1586\" height=\"1040\" srcset=\"\/wp-content\/uploads\/sites\/5\/2023\/12\/pei-1.jpeg 1586w, \/wp-content\/uploads\/sites\/5\/2023\/12\/pei-1-300x197.jpeg 300w, \/wp-content\/uploads\/sites\/5\/2023\/12\/pei-1-768x504.jpeg 768w, \/wp-content\/uploads\/sites\/5\/2023\/12\/pei-1-1024x671.jpeg 1024w, \/wp-content\/uploads\/sites\/5\/2023\/12\/pei-1-1536x1007.jpeg 1536w, \/wp-content\/uploads\/sites\/5\/2023\/12\/pei-1-641x420.jpeg 641w, \/wp-content\/uploads\/sites\/5\/2023\/12\/pei-1-696x456.jpeg 696w, \/wp-content\/uploads\/sites\/5\/2023\/12\/pei-1-1068x700.jpeg 1068w, \/wp-content\/uploads\/sites\/5\/2023\/12\/pei-1-534x350.jpeg 534w, \/wp-content\/uploads\/sites\/5\/2023\/12\/pei-1-741x486.jpeg 741w\" sizes=\"auto, (max-width: 1586px) 100vw, 1586px\" \/><\/a><\/p>\n<p><strong>\u201cEl nuevo PEI representa la visi\u00f3n a corto plazo de la instituci\u00f3n, delinea el Nuevo Modelo de Atenci\u00f3n que apuesta a un servicio humanizado\u201d<\/strong>, expuso el Lic. Jos\u00e9 Adolfo Flamenco Jau, presidente de Junta Directiva, durante la presentaci\u00f3n.<\/p>\n<p><a href=\"\/wp-content\/uploads\/sites\/5\/2023\/12\/pei-0.jpeg\" target=\"_blank\" rel=\"noopener\"><img loading=\"lazy\" decoding=\"async\" class=\"alignnone wp-image-39135 size-full\" src=\"\/wp-content\/uploads\/sites\/5\/2023\/12\/pei-0.jpeg\" alt=\"\" width=\"1600\" height=\"1066\" srcset=\"\/wp-content\/uploads\/sites\/5\/2023\/12\/pei-0.jpeg 1600w, \/wp-content\/uploads\/sites\/5\/2023\/12\/pei-0-300x200.jpeg 300w, \/wp-content\/uploads\/sites\/5\/2023\/12\/pei-0-768x512.jpeg 768w, \/wp-content\/uploads\/sites\/5\/2023\/12\/pei-0-1024x682.jpeg 1024w, \/wp-content\/uploads\/sites\/5\/2023\/12\/pei-0-1536x1023.jpeg 1536w, \/wp-content\/uploads\/sites\/5\/2023\/12\/pei-0-630x420.jpeg 630w, \/wp-content\/uploads\/sites\/5\/2023\/12\/pei-0-696x464.jpeg 696w, \/wp-content\/uploads\/sites\/5\/2023\/12\/pei-0-1068x712.jpeg 1068w, \/wp-content\/uploads\/sites\/5\/2023\/12\/pei-0-534x356.jpeg 534w\" sizes=\"auto, (max-width: 1600px) 100vw, 1600px\" \/><\/a><\/p>\n<p>Mientras que el Lic. Edson Javier Rivera, gerente, comparti\u00f3 detalles de los ejes tem\u00e1ticos y transversales, entre otros conceptos, que forman parte de la arquitectura del PEI del Seguro Social, que atiende hoy a casi 3.3 millones de derechohabientes.<\/p>\n<p>Por su parte, el Lic. Carlos Alberto Franco, subgerente de Planificaci\u00f3n y Desarrollo, ahond\u00f3 en los objetivos estrat\u00e9gicos del valioso documento que se orienta hacia el cambio institucional, implementando procesos administrativos innovadores y tecnol\u00f3gicos frente a las necesidades y expectativas de la poblaci\u00f3n asegurada.<\/p>\n<p><a href=\"\/wp-content\/uploads\/sites\/5\/2023\/12\/pei-5.jpeg\" target=\"_blank\" rel=\"noopener\"><img loading=\"lazy\" decoding=\"async\" class=\"alignnone wp-image-39140 size-full\" src=\"\/wp-content\/uploads\/sites\/5\/2023\/12\/pei-5.jpeg\" alt=\"\" width=\"1600\" height=\"1066\" srcset=\"\/wp-content\/uploads\/sites\/5\/2023\/12\/pei-5.jpeg 1600w, \/wp-content\/uploads\/sites\/5\/2023\/12\/pei-5-300x200.jpeg 300w, \/wp-content\/uploads\/sites\/5\/2023\/12\/pei-5-768x512.jpeg 768w, \/wp-content\/uploads\/sites\/5\/2023\/12\/pei-5-1024x682.jpeg 1024w, \/wp-content\/uploads\/sites\/5\/2023\/12\/pei-5-1536x1023.jpeg 1536w, \/wp-content\/uploads\/sites\/5\/2023\/12\/pei-5-630x420.jpeg 630w, \/wp-content\/uploads\/sites\/5\/2023\/12\/pei-5-696x464.jpeg 696w, \/wp-content\/uploads\/sites\/5\/2023\/12\/pei-5-1068x712.jpeg 1068w, \/wp-content\/uploads\/sites\/5\/2023\/12\/pei-5-534x356.jpeg 534w\" sizes=\"auto, (max-width: 1600px) 100vw, 1600px\" \/><\/a><\/p>\n<p>Tras la parte conceptual, se desarroll\u00f3 el foro <strong>\u201cDesaf\u00edos de la Seguridad Social en Guatemala\u201d<\/strong>, con la participaci\u00f3n del presidente de JD, gerente y, de forma virtual, del directivo de la Asociaci\u00f3n Internacional de la Seguridad Social (AISS), Ra\u00fal Ruggia; moderado por el Dr. Julio Valdes, presidente del Consejo T\u00e9cnico del IGSS.<\/p>\n<p>El PEI 2023-2027 se elabor\u00f3 con una visi\u00f3n de largo plazo, aplicando los principios universales de la seguridad social. Adem\u00e1s, est\u00e1 orientado en los compromisos del Instituto con las Prioridades Nacionales de Desarrollo (PND).<\/p>\n<p><a href=\"\/wp-content\/uploads\/sites\/5\/2023\/12\/pei-3.jpeg\" target=\"_blank\" rel=\"noopener\"><img loading=\"lazy\" decoding=\"async\" class=\"alignnone wp-image-39138 size-full\" src=\"\/wp-content\/uploads\/sites\/5\/2023\/12\/pei-3.jpeg\" alt=\"\" width=\"1600\" height=\"1066\" srcset=\"\/wp-content\/uploads\/sites\/5\/2023\/12\/pei-3.jpeg 1600w, \/wp-content\/uploads\/sites\/5\/2023\/12\/pei-3-300x200.jpeg 300w, \/wp-content\/uploads\/sites\/5\/2023\/12\/pei-3-768x512.jpeg 768w, \/wp-content\/uploads\/sites\/5\/2023\/12\/pei-3-1024x682.jpeg 1024w, \/wp-content\/uploads\/sites\/5\/2023\/12\/pei-3-1536x1023.jpeg 1536w, \/wp-content\/uploads\/sites\/5\/2023\/12\/pei-3-630x420.jpeg 630w, \/wp-content\/uploads\/sites\/5\/2023\/12\/pei-3-696x464.jpeg 696w, \/wp-content\/uploads\/sites\/5\/2023\/12\/pei-3-1068x712.jpeg 1068w, \/wp-content\/uploads\/sites\/5\/2023\/12\/pei-3-534x356.jpeg 534w\" sizes=\"auto, (max-width: 1600px) 100vw, 1600px\" \/><\/a><\/p>","protected":false},"excerpt":{"rendered":"<p>La ruta institucional para continuar brindando m\u00e1s y mejores servicios a la poblaci\u00f3n derechohabiente por los pr\u00f3ximos cinco a\u00f1os se dieron a conocer en la presentaci\u00f3n del Plan Estrat\u00e9gico Institucional -PEI-, quinquenio 2023-2027. Dicho evento se desarroll\u00f3 en el ic\u00f3nico auditorio La Autonom\u00eda de las Oficinas Centrales del Seguro Social, ante la presencia de integrantes [&hellip;]<\/p>\n","protected":false},"author":1961,"featured_media":39137,"comment_status":"closed","ping_status":"closed","sticky":false,"template":"","format":"standard","meta":{"footnotes":""},"categories":[3],"tags":[1822,1823],"coauthors":[],"class_list":{"0":"post-39133","1":"post","2":"type-post","3":"status-publish","4":"format-standard","5":"has-post-thumbnail","7":"category-actualidad","8":"tag-pei","9":"tag-plan-estrategico-institucional"},"_links":{"self":[{"href":"https:\/\/www.igssgt.org\/noticias\/wp-json\/wp\/v2\/posts\/39133","targetHints":{"allow":["GET"]}}],"collection":[{"href":"https:\/\/www.igssgt.org\/noticias\/wp-json\/wp\/v2\/posts"}],"about":[{"href":"https:\/\/www.igssgt.org\/noticias\/wp-json\/wp\/v2\/types\/post"}],"author":[{"embeddable":true,"href":"https:\/\/www.igssgt.org\/noticias\/wp-json\/wp\/v2\/users\/1961"}],"replies":[{"embeddable":true,"href":"https:\/\/www.igssgt.org\/noticias\/wp-json\/wp\/v2\/comments?post=39133"}],"version-history":[{"count":2,"href":"https:\/\/www.igssgt.org\/noticias\/wp-json\/wp\/v2\/posts\/39133\/revisions"}],"predecessor-version":[{"id":39141,"href":"https:\/\/www.igssgt.org\/noticias\/wp-json\/wp\/v2\/posts\/39133\/revisions\/39141"}],"wp:featuredmedia":[{"embeddable":true,"href":"https:\/\/www.igssgt.org\/noticias\/wp-json\/wp\/v2\/media\/39137"}],"wp:attachment":[{"href":"https:\/\/www.igssgt.org\/noticias\/wp-json\/wp\/v2\/media?parent=39133"}],"wp:term":[{"taxonomy":"category","embeddable":true,"href":"https:\/\/www.igssgt.org\/noticias\/wp-json\/wp\/v2\/categories?post=39133"},{"taxonomy":"post_tag","embeddable":true,"href":"https:\/\/www.igssgt.org\/noticias\/wp-json\/wp\/v2\/tags?post=39133"},{"taxonomy":"author","embeddable":true,"href":"https:\/\/www.igssgt.org\/noticias\/wp-json\/wp\/v2\/coauthors?post=39133"}],"curies":[{"name":"wp","href":"https:\/\/api.w.org\/{rel}","templated":true}]}}