{"id":39282,"date":"2023-12-22T18:32:49","date_gmt":"2023-12-23T00:32:49","guid":{"rendered":"https:\/\/www.igssgt.org\/noticias\/?p=39282"},"modified":"2023-12-22T18:32:50","modified_gmt":"2023-12-23T00:32:50","slug":"salvavidas-del-seguro-social-en-apresto-durante-navidad-y-ano-nuevo","status":"publish","type":"post","link":"https:\/\/www.igssgt.org\/noticias\/2023\/12\/22\/salvavidas-del-seguro-social-en-apresto-durante-navidad-y-ano-nuevo\/","title":{"rendered":"Salvavidas del Seguro Social en apresto durante Navidad y A\u00f1o Nuevo"},"content":{"rendered":"\n<p class=\"has-drop-cap\">Para salvaguardar la vida de miles de personas durante los descansos de fin de a\u00f1o, los integrantes del Cuerpo de Salvamento del Instituto Guatemalteco de Seguridad Social estar\u00e1n presentes en las principales playas y centros vacacionales del pa\u00eds.\u00a0<\/p>\n\n\n<p><span style=\"font-weight: 400\">A decir del licenciado \u00c1lvaro Barillas, a cargo de los 55 salvavidas del Instituto, estar\u00e1n presentes en las playas de Oc\u00f3s y Tilapa, en San Marcos; Champerico y Tulate, en Retalhuleu; El Semillero, Tecojate, La Empalizada, El Pared\u00f3n y Puerto San Jos\u00e9, en Escuintla; y Las Lisas y Monterrico, en Santa Rosa.<\/span><\/p>\n<p><span style=\"font-weight: 400\">Adem\u00e1s, \u201chabr\u00e1 elementos en los centros recreativos Guayac\u00e1n, en Chiquimula; Las Ninfas, en Amatitl\u00e1n, y en la playa p\u00fablica del lago de Atitl\u00e1n, en Panajachel\u201d, se\u00f1al\u00f3.\u00a0<\/span><\/p>\n<p><a href=\"\/wp-content\/uploads\/sites\/5\/2023\/12\/Salvavidas-IGSS-2023-fiestas-de-fin-de-ano3.jpg\"><img loading=\"lazy\" decoding=\"async\" class=\"alignnone size-full wp-image-39284\" src=\"\/wp-content\/uploads\/sites\/5\/2023\/12\/Salvavidas-IGSS-2023-fiestas-de-fin-de-ano3.jpg\" alt=\"\" width=\"1280\" height=\"853\" srcset=\"\/wp-content\/uploads\/sites\/5\/2023\/12\/Salvavidas-IGSS-2023-fiestas-de-fin-de-ano3.jpg 1280w, \/wp-content\/uploads\/sites\/5\/2023\/12\/Salvavidas-IGSS-2023-fiestas-de-fin-de-ano3-300x200.jpg 300w, \/wp-content\/uploads\/sites\/5\/2023\/12\/Salvavidas-IGSS-2023-fiestas-de-fin-de-ano3-768x512.jpg 768w, \/wp-content\/uploads\/sites\/5\/2023\/12\/Salvavidas-IGSS-2023-fiestas-de-fin-de-ano3-1024x682.jpg 1024w, \/wp-content\/uploads\/sites\/5\/2023\/12\/Salvavidas-IGSS-2023-fiestas-de-fin-de-ano3-630x420.jpg 630w, \/wp-content\/uploads\/sites\/5\/2023\/12\/Salvavidas-IGSS-2023-fiestas-de-fin-de-ano3-696x464.jpg 696w, \/wp-content\/uploads\/sites\/5\/2023\/12\/Salvavidas-IGSS-2023-fiestas-de-fin-de-ano3-1068x712.jpg 1068w, \/wp-content\/uploads\/sites\/5\/2023\/12\/Salvavidas-IGSS-2023-fiestas-de-fin-de-ano3-534x356.jpg 534w\" sizes=\"auto, (max-width: 1280px) 100vw, 1280px\" \/><\/a><\/p>\n<p><span style=\"font-weight: 400\">Los salvavidas estar\u00e1n activos en los siguientes horarios:\u00a0<\/span><\/p>\n<p><span style=\"font-weight: 400\">23 de diciembre: de 8:00 a 18:00 horas<\/span><\/p>\n<p><span style=\"font-weight: 400\">24 y 25 de diciembre: de 6:00 a 18:00 horas\u00a0<\/span><\/p>\n<p><span style=\"font-weight: 400\">30 de diciembre: de 8:00 a 18:00 horas\u00a0<\/span><\/p>\n<p><span style=\"font-weight: 400\">31 de diciembre y 1 de enero: de 8:00 a 18:00 horas\u00a0<\/span><\/p>\n<p><span style=\"font-weight: 400\">Barillas agreg\u00f3 que el problema m\u00e1s recurrente es que las personas no acatan las recomendaciones por estar bajo el efecto de bebidas alcoh\u00f3licas.\u00a0<\/span><\/p>\n<p><span style=\"font-weight: 400\">Asimismo, aprovech\u00f3 para hacer un llamado a las familias para que visiten los puntos donde el Seguro Social tiene cobertura y cuiden a sus ni\u00f1os, pues con frecuencia hay extrav\u00edo de infantes despu\u00e9s del mediod\u00eda.<\/span><\/p>\n\r\n                <style type=\"text\/css\">\r\n                    \r\n                    #tdi_1  .td-doubleSlider-2 .td-item1 {\r\n                        background: url(\/wp-content\/uploads\/sites\/5\/2023\/12\/Salvavidas-IGSS-2023-fiestas-de-fin-de-ano2-80x60.jpg) 0 0 no-repeat;\r\n                    }\r\n                    #tdi_1  .td-doubleSlider-2 .td-item2 {\r\n                        background: url(\/wp-content\/uploads\/sites\/5\/2023\/12\/Salvavidas-IGSS-2023-fiestas-de-fin-de-ano1-80x60.jpg) 0 0 no-repeat;\r\n                    }\r\n                    #tdi_1  .td-doubleSlider-2 .td-item3 {\r\n                        background: url(\/wp-content\/uploads\/sites\/5\/2023\/12\/Salvavidas-IGSS-2023-fiestas-de-fin-de-ano4-80x60.jpg) 0 0 no-repeat;\r\n                    }\r\n                    #tdi_1  .td-doubleSlider-2 .td-item4 {\r\n                        background: url(\/wp-content\/uploads\/sites\/5\/2023\/12\/Salvavidas-IGSS-2023-fiestas-de-fin-de-ano3-80x60.jpg) 0 0 no-repeat;\r\n                    }\r\n                    #tdi_1  .td-doubleSlider-2 .td-item5 {\r\n                        background: url(\/wp-content\/uploads\/sites\/5\/2023\/12\/Salvavidas-IGSS-2023-fiestas-de-fin-de-ano0-80x60.jpg) 0 0 no-repeat;\r\n                    }\r\n                <\/style>\r\n\r\n                <div id=\"tdi_1\" class=\"td-gallery td-slide-on-2-columns\">\r\n                    <div class=\"post_td_gallery\">\r\n                        <div class=\"td-gallery-slide-top\">\r\n                           <div class=\"td-gallery-title\">Galer\u00eda de Im\u00e1genes<\/div>\r\n\r\n                            <div class=\"td-gallery-controls-wrapper\">\r\n                                <div class=\"td-gallery-slide-count\"><span class=\"td-gallery-slide-item-focus\">1<\/span> de 5<\/div>\r\n                                <div class=\"td-gallery-slide-prev-next-but\">\r\n                                    <i class = \"td-icon-left doubleSliderPrevButton\"><\/i>\r\n                                    <i class = \"td-icon-right doubleSliderNextButton\"><\/i>\r\n                                <\/div>\r\n                            <\/div>\r\n                        <\/div>\r\n\r\n                        <div class = \"td-doubleSlider-1 \">\r\n                            <div class = \"td-slider\">\r\n                                \r\n                    <div class = \"td-slide-item td-item1\">\r\n                        <figure class=\"td-slide-galery-figure td-slide-popup-gallery\">\r\n                            <a class=\"slide-gallery-image-link\" href=\"\/wp-content\/uploads\/sites\/5\/2023\/12\/Salvavidas-IGSS-2023-fiestas-de-fin-de-ano2.jpg\" title=\"Salvavidas IGSS 2023 fiestas de fin de ano2\"  data-caption=\"\"  data-description=\"\">\r\n                                <img decoding=\"async\" src=\"\/wp-content\/uploads\/sites\/5\/2023\/12\/Salvavidas-IGSS-2023-fiestas-de-fin-de-ano2-716x420.jpg\" srcset=\"\/wp-content\/uploads\/sites\/5\/2023\/12\/Salvavidas-IGSS-2023-fiestas-de-fin-de-ano2-716x420.jpg 716w, \/wp-content\/uploads\/sites\/5\/2023\/12\/Salvavidas-IGSS-2023-fiestas-de-fin-de-ano2-300x176.jpg 300w, \/wp-content\/uploads\/sites\/5\/2023\/12\/Salvavidas-IGSS-2023-fiestas-de-fin-de-ano2-768x451.jpg 768w, \/wp-content\/uploads\/sites\/5\/2023\/12\/Salvavidas-IGSS-2023-fiestas-de-fin-de-ano2-696x408.jpg 696w, \/wp-content\/uploads\/sites\/5\/2023\/12\/Salvavidas-IGSS-2023-fiestas-de-fin-de-ano2-534x313.jpg 534w, \/wp-content\/uploads\/sites\/5\/2023\/12\/Salvavidas-IGSS-2023-fiestas-de-fin-de-ano2.jpg 1024w\" sizes=\"(max-width: 716px) 100vw, 716px\" alt=\"\">\r\n                            <\/a>\r\n                            \r\n                        <\/figure>\r\n                    <\/div>\r\n                    <div class = \"td-slide-item td-item2\">\r\n                        <figure class=\"td-slide-galery-figure td-slide-popup-gallery\">\r\n                            <a class=\"slide-gallery-image-link\" href=\"\/wp-content\/uploads\/sites\/5\/2023\/12\/Salvavidas-IGSS-2023-fiestas-de-fin-de-ano1.jpg\" title=\"Salvavidas IGSS 2023 fiestas de fin de ano1\"  data-caption=\"\"  data-description=\"\">\r\n                                <img decoding=\"async\" src=\"\/wp-content\/uploads\/sites\/5\/2023\/12\/Salvavidas-IGSS-2023-fiestas-de-fin-de-ano1-630x420.jpg\" srcset=\"\/wp-content\/uploads\/sites\/5\/2023\/12\/Salvavidas-IGSS-2023-fiestas-de-fin-de-ano1-630x420.jpg 630w, \/wp-content\/uploads\/sites\/5\/2023\/12\/Salvavidas-IGSS-2023-fiestas-de-fin-de-ano1-300x200.jpg 300w, \/wp-content\/uploads\/sites\/5\/2023\/12\/Salvavidas-IGSS-2023-fiestas-de-fin-de-ano1-534x356.jpg 534w, \/wp-content\/uploads\/sites\/5\/2023\/12\/Salvavidas-IGSS-2023-fiestas-de-fin-de-ano1.jpg 696w\" sizes=\"(max-width: 630px) 100vw, 630px\" alt=\"\">\r\n                            <\/a>\r\n                            \r\n                        <\/figure>\r\n                    <\/div>\r\n                    <div class = \"td-slide-item td-item3\">\r\n                        <figure class=\"td-slide-galery-figure td-slide-popup-gallery\">\r\n                            <a class=\"slide-gallery-image-link\" href=\"\/wp-content\/uploads\/sites\/5\/2023\/12\/Salvavidas-IGSS-2023-fiestas-de-fin-de-ano4.jpg\" title=\"Salvavidas IGSS 2023 fiestas de fin de ano4\"  data-caption=\"\"  data-description=\"\">\r\n                                <img decoding=\"async\" src=\"\/wp-content\/uploads\/sites\/5\/2023\/12\/Salvavidas-IGSS-2023-fiestas-de-fin-de-ano4-630x420.jpg\" srcset=\"\/wp-content\/uploads\/sites\/5\/2023\/12\/Salvavidas-IGSS-2023-fiestas-de-fin-de-ano4-630x420.jpg 630w, \/wp-content\/uploads\/sites\/5\/2023\/12\/Salvavidas-IGSS-2023-fiestas-de-fin-de-ano4-300x200.jpg 300w, \/wp-content\/uploads\/sites\/5\/2023\/12\/Salvavidas-IGSS-2023-fiestas-de-fin-de-ano4-768x512.jpg 768w, \/wp-content\/uploads\/sites\/5\/2023\/12\/Salvavidas-IGSS-2023-fiestas-de-fin-de-ano4-1024x682.jpg 1024w, \/wp-content\/uploads\/sites\/5\/2023\/12\/Salvavidas-IGSS-2023-fiestas-de-fin-de-ano4-696x464.jpg 696w, \/wp-content\/uploads\/sites\/5\/2023\/12\/Salvavidas-IGSS-2023-fiestas-de-fin-de-ano4-1068x712.jpg 1068w, \/wp-content\/uploads\/sites\/5\/2023\/12\/Salvavidas-IGSS-2023-fiestas-de-fin-de-ano4-534x356.jpg 534w, \/wp-content\/uploads\/sites\/5\/2023\/12\/Salvavidas-IGSS-2023-fiestas-de-fin-de-ano4.jpg 1280w\" sizes=\"(max-width: 630px) 100vw, 630px\" alt=\"\">\r\n                            <\/a>\r\n                            \r\n                        <\/figure>\r\n                    <\/div>\r\n                    <div class = \"td-slide-item td-item4\">\r\n                        <figure class=\"td-slide-galery-figure td-slide-popup-gallery\">\r\n                            <a class=\"slide-gallery-image-link\" href=\"\/wp-content\/uploads\/sites\/5\/2023\/12\/Salvavidas-IGSS-2023-fiestas-de-fin-de-ano3.jpg\" title=\"Salvavidas IGSS 2023 fiestas de fin de ano3\"  data-caption=\"\"  data-description=\"\">\r\n                                <img decoding=\"async\" src=\"\/wp-content\/uploads\/sites\/5\/2023\/12\/Salvavidas-IGSS-2023-fiestas-de-fin-de-ano3-630x420.jpg\" srcset=\"\/wp-content\/uploads\/sites\/5\/2023\/12\/Salvavidas-IGSS-2023-fiestas-de-fin-de-ano3-630x420.jpg 630w, \/wp-content\/uploads\/sites\/5\/2023\/12\/Salvavidas-IGSS-2023-fiestas-de-fin-de-ano3-300x200.jpg 300w, \/wp-content\/uploads\/sites\/5\/2023\/12\/Salvavidas-IGSS-2023-fiestas-de-fin-de-ano3-768x512.jpg 768w, \/wp-content\/uploads\/sites\/5\/2023\/12\/Salvavidas-IGSS-2023-fiestas-de-fin-de-ano3-1024x682.jpg 1024w, \/wp-content\/uploads\/sites\/5\/2023\/12\/Salvavidas-IGSS-2023-fiestas-de-fin-de-ano3-696x464.jpg 696w, \/wp-content\/uploads\/sites\/5\/2023\/12\/Salvavidas-IGSS-2023-fiestas-de-fin-de-ano3-1068x712.jpg 1068w, \/wp-content\/uploads\/sites\/5\/2023\/12\/Salvavidas-IGSS-2023-fiestas-de-fin-de-ano3-534x356.jpg 534w, \/wp-content\/uploads\/sites\/5\/2023\/12\/Salvavidas-IGSS-2023-fiestas-de-fin-de-ano3.jpg 1280w\" sizes=\"(max-width: 630px) 100vw, 630px\" alt=\"\">\r\n                            <\/a>\r\n                            \r\n                        <\/figure>\r\n                    <\/div>\r\n                    <div class = \"td-slide-item td-item5\">\r\n                        <figure class=\"td-slide-galery-figure td-slide-popup-gallery\">\r\n                            <a class=\"slide-gallery-image-link\" href=\"\/wp-content\/uploads\/sites\/5\/2023\/12\/Salvavidas-IGSS-2023-fiestas-de-fin-de-ano0.jpg\" title=\"Salvavidas IGSS 2023 fiestas de fin de ano0\"  data-caption=\"\"  data-description=\"\">\r\n                                <img decoding=\"async\" src=\"\/wp-content\/uploads\/sites\/5\/2023\/12\/Salvavidas-IGSS-2023-fiestas-de-fin-de-ano0-630x420.jpg\" srcset=\"\/wp-content\/uploads\/sites\/5\/2023\/12\/Salvavidas-IGSS-2023-fiestas-de-fin-de-ano0-630x420.jpg 630w, \/wp-content\/uploads\/sites\/5\/2023\/12\/Salvavidas-IGSS-2023-fiestas-de-fin-de-ano0-300x200.jpg 300w, \/wp-content\/uploads\/sites\/5\/2023\/12\/Salvavidas-IGSS-2023-fiestas-de-fin-de-ano0-768x512.jpg 768w, \/wp-content\/uploads\/sites\/5\/2023\/12\/Salvavidas-IGSS-2023-fiestas-de-fin-de-ano0-1024x682.jpg 1024w, \/wp-content\/uploads\/sites\/5\/2023\/12\/Salvavidas-IGSS-2023-fiestas-de-fin-de-ano0-696x464.jpg 696w, \/wp-content\/uploads\/sites\/5\/2023\/12\/Salvavidas-IGSS-2023-fiestas-de-fin-de-ano0-1068x712.jpg 1068w, \/wp-content\/uploads\/sites\/5\/2023\/12\/Salvavidas-IGSS-2023-fiestas-de-fin-de-ano0-534x356.jpg 534w, \/wp-content\/uploads\/sites\/5\/2023\/12\/Salvavidas-IGSS-2023-fiestas-de-fin-de-ano0.jpg 1280w\" sizes=\"(max-width: 630px) 100vw, 630px\" alt=\"\">\r\n                            <\/a>\r\n                            \r\n                        <\/figure>\r\n                    <\/div>\r\n                            <\/div>\r\n                        <\/div>\r\n\r\n                        <div class = \"td-doubleSlider-2\">\r\n                            <div class = \"td-slider\">\r\n                                \r\n                    <div class = \"td-button td-item1\">\r\n                        <div class = \"td-border\"><\/div>\r\n                    <\/div>\r\n                    <div class = \"td-button td-item2\">\r\n                        <div class = \"td-border\"><\/div>\r\n                    <\/div>\r\n                    <div class = \"td-button td-item3\">\r\n                        <div class = \"td-border\"><\/div>\r\n                    <\/div>\r\n                    <div class = \"td-button td-item4\">\r\n                        <div class = \"td-border\"><\/div>\r\n                    <\/div>\r\n                    <div class = \"td-button td-item5\">\r\n                        <div class = \"td-border\"><\/div>\r\n                    <\/div>\r\n                            <\/div>\r\n                        <\/div>\r\n\r\n                    <\/div>\r\n\r\n                <\/div>\r\n                \n<p>\u00a0<\/p>","protected":false},"excerpt":{"rendered":"<p>Para salvaguardar la vida de miles de personas durante los descansos de fin de a\u00f1o, los integrantes del Cuerpo de Salvamento del Instituto Guatemalteco de Seguridad Social estar\u00e1n presentes en las principales playas y centros vacacionales del pa\u00eds.\u00a0 A decir del licenciado \u00c1lvaro Barillas, a cargo de los 55 salvavidas del Instituto, estar\u00e1n presentes en [&hellip;]<\/p>\n","protected":false},"author":1961,"featured_media":39283,"comment_status":"closed","ping_status":"closed","sticky":false,"template":"","format":"standard","meta":{"footnotes":""},"categories":[3,32],"tags":[216,770],"coauthors":[],"class_list":{"0":"post-39282","1":"post","2":"type-post","3":"status-publish","4":"format-standard","5":"has-post-thumbnail","7":"category-actualidad","8":"category-salvavidas","9":"tag-cuerpo-de-salvamento-del-igss","10":"tag-salvavidas-igss"},"_links":{"self":[{"href":"https:\/\/www.igssgt.org\/noticias\/wp-json\/wp\/v2\/posts\/39282","targetHints":{"allow":["GET"]}}],"collection":[{"href":"https:\/\/www.igssgt.org\/noticias\/wp-json\/wp\/v2\/posts"}],"about":[{"href":"https:\/\/www.igssgt.org\/noticias\/wp-json\/wp\/v2\/types\/post"}],"author":[{"embeddable":true,"href":"https:\/\/www.igssgt.org\/noticias\/wp-json\/wp\/v2\/users\/1961"}],"replies":[{"embeddable":true,"href":"https:\/\/www.igssgt.org\/noticias\/wp-json\/wp\/v2\/comments?post=39282"}],"version-history":[{"count":1,"href":"https:\/\/www.igssgt.org\/noticias\/wp-json\/wp\/v2\/posts\/39282\/revisions"}],"predecessor-version":[{"id":39288,"href":"https:\/\/www.igssgt.org\/noticias\/wp-json\/wp\/v2\/posts\/39282\/revisions\/39288"}],"wp:featuredmedia":[{"embeddable":true,"href":"https:\/\/www.igssgt.org\/noticias\/wp-json\/wp\/v2\/media\/39283"}],"wp:attachment":[{"href":"https:\/\/www.igssgt.org\/noticias\/wp-json\/wp\/v2\/media?parent=39282"}],"wp:term":[{"taxonomy":"category","embeddable":true,"href":"https:\/\/www.igssgt.org\/noticias\/wp-json\/wp\/v2\/categories?post=39282"},{"taxonomy":"post_tag","embeddable":true,"href":"https:\/\/www.igssgt.org\/noticias\/wp-json\/wp\/v2\/tags?post=39282"},{"taxonomy":"author","embeddable":true,"href":"https:\/\/www.igssgt.org\/noticias\/wp-json\/wp\/v2\/coauthors?post=39282"}],"curies":[{"name":"wp","href":"https:\/\/api.w.org\/{rel}","templated":true}]}}