{"id":39289,"date":"2023-12-23T12:30:00","date_gmt":"2023-12-23T18:30:00","guid":{"rendered":"https:\/\/www.igssgt.org\/noticias\/?p=39289"},"modified":"2023-12-23T15:00:00","modified_gmt":"2023-12-23T21:00:00","slug":"el-seguro-social-emite-alerta-epidemiologica-informativa-por-nueva-variante-del-covid19","status":"publish","type":"post","link":"https:\/\/www.igssgt.org\/noticias\/2023\/12\/23\/el-seguro-social-emite-alerta-epidemiologica-informativa-por-nueva-variante-del-covid19\/","title":{"rendered":"El Seguro Social emite alerta epidemiol\u00f3gica informativa por nueva variante del COVID19"},"content":{"rendered":"\n<p class=\"has-drop-cap\">El Seguro Social emiti\u00f3 una alerta epidemiol\u00f3gica informativa con la finalidad de dar a conocer a todas sus Unidades M\u00e9dicas la identificaci\u00f3n de la nueva Subvariante JN.1 en Guatemala, seg\u00fan lo indicado por la Direcci\u00f3n de Epidemiolog\u00eda y Gesti\u00f3n de Riesgo del Ministerio de Salud P\u00fablica y Asistencia Social.<\/p>\n\n\n\n<p>En el oficio circular enviado a todas las Unidades del Instituto se instruye continuar con la vigilancia epidemiol\u00f3gica, la notificaci\u00f3n de los casos, mantener la comunicaci\u00f3n de riesgos y la vigilancia gen\u00f3mica.<\/p>\n\n\n\n<p><a href=\"\/wp-content\/uploads\/sites\/5\/2023\/12\/nueva-variante-de-covid-19-IGSS-1.jpg\"><img loading=\"lazy\" decoding=\"async\" class=\"aligncenter size-full wp-image-39291\" src=\"\/wp-content\/uploads\/sites\/5\/2023\/12\/nueva-variante-de-covid-19-IGSS-1.jpg\" alt=\"\" width=\"1280\" height=\"918\" srcset=\"\/wp-content\/uploads\/sites\/5\/2023\/12\/nueva-variante-de-covid-19-IGSS-1.jpg 1280w, \/wp-content\/uploads\/sites\/5\/2023\/12\/nueva-variante-de-covid-19-IGSS-1-300x215.jpg 300w, \/wp-content\/uploads\/sites\/5\/2023\/12\/nueva-variante-de-covid-19-IGSS-1-768x551.jpg 768w, \/wp-content\/uploads\/sites\/5\/2023\/12\/nueva-variante-de-covid-19-IGSS-1-1024x734.jpg 1024w, \/wp-content\/uploads\/sites\/5\/2023\/12\/nueva-variante-de-covid-19-IGSS-1-586x420.jpg 586w, \/wp-content\/uploads\/sites\/5\/2023\/12\/nueva-variante-de-covid-19-IGSS-1-696x499.jpg 696w, \/wp-content\/uploads\/sites\/5\/2023\/12\/nueva-variante-de-covid-19-IGSS-1-1068x766.jpg 1068w, \/wp-content\/uploads\/sites\/5\/2023\/12\/nueva-variante-de-covid-19-IGSS-1-534x383.jpg 534w\" sizes=\"auto, (max-width: 1280px) 100vw, 1280px\" \/><\/a><\/p>\n<p>La doctora Beatriz Rivas Salazar, encargada de la vigilancia epidemiol\u00f3gica de COVID-19 en el Seguro Social, inform\u00f3 que la subvariante JN.1 es descendiente de \u00d3micron BA. 2.86 y la principal diferencia es la rapidez en su transmisi\u00f3n. \u201cEs la subvariante del virus de m\u00e1s r\u00e1pido crecimiento\u201d, resalt\u00f3.<\/p>\n<p>Los s\u00edntomas de la nueva subvariante pueden ser ronquera, congesti\u00f3n, dolor de garganta, dolor de cabeza, dolor muscular, estornudos, fiebre, tos y, ocasionalmente, s\u00edntomas gastrointestinales. En los pacientes con comorbilidades en las que su sistema inmunol\u00f3gico est\u00e1 comprometido como, por ejemplo, diabetes, hipertensi\u00f3n arterial, enfermos renales, pacientes con c\u00e1ncer, VIH, etc., los s\u00edntomas pueden complicarse.<\/p>\n<p>La profesional explic\u00f3 que la nueva subvariante est\u00e1 clasificada como una variante de inter\u00e9s y no como una de preocupaci\u00f3n. \u201cAunque se considera que el riesgo adicional para la salud p\u00fablica que plantea la JN.1 es bajo, la evidencia disponible por el momento a\u00fan es limitada\u201d, enfatiz\u00f3.<\/p>\n<p>De acuerdo con la especialista, con la llegada de la temporada fr\u00eda puede existir un aumento de casos de infecciones respiratorias, por lo que la \u00fanica manera de determinar si es COVID-19 es a trav\u00e9s de la sintomatolog\u00eda y realiz\u00e1ndose la prueba. \u201cEl Seguro Social contin\u00faa realizando estas pruebas y cualquier afiliado o derechohabiente puede acudir si tiene sospecha\u201d, indic\u00f3.<\/p>\n<p>Entre otras unidades m\u00e9dicas que realizan la prueba de COVID-19 est\u00e1n: la Unidad Perif\u00e9rica de la zona 5, Unidad Perif\u00e9rica de la zona 11, el Hospital General de Enfermedades Zona 9 y Policovid de la zona 1.<\/p>\n<p><a href=\"\/wp-content\/uploads\/sites\/5\/2023\/12\/nueva-variante-de-covid-19-IGSS-6.jpg\"><img loading=\"lazy\" decoding=\"async\" class=\"aligncenter size-full wp-image-39292\" src=\"\/wp-content\/uploads\/sites\/5\/2023\/12\/nueva-variante-de-covid-19-IGSS-6.jpg\" alt=\"\" width=\"1600\" height=\"1066\" srcset=\"\/wp-content\/uploads\/sites\/5\/2023\/12\/nueva-variante-de-covid-19-IGSS-6.jpg 1600w, \/wp-content\/uploads\/sites\/5\/2023\/12\/nueva-variante-de-covid-19-IGSS-6-300x200.jpg 300w, \/wp-content\/uploads\/sites\/5\/2023\/12\/nueva-variante-de-covid-19-IGSS-6-768x512.jpg 768w, \/wp-content\/uploads\/sites\/5\/2023\/12\/nueva-variante-de-covid-19-IGSS-6-1024x682.jpg 1024w, \/wp-content\/uploads\/sites\/5\/2023\/12\/nueva-variante-de-covid-19-IGSS-6-1536x1023.jpg 1536w, \/wp-content\/uploads\/sites\/5\/2023\/12\/nueva-variante-de-covid-19-IGSS-6-630x420.jpg 630w, \/wp-content\/uploads\/sites\/5\/2023\/12\/nueva-variante-de-covid-19-IGSS-6-696x464.jpg 696w, \/wp-content\/uploads\/sites\/5\/2023\/12\/nueva-variante-de-covid-19-IGSS-6-1068x712.jpg 1068w, \/wp-content\/uploads\/sites\/5\/2023\/12\/nueva-variante-de-covid-19-IGSS-6-534x356.jpg 534w\" sizes=\"auto, (max-width: 1600px) 100vw, 1600px\" \/><\/a><\/p>\n<p>La doctora Rivas hizo un llamado a continuar con las medidas de prevenci\u00f3n para evitar su propagaci\u00f3n:<\/p>\n<ul>\n<li>Abstenerse de participar en actividades sociales si presenta s\u00edntomas respiratorios.<\/li>\n<li>Evitar exponer a poblaci\u00f3n de riesgo: ni\u00f1os menores de 5 a\u00f1os, adultos mayores de 65 y mujeres en per\u00edodo de gestaci\u00f3n.<\/li>\n<li>Realizar la prueba diagn\u00f3stica a personas que presenten s\u00edntomas respiratorios.<\/li>\n<li>Uso de mascarilla en espacios concurridos, cerrados o con ventilaci\u00f3n inadecuada.<\/li>\n<li>Mantener el distanciamiento de por lo menos 1.5 metros.<\/li>\n<li>Cubrir la nariz y la boca al toser y estornudar.<br \/>Continuar con el correcto y frecuente lavado de manos con agua y jab\u00f3n o el uso de alcohol en gel al 70 por ciento.<\/li>\n<li>Vacunarse contra la influenza y COVID-19.<br \/>Consultar oportunamente a los servicios de salud si presenta complicaciones respiratorias.<\/li>\n<\/ul>\n\r\n                <style type=\"text\/css\">\r\n                    \r\n                    #tdi_1  .td-doubleSlider-2 .td-item1 {\r\n                        background: url(\/wp-content\/uploads\/sites\/5\/2023\/12\/nueva-variante-de-covid-19-IGSS-3-80x60.jpg) 0 0 no-repeat;\r\n                    }\r\n                    #tdi_1  .td-doubleSlider-2 .td-item2 {\r\n                        background: url(\/wp-content\/uploads\/sites\/5\/2023\/12\/nueva-variante-de-covid-19-IGSS-2-80x60.jpg) 0 0 no-repeat;\r\n                    }\r\n                    #tdi_1  .td-doubleSlider-2 .td-item3 {\r\n                        background: url(\/wp-content\/uploads\/sites\/5\/2023\/12\/nueva-variante-de-covid-19-IGSS-5-80x60.jpg) 0 0 no-repeat;\r\n                    }\r\n                    #tdi_1  .td-doubleSlider-2 .td-item4 {\r\n                        background: url(\/wp-content\/uploads\/sites\/5\/2023\/12\/nueva-variante-de-covid-19-IGSS-6-80x60.jpg) 0 0 no-repeat;\r\n                    }\r\n                    #tdi_1  .td-doubleSlider-2 .td-item5 {\r\n                        background: url(\/wp-content\/uploads\/sites\/5\/2023\/12\/nueva-variante-de-covid-19-IGSS-1-80x60.jpg) 0 0 no-repeat;\r\n                    }\r\n                    #tdi_1  .td-doubleSlider-2 .td-item6 {\r\n                        background: url(\/wp-content\/uploads\/sites\/5\/2023\/12\/nueva-variante-de-covid-19-IGSS-4-80x60.jpg) 0 0 no-repeat;\r\n                    }\r\n                <\/style>\r\n\r\n                <div id=\"tdi_1\" class=\"td-gallery td-slide-on-2-columns\">\r\n                    <div class=\"post_td_gallery\">\r\n                        <div class=\"td-gallery-slide-top\">\r\n                           <div class=\"td-gallery-title\">GALERIA<\/div>\r\n\r\n                            <div class=\"td-gallery-controls-wrapper\">\r\n                                <div class=\"td-gallery-slide-count\"><span class=\"td-gallery-slide-item-focus\">1<\/span> de 6<\/div>\r\n                                <div class=\"td-gallery-slide-prev-next-but\">\r\n                                    <i class = \"td-icon-left doubleSliderPrevButton\"><\/i>\r\n                                    <i class = \"td-icon-right doubleSliderNextButton\"><\/i>\r\n                                <\/div>\r\n                            <\/div>\r\n                        <\/div>\r\n\r\n                        <div class = \"td-doubleSlider-1 \">\r\n                            <div class = \"td-slider\">\r\n                                \r\n                    <div class = \"td-slide-item td-item1\">\r\n                        <figure class=\"td-slide-galery-figure td-slide-popup-gallery\">\r\n                            <a class=\"slide-gallery-image-link\" href=\"\/wp-content\/uploads\/sites\/5\/2023\/12\/nueva-variante-de-covid-19-IGSS-3.jpg\" title=\"nueva variante de covid-19 IGSS (3)\"  data-caption=\"\"  data-description=\"\">\r\n                                <img decoding=\"async\" src=\"\/wp-content\/uploads\/sites\/5\/2023\/12\/nueva-variante-de-covid-19-IGSS-3-560x420.jpg\" srcset=\"\/wp-content\/uploads\/sites\/5\/2023\/12\/nueva-variante-de-covid-19-IGSS-3-560x420.jpg 560w, \/wp-content\/uploads\/sites\/5\/2023\/12\/nueva-variante-de-covid-19-IGSS-3-300x225.jpg 300w, \/wp-content\/uploads\/sites\/5\/2023\/12\/nueva-variante-de-covid-19-IGSS-3-768x576.jpg 768w, \/wp-content\/uploads\/sites\/5\/2023\/12\/nueva-variante-de-covid-19-IGSS-3-1024x768.jpg 1024w, \/wp-content\/uploads\/sites\/5\/2023\/12\/nueva-variante-de-covid-19-IGSS-3-1536x1152.jpg 1536w, \/wp-content\/uploads\/sites\/5\/2023\/12\/nueva-variante-de-covid-19-IGSS-3-80x60.jpg 80w, \/wp-content\/uploads\/sites\/5\/2023\/12\/nueva-variante-de-covid-19-IGSS-3-696x522.jpg 696w, \/wp-content\/uploads\/sites\/5\/2023\/12\/nueva-variante-de-covid-19-IGSS-3-1068x801.jpg 1068w, \/wp-content\/uploads\/sites\/5\/2023\/12\/nueva-variante-de-covid-19-IGSS-3-265x198.jpg 265w, \/wp-content\/uploads\/sites\/5\/2023\/12\/nueva-variante-de-covid-19-IGSS-3-534x401.jpg 534w, \/wp-content\/uploads\/sites\/5\/2023\/12\/nueva-variante-de-covid-19-IGSS-3.jpg 1600w\" sizes=\"(max-width: 560px) 100vw, 560px\" alt=\"\">\r\n                            <\/a>\r\n                            \r\n                        <\/figure>\r\n                    <\/div>\r\n                    <div class = \"td-slide-item td-item2\">\r\n                        <figure class=\"td-slide-galery-figure td-slide-popup-gallery\">\r\n                            <a class=\"slide-gallery-image-link\" href=\"\/wp-content\/uploads\/sites\/5\/2023\/12\/nueva-variante-de-covid-19-IGSS-2.jpg\" title=\"nueva variante de covid-19 IGSS (2)\"  data-caption=\"\"  data-description=\"\">\r\n                                <img decoding=\"async\" src=\"\/wp-content\/uploads\/sites\/5\/2023\/12\/nueva-variante-de-covid-19-IGSS-2-630x420.jpg\" srcset=\"\/wp-content\/uploads\/sites\/5\/2023\/12\/nueva-variante-de-covid-19-IGSS-2-630x420.jpg 630w, \/wp-content\/uploads\/sites\/5\/2023\/12\/nueva-variante-de-covid-19-IGSS-2-300x200.jpg 300w, \/wp-content\/uploads\/sites\/5\/2023\/12\/nueva-variante-de-covid-19-IGSS-2-768x512.jpg 768w, \/wp-content\/uploads\/sites\/5\/2023\/12\/nueva-variante-de-covid-19-IGSS-2-1024x682.jpg 1024w, \/wp-content\/uploads\/sites\/5\/2023\/12\/nueva-variante-de-covid-19-IGSS-2-696x464.jpg 696w, \/wp-content\/uploads\/sites\/5\/2023\/12\/nueva-variante-de-covid-19-IGSS-2-1068x712.jpg 1068w, \/wp-content\/uploads\/sites\/5\/2023\/12\/nueva-variante-de-covid-19-IGSS-2-534x356.jpg 534w, \/wp-content\/uploads\/sites\/5\/2023\/12\/nueva-variante-de-covid-19-IGSS-2.jpg 1280w\" sizes=\"(max-width: 630px) 100vw, 630px\" alt=\"\">\r\n                            <\/a>\r\n                            \r\n                        <\/figure>\r\n                    <\/div>\r\n                    <div class = \"td-slide-item td-item3\">\r\n                        <figure class=\"td-slide-galery-figure td-slide-popup-gallery\">\r\n                            <a class=\"slide-gallery-image-link\" href=\"\/wp-content\/uploads\/sites\/5\/2023\/12\/nueva-variante-de-covid-19-IGSS-5.jpg\" title=\"nueva variante de covid-19 IGSS (5)\"  data-caption=\"\"  data-description=\"\">\r\n                                <img decoding=\"async\" src=\"\/wp-content\/uploads\/sites\/5\/2023\/12\/nueva-variante-de-covid-19-IGSS-5-630x420.jpg\" srcset=\"\/wp-content\/uploads\/sites\/5\/2023\/12\/nueva-variante-de-covid-19-IGSS-5-630x420.jpg 630w, \/wp-content\/uploads\/sites\/5\/2023\/12\/nueva-variante-de-covid-19-IGSS-5-300x200.jpg 300w, \/wp-content\/uploads\/sites\/5\/2023\/12\/nueva-variante-de-covid-19-IGSS-5-768x512.jpg 768w, \/wp-content\/uploads\/sites\/5\/2023\/12\/nueva-variante-de-covid-19-IGSS-5-1024x682.jpg 1024w, \/wp-content\/uploads\/sites\/5\/2023\/12\/nueva-variante-de-covid-19-IGSS-5-696x464.jpg 696w, \/wp-content\/uploads\/sites\/5\/2023\/12\/nueva-variante-de-covid-19-IGSS-5-1068x712.jpg 1068w, \/wp-content\/uploads\/sites\/5\/2023\/12\/nueva-variante-de-covid-19-IGSS-5-534x356.jpg 534w, \/wp-content\/uploads\/sites\/5\/2023\/12\/nueva-variante-de-covid-19-IGSS-5.jpg 1280w\" sizes=\"(max-width: 630px) 100vw, 630px\" alt=\"\">\r\n                            <\/a>\r\n                            \r\n                        <\/figure>\r\n                    <\/div>\r\n                    <div class = \"td-slide-item td-item4\">\r\n                        <figure class=\"td-slide-galery-figure td-slide-popup-gallery\">\r\n                            <a class=\"slide-gallery-image-link\" href=\"\/wp-content\/uploads\/sites\/5\/2023\/12\/nueva-variante-de-covid-19-IGSS-6.jpg\" title=\"nueva variante de covid-19 IGSS (6)\"  data-caption=\"\"  data-description=\"\">\r\n                                <img decoding=\"async\" src=\"\/wp-content\/uploads\/sites\/5\/2023\/12\/nueva-variante-de-covid-19-IGSS-6-630x420.jpg\" srcset=\"\/wp-content\/uploads\/sites\/5\/2023\/12\/nueva-variante-de-covid-19-IGSS-6-630x420.jpg 630w, \/wp-content\/uploads\/sites\/5\/2023\/12\/nueva-variante-de-covid-19-IGSS-6-300x200.jpg 300w, \/wp-content\/uploads\/sites\/5\/2023\/12\/nueva-variante-de-covid-19-IGSS-6-768x512.jpg 768w, \/wp-content\/uploads\/sites\/5\/2023\/12\/nueva-variante-de-covid-19-IGSS-6-1024x682.jpg 1024w, \/wp-content\/uploads\/sites\/5\/2023\/12\/nueva-variante-de-covid-19-IGSS-6-1536x1023.jpg 1536w, \/wp-content\/uploads\/sites\/5\/2023\/12\/nueva-variante-de-covid-19-IGSS-6-696x464.jpg 696w, \/wp-content\/uploads\/sites\/5\/2023\/12\/nueva-variante-de-covid-19-IGSS-6-1068x712.jpg 1068w, \/wp-content\/uploads\/sites\/5\/2023\/12\/nueva-variante-de-covid-19-IGSS-6-534x356.jpg 534w, \/wp-content\/uploads\/sites\/5\/2023\/12\/nueva-variante-de-covid-19-IGSS-6.jpg 1600w\" sizes=\"(max-width: 630px) 100vw, 630px\" alt=\"\">\r\n                            <\/a>\r\n                            \r\n                        <\/figure>\r\n                    <\/div>\r\n                    <div class = \"td-slide-item td-item5\">\r\n                        <figure class=\"td-slide-galery-figure td-slide-popup-gallery\">\r\n                            <a class=\"slide-gallery-image-link\" href=\"\/wp-content\/uploads\/sites\/5\/2023\/12\/nueva-variante-de-covid-19-IGSS-1.jpg\" title=\"nueva variante de covid-19 IGSS (1)\"  data-caption=\"\"  data-description=\"\">\r\n                                <img decoding=\"async\" src=\"\/wp-content\/uploads\/sites\/5\/2023\/12\/nueva-variante-de-covid-19-IGSS-1-586x420.jpg\" srcset=\"\/wp-content\/uploads\/sites\/5\/2023\/12\/nueva-variante-de-covid-19-IGSS-1-586x420.jpg 586w, \/wp-content\/uploads\/sites\/5\/2023\/12\/nueva-variante-de-covid-19-IGSS-1-300x215.jpg 300w, \/wp-content\/uploads\/sites\/5\/2023\/12\/nueva-variante-de-covid-19-IGSS-1-768x551.jpg 768w, \/wp-content\/uploads\/sites\/5\/2023\/12\/nueva-variante-de-covid-19-IGSS-1-1024x734.jpg 1024w, \/wp-content\/uploads\/sites\/5\/2023\/12\/nueva-variante-de-covid-19-IGSS-1-696x499.jpg 696w, \/wp-content\/uploads\/sites\/5\/2023\/12\/nueva-variante-de-covid-19-IGSS-1-1068x766.jpg 1068w, \/wp-content\/uploads\/sites\/5\/2023\/12\/nueva-variante-de-covid-19-IGSS-1-534x383.jpg 534w, \/wp-content\/uploads\/sites\/5\/2023\/12\/nueva-variante-de-covid-19-IGSS-1.jpg 1280w\" sizes=\"(max-width: 586px) 100vw, 586px\" alt=\"\">\r\n                            <\/a>\r\n                            \r\n                        <\/figure>\r\n                    <\/div>\r\n                    <div class = \"td-slide-item td-item6\">\r\n                        <figure class=\"td-slide-galery-figure td-slide-popup-gallery\">\r\n                            <a class=\"slide-gallery-image-link\" href=\"\/wp-content\/uploads\/sites\/5\/2023\/12\/nueva-variante-de-covid-19-IGSS-4.jpg\" title=\"nueva variante de covid-19 IGSS (4)\"  data-caption=\"\"  data-description=\"\">\r\n                                <img decoding=\"async\" src=\"\/wp-content\/uploads\/sites\/5\/2023\/12\/nueva-variante-de-covid-19-IGSS-4-560x420.jpg\" srcset=\"\/wp-content\/uploads\/sites\/5\/2023\/12\/nueva-variante-de-covid-19-IGSS-4-560x420.jpg 560w, \/wp-content\/uploads\/sites\/5\/2023\/12\/nueva-variante-de-covid-19-IGSS-4-300x225.jpg 300w, \/wp-content\/uploads\/sites\/5\/2023\/12\/nueva-variante-de-covid-19-IGSS-4-768x576.jpg 768w, \/wp-content\/uploads\/sites\/5\/2023\/12\/nueva-variante-de-covid-19-IGSS-4-1024x768.jpg 1024w, \/wp-content\/uploads\/sites\/5\/2023\/12\/nueva-variante-de-covid-19-IGSS-4-1536x1152.jpg 1536w, \/wp-content\/uploads\/sites\/5\/2023\/12\/nueva-variante-de-covid-19-IGSS-4-80x60.jpg 80w, \/wp-content\/uploads\/sites\/5\/2023\/12\/nueva-variante-de-covid-19-IGSS-4-696x522.jpg 696w, \/wp-content\/uploads\/sites\/5\/2023\/12\/nueva-variante-de-covid-19-IGSS-4-1068x801.jpg 1068w, \/wp-content\/uploads\/sites\/5\/2023\/12\/nueva-variante-de-covid-19-IGSS-4-265x198.jpg 265w, \/wp-content\/uploads\/sites\/5\/2023\/12\/nueva-variante-de-covid-19-IGSS-4-534x401.jpg 534w, \/wp-content\/uploads\/sites\/5\/2023\/12\/nueva-variante-de-covid-19-IGSS-4.jpg 1600w\" sizes=\"(max-width: 560px) 100vw, 560px\" alt=\"\">\r\n                            <\/a>\r\n                            \r\n                        <\/figure>\r\n                    <\/div>\r\n                            <\/div>\r\n                        <\/div>\r\n\r\n                        <div class = \"td-doubleSlider-2\">\r\n                            <div class = \"td-slider\">\r\n                                \r\n                    <div class = \"td-button td-item1\">\r\n                        <div class = \"td-border\"><\/div>\r\n                    <\/div>\r\n                    <div class = \"td-button td-item2\">\r\n                        <div class = \"td-border\"><\/div>\r\n                    <\/div>\r\n                    <div class = \"td-button td-item3\">\r\n                        <div class = \"td-border\"><\/div>\r\n                    <\/div>\r\n                    <div class = \"td-button td-item4\">\r\n                        <div class = \"td-border\"><\/div>\r\n                    <\/div>\r\n                    <div class = \"td-button td-item5\">\r\n                        <div class = \"td-border\"><\/div>\r\n                    <\/div>\r\n                    <div class = \"td-button td-item6\">\r\n                        <div class = \"td-border\"><\/div>\r\n                    <\/div>\r\n                            <\/div>\r\n                        <\/div>\r\n\r\n                    <\/div>\r\n\r\n                <\/div>\r\n                \n","protected":false},"excerpt":{"rendered":"<p>El Seguro Social emiti\u00f3 una alerta epidemiol\u00f3gica informativa con la finalidad de dar a conocer a todas sus Unidades M\u00e9dicas la identificaci\u00f3n de la nueva Subvariante JN.1 en Guatemala, seg\u00fan lo indicado por la Direcci\u00f3n de Epidemiolog\u00eda y Gesti\u00f3n de Riesgo del Ministerio de Salud P\u00fablica y Asistencia Social. En el oficio circular enviado a [&hellip;]<\/p>\n","protected":false},"author":4,"featured_media":39290,"comment_status":"closed","ping_status":"closed","sticky":false,"template":"","format":"standard","meta":{"footnotes":""},"categories":[3,5,1170],"tags":[1155],"coauthors":[],"class_list":{"0":"post-39289","1":"post","2":"type-post","3":"status-publish","4":"format-standard","5":"has-post-thumbnail","7":"category-actualidad","8":"category-alerta-epidemiologica","9":"category-covid-19","10":"tag-covid-19"},"_links":{"self":[{"href":"https:\/\/www.igssgt.org\/noticias\/wp-json\/wp\/v2\/posts\/39289","targetHints":{"allow":["GET"]}}],"collection":[{"href":"https:\/\/www.igssgt.org\/noticias\/wp-json\/wp\/v2\/posts"}],"about":[{"href":"https:\/\/www.igssgt.org\/noticias\/wp-json\/wp\/v2\/types\/post"}],"author":[{"embeddable":true,"href":"https:\/\/www.igssgt.org\/noticias\/wp-json\/wp\/v2\/users\/4"}],"replies":[{"embeddable":true,"href":"https:\/\/www.igssgt.org\/noticias\/wp-json\/wp\/v2\/comments?post=39289"}],"version-history":[{"count":1,"href":"https:\/\/www.igssgt.org\/noticias\/wp-json\/wp\/v2\/posts\/39289\/revisions"}],"predecessor-version":[{"id":39296,"href":"https:\/\/www.igssgt.org\/noticias\/wp-json\/wp\/v2\/posts\/39289\/revisions\/39296"}],"wp:featuredmedia":[{"embeddable":true,"href":"https:\/\/www.igssgt.org\/noticias\/wp-json\/wp\/v2\/media\/39290"}],"wp:attachment":[{"href":"https:\/\/www.igssgt.org\/noticias\/wp-json\/wp\/v2\/media?parent=39289"}],"wp:term":[{"taxonomy":"category","embeddable":true,"href":"https:\/\/www.igssgt.org\/noticias\/wp-json\/wp\/v2\/categories?post=39289"},{"taxonomy":"post_tag","embeddable":true,"href":"https:\/\/www.igssgt.org\/noticias\/wp-json\/wp\/v2\/tags?post=39289"},{"taxonomy":"author","embeddable":true,"href":"https:\/\/www.igssgt.org\/noticias\/wp-json\/wp\/v2\/coauthors?post=39289"}],"curies":[{"name":"wp","href":"https:\/\/api.w.org\/{rel}","templated":true}]}}