{"id":39314,"date":"2023-12-28T08:37:52","date_gmt":"2023-12-28T14:37:52","guid":{"rendered":"https:\/\/www.igssgt.org\/noticias\/?p=39314"},"modified":"2023-12-28T08:37:53","modified_gmt":"2023-12-28T14:37:53","slug":"en-su-dia-los-salvavidas-del-seguro-social-reiteran-la-vocacion-de-servicio","status":"publish","type":"post","link":"https:\/\/www.igssgt.org\/noticias\/2023\/12\/28\/en-su-dia-los-salvavidas-del-seguro-social-reiteran-la-vocacion-de-servicio\/","title":{"rendered":"En su d\u00eda, los salvavidas del Seguro Social reiteran la vocaci\u00f3n de servicio"},"content":{"rendered":"\n<p class=\"has-drop-cap\">Cada 28 de diciembre el Instituto conmemora el D\u00eda del Salvavidas para honrar su valiosa labor en la seguridad y prevenci\u00f3n de accidentes durante las actividades recreativas de afiliados y no afiliados.<\/p>\n\n\n<p>El Cuerpo de Salvamento del Instituto Guatemalteco de Seguridad Social comenz\u00f3 funciones en la Semana Santa de 1950, espec\u00edficamente el 19 de marzo, en la playa del puerto San Jos\u00e9, Escuintla.<\/p>\n<p><a href=\"\/wp-content\/uploads\/sites\/5\/2023\/12\/salvavidas-2.jpeg\" target=\"_blank\" rel=\"noopener\"><img loading=\"lazy\" decoding=\"async\" class=\"alignnone wp-image-39318\" src=\"\/wp-content\/uploads\/sites\/5\/2023\/12\/salvavidas-2.jpeg\" alt=\"\" width=\"900\" height=\"498\" srcset=\"\/wp-content\/uploads\/sites\/5\/2023\/12\/salvavidas-2.jpeg 557w, \/wp-content\/uploads\/sites\/5\/2023\/12\/salvavidas-2-300x166.jpeg 300w, \/wp-content\/uploads\/sites\/5\/2023\/12\/salvavidas-2-534x295.jpeg 534w\" sizes=\"auto, (max-width: 900px) 100vw, 900px\" \/><\/a><br \/><br \/>En un principio estuvo integrado por 11 elementos, encabezados por los hermanos Alfonso, Gustavo y Juan Cruz Mu\u00f1oz, este \u00faltimo medallista en nataci\u00f3n en los VI Juegos Deportivos Centroamericanos y del Caribe, celebrados en febrero de ese a\u00f1o en tierras guatemaltecas.<br \/><br \/>Tambi\u00e9n formaron parte de este grupo Cristian Ch\u00e1vez y Boanerges Mart\u00ednez, seleccionados nacionales de polo acu\u00e1tico. El primer jefe fue Alfonso Cruz, quien estuvo en el cargo de 1950 a 1983.<br \/><br \/><a href=\"\/wp-content\/uploads\/sites\/5\/2023\/12\/salvavidas-3.jpeg\" target=\"_blank\" rel=\"noopener\"><img loading=\"lazy\" decoding=\"async\" class=\"alignright wp-image-39319\" src=\"\/wp-content\/uploads\/sites\/5\/2023\/12\/salvavidas-3.jpeg\" alt=\"\" width=\"340\" height=\"432\" srcset=\"\/wp-content\/uploads\/sites\/5\/2023\/12\/salvavidas-3.jpeg 1060w, \/wp-content\/uploads\/sites\/5\/2023\/12\/salvavidas-3-236x300.jpeg 236w, \/wp-content\/uploads\/sites\/5\/2023\/12\/salvavidas-3-768x975.jpeg 768w, \/wp-content\/uploads\/sites\/5\/2023\/12\/salvavidas-3-806x1024.jpeg 806w, \/wp-content\/uploads\/sites\/5\/2023\/12\/salvavidas-3-331x420.jpeg 331w, \/wp-content\/uploads\/sites\/5\/2023\/12\/salvavidas-3-696x884.jpeg 696w, \/wp-content\/uploads\/sites\/5\/2023\/12\/salvavidas-3-364x462.jpeg 364w\" sizes=\"auto, (max-width: 340px) 100vw, 340px\" \/><\/a>Gracias a su visi\u00f3n e iniciativa, y el apoyo de los doctores Gustavo Cordero y Carlos Garc\u00eda Salas, jefes de la Secci\u00f3n de Seguridad e Higiene y Prevenci\u00f3n de Accidentes en aquella \u00e9poca, el Seguro Social ampli\u00f3 sus puntos de cobertura a las principales playas y centros vacacionales del pa\u00eds a partir de 1955.<br \/><br \/>Sin embargo, no fue sino hasta los a\u00f1os setenta cuando el incremento poblacional y la popularizaci\u00f3n de los centros acu\u00e1ticos y de veraneo hicieron necesario que el Instituto integrara a m\u00e1s salvavidas, hoy ascienden a 55.<br \/><br \/>Al respecto, el licenciado \u00c1lvaro Barillas, al mando del Cuerpo de Salvamento, manifest\u00f3 su orgullo por pertenecer a la instituci\u00f3n y ayudar a que las actividades recreativas de los guatemaltecos se desarrollen en un ambiente seguro.<br \/><br \/><strong>\u201cSalvar una vida es algo muy especial. Le env\u00edo un saludo a mis compa\u00f1eros, no pensemos que estamos trabajando, sino haciendo una obra social\u201d<\/strong>, comparti\u00f3.<\/p>\n<p><a href=\"\/wp-content\/uploads\/sites\/5\/2023\/12\/salvavidas-1.jpeg\" target=\"_blank\" rel=\"noopener\"><img loading=\"lazy\" decoding=\"async\" class=\"alignnone wp-image-39317\" src=\"\/wp-content\/uploads\/sites\/5\/2023\/12\/salvavidas-1.jpeg\" alt=\"\" width=\"900\" height=\"606\" srcset=\"\/wp-content\/uploads\/sites\/5\/2023\/12\/salvavidas-1.jpeg 706w, \/wp-content\/uploads\/sites\/5\/2023\/12\/salvavidas-1-300x202.jpeg 300w, \/wp-content\/uploads\/sites\/5\/2023\/12\/salvavidas-1-624x420.jpeg 624w, \/wp-content\/uploads\/sites\/5\/2023\/12\/salvavidas-1-696x468.jpeg 696w, \/wp-content\/uploads\/sites\/5\/2023\/12\/salvavidas-1-534x359.jpeg 534w\" sizes=\"auto, (max-width: 900px) 100vw, 900px\" \/><\/a><\/p>","protected":false},"excerpt":{"rendered":"<p>Cada 28 de diciembre el Instituto conmemora el D\u00eda del Salvavidas para honrar su valiosa labor en la seguridad y prevenci\u00f3n de accidentes durante las actividades recreativas de afiliados y no afiliados. El Cuerpo de Salvamento del Instituto Guatemalteco de Seguridad Social comenz\u00f3 funciones en la Semana Santa de 1950, espec\u00edficamente el 19 de marzo, [&hellip;]<\/p>\n","protected":false},"author":1961,"featured_media":39316,"comment_status":"closed","ping_status":"closed","sticky":false,"template":"","format":"standard","meta":{"footnotes":""},"categories":[3],"tags":[216,770],"coauthors":[],"class_list":{"0":"post-39314","1":"post","2":"type-post","3":"status-publish","4":"format-standard","5":"has-post-thumbnail","7":"category-actualidad","8":"tag-cuerpo-de-salvamento-del-igss","9":"tag-salvavidas-igss"},"_links":{"self":[{"href":"https:\/\/www.igssgt.org\/noticias\/wp-json\/wp\/v2\/posts\/39314","targetHints":{"allow":["GET"]}}],"collection":[{"href":"https:\/\/www.igssgt.org\/noticias\/wp-json\/wp\/v2\/posts"}],"about":[{"href":"https:\/\/www.igssgt.org\/noticias\/wp-json\/wp\/v2\/types\/post"}],"author":[{"embeddable":true,"href":"https:\/\/www.igssgt.org\/noticias\/wp-json\/wp\/v2\/users\/1961"}],"replies":[{"embeddable":true,"href":"https:\/\/www.igssgt.org\/noticias\/wp-json\/wp\/v2\/comments?post=39314"}],"version-history":[{"count":5,"href":"https:\/\/www.igssgt.org\/noticias\/wp-json\/wp\/v2\/posts\/39314\/revisions"}],"predecessor-version":[{"id":39323,"href":"https:\/\/www.igssgt.org\/noticias\/wp-json\/wp\/v2\/posts\/39314\/revisions\/39323"}],"wp:featuredmedia":[{"embeddable":true,"href":"https:\/\/www.igssgt.org\/noticias\/wp-json\/wp\/v2\/media\/39316"}],"wp:attachment":[{"href":"https:\/\/www.igssgt.org\/noticias\/wp-json\/wp\/v2\/media?parent=39314"}],"wp:term":[{"taxonomy":"category","embeddable":true,"href":"https:\/\/www.igssgt.org\/noticias\/wp-json\/wp\/v2\/categories?post=39314"},{"taxonomy":"post_tag","embeddable":true,"href":"https:\/\/www.igssgt.org\/noticias\/wp-json\/wp\/v2\/tags?post=39314"},{"taxonomy":"author","embeddable":true,"href":"https:\/\/www.igssgt.org\/noticias\/wp-json\/wp\/v2\/coauthors?post=39314"}],"curies":[{"name":"wp","href":"https:\/\/api.w.org\/{rel}","templated":true}]}}