{"id":39450,"date":"2024-01-05T13:31:13","date_gmt":"2024-01-05T19:31:13","guid":{"rendered":"https:\/\/www.igssgt.org\/noticias\/?p=39450"},"modified":"2024-01-05T13:38:36","modified_gmt":"2024-01-05T19:38:36","slug":"el-seguro-social-se-lleno-de-vida-desde-las-primeras-horas-de-2024-gracias-a-la-visita-de-la-ciguena","status":"publish","type":"post","link":"https:\/\/www.igssgt.org\/noticias\/2024\/01\/05\/el-seguro-social-se-lleno-de-vida-desde-las-primeras-horas-de-2024-gracias-a-la-visita-de-la-ciguena\/","title":{"rendered":"El Seguro Social se llen\u00f3 de vida desde las primeras horas de 2024 gracias a la visita de la cig\u00fce\u00f1a"},"content":{"rendered":"\n<p class=\"has-drop-cap\">Carlos Daniel Surec Argueta inund\u00f3 de alegr\u00eda y esperanza el \u00c1rea de Maternidad del Hospital de Escuintla. Despu\u00e9s de cinco horas de un alumbramiento sin complicaciones, naci\u00f3 mediante parto natural el 1 de enero a las 12.40 a. m.<\/p>\n\n\n<p>Esto lo convirti\u00f3 en el primer beb\u00e9 del a\u00f1o 2024 nacido en el Seguro Social a nivel nacional. Su madre, Am\u00e9rica Yolanda Argueta Chonay de Surec, de 26 a\u00f1os, coment\u00f3 que el ni\u00f1o pes\u00f3 siete libras con tres onzas.<\/p>\n<p><strong>\u201cAgradezco a todo el personal del IGSS Escuintla por la atenci\u00f3n y por el presente que recibimos y la bendici\u00f3n de mi beb\u00e9\u201d<\/strong>, expres\u00f3 Argueta, originaria de Santa Luc\u00eda Cotzumalguapa.<\/p>\n<figure id=\"attachment_39459\" aria-describedby=\"caption-attachment-39459\" style=\"width: 1394px\" class=\"wp-caption alignnone\"><a href=\"\/wp-content\/uploads\/sites\/5\/2024\/01\/B2.jpeg\" target=\"_blank\" rel=\"noopener\"><img loading=\"lazy\" decoding=\"async\" class=\"wp-image-39459 size-full\" src=\"\/wp-content\/uploads\/sites\/5\/2024\/01\/B2.jpeg\" alt=\"\" width=\"1394\" height=\"1099\" srcset=\"\/wp-content\/uploads\/sites\/5\/2024\/01\/B2.jpeg 1394w, \/wp-content\/uploads\/sites\/5\/2024\/01\/B2-300x237.jpeg 300w, \/wp-content\/uploads\/sites\/5\/2024\/01\/B2-768x605.jpeg 768w, \/wp-content\/uploads\/sites\/5\/2024\/01\/B2-1024x807.jpeg 1024w, \/wp-content\/uploads\/sites\/5\/2024\/01\/B2-533x420.jpeg 533w, \/wp-content\/uploads\/sites\/5\/2024\/01\/B2-696x549.jpeg 696w, \/wp-content\/uploads\/sites\/5\/2024\/01\/B2-1068x842.jpeg 1068w, \/wp-content\/uploads\/sites\/5\/2024\/01\/B2-534x421.jpeg 534w\" sizes=\"auto, (max-width: 1394px) 100vw, 1394px\" \/><\/a><figcaption id=\"caption-attachment-39459\" class=\"wp-caption-text\">En una muestra de amor y generosidad, el personal del Instituto comparti\u00f3 regalos a las mam\u00e1s para los cuidados de los beb\u00e9s.<\/figcaption><\/figure>\n<h3><strong>La cig\u00fce\u00f1a en otras unidades <\/strong><\/h3>\n<p>Mientras tanto, el Hospital de Quetzaltenango se preparaba para dar la bienvenida al reto\u00f1o de Mar\u00eda Linda Azucena Ixquiac, quien poco m\u00e1s de dos horas despu\u00e9s de la venida de Carlos Daniel dio a luz a un ni\u00f1o a las 2.43 a. m.<\/p>\n<p>Esa misma madrugada, a las 4.15, naci\u00f3 el beb\u00e9 de Lourdes Adaly Ramos, residente en R\u00edo de Agua Viva, Cocales, Patulul, Suchitep\u00e9quez. El ni\u00f1o, que pes\u00f3 nueve libras, llen\u00f3 de gozo el Hospital de Mazatenango.<\/p>\n<figure id=\"attachment_39460\" aria-describedby=\"caption-attachment-39460\" style=\"width: 1152px\" class=\"wp-caption alignnone\"><a href=\"\/wp-content\/uploads\/sites\/5\/2024\/01\/B3.jpeg\" target=\"_blank\" rel=\"noopener\"><img loading=\"lazy\" decoding=\"async\" class=\"wp-image-39460 size-full\" src=\"\/wp-content\/uploads\/sites\/5\/2024\/01\/B3.jpeg\" alt=\"\" width=\"1152\" height=\"726\" srcset=\"\/wp-content\/uploads\/sites\/5\/2024\/01\/B3.jpeg 1152w, \/wp-content\/uploads\/sites\/5\/2024\/01\/B3-300x189.jpeg 300w, \/wp-content\/uploads\/sites\/5\/2024\/01\/B3-768x484.jpeg 768w, \/wp-content\/uploads\/sites\/5\/2024\/01\/B3-1024x645.jpeg 1024w, \/wp-content\/uploads\/sites\/5\/2024\/01\/B3-666x420.jpeg 666w, \/wp-content\/uploads\/sites\/5\/2024\/01\/B3-696x439.jpeg 696w, \/wp-content\/uploads\/sites\/5\/2024\/01\/B3-1068x673.jpeg 1068w, \/wp-content\/uploads\/sites\/5\/2024\/01\/B3-534x337.jpeg 534w\" sizes=\"auto, (max-width: 1152px) 100vw, 1152px\" \/><\/a><figcaption id=\"caption-attachment-39460\" class=\"wp-caption-text\">El beb\u00e9 de Lourdes Adaly Ramos fue el ni\u00f1o que mayor peso tuvo de los cinco primeros infantes del a\u00f1o.<\/figcaption><\/figure>\n<p>Cincuenta y seis minutos m\u00e1s tarde, a las 5.11 a. m., el personal del Hospital de Gineco Obstetricia fue testigo del cuarto nacimiento. La afortunada madre, Ligia Margarita Mart\u00ednez, tuvo un beb\u00e9 de siete libras con tres onzas.<\/p>\n<p>Por \u00faltimo, a las 9.15 a.m. del 1 de enero, el Hospital de Escuintla fue de nuevo escenario al recibir al quinto beb\u00e9 del 2024. La afiliada Karina Garc\u00eda D\u00e1vila, proveniente de Pal\u00edn, tuvo por medio de ces\u00e1rea a la preciosa ni\u00f1a Mariana Bel\u00e9n, cuyo peso reportado fue de siete libras con 12 onzas.<\/p>\n<figure id=\"attachment_39461\" aria-describedby=\"caption-attachment-39461\" style=\"width: 1581px\" class=\"wp-caption alignnone\"><a href=\"\/wp-content\/uploads\/sites\/5\/2024\/01\/B4.jpeg\" target=\"_blank\" rel=\"noopener\"><img loading=\"lazy\" decoding=\"async\" class=\"wp-image-39461 size-full\" src=\"\/wp-content\/uploads\/sites\/5\/2024\/01\/B4.jpeg\" alt=\"\" width=\"1581\" height=\"1110\" srcset=\"\/wp-content\/uploads\/sites\/5\/2024\/01\/B4.jpeg 1581w, \/wp-content\/uploads\/sites\/5\/2024\/01\/B4-300x211.jpeg 300w, \/wp-content\/uploads\/sites\/5\/2024\/01\/B4-768x539.jpeg 768w, \/wp-content\/uploads\/sites\/5\/2024\/01\/B4-1024x719.jpeg 1024w, \/wp-content\/uploads\/sites\/5\/2024\/01\/B4-1536x1078.jpeg 1536w, \/wp-content\/uploads\/sites\/5\/2024\/01\/B4-598x420.jpeg 598w, \/wp-content\/uploads\/sites\/5\/2024\/01\/B4-696x489.jpeg 696w, \/wp-content\/uploads\/sites\/5\/2024\/01\/B4-1068x750.jpeg 1068w, \/wp-content\/uploads\/sites\/5\/2024\/01\/B4-100x70.jpeg 100w, \/wp-content\/uploads\/sites\/5\/2024\/01\/B4-534x375.jpeg 534w\" sizes=\"auto, (max-width: 1581px) 100vw, 1581px\" \/><\/a><figcaption id=\"caption-attachment-39461\" class=\"wp-caption-text\">Karina Garc\u00eda D\u00e1vila junto a su hija Mariana Bel\u00e9n y el personal que la atendi\u00f3 durante el alumbramiento.<\/figcaption><\/figure>\n<p>Es as\u00ed como el Seguro Social, junto a su personal m\u00e9dico y de apoyo, se consolida como el centro asistencial por excelencia que apoya el nacimiento de futuras generaciones de guatemaltecos emprendedores.<\/p>","protected":false},"excerpt":{"rendered":"<p>Carlos Daniel Surec Argueta inund\u00f3 de alegr\u00eda y esperanza el \u00c1rea de Maternidad del Hospital de Escuintla. Despu\u00e9s de cinco horas de un alumbramiento sin complicaciones, naci\u00f3 mediante parto natural el 1 de enero a las 12.40 a. m. Esto lo convirti\u00f3 en el primer beb\u00e9 del a\u00f1o 2024 nacido en el Seguro Social a [&hellip;]<\/p>\n","protected":false},"author":1961,"featured_media":39458,"comment_status":"closed","ping_status":"closed","sticky":false,"template":"","format":"standard","meta":{"footnotes":""},"categories":[3,15],"tags":[1829,1246,1466],"coauthors":[],"class_list":{"0":"post-39450","1":"post","2":"type-post","3":"status-publish","4":"format-standard","5":"has-post-thumbnail","7":"category-actualidad","8":"category-destacado","9":"tag-bebe-del-ano","10":"tag-hospital-departamental-de-escuintla","11":"tag-maternidad"},"_links":{"self":[{"href":"https:\/\/www.igssgt.org\/noticias\/wp-json\/wp\/v2\/posts\/39450","targetHints":{"allow":["GET"]}}],"collection":[{"href":"https:\/\/www.igssgt.org\/noticias\/wp-json\/wp\/v2\/posts"}],"about":[{"href":"https:\/\/www.igssgt.org\/noticias\/wp-json\/wp\/v2\/types\/post"}],"author":[{"embeddable":true,"href":"https:\/\/www.igssgt.org\/noticias\/wp-json\/wp\/v2\/users\/1961"}],"replies":[{"embeddable":true,"href":"https:\/\/www.igssgt.org\/noticias\/wp-json\/wp\/v2\/comments?post=39450"}],"version-history":[{"count":4,"href":"https:\/\/www.igssgt.org\/noticias\/wp-json\/wp\/v2\/posts\/39450\/revisions"}],"predecessor-version":[{"id":39464,"href":"https:\/\/www.igssgt.org\/noticias\/wp-json\/wp\/v2\/posts\/39450\/revisions\/39464"}],"wp:featuredmedia":[{"embeddable":true,"href":"https:\/\/www.igssgt.org\/noticias\/wp-json\/wp\/v2\/media\/39458"}],"wp:attachment":[{"href":"https:\/\/www.igssgt.org\/noticias\/wp-json\/wp\/v2\/media?parent=39450"}],"wp:term":[{"taxonomy":"category","embeddable":true,"href":"https:\/\/www.igssgt.org\/noticias\/wp-json\/wp\/v2\/categories?post=39450"},{"taxonomy":"post_tag","embeddable":true,"href":"https:\/\/www.igssgt.org\/noticias\/wp-json\/wp\/v2\/tags?post=39450"},{"taxonomy":"author","embeddable":true,"href":"https:\/\/www.igssgt.org\/noticias\/wp-json\/wp\/v2\/coauthors?post=39450"}],"curies":[{"name":"wp","href":"https:\/\/api.w.org\/{rel}","templated":true}]}}