{"id":39474,"date":"2024-01-08T09:49:13","date_gmt":"2024-01-08T15:49:13","guid":{"rendered":"https:\/\/www.igssgt.org\/noticias\/?p=39474"},"modified":"2024-02-21T12:41:40","modified_gmt":"2024-02-21T18:41:40","slug":"condiciones-para-optar-a-una-pension-por-invalidez-o-por-sobrevivencia","status":"publish","type":"post","link":"https:\/\/www.igssgt.org\/noticias\/2024\/01\/08\/condiciones-para-optar-a-una-pension-por-invalidez-o-por-sobrevivencia\/","title":{"rendered":"Condiciones para optar a una pensi\u00f3n por invalidez o por sobrevivencia"},"content":{"rendered":"\n<p class=\"has-drop-cap\">El Instituto Guatemalteco de Seguridad Social -IGSS- es el garante constitucional de la Seguridad Social en el pa\u00eds. Para proveer la protecci\u00f3n de su poblaci\u00f3n se sostiene bajo un modelo contributivo solidario que permite que las personas en edad productiva aporten.<\/p>\n\n\n<p>Estos, al tiempo que aseguran su protecci\u00f3n, tambi\u00e9n suplen las necesidades de los que antes aportaron y hoy necesitan el soporte del Seguro Social. La Licenciada Claudia Sentes, jefe del Departamento de Invalidez, Vejez y Sobrevivencia -IVS-, explic\u00f3 que este programa es un seguro al que el afiliado contribuye todos los meses.<\/p>\n<p><a href=\"\/wp-content\/uploads\/sites\/5\/2024\/01\/pension-5.jpeg\" target=\"_blank\" rel=\"noopener\"><img loading=\"lazy\" decoding=\"async\" class=\"alignnone wp-image-39481 size-full\" src=\"\/wp-content\/uploads\/sites\/5\/2024\/01\/pension-5.jpeg\" alt=\"\" width=\"1382\" height=\"879\" srcset=\"\/wp-content\/uploads\/sites\/5\/2024\/01\/pension-5.jpeg 1382w, \/wp-content\/uploads\/sites\/5\/2024\/01\/pension-5-300x191.jpeg 300w, \/wp-content\/uploads\/sites\/5\/2024\/01\/pension-5-768x488.jpeg 768w, \/wp-content\/uploads\/sites\/5\/2024\/01\/pension-5-1024x651.jpeg 1024w, \/wp-content\/uploads\/sites\/5\/2024\/01\/pension-5-660x420.jpeg 660w, \/wp-content\/uploads\/sites\/5\/2024\/01\/pension-5-696x443.jpeg 696w, \/wp-content\/uploads\/sites\/5\/2024\/01\/pension-5-1068x679.jpeg 1068w, \/wp-content\/uploads\/sites\/5\/2024\/01\/pension-5-534x340.jpeg 534w\" sizes=\"auto, (max-width: 1382px) 100vw, 1382px\" \/><\/a><\/p>\n<p>Asimismo, indic\u00f3 que cuando el patrono reporta al Instituto mensualmente a trav\u00e9s de las planillas, el afiliado se protege a si mismo construyendo un retiro digno, por ejemplo, para recibir una pensi\u00f3n por Vejez, o por Invalidez en caso de sufrir un accidente o enfermedad; y tambi\u00e9n protege a sus dependientes econ\u00f3micos con una pensi\u00f3n por Sobrevivencia, al fallecer.<\/p>\n<p><a href=\"\/wp-content\/uploads\/sites\/5\/2024\/01\/pension-3.jpeg\" target=\"_blank\" rel=\"noopener\"><img loading=\"lazy\" decoding=\"async\" class=\"alignright wp-image-39479\" src=\"\/wp-content\/uploads\/sites\/5\/2024\/01\/pension-3.jpeg\" alt=\"\" width=\"341\" height=\"475\" srcset=\"\/wp-content\/uploads\/sites\/5\/2024\/01\/pension-3.jpeg 1066w, \/wp-content\/uploads\/sites\/5\/2024\/01\/pension-3-215x300.jpeg 215w, \/wp-content\/uploads\/sites\/5\/2024\/01\/pension-3-768x1071.jpeg 768w, \/wp-content\/uploads\/sites\/5\/2024\/01\/pension-3-735x1024.jpeg 735w, \/wp-content\/uploads\/sites\/5\/2024\/01\/pension-3-301x420.jpeg 301w, \/wp-content\/uploads\/sites\/5\/2024\/01\/pension-3-696x970.jpeg 696w, \/wp-content\/uploads\/sites\/5\/2024\/01\/pension-3-331x462.jpeg 331w\" sizes=\"auto, (max-width: 341px) 100vw, 341px\" \/><\/a>Sin embargo, para optar a una pensi\u00f3n por Invalidez, el afiliado debe cumplir con las siguientes condiciones:<\/p>\n<ul>\n<li><strong>Si la invalidez es causada por enfermedad:<\/strong> El afiliado debe tener 36 contribuciones efectivamente pagadas al Programa de IVS, dentro de los 6 a\u00f1os anteriores al primer d\u00eda de invalidez.<\/li>\n<li><strong>Si la invalidez es causada por accidente:<\/strong> El afiliado debe tener vigencia laboral al momento del riesgo y tener 3 meses de contribuci\u00f3n al Programa de IVS, dentro de los 6 meses anteriores a la fecha del accidente.<\/li>\n<\/ul>\n<p>En los dos casos, el afiliado ser\u00e1 evaluado personal del Departamento de Medicina Legal y Evaluaci\u00f3n de Incapacidades para determinar si existe invalidez y el grado.<\/p>\n<p>Encuentre los requisitos y formularios en el siguiente enlace: <a href=\"https:\/\/www.igssgt.org\/ivs\/pension-por-riesgo-de-invalidez\/\" target=\"_blank\" rel=\"noopener\">https:\/\/www.igssgt.org\/ivs\/pension-por-riesgo-de-invalidez\/<\/a><\/p>\n<h3><strong>Pensi\u00f3n por Sobrevivencia<\/strong><\/h3>\n<p>El Instituto otorga pensiones a beneficiarios por fallecimiento del asegurado cuando se cumpla una de las condiciones siguientes:<\/p>\n<ul>\n<li>Si el fallecimiento fue por enfermedad, el afiliado fallecido debe tener 36 contribuciones efectivamente pagadas al Programa de IVS, dentro de los 6 a\u00f1os inmediatamente anteriores a la fecha de su fallecimiento.<\/li>\n<li>Si el fallecimiento fue por accidente: el afiliado fallecido debe tener 3 meses de contribuci\u00f3n dentro de los 6 meses anteriores a la fecha de su fallecimiento y se requiere vigencia laboral al momento del riesgo.<\/li>\n<li>Que, a la fecha del deceso, el fallecido hubiere tenido derecho a pensi\u00f3n por Vejez.<\/li>\n<li>Que, a la fecha del deceso, el pensionado estuviere disfrutando pensi\u00f3n de Invalidez o Vejez.<\/li>\n<\/ul>\n<figure id=\"attachment_39477\" aria-describedby=\"caption-attachment-39477\" style=\"width: 1600px\" class=\"wp-caption alignnone\"><a href=\"\/wp-content\/uploads\/sites\/5\/2024\/01\/pension-1.jpeg\" target=\"_blank\" rel=\"noopener\"><img loading=\"lazy\" decoding=\"async\" class=\"wp-image-39477 size-full\" src=\"\/wp-content\/uploads\/sites\/5\/2024\/01\/pension-1.jpeg\" alt=\"\" width=\"1600\" height=\"1066\" srcset=\"\/wp-content\/uploads\/sites\/5\/2024\/01\/pension-1.jpeg 1600w, \/wp-content\/uploads\/sites\/5\/2024\/01\/pension-1-300x200.jpeg 300w, \/wp-content\/uploads\/sites\/5\/2024\/01\/pension-1-768x512.jpeg 768w, \/wp-content\/uploads\/sites\/5\/2024\/01\/pension-1-1024x682.jpeg 1024w, \/wp-content\/uploads\/sites\/5\/2024\/01\/pension-1-1536x1023.jpeg 1536w, \/wp-content\/uploads\/sites\/5\/2024\/01\/pension-1-630x420.jpeg 630w, \/wp-content\/uploads\/sites\/5\/2024\/01\/pension-1-696x464.jpeg 696w, \/wp-content\/uploads\/sites\/5\/2024\/01\/pension-1-1068x712.jpeg 1068w, \/wp-content\/uploads\/sites\/5\/2024\/01\/pension-1-534x356.jpeg 534w\" sizes=\"auto, (max-width: 1600px) 100vw, 1600px\" \/><\/a><figcaption id=\"caption-attachment-39477\" class=\"wp-caption-text\">El licenciado Jos\u00e9 Domingo Argueta Salazar, Subgerente de Prestaciones Pecuniarias, se\u00f1ala que no es necesaria la asistencia de abogados o tramitadores para el tr\u00e1mite de las pensiones.<\/figcaption><\/figure>\n<h3><strong>Tr\u00e1mites gratis<\/strong><\/h3>\n<p>El licenciado Jos\u00e9 Domingo Argueta Salazar, Subgerente de Prestaciones Pecuniarias, hizo un llamado a los beneficiarios a informarse a trav\u00e9s de los canales oficiales del Seguro Social o comunicarse al tel\u00e9fono 1522 para m\u00e1s informaci\u00f3n y evitarse gastos innecesarios.<\/p>\n<p><strong>\u201cPara iniciar con los tr\u00e1mites de pensi\u00f3n no es necesario pagar ya que los requisitos y la hoja de historial laboral est\u00e1n en l\u00ednea y se pueden descargar e imprimir, tambi\u00e9n pueden acudir a CATAFI en Oficinas Centrales o en las Delegaciones y Cajas Departamentales para solicitarlos\u201d<\/strong>, explic\u00f3 Argueta, quien resalt\u00f3 que no es necesaria la asistencia de abogados ni tramitadores.<\/p>\n<p><a href=\"\/wp-content\/uploads\/sites\/5\/2024\/01\/pension-4.jpeg\" target=\"_blank\" rel=\"noopener\"><img loading=\"lazy\" decoding=\"async\" class=\"alignnone wp-image-39480 size-full\" src=\"\/wp-content\/uploads\/sites\/5\/2024\/01\/pension-4.jpeg\" alt=\"\" width=\"1348\" height=\"985\" srcset=\"\/wp-content\/uploads\/sites\/5\/2024\/01\/pension-4.jpeg 1348w, \/wp-content\/uploads\/sites\/5\/2024\/01\/pension-4-300x219.jpeg 300w, \/wp-content\/uploads\/sites\/5\/2024\/01\/pension-4-768x561.jpeg 768w, \/wp-content\/uploads\/sites\/5\/2024\/01\/pension-4-1024x748.jpeg 1024w, \/wp-content\/uploads\/sites\/5\/2024\/01\/pension-4-575x420.jpeg 575w, \/wp-content\/uploads\/sites\/5\/2024\/01\/pension-4-696x509.jpeg 696w, \/wp-content\/uploads\/sites\/5\/2024\/01\/pension-4-1068x780.jpeg 1068w, \/wp-content\/uploads\/sites\/5\/2024\/01\/pension-4-534x390.jpeg 534w\" sizes=\"auto, (max-width: 1348px) 100vw, 1348px\" \/><\/a><\/p>","protected":false},"excerpt":{"rendered":"<p>El Instituto Guatemalteco de Seguridad Social -IGSS- es el garante constitucional de la Seguridad Social en el pa\u00eds. Para proveer la protecci\u00f3n de su poblaci\u00f3n se sostiene bajo un modelo contributivo solidario que permite que las personas en edad productiva aporten. Estos, al tiempo que aseguran su protecci\u00f3n, tambi\u00e9n suplen las necesidades de los que [&hellip;]<\/p>\n","protected":false},"author":1961,"featured_media":39478,"comment_status":"closed","ping_status":"closed","sticky":false,"template":"","format":"standard","meta":{"footnotes":""},"categories":[3,1290],"tags":[522,1206,1830],"coauthors":[],"class_list":{"0":"post-39474","1":"post","2":"type-post","3":"status-publish","4":"format-standard","5":"has-post-thumbnail","7":"category-actualidad","8":"category-prestaciones-economicas","9":"tag-invalidez","10":"tag-pensiones-igss","11":"tag-sobrevivencia"},"_links":{"self":[{"href":"https:\/\/www.igssgt.org\/noticias\/wp-json\/wp\/v2\/posts\/39474","targetHints":{"allow":["GET"]}}],"collection":[{"href":"https:\/\/www.igssgt.org\/noticias\/wp-json\/wp\/v2\/posts"}],"about":[{"href":"https:\/\/www.igssgt.org\/noticias\/wp-json\/wp\/v2\/types\/post"}],"author":[{"embeddable":true,"href":"https:\/\/www.igssgt.org\/noticias\/wp-json\/wp\/v2\/users\/1961"}],"replies":[{"embeddable":true,"href":"https:\/\/www.igssgt.org\/noticias\/wp-json\/wp\/v2\/comments?post=39474"}],"version-history":[{"count":5,"href":"https:\/\/www.igssgt.org\/noticias\/wp-json\/wp\/v2\/posts\/39474\/revisions"}],"predecessor-version":[{"id":39485,"href":"https:\/\/www.igssgt.org\/noticias\/wp-json\/wp\/v2\/posts\/39474\/revisions\/39485"}],"wp:featuredmedia":[{"embeddable":true,"href":"https:\/\/www.igssgt.org\/noticias\/wp-json\/wp\/v2\/media\/39478"}],"wp:attachment":[{"href":"https:\/\/www.igssgt.org\/noticias\/wp-json\/wp\/v2\/media?parent=39474"}],"wp:term":[{"taxonomy":"category","embeddable":true,"href":"https:\/\/www.igssgt.org\/noticias\/wp-json\/wp\/v2\/categories?post=39474"},{"taxonomy":"post_tag","embeddable":true,"href":"https:\/\/www.igssgt.org\/noticias\/wp-json\/wp\/v2\/tags?post=39474"},{"taxonomy":"author","embeddable":true,"href":"https:\/\/www.igssgt.org\/noticias\/wp-json\/wp\/v2\/coauthors?post=39474"}],"curies":[{"name":"wp","href":"https:\/\/api.w.org\/{rel}","templated":true}]}}