{"id":39497,"date":"2024-01-10T09:06:07","date_gmt":"2024-01-10T15:06:07","guid":{"rendered":"https:\/\/www.igssgt.org\/noticias\/?p=39497"},"modified":"2024-02-21T13:21:39","modified_gmt":"2024-02-21T19:21:39","slug":"ampliacion-de-cobertura-el-seguro-social-cuenta-ya-con-prevencion-social-a-los-migrantes-guatemaltecos-gracias-a-historico-acuerdo","status":"publish","type":"post","link":"https:\/\/www.igssgt.org\/noticias\/2024\/01\/10\/ampliacion-de-cobertura-el-seguro-social-cuenta-ya-con-prevencion-social-a-los-migrantes-guatemaltecos-gracias-a-historico-acuerdo\/","title":{"rendered":"Ampliaci\u00f3n de cobertura: El Seguro Social cuenta ya con prevenci\u00f3n social a los migrantes guatemaltecos gracias a hist\u00f3rico Acuerdo"},"content":{"rendered":"\n<p class=\"has-drop-cap\">El Seguro Social dio un paso trascendental en la ampliaci\u00f3n de cobertura, al poner a disposici\u00f3n de los guatemaltecos residentes en el extranjero el programa Protecci\u00f3n al Migrante Guatemalteco y N\u00facleo Familiar, publicado en el Diario Oficial el 4 de octubre, mediante el Acuerdo de Junta Directiva 1543.<\/p>\n\n\n<p>Dicho beneficio surgi\u00f3 de los esfuerzos del Instituto por brindar un sistema de seguridad social en favor de quienes habitan en el extranjero, que fueron cotizantes cuando viv\u00edan en Guatemala, y que son un pilar fundamental en el sostenimiento y desarrollo econ\u00f3mico del pa\u00eds.<\/p>\n<p><a href=\"\/wp-content\/uploads\/sites\/5\/2024\/01\/migrantes-3.jpeg\" target=\"_blank\" rel=\"noopener\"><img loading=\"lazy\" decoding=\"async\" class=\"alignnone wp-image-39501 size-full\" src=\"\/wp-content\/uploads\/sites\/5\/2024\/01\/migrantes-3.jpeg\" alt=\"\" width=\"1280\" height=\"960\" srcset=\"\/wp-content\/uploads\/sites\/5\/2024\/01\/migrantes-3.jpeg 1280w, \/wp-content\/uploads\/sites\/5\/2024\/01\/migrantes-3-300x225.jpeg 300w, \/wp-content\/uploads\/sites\/5\/2024\/01\/migrantes-3-768x576.jpeg 768w, \/wp-content\/uploads\/sites\/5\/2024\/01\/migrantes-3-1024x768.jpeg 1024w, \/wp-content\/uploads\/sites\/5\/2024\/01\/migrantes-3-560x420.jpeg 560w, \/wp-content\/uploads\/sites\/5\/2024\/01\/migrantes-3-80x60.jpeg 80w, \/wp-content\/uploads\/sites\/5\/2024\/01\/migrantes-3-696x522.jpeg 696w, \/wp-content\/uploads\/sites\/5\/2024\/01\/migrantes-3-1068x801.jpeg 1068w, \/wp-content\/uploads\/sites\/5\/2024\/01\/migrantes-3-265x198.jpeg 265w, \/wp-content\/uploads\/sites\/5\/2024\/01\/migrantes-3-534x401.jpeg 534w\" sizes=\"auto, (max-width: 1280px) 100vw, 1280px\" \/><\/a><\/p>\n<p>Ahora los migrantes tendr\u00e1n la oportunidad de mejorar su calidad de vida cuando se retiren del \u00e1mbito laboral gracias a un aporte voluntario que tambi\u00e9n favorece a su esposa, compa\u00f1era o conviviente, e hijos menores de siete a\u00f1os con cobertura m\u00e9dica.<\/p>\n<p>El n\u00facleo familiar debe residir dentro del territorio nacional y que gozar\u00e1n de las prestaciones otorgadas por el Seguro Enfermedad, Maternidad y Accidentes (EMA).<\/p>\n<blockquote>\n<p>Dicho beneficio surgi\u00f3 de los esfuerzos del Instituto por brindar un sistema de seguridad social en favor de quienes habitan en el extranjero<\/p>\n<\/blockquote>\n<p>Otro aspecto que engrandece este proyecto es que incluye prestaciones pecuniarias. De acuerdo con el licenciado Jos\u00e9 Flamenco Jau, presidente de Junta Directiva del Seguro Social, el migrante podr\u00e1 optar a la pensi\u00f3n vitalicia mensual por Vejez, pensi\u00f3n mensual para los beneficiarios del migrante y cuota mortuoria en caso de su fallecimiento, sin que existan gastos de repatriaci\u00f3n.<\/p>\n<p><strong>\u201cLa cobertura de los riesgos para los mencionados tendr\u00e1 un costo de mil quetzales mensuales exactos (Q1, 000.00) y podr\u00e1 realizarse desde el extranjero, o por medio de un residente en Guatemala, de forma anticipada mensual, trimestral, semestral o anual\u201d<\/strong>, detall\u00f3 Flamenco. Su registro y afiliaci\u00f3n al R\u00e9gimen de Seguridad Social es de aplicaci\u00f3n obligatoria en las Unidades M\u00e9dicas y dependencias administrativas y se har\u00e1 de manera gradual y progresiva para los guatemaltecos que se encuentren en otras latitudes.<\/p>\n<p><a href=\"\/wp-content\/uploads\/sites\/5\/2024\/01\/migrantes-2.jpeg\" target=\"_blank\" rel=\"noopener\"><img loading=\"lazy\" decoding=\"async\" class=\"alignnone wp-image-39502 size-full\" src=\"\/wp-content\/uploads\/sites\/5\/2024\/01\/migrantes-2.jpeg\" alt=\"\" width=\"1024\" height=\"576\" srcset=\"\/wp-content\/uploads\/sites\/5\/2024\/01\/migrantes-2.jpeg 1024w, \/wp-content\/uploads\/sites\/5\/2024\/01\/migrantes-2-300x169.jpeg 300w, \/wp-content\/uploads\/sites\/5\/2024\/01\/migrantes-2-768x432.jpeg 768w, \/wp-content\/uploads\/sites\/5\/2024\/01\/migrantes-2-747x420.jpeg 747w, \/wp-content\/uploads\/sites\/5\/2024\/01\/migrantes-2-696x392.jpeg 696w, \/wp-content\/uploads\/sites\/5\/2024\/01\/migrantes-2-534x300.jpeg 534w\" sizes=\"auto, (max-width: 1024px) 100vw, 1024px\" \/><\/a><\/p>","protected":false},"excerpt":{"rendered":"<p>El Seguro Social dio un paso trascendental en la ampliaci\u00f3n de cobertura, al poner a disposici\u00f3n de los guatemaltecos residentes en el extranjero el programa Protecci\u00f3n al Migrante Guatemalteco y N\u00facleo Familiar, publicado en el Diario Oficial el 4 de octubre, mediante el Acuerdo de Junta Directiva 1543. Dicho beneficio surgi\u00f3 de los esfuerzos del [&hellip;]<\/p>\n","protected":false},"author":1961,"featured_media":39499,"comment_status":"closed","ping_status":"closed","sticky":false,"template":"","format":"standard","meta":{"footnotes":""},"categories":[3,1854],"tags":[1696,1093,1806],"coauthors":[],"class_list":{"0":"post-39497","1":"post","2":"type-post","3":"status-publish","4":"format-standard","5":"has-post-thumbnail","7":"category-actualidad","8":"category-trabajador-migrante","9":"tag-acuerdo-1543","10":"tag-migrantes","11":"tag-proteccion-al-migrante-guatemalteco"},"_links":{"self":[{"href":"https:\/\/www.igssgt.org\/noticias\/wp-json\/wp\/v2\/posts\/39497","targetHints":{"allow":["GET"]}}],"collection":[{"href":"https:\/\/www.igssgt.org\/noticias\/wp-json\/wp\/v2\/posts"}],"about":[{"href":"https:\/\/www.igssgt.org\/noticias\/wp-json\/wp\/v2\/types\/post"}],"author":[{"embeddable":true,"href":"https:\/\/www.igssgt.org\/noticias\/wp-json\/wp\/v2\/users\/1961"}],"replies":[{"embeddable":true,"href":"https:\/\/www.igssgt.org\/noticias\/wp-json\/wp\/v2\/comments?post=39497"}],"version-history":[{"count":4,"href":"https:\/\/www.igssgt.org\/noticias\/wp-json\/wp\/v2\/posts\/39497\/revisions"}],"predecessor-version":[{"id":39504,"href":"https:\/\/www.igssgt.org\/noticias\/wp-json\/wp\/v2\/posts\/39497\/revisions\/39504"}],"wp:featuredmedia":[{"embeddable":true,"href":"https:\/\/www.igssgt.org\/noticias\/wp-json\/wp\/v2\/media\/39499"}],"wp:attachment":[{"href":"https:\/\/www.igssgt.org\/noticias\/wp-json\/wp\/v2\/media?parent=39497"}],"wp:term":[{"taxonomy":"category","embeddable":true,"href":"https:\/\/www.igssgt.org\/noticias\/wp-json\/wp\/v2\/categories?post=39497"},{"taxonomy":"post_tag","embeddable":true,"href":"https:\/\/www.igssgt.org\/noticias\/wp-json\/wp\/v2\/tags?post=39497"},{"taxonomy":"author","embeddable":true,"href":"https:\/\/www.igssgt.org\/noticias\/wp-json\/wp\/v2\/coauthors?post=39497"}],"curies":[{"name":"wp","href":"https:\/\/api.w.org\/{rel}","templated":true}]}}