{"id":39529,"date":"2024-01-12T15:29:28","date_gmt":"2024-01-12T21:29:28","guid":{"rendered":"https:\/\/www.igssgt.org\/noticias\/?p=39529"},"modified":"2024-01-12T15:43:00","modified_gmt":"2024-01-12T21:43:00","slug":"el-camip-zunil-es-un-apoyo-para-mas-de-300-pacientes-con-depresion","status":"publish","type":"post","link":"https:\/\/www.igssgt.org\/noticias\/2024\/01\/12\/el-camip-zunil-es-un-apoyo-para-mas-de-300-pacientes-con-depresion\/","title":{"rendered":"El CAMIP Zunil es un apoyo para m\u00e1s de 300 pacientes con depresi\u00f3n"},"content":{"rendered":"\n<p class=\"has-drop-cap\">Cada 13 de enero se conmemora el D\u00eda Mundial de la Lucha contra la Depresi\u00f3n, un trastorno que incide significativamente en las tasas de mortalidad a nivel mundial que nos solo afecta a los adultos, sino que a toda la poblaci\u00f3n en general.<\/p>\n\n\n<p>El licenciado Mario Ruiz, psic\u00f3logo del Centro de Atenci\u00f3n M\u00e9dica Integral para Pensionados -CAMIP- Zunil, explic\u00f3 que la depresi\u00f3n es un sentimiento de tristeza profundo que lleva al paciente a sentirse con desesperanza.<\/p>\n<figure id=\"attachment_39533\" aria-describedby=\"caption-attachment-39533\" style=\"width: 1600px\" class=\"wp-caption alignnone\"><a href=\"\/wp-content\/uploads\/sites\/5\/2024\/01\/depresion-2.jpeg\" target=\"_blank\" rel=\"noopener\"><img loading=\"lazy\" decoding=\"async\" class=\"wp-image-39533 size-full\" src=\"\/wp-content\/uploads\/sites\/5\/2024\/01\/depresion-2.jpeg\" alt=\"\" width=\"1600\" height=\"1066\" srcset=\"\/wp-content\/uploads\/sites\/5\/2024\/01\/depresion-2.jpeg 1600w, \/wp-content\/uploads\/sites\/5\/2024\/01\/depresion-2-300x200.jpeg 300w, \/wp-content\/uploads\/sites\/5\/2024\/01\/depresion-2-768x512.jpeg 768w, \/wp-content\/uploads\/sites\/5\/2024\/01\/depresion-2-1024x682.jpeg 1024w, \/wp-content\/uploads\/sites\/5\/2024\/01\/depresion-2-1536x1023.jpeg 1536w, \/wp-content\/uploads\/sites\/5\/2024\/01\/depresion-2-630x420.jpeg 630w, \/wp-content\/uploads\/sites\/5\/2024\/01\/depresion-2-696x464.jpeg 696w, \/wp-content\/uploads\/sites\/5\/2024\/01\/depresion-2-1068x712.jpeg 1068w, \/wp-content\/uploads\/sites\/5\/2024\/01\/depresion-2-534x356.jpeg 534w\" sizes=\"auto, (max-width: 1600px) 100vw, 1600px\" \/><\/a><figcaption id=\"caption-attachment-39533\" class=\"wp-caption-text\">El psic\u00f3logo Mario Ruiz explic\u00f3 que los casos de depresi\u00f3n aumentaron durante y tras la pandemia de COVID-19.<\/figcaption><\/figure>\n<p>En algunos casos las personas pierden el apetito, dejan de alimentarse, tienen insomnio y presentan perdida del inter\u00e9s por vivir.<\/p>\n<figure id=\"attachment_39534\" aria-describedby=\"caption-attachment-39534\" style=\"width: 364px\" class=\"wp-caption alignright\"><a href=\"\/wp-content\/uploads\/sites\/5\/2024\/01\/depresion-4.jpeg\"><img loading=\"lazy\" decoding=\"async\" class=\"wp-image-39534\" src=\"\/wp-content\/uploads\/sites\/5\/2024\/01\/depresion-4.jpeg\" alt=\"\" width=\"364\" height=\"546\" srcset=\"\/wp-content\/uploads\/sites\/5\/2024\/01\/depresion-4.jpeg 1066w, \/wp-content\/uploads\/sites\/5\/2024\/01\/depresion-4-200x300.jpeg 200w, \/wp-content\/uploads\/sites\/5\/2024\/01\/depresion-4-768x1153.jpeg 768w, \/wp-content\/uploads\/sites\/5\/2024\/01\/depresion-4-682x1024.jpeg 682w, \/wp-content\/uploads\/sites\/5\/2024\/01\/depresion-4-1023x1536.jpeg 1023w, \/wp-content\/uploads\/sites\/5\/2024\/01\/depresion-4-280x420.jpeg 280w, \/wp-content\/uploads\/sites\/5\/2024\/01\/depresion-4-696x1045.jpeg 696w, \/wp-content\/uploads\/sites\/5\/2024\/01\/depresion-4-308x462.jpeg 308w\" sizes=\"auto, (max-width: 364px) 100vw, 364px\" \/><\/a><figcaption id=\"caption-attachment-39534\" class=\"wp-caption-text\">La depresi\u00f3n, la ansiedad y el duelo son los trastornos m\u00e1s atendidos en CAMIP Zunil.<\/figcaption><\/figure>\n<p>Ruiz agreg\u00f3 que dicho trastorno surge por la p\u00e9rdida de un ser querido o del trabajo y es cu\u00e1ndo las personas se empiezan a sentir in\u00fatiles. <strong>\u201cEs importante que en esta etapa la familia empiece a interactuar con el paciente, hacer que no se sienta solo, platicarles y brindarles atenci\u00f3n cuando lo necesiten\u201d<\/strong>, se\u00f1al\u00f3.<\/p>\n<p>Entre los principales s\u00edntomas cuando se padece de depresi\u00f3n est\u00e1 la desesperanza, la falta de inter\u00e9s por vivir, llorar en cualquier momento y la soledad en la que est\u00e1n viviendo.<\/p>\n<p>Seg\u00fan el especialista, en el CAMIP Zunil son atendidos de 14 a 16 pacientes diarios, sumando al mes m\u00e1s de 320 personas por diversidad de problemas, como la ansiedad, depresi\u00f3n, duelos y falta de trabajo. \u201c<strong>Ac\u00e1 se les brinda una atenci\u00f3n especializada e integral\u201d<\/strong>, dijo el psic\u00f3logo.<\/p>\n<p>\u201cDespu\u00e9s de la pandemia se incrementaron los casos de depresi\u00f3n y duelo por la p\u00e9rdida de seres queridos, y ac\u00e1 en Zunil son tratados para salir adelante y retomar con calidad su vida.<\/p>\n<p>El psic\u00f3logo recomend\u00f3 que la familia, al determinar que el paciente presenta algunos de los s\u00edntomas mencionados, acuda al m\u00e9dico pues lo principal es realizar una evaluaci\u00f3n con el especialista para determinar el abordaje del trastorno.<\/p>\n<p>Ruiz aconsej\u00f3 no automedicarse pues podr\u00eda desencadenar grandes consecuencias perjudiciales para la salud.<\/p>\n<figure id=\"attachment_39535\" aria-describedby=\"caption-attachment-39535\" style=\"width: 1415px\" class=\"wp-caption alignnone\"><a href=\"\/wp-content\/uploads\/sites\/5\/2024\/01\/depresion-0.jpeg\" target=\"_blank\" rel=\"noopener\"><img loading=\"lazy\" decoding=\"async\" class=\"wp-image-39535 size-full\" src=\"\/wp-content\/uploads\/sites\/5\/2024\/01\/depresion-0.jpeg\" alt=\"\" width=\"1415\" height=\"936\" srcset=\"\/wp-content\/uploads\/sites\/5\/2024\/01\/depresion-0.jpeg 1415w, \/wp-content\/uploads\/sites\/5\/2024\/01\/depresion-0-300x198.jpeg 300w, \/wp-content\/uploads\/sites\/5\/2024\/01\/depresion-0-768x508.jpeg 768w, \/wp-content\/uploads\/sites\/5\/2024\/01\/depresion-0-1024x677.jpeg 1024w, \/wp-content\/uploads\/sites\/5\/2024\/01\/depresion-0-635x420.jpeg 635w, \/wp-content\/uploads\/sites\/5\/2024\/01\/depresion-0-696x460.jpeg 696w, \/wp-content\/uploads\/sites\/5\/2024\/01\/depresion-0-1068x706.jpeg 1068w, \/wp-content\/uploads\/sites\/5\/2024\/01\/depresion-0-534x353.jpeg 534w\" sizes=\"auto, (max-width: 1415px) 100vw, 1415px\" \/><\/a><figcaption id=\"caption-attachment-39535\" class=\"wp-caption-text\">En CAMIP Zunil son atendidos en el \u00c1rea de Psicolog\u00eda m\u00e1s de 300 pacientes al mes.<\/figcaption><\/figure>","protected":false},"excerpt":{"rendered":"<p>Cada 13 de enero se conmemora el D\u00eda Mundial de la Lucha contra la Depresi\u00f3n, un trastorno que incide significativamente en las tasas de mortalidad a nivel mundial que nos solo afecta a los adultos, sino que a toda la poblaci\u00f3n en general. El licenciado Mario Ruiz, psic\u00f3logo del Centro de Atenci\u00f3n M\u00e9dica Integral para [&hellip;]<\/p>\n","protected":false},"author":1961,"featured_media":39531,"comment_status":"closed","ping_status":"closed","sticky":false,"template":"","format":"standard","meta":{"footnotes":""},"categories":[3],"tags":[147,928],"coauthors":[],"class_list":{"0":"post-39529","1":"post","2":"type-post","3":"status-publish","4":"format-standard","5":"has-post-thumbnail","7":"category-actualidad","8":"tag-camip-3-zunil","9":"tag-depresion"},"_links":{"self":[{"href":"https:\/\/www.igssgt.org\/noticias\/wp-json\/wp\/v2\/posts\/39529","targetHints":{"allow":["GET"]}}],"collection":[{"href":"https:\/\/www.igssgt.org\/noticias\/wp-json\/wp\/v2\/posts"}],"about":[{"href":"https:\/\/www.igssgt.org\/noticias\/wp-json\/wp\/v2\/types\/post"}],"author":[{"embeddable":true,"href":"https:\/\/www.igssgt.org\/noticias\/wp-json\/wp\/v2\/users\/1961"}],"replies":[{"embeddable":true,"href":"https:\/\/www.igssgt.org\/noticias\/wp-json\/wp\/v2\/comments?post=39529"}],"version-history":[{"count":4,"href":"https:\/\/www.igssgt.org\/noticias\/wp-json\/wp\/v2\/posts\/39529\/revisions"}],"predecessor-version":[{"id":39541,"href":"https:\/\/www.igssgt.org\/noticias\/wp-json\/wp\/v2\/posts\/39529\/revisions\/39541"}],"wp:featuredmedia":[{"embeddable":true,"href":"https:\/\/www.igssgt.org\/noticias\/wp-json\/wp\/v2\/media\/39531"}],"wp:attachment":[{"href":"https:\/\/www.igssgt.org\/noticias\/wp-json\/wp\/v2\/media?parent=39529"}],"wp:term":[{"taxonomy":"category","embeddable":true,"href":"https:\/\/www.igssgt.org\/noticias\/wp-json\/wp\/v2\/categories?post=39529"},{"taxonomy":"post_tag","embeddable":true,"href":"https:\/\/www.igssgt.org\/noticias\/wp-json\/wp\/v2\/tags?post=39529"},{"taxonomy":"author","embeddable":true,"href":"https:\/\/www.igssgt.org\/noticias\/wp-json\/wp\/v2\/coauthors?post=39529"}],"curies":[{"name":"wp","href":"https:\/\/api.w.org\/{rel}","templated":true}]}}