{"id":39703,"date":"2024-01-22T09:32:05","date_gmt":"2024-01-22T15:32:05","guid":{"rendered":"https:\/\/www.igssgt.org\/noticias\/?p=39703"},"modified":"2024-02-21T13:19:47","modified_gmt":"2024-02-21T19:19:47","slug":"la-seguridad-social-esta-a-un-click-de-los-migrantes-guatemaltecos-2","status":"publish","type":"post","link":"https:\/\/www.igssgt.org\/noticias\/2024\/01\/22\/la-seguridad-social-esta-a-un-click-de-los-migrantes-guatemaltecos-2\/","title":{"rendered":"La Seguridad Social est\u00e1 a un click de los migrantes guatemaltecos"},"content":{"rendered":"\n<p class=\"has-drop-cap\">La cobertura voluntaria de Protecci\u00f3n al Migrante Guatemalteco y a su N\u00facleo Familiar, aprobada por la Junta Directiva del Instituto Guatemalteco de Seguridad Social mediante el Acuerdo 1543, est\u00e1 ya vigente desde mediados de octubre.<\/p>\n\n\n<p>De acuerdo con el director de Recaudaci\u00f3n, licenciado Juan Carlos Ram\u00edrez, los connacionales en el extranjero recibir\u00e1n, en primera instancia, prestaciones pecuniarias. En ese sentido, podr\u00e1n asegurar su vejez con una pensi\u00f3n mensual vitalicia a partir de los 60 a\u00f1os de edad y contribuir como m\u00ednimo con 240 cuotas al R\u00e9gimen.<\/p>\n<p><strong><a href=\"\/wp-content\/uploads\/sites\/5\/2024\/01\/migrantes-2-2.jpeg\" target=\"_blank\" rel=\"noopener\"><img loading=\"lazy\" decoding=\"async\" class=\"alignright wp-image-39707 size-full\" src=\"\/wp-content\/uploads\/sites\/5\/2024\/01\/migrantes-2-2.jpeg\" alt=\"\" width=\"308\" height=\"462\" srcset=\"\/wp-content\/uploads\/sites\/5\/2024\/01\/migrantes-2-2.jpeg 308w, \/wp-content\/uploads\/sites\/5\/2024\/01\/migrantes-2-2-200x300.jpeg 200w, \/wp-content\/uploads\/sites\/5\/2024\/01\/migrantes-2-2-280x420.jpeg 280w\" sizes=\"auto, (max-width: 308px) 100vw, 308px\" \/><\/a>\u00a0\u00abEl Instituto, cumpliendo con su responsabilidad de velar por el derecho humano a la seguridad social, ha realizado importantes esfuerzos para otorgar a nuestros hermanos migrantes este derecho. La cobertura es una realidad\u201d<\/strong>, sostuvo el Director Ram\u00edrez.<\/p>\n<p>Asimismo, tanto el afiliado titular como su n\u00facleo familiar, integrado por la esposa e hijos menores de siete a\u00f1os, gozar\u00e1n de las prestaciones en salud otorgadas por el Programa Enfermedad, Maternidad y Accidentes (EMA), siempre y cuando se encuentren dentro del territorio nacional, puesto que los servicios se dan \u00fanicamente en las unidades m\u00e9dicas del Seguro Social.<\/p>\n<p>Para la inscripci\u00f3n, el Instituto habilit\u00f3 un espacio en su p\u00e1gina oficial, en el apartado Trabajador Migrante Guatemalteco (<a href=\"https:\/\/www.igssgt.org\/trabajador-migrante\/\" target=\"_blank\" rel=\"noopener\">https:\/\/www.igssgt.org\/trabajador-migrante\/<\/a>). Los requisitos para afiliarse son: ser mayor de 18 a\u00f1os, encontrarse en el extranjero y presentar alguno de los siguientes documentos de identificaci\u00f3n: DPI, pasaporte, identificaci\u00f3n consular o carn\u00e9 de afiliaci\u00f3n, si lo tiene.<\/p>\n<p><strong>\u201cConscientes de que debemos ser cada vez m\u00e1s innovadores, hemos desarrollado una plataforma para que el migrante pueda inscribirse y a su familia\u201d<\/strong>, agreg\u00f3 Ram\u00edrez. Es importante se\u00f1alar que si el migrante no cuenta con el DPI, debe tramitarlo en el consulado de Guatemala.<\/p>\n<p><a href=\"\/wp-content\/uploads\/sites\/5\/2024\/01\/migrantes-0-1.jpeg\" target=\"_blank\" rel=\"noopener\"><img loading=\"lazy\" decoding=\"async\" class=\"alignnone wp-image-39705 size-full\" src=\"\/wp-content\/uploads\/sites\/5\/2024\/01\/migrantes-0-1.jpeg\" alt=\"\" width=\"1536\" height=\"1067\" srcset=\"\/wp-content\/uploads\/sites\/5\/2024\/01\/migrantes-0-1.jpeg 1536w, \/wp-content\/uploads\/sites\/5\/2024\/01\/migrantes-0-1-300x208.jpeg 300w, \/wp-content\/uploads\/sites\/5\/2024\/01\/migrantes-0-1-768x534.jpeg 768w, \/wp-content\/uploads\/sites\/5\/2024\/01\/migrantes-0-1-1024x711.jpeg 1024w, \/wp-content\/uploads\/sites\/5\/2024\/01\/migrantes-0-1-605x420.jpeg 605w, \/wp-content\/uploads\/sites\/5\/2024\/01\/migrantes-0-1-218x150.jpeg 218w, \/wp-content\/uploads\/sites\/5\/2024\/01\/migrantes-0-1-696x483.jpeg 696w, \/wp-content\/uploads\/sites\/5\/2024\/01\/migrantes-0-1-1068x742.jpeg 1068w, \/wp-content\/uploads\/sites\/5\/2024\/01\/migrantes-0-1-100x70.jpeg 100w, \/wp-content\/uploads\/sites\/5\/2024\/01\/migrantes-0-1-534x371.jpeg 534w\" sizes=\"auto, (max-width: 1536px) 100vw, 1536px\" \/><\/a><\/p>\n<p>Este proyecto constituye otro aut\u00e9ntico legado del Seguro Social para proteger las vidas de quienes contribuyen en gran medida a la econom\u00eda nacional, y se suma al valioso portafolio de logros de la instituci\u00f3n.<\/p>\n<p><em><strong>\u00a1El Seguro Social es m\u00e1s cobertura e innovaci\u00f3n a la vista de todos!<\/strong><\/em><\/p>","protected":false},"excerpt":{"rendered":"<p>La cobertura voluntaria de Protecci\u00f3n al Migrante Guatemalteco y a su N\u00facleo Familiar, aprobada por la Junta Directiva del Instituto Guatemalteco de Seguridad Social mediante el Acuerdo 1543, est\u00e1 ya vigente desde mediados de octubre. De acuerdo con el director de Recaudaci\u00f3n, licenciado Juan Carlos Ram\u00edrez, los connacionales en el extranjero recibir\u00e1n, en primera instancia, [&hellip;]<\/p>\n","protected":false},"author":1961,"featured_media":39706,"comment_status":"closed","ping_status":"closed","sticky":false,"template":"","format":"standard","meta":{"footnotes":""},"categories":[3,1854],"tags":[1696,1093,1806,1802],"coauthors":[],"class_list":{"0":"post-39703","1":"post","2":"type-post","3":"status-publish","4":"format-standard","5":"has-post-thumbnail","7":"category-actualidad","8":"category-trabajador-migrante","9":"tag-acuerdo-1543","10":"tag-migrantes","11":"tag-proteccion-al-migrante-guatemalteco","12":"tag-trabajador-migrante"},"_links":{"self":[{"href":"https:\/\/www.igssgt.org\/noticias\/wp-json\/wp\/v2\/posts\/39703","targetHints":{"allow":["GET"]}}],"collection":[{"href":"https:\/\/www.igssgt.org\/noticias\/wp-json\/wp\/v2\/posts"}],"about":[{"href":"https:\/\/www.igssgt.org\/noticias\/wp-json\/wp\/v2\/types\/post"}],"author":[{"embeddable":true,"href":"https:\/\/www.igssgt.org\/noticias\/wp-json\/wp\/v2\/users\/1961"}],"replies":[{"embeddable":true,"href":"https:\/\/www.igssgt.org\/noticias\/wp-json\/wp\/v2\/comments?post=39703"}],"version-history":[{"count":3,"href":"https:\/\/www.igssgt.org\/noticias\/wp-json\/wp\/v2\/posts\/39703\/revisions"}],"predecessor-version":[{"id":40205,"href":"https:\/\/www.igssgt.org\/noticias\/wp-json\/wp\/v2\/posts\/39703\/revisions\/40205"}],"wp:featuredmedia":[{"embeddable":true,"href":"https:\/\/www.igssgt.org\/noticias\/wp-json\/wp\/v2\/media\/39706"}],"wp:attachment":[{"href":"https:\/\/www.igssgt.org\/noticias\/wp-json\/wp\/v2\/media?parent=39703"}],"wp:term":[{"taxonomy":"category","embeddable":true,"href":"https:\/\/www.igssgt.org\/noticias\/wp-json\/wp\/v2\/categories?post=39703"},{"taxonomy":"post_tag","embeddable":true,"href":"https:\/\/www.igssgt.org\/noticias\/wp-json\/wp\/v2\/tags?post=39703"},{"taxonomy":"author","embeddable":true,"href":"https:\/\/www.igssgt.org\/noticias\/wp-json\/wp\/v2\/coauthors?post=39703"}],"curies":[{"name":"wp","href":"https:\/\/api.w.org\/{rel}","templated":true}]}}