{"id":39713,"date":"2024-01-23T08:52:57","date_gmt":"2024-01-23T14:52:57","guid":{"rendered":"https:\/\/www.igssgt.org\/noticias\/?p=39713"},"modified":"2024-02-23T14:53:07","modified_gmt":"2024-02-23T20:53:07","slug":"el-seguro-social-reclutara-salvavidas-para-semana-santa-2024","status":"publish","type":"post","link":"https:\/\/www.igssgt.org\/noticias\/2024\/01\/23\/el-seguro-social-reclutara-salvavidas-para-semana-santa-2024\/","title":{"rendered":"El Seguro Social reclutar\u00e1 Salvavidas para Semana Santa 2024"},"content":{"rendered":"\n<p class=\"has-drop-cap\">El Seguro Social lanz\u00f3 la convocatoria a todas las personas interesadas en formar parte del Cuerpo de Salvamento para Semana Santa. En total se contratar\u00e1n 90 salvavidas para contar con una fuerza de 150 durante este per\u00edodo vacacional.<\/p>\n\n\n<figure id=\"attachment_39716\" aria-describedby=\"caption-attachment-39716\" style=\"width: 356px\" class=\"wp-caption alignright\"><a href=\"\/wp-content\/uploads\/sites\/5\/2024\/01\/salvavidas-4.jpeg\" target=\"_blank\" rel=\"noopener\"><img loading=\"lazy\" decoding=\"async\" class=\"wp-image-39716\" src=\"\/wp-content\/uploads\/sites\/5\/2024\/01\/salvavidas-4.jpeg\" alt=\"\" width=\"356\" height=\"475\" srcset=\"\/wp-content\/uploads\/sites\/5\/2024\/01\/salvavidas-4.jpeg 1200w, \/wp-content\/uploads\/sites\/5\/2024\/01\/salvavidas-4-225x300.jpeg 225w, \/wp-content\/uploads\/sites\/5\/2024\/01\/salvavidas-4-768x1024.jpeg 768w, \/wp-content\/uploads\/sites\/5\/2024\/01\/salvavidas-4-1152x1536.jpeg 1152w, \/wp-content\/uploads\/sites\/5\/2024\/01\/salvavidas-4-315x420.jpeg 315w, \/wp-content\/uploads\/sites\/5\/2024\/01\/salvavidas-4-696x928.jpeg 696w, \/wp-content\/uploads\/sites\/5\/2024\/01\/salvavidas-4-1068x1424.jpeg 1068w, \/wp-content\/uploads\/sites\/5\/2024\/01\/salvavidas-4-347x462.jpeg 347w\" sizes=\"auto, (max-width: 356px) 100vw, 356px\" \/><\/a><figcaption id=\"caption-attachment-39716\" class=\"wp-caption-text\">Los Centros Recreativos Guayac\u00e1n y Casa Contenta tendr\u00e1n la cobertura del Cuerpo de Salvamento.<\/figcaption><\/figure>\n<p>El doctor Mynor Mej\u00eda, jefe de la Secci\u00f3n de Seguridad e Higiene y Prevenci\u00f3n de Accidentes, indic\u00f3 que el objetivo es aumentar la cobertura y la seguridad de los ba\u00f1istas. <strong>\u201cDurante el per\u00edodo de Semana Santa se incrementa unas cuatro veces el n\u00famero de personas que van a las playas, por lo que es necesario redoblar la seguridad. Por ejemplo, en el Puerto San Jos\u00e9 normalmente tenemos 12 salvavidas y en Semana Santa tenemos 24\u201d<\/strong>, explic\u00f3.<\/p>\n<p>Las playas tur\u00edsticas que tendr\u00e1n la cobertura del Seguro Social son: Iztapa, Las Lisas, Monterrico, La Empalizada, Tecojate, El Semillero, Tulate, Oc\u00f3s, Tilapa, Boca Barra El Pared\u00f3n, Puerto San Jos\u00e9, Champerico, Lago de Atitl\u00e1n, Centro Recreativo Casa Contenta y Centro Recreativo Vacacional Guayac\u00e1n.<\/p>\n<p>Mej\u00eda inform\u00f3 que los interesados deber\u00e1n realizar una prueba eliminatoria obligatoria a mar abierto en el Puerto San Jos\u00e9, Escuintla, el pr\u00f3ximo s\u00e1bado 10 de febrero, de 8 a 17 horas. <strong>\u201cEstaremos proporcionando transporte desde las Oficinas Centrales del IGSS hasta el Puerto San Jos\u00e9. Saldremos a las 5 de la ma\u00f1ana\u201d<\/strong>, detall\u00f3 el profesional.<\/p>\n<p>Los salvavidas selecciones ser\u00e1n capacitados y formados en primeros auxilios y recibir\u00e1n pr\u00e1ctica para rescatar a usuarios en el mar.<\/p>\n<p><strong>\u201cEl Seguro Social hace la invitaci\u00f3n a participar a cualquier persona que tenga el perfil y que desee servir a la comunidad. Van a ser formados y capacitados para ser parte del Cuerpo de Salvamento del Instituto que, dicho sea de paso, es el \u00fanico y m\u00e1s antiguo de Guatemala\u201c<\/strong>, agreg\u00f3 Mej\u00eda.<\/p>\n<figure id=\"attachment_39717\" aria-describedby=\"caption-attachment-39717\" style=\"width: 1600px\" class=\"wp-caption alignnone\"><a href=\"\/wp-content\/uploads\/sites\/5\/2024\/01\/salvavidas-0.jpeg\" target=\"_blank\" rel=\"noopener\"><img loading=\"lazy\" decoding=\"async\" class=\"wp-image-39717 size-full\" src=\"\/wp-content\/uploads\/sites\/5\/2024\/01\/salvavidas-0.jpeg\" alt=\"\" width=\"1600\" height=\"1066\" srcset=\"\/wp-content\/uploads\/sites\/5\/2024\/01\/salvavidas-0.jpeg 1600w, \/wp-content\/uploads\/sites\/5\/2024\/01\/salvavidas-0-300x200.jpeg 300w, \/wp-content\/uploads\/sites\/5\/2024\/01\/salvavidas-0-768x512.jpeg 768w, \/wp-content\/uploads\/sites\/5\/2024\/01\/salvavidas-0-1024x682.jpeg 1024w, \/wp-content\/uploads\/sites\/5\/2024\/01\/salvavidas-0-1536x1023.jpeg 1536w, \/wp-content\/uploads\/sites\/5\/2024\/01\/salvavidas-0-630x420.jpeg 630w, \/wp-content\/uploads\/sites\/5\/2024\/01\/salvavidas-0-696x464.jpeg 696w, \/wp-content\/uploads\/sites\/5\/2024\/01\/salvavidas-0-1068x712.jpeg 1068w, \/wp-content\/uploads\/sites\/5\/2024\/01\/salvavidas-0-534x356.jpeg 534w\" sizes=\"auto, (max-width: 1600px) 100vw, 1600px\" \/><\/a><figcaption id=\"caption-attachment-39717\" class=\"wp-caption-text\">Los salvavidas ser\u00e1n capacitados para proteger en las diferentes playas.<\/figcaption><\/figure>\n<h3><strong>Requisitos<\/strong><\/h3>\n<p>Las personas interesadas deber\u00e1n presentarse a la eliminatoria en el Puerto San Jos\u00e9, el s\u00e1bado 10 a las 8 horas, o bien, a las Oficinas Centrales a las 5 horas, en donde se les proveer\u00e1 transporte:<\/p>\n<ul>\n<li>Ser guatemalteco (a).<\/li>\n<li>Estar comprendido entre las edades de 18 a 35 a\u00f1os.<\/li>\n<li>Haber recibido cursos de t\u00e9cnico en Salvavidas y Primeros Auxilios.<\/li>\n<li>Experiencia m\u00ednima de 6 meses, comprobable.<\/li>\n<li>Residir de preferencia en \u00e1rea geogr\u00e1fica que le interese.<\/li>\n<li>Nadar perfectamente.<\/li>\n<li>Someterse a pruebas de nataci\u00f3n en mar abierto y RCP.<\/li>\n<li>Someterse a pruebas de Reclutamiento y Selecci\u00f3n de Recursos Humanos.<\/li>\n<\/ul>\n<p>Una vez seleccionado, deber\u00e1 presentar la documentaci\u00f3n que se describe a continuaci\u00f3n (primer ingreso):<\/p>\n<ul>\n<li>Resumen Curricular actualizado.<\/li>\n<li>Dos fotograf\u00edas tama\u00f1o c\u00e9dula en blanco y negro.<\/li>\n<li>Original y fotocopia simple del DPI (ambos lados legibles).<\/li>\n<li>Antecedentes Penales originales (6 meses de vigencia).<\/li>\n<li>Antecedentes Polic\u00edacos originales (6 meses de vigencia).<\/li>\n<li>Original y fotocopia simple de RTU Ratificado emitido por la SAT, 2024.<\/li>\n<li>Original y fotocopia de Diploma de Sexto Primaria.<\/li>\n<li>Original y fotocopia de Diploma de Tercero B\u00e1sico (si lo posee).<\/li>\n<li>Fotocopia de afiliaci\u00f3n al IGSS (si es afiliado).<\/li>\n<li>Original y fotocopia de dos cartas de recomendaci\u00f3n laborales.<\/li>\n<li>Constancia de Cuenta Monetaria activa de fecha reciente extendida por Banrural.<\/li>\n<\/ul>\n<p>Los interesados que ya laboraron en el 2023 deben presentar los siguientes documentos:<\/p>\n<ul>\n<li>Resumen Curricular Actualizado.<\/li>\n<li>Antecedentes Penales y Polic\u00edacos originales (6 meses de vigencia).<\/li>\n<li>Original y fotocopia simple de RTU Ratificado emitido por la SAT en el 2024.<\/li>\n<li>Original y fotocopia simple de Boleto de Ornato 2024.<\/li>\n<li>Constancia de Cuenta Monetaria activa de fecha reciente extendida por Banrural.<\/li>\n<\/ul>\n<p>Para m\u00e1s informaci\u00f3n puede comunicarse al tel\u00e9fono <strong>2412-1224<\/strong>, extensi\u00f3n <strong>99122 y 99121<\/strong>, Secci\u00f3n de Seguridad e Higiene y Prevenci\u00f3n de Accidentes.<\/p>\n<p>El Seguro Social ofrece un salario atractivo, vi\u00e1ticos y el equipo de trabajo necesario para el desempe\u00f1o de las labores.<\/p>\n\r\n                <style type=\"text\/css\">\r\n                    \r\n                    #tdi_1  .td-doubleSlider-2 .td-item1 {\r\n                        background: url(\/wp-content\/uploads\/sites\/5\/2024\/01\/salvavidas-3-80x60.jpeg) 0 0 no-repeat;\r\n                    }\r\n                    #tdi_1  .td-doubleSlider-2 .td-item2 {\r\n                        background: url(\/wp-content\/uploads\/sites\/5\/2024\/01\/salvavidas-2-80x60.jpeg) 0 0 no-repeat;\r\n                    }\r\n                    #tdi_1  .td-doubleSlider-2 .td-item3 {\r\n                        background: url(\/wp-content\/uploads\/sites\/5\/2024\/01\/salvavidas-1-80x60.jpeg) 0 0 no-repeat;\r\n                    }\r\n                    #tdi_1  .td-doubleSlider-2 .td-item4 {\r\n                        background: url(\/wp-content\/uploads\/sites\/5\/2024\/01\/salvavidas-7-80x60.jpeg) 0 0 no-repeat;\r\n                    }\r\n                    #tdi_1  .td-doubleSlider-2 .td-item5 {\r\n                        background: url(\/wp-content\/uploads\/sites\/5\/2024\/01\/salvavidas-6-80x60.jpeg) 0 0 no-repeat;\r\n                    }\r\n                <\/style>\r\n\r\n                <div id=\"tdi_1\" class=\"td-gallery td-slide-on-2-columns\">\r\n                    <div class=\"post_td_gallery\">\r\n                        <div class=\"td-gallery-slide-top\">\r\n                           <div class=\"td-gallery-title\"><\/div>\r\n\r\n                            <div class=\"td-gallery-controls-wrapper\">\r\n                                <div class=\"td-gallery-slide-count\"><span class=\"td-gallery-slide-item-focus\">1<\/span> de 5<\/div>\r\n                                <div class=\"td-gallery-slide-prev-next-but\">\r\n                                    <i class = \"td-icon-left doubleSliderPrevButton\"><\/i>\r\n                                    <i class = \"td-icon-right doubleSliderNextButton\"><\/i>\r\n                                <\/div>\r\n                            <\/div>\r\n                        <\/div>\r\n\r\n                        <div class = \"td-doubleSlider-1 \">\r\n                            <div class = \"td-slider\">\r\n                                \r\n                    <div class = \"td-slide-item td-item1\">\r\n                        <figure class=\"td-slide-galery-figure td-slide-popup-gallery\">\r\n                            <a class=\"slide-gallery-image-link\" href=\"\/wp-content\/uploads\/sites\/5\/2024\/01\/salvavidas-3.jpeg\" title=\"salvavidas-3\"  data-caption=\"\"  data-description=\"\">\r\n                                <img decoding=\"async\" src=\"\/wp-content\/uploads\/sites\/5\/2024\/01\/salvavidas-3-630x420.jpeg\" srcset=\"\/wp-content\/uploads\/sites\/5\/2024\/01\/salvavidas-3-630x420.jpeg 630w, \/wp-content\/uploads\/sites\/5\/2024\/01\/salvavidas-3-300x200.jpeg 300w, \/wp-content\/uploads\/sites\/5\/2024\/01\/salvavidas-3-768x512.jpeg 768w, \/wp-content\/uploads\/sites\/5\/2024\/01\/salvavidas-3-1024x682.jpeg 1024w, \/wp-content\/uploads\/sites\/5\/2024\/01\/salvavidas-3-1536x1023.jpeg 1536w, \/wp-content\/uploads\/sites\/5\/2024\/01\/salvavidas-3-696x464.jpeg 696w, \/wp-content\/uploads\/sites\/5\/2024\/01\/salvavidas-3-1068x712.jpeg 1068w, \/wp-content\/uploads\/sites\/5\/2024\/01\/salvavidas-3-534x356.jpeg 534w, \/wp-content\/uploads\/sites\/5\/2024\/01\/salvavidas-3.jpeg 1600w\" sizes=\"(max-width: 630px) 100vw, 630px\" alt=\"\">\r\n                            <\/a>\r\n                            \r\n                        <\/figure>\r\n                    <\/div>\r\n                    <div class = \"td-slide-item td-item2\">\r\n                        <figure class=\"td-slide-galery-figure td-slide-popup-gallery\">\r\n                            <a class=\"slide-gallery-image-link\" href=\"\/wp-content\/uploads\/sites\/5\/2024\/01\/salvavidas-2.jpeg\" title=\"salvavidas-2\"  data-caption=\"\"  data-description=\"\">\r\n                                <img decoding=\"async\" src=\"\/wp-content\/uploads\/sites\/5\/2024\/01\/salvavidas-2-631x420.jpeg\" srcset=\"\/wp-content\/uploads\/sites\/5\/2024\/01\/salvavidas-2-631x420.jpeg 631w, \/wp-content\/uploads\/sites\/5\/2024\/01\/salvavidas-2-300x200.jpeg 300w, \/wp-content\/uploads\/sites\/5\/2024\/01\/salvavidas-2-768x512.jpeg 768w, \/wp-content\/uploads\/sites\/5\/2024\/01\/salvavidas-2-696x464.jpeg 696w, \/wp-content\/uploads\/sites\/5\/2024\/01\/salvavidas-2-534x356.jpeg 534w, \/wp-content\/uploads\/sites\/5\/2024\/01\/salvavidas-2.jpeg 1024w\" sizes=\"(max-width: 631px) 100vw, 631px\" alt=\"\">\r\n                            <\/a>\r\n                            \r\n                        <\/figure>\r\n                    <\/div>\r\n                    <div class = \"td-slide-item td-item3\">\r\n                        <figure class=\"td-slide-galery-figure td-slide-popup-gallery\">\r\n                            <a class=\"slide-gallery-image-link\" href=\"\/wp-content\/uploads\/sites\/5\/2024\/01\/salvavidas-1.jpeg\" title=\"salvavidas-1\"  data-caption=\"\"  data-description=\"\">\r\n                                <img decoding=\"async\" src=\"\/wp-content\/uploads\/sites\/5\/2024\/01\/salvavidas-1-630x420.jpeg\" srcset=\"\/wp-content\/uploads\/sites\/5\/2024\/01\/salvavidas-1-630x420.jpeg 630w, \/wp-content\/uploads\/sites\/5\/2024\/01\/salvavidas-1-300x200.jpeg 300w, \/wp-content\/uploads\/sites\/5\/2024\/01\/salvavidas-1-768x512.jpeg 768w, \/wp-content\/uploads\/sites\/5\/2024\/01\/salvavidas-1-696x464.jpeg 696w, \/wp-content\/uploads\/sites\/5\/2024\/01\/salvavidas-1-534x356.jpeg 534w, \/wp-content\/uploads\/sites\/5\/2024\/01\/salvavidas-1.jpeg 1024w\" sizes=\"(max-width: 630px) 100vw, 630px\" alt=\"\">\r\n                            <\/a>\r\n                            \r\n                        <\/figure>\r\n                    <\/div>\r\n                    <div class = \"td-slide-item td-item4\">\r\n                        <figure class=\"td-slide-galery-figure td-slide-popup-gallery\">\r\n                            <a class=\"slide-gallery-image-link\" href=\"\/wp-content\/uploads\/sites\/5\/2024\/01\/salvavidas-7.jpeg\" title=\"salvavidas-7\"  data-caption=\"\"  data-description=\"\">\r\n                                <img decoding=\"async\" src=\"\/wp-content\/uploads\/sites\/5\/2024\/01\/salvavidas-7-630x420.jpeg\" srcset=\"\/wp-content\/uploads\/sites\/5\/2024\/01\/salvavidas-7-630x420.jpeg 630w, \/wp-content\/uploads\/sites\/5\/2024\/01\/salvavidas-7-300x200.jpeg 300w, \/wp-content\/uploads\/sites\/5\/2024\/01\/salvavidas-7-768x512.jpeg 768w, \/wp-content\/uploads\/sites\/5\/2024\/01\/salvavidas-7-696x464.jpeg 696w, \/wp-content\/uploads\/sites\/5\/2024\/01\/salvavidas-7-534x356.jpeg 534w, \/wp-content\/uploads\/sites\/5\/2024\/01\/salvavidas-7.jpeg 1024w\" sizes=\"(max-width: 630px) 100vw, 630px\" alt=\"\">\r\n                            <\/a>\r\n                            \r\n                        <\/figure>\r\n                    <\/div>\r\n                    <div class = \"td-slide-item td-item5\">\r\n                        <figure class=\"td-slide-galery-figure td-slide-popup-gallery\">\r\n                            <a class=\"slide-gallery-image-link\" href=\"\/wp-content\/uploads\/sites\/5\/2024\/01\/salvavidas-6.jpeg\" title=\"salvavidas-6\"  data-caption=\"\"  data-description=\"\">\r\n                                <img decoding=\"async\" src=\"\/wp-content\/uploads\/sites\/5\/2024\/01\/salvavidas-6-630x420.jpeg\" srcset=\"\/wp-content\/uploads\/sites\/5\/2024\/01\/salvavidas-6-630x420.jpeg 630w, \/wp-content\/uploads\/sites\/5\/2024\/01\/salvavidas-6-300x200.jpeg 300w, \/wp-content\/uploads\/sites\/5\/2024\/01\/salvavidas-6-768x512.jpeg 768w, \/wp-content\/uploads\/sites\/5\/2024\/01\/salvavidas-6-1024x682.jpeg 1024w, \/wp-content\/uploads\/sites\/5\/2024\/01\/salvavidas-6-1536x1023.jpeg 1536w, \/wp-content\/uploads\/sites\/5\/2024\/01\/salvavidas-6-696x464.jpeg 696w, \/wp-content\/uploads\/sites\/5\/2024\/01\/salvavidas-6-1068x712.jpeg 1068w, \/wp-content\/uploads\/sites\/5\/2024\/01\/salvavidas-6-534x356.jpeg 534w, \/wp-content\/uploads\/sites\/5\/2024\/01\/salvavidas-6.jpeg 1600w\" sizes=\"(max-width: 630px) 100vw, 630px\" alt=\"\">\r\n                            <\/a>\r\n                            \r\n                        <\/figure>\r\n                    <\/div>\r\n                            <\/div>\r\n                        <\/div>\r\n\r\n                        <div class = \"td-doubleSlider-2\">\r\n                            <div class = \"td-slider\">\r\n                                \r\n                    <div class = \"td-button td-item1\">\r\n                        <div class = \"td-border\"><\/div>\r\n                    <\/div>\r\n                    <div class = \"td-button td-item2\">\r\n                        <div class = \"td-border\"><\/div>\r\n                    <\/div>\r\n                    <div class = \"td-button td-item3\">\r\n                        <div class = \"td-border\"><\/div>\r\n                    <\/div>\r\n                    <div class = \"td-button td-item4\">\r\n                        <div class = \"td-border\"><\/div>\r\n                    <\/div>\r\n                    <div class = \"td-button td-item5\">\r\n                        <div class = \"td-border\"><\/div>\r\n                    <\/div>\r\n                            <\/div>\r\n                        <\/div>\r\n\r\n                    <\/div>\r\n\r\n                <\/div>\r\n                ","protected":false},"excerpt":{"rendered":"<p>El Seguro Social lanz\u00f3 la convocatoria a todas las personas interesadas en formar parte del Cuerpo de Salvamento para Semana Santa. En total se contratar\u00e1n 90 salvavidas para contar con una fuerza de 150 durante este per\u00edodo vacacional. El doctor Mynor Mej\u00eda, jefe de la Secci\u00f3n de Seguridad e Higiene y Prevenci\u00f3n de Accidentes, indic\u00f3 [&hellip;]<\/p>\n","protected":false},"author":1961,"featured_media":39721,"comment_status":"closed","ping_status":"closed","sticky":false,"template":"","format":"standard","meta":{"footnotes":""},"categories":[3,1856],"tags":[1434,216,770,1838],"coauthors":[],"class_list":{"0":"post-39713","1":"post","2":"type-post","3":"status-publish","4":"format-standard","5":"has-post-thumbnail","7":"category-actualidad","8":"category-semana-santa-segura-y-sin-accidentes","9":"tag-convocatoria-salvavidas","10":"tag-cuerpo-de-salvamento-del-igss","11":"tag-salvavidas-igss","12":"tag-semana-santa-2024"},"_links":{"self":[{"href":"https:\/\/www.igssgt.org\/noticias\/wp-json\/wp\/v2\/posts\/39713","targetHints":{"allow":["GET"]}}],"collection":[{"href":"https:\/\/www.igssgt.org\/noticias\/wp-json\/wp\/v2\/posts"}],"about":[{"href":"https:\/\/www.igssgt.org\/noticias\/wp-json\/wp\/v2\/types\/post"}],"author":[{"embeddable":true,"href":"https:\/\/www.igssgt.org\/noticias\/wp-json\/wp\/v2\/users\/1961"}],"replies":[{"embeddable":true,"href":"https:\/\/www.igssgt.org\/noticias\/wp-json\/wp\/v2\/comments?post=39713"}],"version-history":[{"count":10,"href":"https:\/\/www.igssgt.org\/noticias\/wp-json\/wp\/v2\/posts\/39713\/revisions"}],"predecessor-version":[{"id":40270,"href":"https:\/\/www.igssgt.org\/noticias\/wp-json\/wp\/v2\/posts\/39713\/revisions\/40270"}],"wp:featuredmedia":[{"embeddable":true,"href":"https:\/\/www.igssgt.org\/noticias\/wp-json\/wp\/v2\/media\/39721"}],"wp:attachment":[{"href":"https:\/\/www.igssgt.org\/noticias\/wp-json\/wp\/v2\/media?parent=39713"}],"wp:term":[{"taxonomy":"category","embeddable":true,"href":"https:\/\/www.igssgt.org\/noticias\/wp-json\/wp\/v2\/categories?post=39713"},{"taxonomy":"post_tag","embeddable":true,"href":"https:\/\/www.igssgt.org\/noticias\/wp-json\/wp\/v2\/tags?post=39713"},{"taxonomy":"author","embeddable":true,"href":"https:\/\/www.igssgt.org\/noticias\/wp-json\/wp\/v2\/coauthors?post=39713"}],"curies":[{"name":"wp","href":"https:\/\/api.w.org\/{rel}","templated":true}]}}