{"id":39756,"date":"2024-01-28T06:00:00","date_gmt":"2024-01-28T12:00:00","guid":{"rendered":"https:\/\/www.igssgt.org\/noticias\/?p=39756"},"modified":"2024-02-21T12:25:33","modified_gmt":"2024-02-21T18:25:33","slug":"lepra-una-enfermedad-curable-que-continua-creando-estigmas-que-dificultan-su-diagnostico-y-tratamiento","status":"publish","type":"post","link":"https:\/\/www.igssgt.org\/noticias\/2024\/01\/28\/lepra-una-enfermedad-curable-que-continua-creando-estigmas-que-dificultan-su-diagnostico-y-tratamiento\/","title":{"rendered":"Lepra: una enfermedad curable que contin\u00faa creando estigmas que dificultan su diagn\u00f3stico y tratamiento"},"content":{"rendered":"\n<p class=\"has-drop-cap\"><strong>\u201cAntes de 1940 era una enfermedad incurable y causaba una muerte lenta por el aislamiento y la discriminaci\u00f3n general\u201d<\/strong>, explic\u00f3 el doctor Rudy L\u00f3pez, infect\u00f3logo del Seguro Social, al referirse a la lepra, enfermedad que tiene origen en el complejo Mycobacterium Leprae, mejor conocido como mal de Hansen.<\/p>\n\n\n<p>Las manifestaciones iniciales son manchas claras u oscuras, o n\u00f3dulos que derivan en laceraciones en la piel y p\u00e9rdida de sensibilidad en la zona afectada. Otros s\u00edntomas incluyen debilidad muscular y sensaci\u00f3n de hormigueo en las manos y los pies.<\/p>\n<figure id=\"attachment_39760\" aria-describedby=\"caption-attachment-39760\" style=\"width: 1600px\" class=\"wp-caption alignnone\"><a href=\"\/wp-content\/uploads\/sites\/5\/2024\/01\/lepra-2.jpeg\" target=\"_blank\" rel=\"noopener\"><img loading=\"lazy\" decoding=\"async\" class=\"wp-image-39760 size-full\" src=\"\/wp-content\/uploads\/sites\/5\/2024\/01\/lepra-2.jpeg\" alt=\"\" width=\"1600\" height=\"1120\" srcset=\"\/wp-content\/uploads\/sites\/5\/2024\/01\/lepra-2.jpeg 1600w, \/wp-content\/uploads\/sites\/5\/2024\/01\/lepra-2-300x210.jpeg 300w, \/wp-content\/uploads\/sites\/5\/2024\/01\/lepra-2-768x538.jpeg 768w, \/wp-content\/uploads\/sites\/5\/2024\/01\/lepra-2-1024x717.jpeg 1024w, \/wp-content\/uploads\/sites\/5\/2024\/01\/lepra-2-1536x1075.jpeg 1536w, \/wp-content\/uploads\/sites\/5\/2024\/01\/lepra-2-600x420.jpeg 600w, \/wp-content\/uploads\/sites\/5\/2024\/01\/lepra-2-696x487.jpeg 696w, \/wp-content\/uploads\/sites\/5\/2024\/01\/lepra-2-1068x748.jpeg 1068w, \/wp-content\/uploads\/sites\/5\/2024\/01\/lepra-2-100x70.jpeg 100w, \/wp-content\/uploads\/sites\/5\/2024\/01\/lepra-2-534x374.jpeg 534w\" sizes=\"auto, (max-width: 1600px) 100vw, 1600px\" \/><\/a><figcaption id=\"caption-attachment-39760\" class=\"wp-caption-text\">La lepra es una enfermedad presente en m\u00e1s de 120 pa\u00edses, con m\u00e1s de 200 mil nuevos casos al a\u00f1o.<\/figcaption><\/figure>\n<p>Aunque es visible casi siempre en la piel, puede afectar el sistema nervioso perif\u00e9rico, la mucosa del tracto respiratorio superior, los ojos, test\u00edculos, \u00f3rganos renales y, en muchos casos, obliga a la mutilaci\u00f3n de los miembros.<\/p>\n<blockquote>\n<p>Antes de 1940 era una enfermedad incurable y causaba una muerte lenta por el aislamiento y la discriminaci\u00f3n general<\/p>\n<\/blockquote>\n<p>En la actualidad es perfectamente curable y de muy escasa infecciosidad. Sin embargo, el especialista se\u00f1ala que es importante poner atenci\u00f3n en las lesiones de la piel que no se curan con los tratamientos convencionales, adormecimiento de los miembros y deformaciones a nivel nasofar\u00edngeo.<\/p>\n<figure id=\"attachment_39761\" aria-describedby=\"caption-attachment-39761\" style=\"width: 1600px\" class=\"wp-caption alignnone\"><a href=\"\/wp-content\/uploads\/sites\/5\/2024\/01\/lepra-3.jpeg\" target=\"_blank\" rel=\"noopener\"><img loading=\"lazy\" decoding=\"async\" class=\"wp-image-39761 size-full\" src=\"\/wp-content\/uploads\/sites\/5\/2024\/01\/lepra-3.jpeg\" alt=\"\" width=\"1600\" height=\"1115\" srcset=\"\/wp-content\/uploads\/sites\/5\/2024\/01\/lepra-3.jpeg 1600w, \/wp-content\/uploads\/sites\/5\/2024\/01\/lepra-3-300x209.jpeg 300w, \/wp-content\/uploads\/sites\/5\/2024\/01\/lepra-3-768x535.jpeg 768w, \/wp-content\/uploads\/sites\/5\/2024\/01\/lepra-3-1024x714.jpeg 1024w, \/wp-content\/uploads\/sites\/5\/2024\/01\/lepra-3-1536x1070.jpeg 1536w, \/wp-content\/uploads\/sites\/5\/2024\/01\/lepra-3-603x420.jpeg 603w, \/wp-content\/uploads\/sites\/5\/2024\/01\/lepra-3-696x485.jpeg 696w, \/wp-content\/uploads\/sites\/5\/2024\/01\/lepra-3-1068x744.jpeg 1068w, \/wp-content\/uploads\/sites\/5\/2024\/01\/lepra-3-100x70.jpeg 100w, \/wp-content\/uploads\/sites\/5\/2024\/01\/lepra-3-534x372.jpeg 534w\" sizes=\"auto, (max-width: 1600px) 100vw, 1600px\" \/><\/a><figcaption id=\"caption-attachment-39761\" class=\"wp-caption-text\">Se manifiesta por la presencia de lesiones cut\u00e1neas y la afectaci\u00f3n de nervios perif\u00e9ricos.<\/figcaption><\/figure>\n<p>El tratamiento consiste en la aplicaci\u00f3n de f\u00e1rmacos antimicrobianos que controlan el crecimiento y replicaci\u00f3n de la bacteria. Antes de la administraci\u00f3n de estos medicamentos, es necesario realizar una biopsia que confirme el diagn\u00f3stico.<\/p>\n<p>Las personas afectadas por la lepra a menudo son discriminadas y estigmatizadas. Esta situaci\u00f3n tiene un impacto negativo en el acceso al diagn\u00f3stico, el resultado del tratamiento y atenci\u00f3n, adem\u00e1s de violar los derechos civiles, pol\u00edticos y sociales.<\/p>\n<p>En el Seguro Social se cuenta con m\u00e9dicos especialistas, equipo y el tratamiento para este y otras afecciones, destacando que desde hace a\u00f1os no se han diagnosticado pacientes con lepra.<\/p>\n<figure id=\"attachment_39762\" aria-describedby=\"caption-attachment-39762\" style=\"width: 1600px\" class=\"wp-caption alignnone\"><a href=\"\/wp-content\/uploads\/sites\/5\/2024\/01\/lepra-5.jpeg\" target=\"_blank\" rel=\"noopener\"><img loading=\"lazy\" decoding=\"async\" class=\"wp-image-39762 size-full\" src=\"\/wp-content\/uploads\/sites\/5\/2024\/01\/lepra-5.jpeg\" alt=\"\" width=\"1600\" height=\"1066\" srcset=\"\/wp-content\/uploads\/sites\/5\/2024\/01\/lepra-5.jpeg 1600w, \/wp-content\/uploads\/sites\/5\/2024\/01\/lepra-5-300x200.jpeg 300w, \/wp-content\/uploads\/sites\/5\/2024\/01\/lepra-5-768x512.jpeg 768w, \/wp-content\/uploads\/sites\/5\/2024\/01\/lepra-5-1024x682.jpeg 1024w, \/wp-content\/uploads\/sites\/5\/2024\/01\/lepra-5-1536x1023.jpeg 1536w, \/wp-content\/uploads\/sites\/5\/2024\/01\/lepra-5-630x420.jpeg 630w, \/wp-content\/uploads\/sites\/5\/2024\/01\/lepra-5-696x464.jpeg 696w, \/wp-content\/uploads\/sites\/5\/2024\/01\/lepra-5-1068x712.jpeg 1068w, \/wp-content\/uploads\/sites\/5\/2024\/01\/lepra-5-534x356.jpeg 534w\" sizes=\"auto, (max-width: 1600px) 100vw, 1600px\" \/><\/a><figcaption id=\"caption-attachment-39762\" class=\"wp-caption-text\">Se transmite a trav\u00e9s de gotas peque\u00f1as expulsadas por la boca y nariz.<\/figcaption><\/figure>","protected":false},"excerpt":{"rendered":"<p>\u201cAntes de 1940 era una enfermedad incurable y causaba una muerte lenta por el aislamiento y la discriminaci\u00f3n general\u201d, explic\u00f3 el doctor Rudy L\u00f3pez, infect\u00f3logo del Seguro Social, al referirse a la lepra, enfermedad que tiene origen en el complejo Mycobacterium Leprae, mejor conocido como mal de Hansen. Las manifestaciones iniciales son manchas claras u [&hellip;]<\/p>\n","protected":false},"author":1961,"featured_media":39758,"comment_status":"closed","ping_status":"closed","sticky":false,"template":"","format":"standard","meta":{"footnotes":""},"categories":[3,1130],"tags":[1841,831],"coauthors":[1448],"class_list":{"0":"post-39756","1":"post","2":"type-post","3":"status-publish","4":"format-standard","5":"has-post-thumbnail","7":"category-actualidad","8":"category-consejos-medicos","9":"tag-lepra","10":"tag-unidad-de-infectologia"},"_links":{"self":[{"href":"https:\/\/www.igssgt.org\/noticias\/wp-json\/wp\/v2\/posts\/39756","targetHints":{"allow":["GET"]}}],"collection":[{"href":"https:\/\/www.igssgt.org\/noticias\/wp-json\/wp\/v2\/posts"}],"about":[{"href":"https:\/\/www.igssgt.org\/noticias\/wp-json\/wp\/v2\/types\/post"}],"author":[{"embeddable":true,"href":"https:\/\/www.igssgt.org\/noticias\/wp-json\/wp\/v2\/users\/1961"}],"replies":[{"embeddable":true,"href":"https:\/\/www.igssgt.org\/noticias\/wp-json\/wp\/v2\/comments?post=39756"}],"version-history":[{"count":4,"href":"https:\/\/www.igssgt.org\/noticias\/wp-json\/wp\/v2\/posts\/39756\/revisions"}],"predecessor-version":[{"id":39765,"href":"https:\/\/www.igssgt.org\/noticias\/wp-json\/wp\/v2\/posts\/39756\/revisions\/39765"}],"wp:featuredmedia":[{"embeddable":true,"href":"https:\/\/www.igssgt.org\/noticias\/wp-json\/wp\/v2\/media\/39758"}],"wp:attachment":[{"href":"https:\/\/www.igssgt.org\/noticias\/wp-json\/wp\/v2\/media?parent=39756"}],"wp:term":[{"taxonomy":"category","embeddable":true,"href":"https:\/\/www.igssgt.org\/noticias\/wp-json\/wp\/v2\/categories?post=39756"},{"taxonomy":"post_tag","embeddable":true,"href":"https:\/\/www.igssgt.org\/noticias\/wp-json\/wp\/v2\/tags?post=39756"},{"taxonomy":"author","embeddable":true,"href":"https:\/\/www.igssgt.org\/noticias\/wp-json\/wp\/v2\/coauthors?post=39756"}],"curies":[{"name":"wp","href":"https:\/\/api.w.org\/{rel}","templated":true}]}}