{"id":39955,"date":"2024-02-08T08:56:43","date_gmt":"2024-02-08T14:56:43","guid":{"rendered":"https:\/\/www.igssgt.org\/noticias\/?p=39955"},"modified":"2024-02-21T12:29:34","modified_gmt":"2024-02-21T18:29:34","slug":"prematuros-reciben-atencion-integral-en-el-hospital-de-gineco-obstetricia","status":"publish","type":"post","link":"https:\/\/www.igssgt.org\/noticias\/2024\/02\/08\/prematuros-reciben-atencion-integral-en-el-hospital-de-gineco-obstetricia\/","title":{"rendered":"Prematuros reciben atenci\u00f3n integral en el Hospital de Gineco Obstetricia"},"content":{"rendered":"\n<p class=\"has-drop-cap\">Zaira Paola Zo\u00e9 Xicay Ixen naci\u00f3 a las 25 semanas de gestaci\u00f3n, desafiando todas las expectativas. Con tan solo 1 libra con 14 onzas fue recibida por los m\u00e9dicos del Hospital de Gineco Obstetricia, donde permaneci\u00f3 en el \u00e1rea de Neonatos durante m\u00e1s 3 meses, recibiendo todos los cuidados.<\/p>\n\n\n<p><a href=\"\/wp-content\/uploads\/sites\/5\/2024\/02\/prematuros-1.jpeg\"><img loading=\"lazy\" decoding=\"async\" class=\"alignnone size-full wp-image-39958\" src=\"\/wp-content\/uploads\/sites\/5\/2024\/02\/prematuros-1.jpeg\" alt=\"\" width=\"1600\" height=\"900\" srcset=\"\/wp-content\/uploads\/sites\/5\/2024\/02\/prematuros-1.jpeg 1600w, \/wp-content\/uploads\/sites\/5\/2024\/02\/prematuros-1-300x169.jpeg 300w, \/wp-content\/uploads\/sites\/5\/2024\/02\/prematuros-1-768x432.jpeg 768w, \/wp-content\/uploads\/sites\/5\/2024\/02\/prematuros-1-1024x576.jpeg 1024w, \/wp-content\/uploads\/sites\/5\/2024\/02\/prematuros-1-1536x864.jpeg 1536w, \/wp-content\/uploads\/sites\/5\/2024\/02\/prematuros-1-747x420.jpeg 747w, \/wp-content\/uploads\/sites\/5\/2024\/02\/prematuros-1-696x392.jpeg 696w, \/wp-content\/uploads\/sites\/5\/2024\/02\/prematuros-1-1068x601.jpeg 1068w, \/wp-content\/uploads\/sites\/5\/2024\/02\/prematuros-1-534x300.jpeg 534w\" sizes=\"auto, (max-width: 1600px) 100vw, 1600px\" \/><\/a><\/p>\n<p>Ahora, con 5 meses, gracias a los cuidados del Seguro Social y la atenci\u00f3n especializada de un equipo multidisciplinario, Zaira contin\u00faa desarroll\u00e1ndose f\u00edsica y mentalmente. La psic\u00f3loga infantil Rosario Cabrera destac\u00f3 la importancia del seguimiento psicomotor para brindarle la estimulaci\u00f3n necesaria, que le permita alcanzar conductas acorde a su edad.<\/p>\n<blockquote>\n<p>Yesica Ixen agradeci\u00f3 la atenci\u00f3n brindada desde el momento del parto y los cuidados que su hija ha recibido<\/p>\n<\/blockquote>\n<p><strong>\u201cSabemos que los ni\u00f1os prematuros, por su naturaleza, a menudo enfrentan un ritmo m\u00e1s lento en su desarrollo, y aqu\u00ed es donde la terapia desempe\u00f1a un papel crucial\u201d<\/strong>, asegur\u00f3.<\/p>\n<p><a href=\"\/wp-content\/uploads\/sites\/5\/2024\/02\/prematuros-2.jpeg\" target=\"_blank\" rel=\"noopener\"><img loading=\"lazy\" decoding=\"async\" class=\"alignnone wp-image-39959 size-full\" src=\"\/wp-content\/uploads\/sites\/5\/2024\/02\/prematuros-2.jpeg\" alt=\"\" width=\"1333\" height=\"921\" srcset=\"\/wp-content\/uploads\/sites\/5\/2024\/02\/prematuros-2.jpeg 1333w, \/wp-content\/uploads\/sites\/5\/2024\/02\/prematuros-2-300x207.jpeg 300w, \/wp-content\/uploads\/sites\/5\/2024\/02\/prematuros-2-768x531.jpeg 768w, \/wp-content\/uploads\/sites\/5\/2024\/02\/prematuros-2-1024x708.jpeg 1024w, \/wp-content\/uploads\/sites\/5\/2024\/02\/prematuros-2-608x420.jpeg 608w, \/wp-content\/uploads\/sites\/5\/2024\/02\/prematuros-2-218x150.jpeg 218w, \/wp-content\/uploads\/sites\/5\/2024\/02\/prematuros-2-696x481.jpeg 696w, \/wp-content\/uploads\/sites\/5\/2024\/02\/prematuros-2-1068x738.jpeg 1068w, \/wp-content\/uploads\/sites\/5\/2024\/02\/prematuros-2-100x70.jpeg 100w, \/wp-content\/uploads\/sites\/5\/2024\/02\/prematuros-2-534x369.jpeg 534w\" sizes=\"auto, (max-width: 1333px) 100vw, 1333px\" \/><\/a><\/p>\n<p>Este seguimiento integral abarca una terapia multisensorial, la cual activa los sentidos simult\u00e1neamente, adem\u00e1s de ejercicios para fortalecer su motricidad gruesa, especialmente vital dada la delicadeza muscular inherente a los ni\u00f1os prematuros.<\/p>\n<p>Yesica Ixen agradeci\u00f3 la atenci\u00f3n brindada desde el momento del parto y los cuidados que su hija ha recibido.<\/p>\n<p><strong>\u201cHay diferentes casos, pero ellos dan la importancia a cada uno. Considero muy buena la atenci\u00f3n desde el momento del parto hasta ahora\u201d<\/strong>, expres\u00f3 Ixen.<\/p>\n<p>Agreg\u00f3 que con la terapia que la psic\u00f3loga le ense\u00f1\u00f3 y que ella debe continuar en casa, espera que su beb\u00e9 alcance el desarrollo adecuado para su edad.<\/p>\n<p><a href=\"\/wp-content\/uploads\/sites\/5\/2024\/02\/prematuros-3.jpeg\" target=\"_blank\" rel=\"noopener\"><img loading=\"lazy\" decoding=\"async\" class=\"alignnone wp-image-39960 size-full\" src=\"\/wp-content\/uploads\/sites\/5\/2024\/02\/prematuros-3.jpeg\" alt=\"\" width=\"1600\" height=\"900\" srcset=\"\/wp-content\/uploads\/sites\/5\/2024\/02\/prematuros-3.jpeg 1600w, \/wp-content\/uploads\/sites\/5\/2024\/02\/prematuros-3-300x169.jpeg 300w, \/wp-content\/uploads\/sites\/5\/2024\/02\/prematuros-3-768x432.jpeg 768w, \/wp-content\/uploads\/sites\/5\/2024\/02\/prematuros-3-1024x576.jpeg 1024w, \/wp-content\/uploads\/sites\/5\/2024\/02\/prematuros-3-1536x864.jpeg 1536w, \/wp-content\/uploads\/sites\/5\/2024\/02\/prematuros-3-747x420.jpeg 747w, \/wp-content\/uploads\/sites\/5\/2024\/02\/prematuros-3-696x392.jpeg 696w, \/wp-content\/uploads\/sites\/5\/2024\/02\/prematuros-3-1068x601.jpeg 1068w, \/wp-content\/uploads\/sites\/5\/2024\/02\/prematuros-3-534x300.jpeg 534w\" sizes=\"auto, (max-width: 1600px) 100vw, 1600px\" \/><\/a><\/p>","protected":false},"excerpt":{"rendered":"<p>Zaira Paola Zo\u00e9 Xicay Ixen naci\u00f3 a las 25 semanas de gestaci\u00f3n, desafiando todas las expectativas. Con tan solo 1 libra con 14 onzas fue recibida por los m\u00e9dicos del Hospital de Gineco Obstetricia, donde permaneci\u00f3 en el \u00e1rea de Neonatos durante m\u00e1s 3 meses, recibiendo todos los cuidados. Ahora, con 5 meses, gracias a [&hellip;]<\/p>\n","protected":false},"author":1961,"featured_media":39957,"comment_status":"closed","ping_status":"closed","sticky":false,"template":"","format":"standard","meta":{"footnotes":""},"categories":[3,1291],"tags":[1247,1662,661],"coauthors":[],"class_list":{"0":"post-39955","1":"post","2":"type-post","3":"status-publish","4":"format-standard","5":"has-post-thumbnail","7":"category-actualidad","8":"category-prestaciones-en-salud","9":"tag-gineco-obstetricia","10":"tag-hospital-de-gineco-obstetricia-2","11":"tag-ninos-prematuros"},"_links":{"self":[{"href":"https:\/\/www.igssgt.org\/noticias\/wp-json\/wp\/v2\/posts\/39955","targetHints":{"allow":["GET"]}}],"collection":[{"href":"https:\/\/www.igssgt.org\/noticias\/wp-json\/wp\/v2\/posts"}],"about":[{"href":"https:\/\/www.igssgt.org\/noticias\/wp-json\/wp\/v2\/types\/post"}],"author":[{"embeddable":true,"href":"https:\/\/www.igssgt.org\/noticias\/wp-json\/wp\/v2\/users\/1961"}],"replies":[{"embeddable":true,"href":"https:\/\/www.igssgt.org\/noticias\/wp-json\/wp\/v2\/comments?post=39955"}],"version-history":[{"count":2,"href":"https:\/\/www.igssgt.org\/noticias\/wp-json\/wp\/v2\/posts\/39955\/revisions"}],"predecessor-version":[{"id":39961,"href":"https:\/\/www.igssgt.org\/noticias\/wp-json\/wp\/v2\/posts\/39955\/revisions\/39961"}],"wp:featuredmedia":[{"embeddable":true,"href":"https:\/\/www.igssgt.org\/noticias\/wp-json\/wp\/v2\/media\/39957"}],"wp:attachment":[{"href":"https:\/\/www.igssgt.org\/noticias\/wp-json\/wp\/v2\/media?parent=39955"}],"wp:term":[{"taxonomy":"category","embeddable":true,"href":"https:\/\/www.igssgt.org\/noticias\/wp-json\/wp\/v2\/categories?post=39955"},{"taxonomy":"post_tag","embeddable":true,"href":"https:\/\/www.igssgt.org\/noticias\/wp-json\/wp\/v2\/tags?post=39955"},{"taxonomy":"author","embeddable":true,"href":"https:\/\/www.igssgt.org\/noticias\/wp-json\/wp\/v2\/coauthors?post=39955"}],"curies":[{"name":"wp","href":"https:\/\/api.w.org\/{rel}","templated":true}]}}