{"id":40094,"date":"2024-02-15T08:42:13","date_gmt":"2024-02-15T14:42:13","guid":{"rendered":"https:\/\/www.igssgt.org\/noticias\/?p=40094"},"modified":"2024-02-21T12:19:56","modified_gmt":"2024-02-21T18:19:56","slug":"dia-internacional-contra-el-cancer-infantil-la-deteccion-temprana-es-clave","status":"publish","type":"post","link":"https:\/\/www.igssgt.org\/noticias\/2024\/02\/15\/dia-internacional-contra-el-cancer-infantil-la-deteccion-temprana-es-clave\/","title":{"rendered":"D\u00eda Internacional contra el C\u00e1ncer Infantil: La detecci\u00f3n temprana es clave"},"content":{"rendered":"\n<p class=\"has-drop-cap\">Los ni\u00f1os se destacan por su enorme curiosidad por el mundo y su deseo de vivir la vida, incluso en tiempos adversos. Cuando la afiliada Ileana Quex supo que su hijo Francisco, en ese entonces de 2 a\u00f1os, ten\u00eda leucemia linfobl\u00e1stica aguda fueron momentos duros para la familia.<\/p>\n\n\n<p>Si bien finaliz\u00f3 el tratamiento a los cinco, cuatro a\u00f1os despu\u00e9s tuvo una recurrencia del c\u00e1ncer. <strong>\u201cSent\u00ed derrumbarme, pero mi hijo me dec\u00eda que Dios lo san\u00f3 una vez y volver\u00eda a hacerlo\u201d<\/strong>, record\u00f3 Quex. Actualmente Francisco acude al Hospital General de Enfermedades (HGE) para terminar el proceso.<\/p>\n<figure id=\"attachment_40099\" aria-describedby=\"caption-attachment-40099\" style=\"width: 1497px\" class=\"wp-caption alignnone\"><a href=\"\/wp-content\/uploads\/sites\/5\/2024\/02\/cancer-infantil-3.jpeg\" target=\"_blank\" rel=\"noopener\"><img loading=\"lazy\" decoding=\"async\" class=\"wp-image-40099 size-full\" src=\"\/wp-content\/uploads\/sites\/5\/2024\/02\/cancer-infantil-3.jpeg\" alt=\"\" width=\"1497\" height=\"1035\" srcset=\"\/wp-content\/uploads\/sites\/5\/2024\/02\/cancer-infantil-3.jpeg 1497w, \/wp-content\/uploads\/sites\/5\/2024\/02\/cancer-infantil-3-300x207.jpeg 300w, \/wp-content\/uploads\/sites\/5\/2024\/02\/cancer-infantil-3-768x531.jpeg 768w, \/wp-content\/uploads\/sites\/5\/2024\/02\/cancer-infantil-3-1024x708.jpeg 1024w, \/wp-content\/uploads\/sites\/5\/2024\/02\/cancer-infantil-3-607x420.jpeg 607w, \/wp-content\/uploads\/sites\/5\/2024\/02\/cancer-infantil-3-218x150.jpeg 218w, \/wp-content\/uploads\/sites\/5\/2024\/02\/cancer-infantil-3-696x481.jpeg 696w, \/wp-content\/uploads\/sites\/5\/2024\/02\/cancer-infantil-3-1068x738.jpeg 1068w, \/wp-content\/uploads\/sites\/5\/2024\/02\/cancer-infantil-3-100x70.jpeg 100w, \/wp-content\/uploads\/sites\/5\/2024\/02\/cancer-infantil-3-534x369.jpeg 534w\" sizes=\"auto, (max-width: 1497px) 100vw, 1497px\" \/><\/a><figcaption id=\"caption-attachment-40099\" class=\"wp-caption-text\">El c\u00e1ncer m\u00e1s com\u00fan es la leucemia linfobl\u00e1stica aguda, el cual hace que la m\u00e9dula \u00f3sea produzca demasiados linfocitos (gl\u00f3bulos blancos).<\/figcaption><\/figure>\n<p>El c\u00e1ncer es la multiplicaci\u00f3n incontrolable de una c\u00e9lula del cuerpo. Aunque no siempre es hereditario, en ocasiones s\u00ed hay un componente gen\u00e9tico que lo causa. Tambi\u00e9n ha sucedido que el afectado es el primero de la familia en padecerlo. Adem\u00e1s, este mal puede diseminarse hacia otras partes del organismo.<\/p>\n<p><strong>\u201cLo m\u00e1s importante es la detecci\u00f3n temprana\u201d<\/strong>, subray\u00f3 la pediatra y onc\u00f3loga Analuc\u00eda Guil\u00e1, encargada de la Unidad de Oncolog\u00eda Pedi\u00e1trica del HGE.<\/p>\n<blockquote>\n<p>Es esencial que el infante acuda a las citas de Ni\u00f1o Sano, ya que los pediatras son los primeros en detectar el problema<\/p>\n<\/blockquote>\n<p>Dependiendo en qu\u00e9 parte se localice la enfermedad (ojos, huesos y el h\u00edgado) as\u00ed ser\u00e1n los s\u00edntomas. Por lo general, la formaci\u00f3n de una masa indica que algo anda fuera de lo normal, as\u00ed como el cansancio, palidez, sangrados o crecimiento de los ganglios linf\u00e1ticos. Esos son los s\u00edntomas m\u00e1s comunes.<\/p>\n<p>Por eso, recalc\u00f3 Guil\u00e1, <strong>\u201ces esencial que el infante acuda a las citas de Ni\u00f1o Sano, ya que los pediatras son los primeros en detectar el problema y hacen estudios adicionales con el prop\u00f3sito de confirmar o descartar\u201d<\/strong>.<\/p>\n<figure id=\"attachment_40097\" aria-describedby=\"caption-attachment-40097\" style=\"width: 1600px\" class=\"wp-caption alignnone\"><a href=\"\/wp-content\/uploads\/sites\/5\/2024\/02\/cancer-infantil-1.jpeg\" target=\"_blank\" rel=\"noopener\"><img loading=\"lazy\" decoding=\"async\" class=\"wp-image-40097 size-full\" src=\"\/wp-content\/uploads\/sites\/5\/2024\/02\/cancer-infantil-1.jpeg\" alt=\"\" width=\"1600\" height=\"1066\" srcset=\"\/wp-content\/uploads\/sites\/5\/2024\/02\/cancer-infantil-1.jpeg 1600w, \/wp-content\/uploads\/sites\/5\/2024\/02\/cancer-infantil-1-300x200.jpeg 300w, \/wp-content\/uploads\/sites\/5\/2024\/02\/cancer-infantil-1-768x512.jpeg 768w, \/wp-content\/uploads\/sites\/5\/2024\/02\/cancer-infantil-1-1024x682.jpeg 1024w, \/wp-content\/uploads\/sites\/5\/2024\/02\/cancer-infantil-1-1536x1023.jpeg 1536w, \/wp-content\/uploads\/sites\/5\/2024\/02\/cancer-infantil-1-630x420.jpeg 630w, \/wp-content\/uploads\/sites\/5\/2024\/02\/cancer-infantil-1-696x464.jpeg 696w, \/wp-content\/uploads\/sites\/5\/2024\/02\/cancer-infantil-1-1068x712.jpeg 1068w, \/wp-content\/uploads\/sites\/5\/2024\/02\/cancer-infantil-1-534x356.jpeg 534w\" sizes=\"auto, (max-width: 1600px) 100vw, 1600px\" \/><\/a><figcaption id=\"caption-attachment-40097\" class=\"wp-caption-text\">Cuando un ni\u00f1o es diagnosticado con c\u00e1ncer, lo refieren al Hospital General de Enfermedades para recibir atenci\u00f3n especializada.<\/figcaption><\/figure>\n<p>Seg\u00fan el caso, el Seguro Social proporciona tratamientos como quimioterapias, radioterapias y, si es necesaria, la cirug\u00eda. De acuerdo con la especialista, cada mes hay de cinco a seis casos nuevos.<\/p>\n<p>Comenzar esa etapa implica un cambio en la familia y en el paciente. Una vez se controla la enfermedad, el ni\u00f1o puede regresar a su rutina (estudiar, jugar). Desde luego, cuentan con el acompa\u00f1amiento de los especialistas del Instituto, quienes les dan recomendaciones sobre los cuidados que deben llevar.<\/p>\n<p><strong>\u201cGracias a Dios, los ni\u00f1os son grandes sobrevivientes. Son personas que se levantan, no se quejan. Hacen que uno quiera seguir luchando por ellos todos los d\u00edas. A las familias que luchan con esta enfermedad, les digo que no est\u00e1n solas, tienen el apoyo m\u00e9dico y de enfermer\u00eda. Hay cura, no se rindan\u201d<\/strong>, inst\u00f3 Guil\u00e1.<\/p>\n<figure id=\"attachment_40098\" aria-describedby=\"caption-attachment-40098\" style=\"width: 1407px\" class=\"wp-caption alignnone\"><a href=\"\/wp-content\/uploads\/sites\/5\/2024\/02\/cancer-infantil-2.jpeg\" target=\"_blank\" rel=\"noopener\"><img loading=\"lazy\" decoding=\"async\" class=\"wp-image-40098 size-full\" src=\"\/wp-content\/uploads\/sites\/5\/2024\/02\/cancer-infantil-2.jpeg\" alt=\"\" width=\"1407\" height=\"945\" srcset=\"\/wp-content\/uploads\/sites\/5\/2024\/02\/cancer-infantil-2.jpeg 1407w, \/wp-content\/uploads\/sites\/5\/2024\/02\/cancer-infantil-2-300x201.jpeg 300w, \/wp-content\/uploads\/sites\/5\/2024\/02\/cancer-infantil-2-768x516.jpeg 768w, \/wp-content\/uploads\/sites\/5\/2024\/02\/cancer-infantil-2-1024x688.jpeg 1024w, \/wp-content\/uploads\/sites\/5\/2024\/02\/cancer-infantil-2-625x420.jpeg 625w, \/wp-content\/uploads\/sites\/5\/2024\/02\/cancer-infantil-2-696x467.jpeg 696w, \/wp-content\/uploads\/sites\/5\/2024\/02\/cancer-infantil-2-1068x717.jpeg 1068w, \/wp-content\/uploads\/sites\/5\/2024\/02\/cancer-infantil-2-534x359.jpeg 534w\" sizes=\"auto, (max-width: 1407px) 100vw, 1407px\" \/><\/a><figcaption id=\"caption-attachment-40098\" class=\"wp-caption-text\">Dependiendo del tipo de c\u00e1ncer, el Seguro Social cubre tratamientos como radioterapias, quimioterapias o cirug\u00eda.<\/figcaption><\/figure>","protected":false},"excerpt":{"rendered":"<p>Los ni\u00f1os se destacan por su enorme curiosidad por el mundo y su deseo de vivir la vida, incluso en tiempos adversos. Cuando la afiliada Ileana Quex supo que su hijo Francisco, en ese entonces de 2 a\u00f1os, ten\u00eda leucemia linfobl\u00e1stica aguda fueron momentos duros para la familia. Si bien finaliz\u00f3 el tratamiento a los [&hellip;]<\/p>\n","protected":false},"author":1961,"featured_media":40096,"comment_status":"closed","ping_status":"closed","sticky":false,"template":"","format":"standard","meta":{"footnotes":""},"categories":[3,1130],"tags":[159,1659,676],"coauthors":[],"class_list":{"0":"post-40094","1":"post","2":"type-post","3":"status-publish","4":"format-standard","5":"has-post-thumbnail","7":"category-actualidad","8":"category-consejos-medicos","9":"tag-cancer-infantil","10":"tag-nino-sano","11":"tag-oncologia"},"_links":{"self":[{"href":"https:\/\/www.igssgt.org\/noticias\/wp-json\/wp\/v2\/posts\/40094","targetHints":{"allow":["GET"]}}],"collection":[{"href":"https:\/\/www.igssgt.org\/noticias\/wp-json\/wp\/v2\/posts"}],"about":[{"href":"https:\/\/www.igssgt.org\/noticias\/wp-json\/wp\/v2\/types\/post"}],"author":[{"embeddable":true,"href":"https:\/\/www.igssgt.org\/noticias\/wp-json\/wp\/v2\/users\/1961"}],"replies":[{"embeddable":true,"href":"https:\/\/www.igssgt.org\/noticias\/wp-json\/wp\/v2\/comments?post=40094"}],"version-history":[{"count":6,"href":"https:\/\/www.igssgt.org\/noticias\/wp-json\/wp\/v2\/posts\/40094\/revisions"}],"predecessor-version":[{"id":40196,"href":"https:\/\/www.igssgt.org\/noticias\/wp-json\/wp\/v2\/posts\/40094\/revisions\/40196"}],"wp:featuredmedia":[{"embeddable":true,"href":"https:\/\/www.igssgt.org\/noticias\/wp-json\/wp\/v2\/media\/40096"}],"wp:attachment":[{"href":"https:\/\/www.igssgt.org\/noticias\/wp-json\/wp\/v2\/media?parent=40094"}],"wp:term":[{"taxonomy":"category","embeddable":true,"href":"https:\/\/www.igssgt.org\/noticias\/wp-json\/wp\/v2\/categories?post=40094"},{"taxonomy":"post_tag","embeddable":true,"href":"https:\/\/www.igssgt.org\/noticias\/wp-json\/wp\/v2\/tags?post=40094"},{"taxonomy":"author","embeddable":true,"href":"https:\/\/www.igssgt.org\/noticias\/wp-json\/wp\/v2\/coauthors?post=40094"}],"curies":[{"name":"wp","href":"https:\/\/api.w.org\/{rel}","templated":true}]}}