{"id":40224,"date":"2024-02-22T09:40:54","date_gmt":"2024-02-22T15:40:54","guid":{"rendered":"https:\/\/www.igssgt.org\/noticias\/?p=40224"},"modified":"2024-02-23T14:45:39","modified_gmt":"2024-02-23T20:45:39","slug":"el-seguro-social-en-apresto-durante-la-semana-santa-2024","status":"publish","type":"post","link":"https:\/\/www.igssgt.org\/noticias\/2024\/02\/22\/el-seguro-social-en-apresto-durante-la-semana-santa-2024\/","title":{"rendered":"El Seguro Social en apresto durante la Semana Santa 2024"},"content":{"rendered":"\n<p class=\"has-drop-cap\">Para promover y fortalecer la prevenci\u00f3n de accidentes y emergencias durante la Semana Santa 2024, el Seguro Social implement\u00f3 tres grandes estrategias con enfoque en seguridad vial, asistencia en playas y centros recreativos, y promoci\u00f3n de seguridad en conglomerados y eventos masivos.<\/p>\n\n\n<p>El doctor Mynor Mej\u00eda, jefe de la Secci\u00f3n de Seguridad e Higiene y Prevenci\u00f3n de Accidentes, inform\u00f3 que los accidentes de tr\u00e1nsito son una de las principales emergencias que se registran en la \u00e9poca. Por ello, est\u00e1 en marcha una campa\u00f1a para concientizar a los automovilistas de cumplir con las medidas de seguridad.<\/p>\n<figure id=\"attachment_40228\" aria-describedby=\"caption-attachment-40228\" style=\"width: 1600px\" class=\"wp-caption alignnone\"><a href=\"\/wp-content\/uploads\/sites\/5\/2024\/02\/semana-santa-5.jpeg\" target=\"_blank\" rel=\"noopener\"><img loading=\"lazy\" decoding=\"async\" class=\"wp-image-40228 size-full\" src=\"\/wp-content\/uploads\/sites\/5\/2024\/02\/semana-santa-5.jpeg\" alt=\"\" width=\"1600\" height=\"1066\" srcset=\"\/wp-content\/uploads\/sites\/5\/2024\/02\/semana-santa-5.jpeg 1600w, \/wp-content\/uploads\/sites\/5\/2024\/02\/semana-santa-5-300x200.jpeg 300w, \/wp-content\/uploads\/sites\/5\/2024\/02\/semana-santa-5-768x512.jpeg 768w, \/wp-content\/uploads\/sites\/5\/2024\/02\/semana-santa-5-1024x682.jpeg 1024w, \/wp-content\/uploads\/sites\/5\/2024\/02\/semana-santa-5-1536x1023.jpeg 1536w, \/wp-content\/uploads\/sites\/5\/2024\/02\/semana-santa-5-630x420.jpeg 630w, \/wp-content\/uploads\/sites\/5\/2024\/02\/semana-santa-5-696x464.jpeg 696w, \/wp-content\/uploads\/sites\/5\/2024\/02\/semana-santa-5-1068x712.jpeg 1068w, \/wp-content\/uploads\/sites\/5\/2024\/02\/semana-santa-5-534x356.jpeg 534w\" sizes=\"auto, (max-width: 1600px) 100vw, 1600px\" \/><\/a><figcaption id=\"caption-attachment-40228\" class=\"wp-caption-text\">Se encuentra en marcha una campa\u00f1a para concientizar a los automovilistas de cumplir con las medidas de seguridad.<\/figcaption><\/figure>\n<p>La campa\u00f1a incluye la difusi\u00f3n de recomendaciones dirigidas a todos los conductores, principalmente a los motoristas y pilotos del transporte colectivo. Una segunda estrategia es la seguridad en las playas, balnearios y centros recreativos.<\/p>\n<blockquote>\n<p>Todas las unidades se declaran en alerta amarilla en la Semana Mayor<\/p>\n<\/blockquote>\n<p>Mej\u00eda explic\u00f3 que el Cuerpo de Salvamento est\u00e1 conformado por 60 elementos que de forma permanente est\u00e1n en las playas los fines de semana y d\u00edas festivos. Sin embargo, durante Semana Santa se contratan 90 salvavidas para reforzar la cobertura en 17 playas y centros recreativos de todo el pa\u00eds.<\/p>\n<figure id=\"attachment_40229\" aria-describedby=\"caption-attachment-40229\" style=\"width: 1024px\" class=\"wp-caption alignnone\"><a href=\"\/wp-content\/uploads\/sites\/5\/2024\/02\/semana-santa-0.jpeg\" target=\"_blank\" rel=\"noopener\"><img loading=\"lazy\" decoding=\"async\" class=\"wp-image-40229 size-full\" src=\"\/wp-content\/uploads\/sites\/5\/2024\/02\/semana-santa-0.jpeg\" alt=\"\" width=\"1024\" height=\"683\" srcset=\"\/wp-content\/uploads\/sites\/5\/2024\/02\/semana-santa-0.jpeg 1024w, \/wp-content\/uploads\/sites\/5\/2024\/02\/semana-santa-0-300x200.jpeg 300w, \/wp-content\/uploads\/sites\/5\/2024\/02\/semana-santa-0-768x512.jpeg 768w, \/wp-content\/uploads\/sites\/5\/2024\/02\/semana-santa-0-630x420.jpeg 630w, \/wp-content\/uploads\/sites\/5\/2024\/02\/semana-santa-0-696x464.jpeg 696w, \/wp-content\/uploads\/sites\/5\/2024\/02\/semana-santa-0-534x356.jpeg 534w\" sizes=\"auto, (max-width: 1024px) 100vw, 1024px\" \/><\/a><figcaption id=\"caption-attachment-40229\" class=\"wp-caption-text\">El Seguro Social brindar\u00e1 cobertura en 17 playas y centros recreativos de todo el pa\u00eds.<\/figcaption><\/figure>\n<p>En Semana Santa 2023, el Cuerpo de Salvamento realiz\u00f3 m\u00e1s de 10 mil 200 de acciones preventivas y 229 rescates, de los cuales, 30 necesitaron primeros auxilios.<\/p>\n<p>Adicional a estas estrategias, el Seguro Social implementa una campa\u00f1a para la prevenci\u00f3n de accidentes y enfermedades en procesiones, conciertos y festivales.<\/p>\n<h3><strong>Alerta amarilla<\/strong><\/h3>\n<p>El profesional inform\u00f3 que la semana previa a la Mayor, todas las unidades del Instituto se declaran en alerta amarilla, lo que implica poner en apresto toda su capacidad de respuesta ante cualquier emergencia.<\/p>\n<figure id=\"attachment_40230\" aria-describedby=\"caption-attachment-40230\" style=\"width: 1600px\" class=\"wp-caption alignnone\"><a href=\"\/wp-content\/uploads\/sites\/5\/2024\/02\/semana-santa-1.jpeg\" target=\"_blank\" rel=\"noopener\"><img loading=\"lazy\" decoding=\"async\" class=\"wp-image-40230 size-full\" src=\"\/wp-content\/uploads\/sites\/5\/2024\/02\/semana-santa-1.jpeg\" alt=\"\" width=\"1600\" height=\"952\" srcset=\"\/wp-content\/uploads\/sites\/5\/2024\/02\/semana-santa-1.jpeg 1600w, \/wp-content\/uploads\/sites\/5\/2024\/02\/semana-santa-1-300x179.jpeg 300w, \/wp-content\/uploads\/sites\/5\/2024\/02\/semana-santa-1-768x457.jpeg 768w, \/wp-content\/uploads\/sites\/5\/2024\/02\/semana-santa-1-1024x609.jpeg 1024w, \/wp-content\/uploads\/sites\/5\/2024\/02\/semana-santa-1-1536x914.jpeg 1536w, \/wp-content\/uploads\/sites\/5\/2024\/02\/semana-santa-1-706x420.jpeg 706w, \/wp-content\/uploads\/sites\/5\/2024\/02\/semana-santa-1-696x414.jpeg 696w, \/wp-content\/uploads\/sites\/5\/2024\/02\/semana-santa-1-1068x635.jpeg 1068w, \/wp-content\/uploads\/sites\/5\/2024\/02\/semana-santa-1-534x318.jpeg 534w\" sizes=\"auto, (max-width: 1600px) 100vw, 1600px\" \/><\/a><figcaption id=\"caption-attachment-40230\" class=\"wp-caption-text\">Todas las unidades se declaran en alerta amarilla en la Semana Mayor.<\/figcaption><\/figure>\n<p>Para este a\u00f1o, <strong>el Seguro Social dispondr\u00e1 de 4 mil 747 enfermeras, 1 mil 296 t\u00e9cnicos, 2 mil 179 m\u00e9dicos; 38 consultorios, 23 hospitales y 5 hospitales metropolitanos<\/strong>. Asimismo, <strong>proporcionar\u00e1 ambulancias y param\u00e9dicos al Sistema Nacional de Prevenci\u00f3n en Semana Santa (SINAPRESE)<\/strong> y mantendr\u00e1 la comunicaci\u00f3n a trav\u00e9s de enlaces interinstitucionales para brindar la atenci\u00f3n y el traslado a hospitales, si es requerido.<\/p>\n<p><strong>\u201cTodos ellos est\u00e1n en apresto por cualquier situaci\u00f3n que se presente. El Seguro Social est\u00e1 preparado para cualquier eventualidad a trav\u00e9s de su personal y sus instalaciones\u201d<\/strong>, finaliz\u00f3 Mej\u00eda.<\/p>\n\r\n                <style type=\"text\/css\">\r\n                    \r\n                    #tdi_1  .td-doubleSlider-2 .td-item1 {\r\n                        background: url(\/wp-content\/uploads\/sites\/5\/2023\/04\/Semana-Santa-2023-3-80x60.jpg) 0 0 no-repeat;\r\n                    }\r\n                    #tdi_1  .td-doubleSlider-2 .td-item2 {\r\n                        background: url(\/wp-content\/uploads\/sites\/5\/2024\/02\/semana-santa-4-80x60.jpg) 0 0 no-repeat;\r\n                    }\r\n                    #tdi_1  .td-doubleSlider-2 .td-item3 {\r\n                        background: url(\/wp-content\/uploads\/sites\/5\/2023\/04\/Semana-Santa-2023-9-80x60.jpg) 0 0 no-repeat;\r\n                    }\r\n                    #tdi_1  .td-doubleSlider-2 .td-item4 {\r\n                        background: url(\/wp-content\/uploads\/sites\/5\/2024\/02\/semana-santa-0-80x60.jpg) 0 0 no-repeat;\r\n                    }\r\n                    #tdi_1  .td-doubleSlider-2 .td-item5 {\r\n                        background: url(\/wp-content\/uploads\/sites\/5\/2023\/04\/Semana-Santa-2023-14-80x60.jpg) 0 0 no-repeat;\r\n                    }\r\n                    #tdi_1  .td-doubleSlider-2 .td-item6 {\r\n                        background: url(\/wp-content\/uploads\/sites\/5\/2023\/04\/Semana-Santa-2023-7-80x60.jpg) 0 0 no-repeat;\r\n                    }\r\n                    #tdi_1  .td-doubleSlider-2 .td-item7 {\r\n                        background: url(\/wp-content\/uploads\/sites\/5\/2023\/04\/490-asegurados-en-Semana-Santa-2-80x60.jpg) 0 0 no-repeat;\r\n                    }\r\n                    #tdi_1  .td-doubleSlider-2 .td-item8 {\r\n                        background: url(\/wp-content\/uploads\/sites\/5\/2023\/04\/Semana-Santa-2023-6-80x60.jpg) 0 0 no-repeat;\r\n                    }\r\n                    #tdi_1  .td-doubleSlider-2 .td-item9 {\r\n                        background: url(\/wp-content\/uploads\/sites\/5\/2023\/04\/Semana-Santa-2023-4-80x60.jpg) 0 0 no-repeat;\r\n                    }\r\n                    #tdi_1  .td-doubleSlider-2 .td-item10 {\r\n                        background: url(\/wp-content\/uploads\/sites\/5\/2023\/04\/atenciones-del-IGSS-durante-la-Semana-Santa-4-80x60.jpg) 0 0 no-repeat;\r\n                    }\r\n                    #tdi_1  .td-doubleSlider-2 .td-item11 {\r\n                        background: url(\/wp-content\/uploads\/sites\/5\/2023\/04\/atenciones-del-IGSS-durante-la-Semana-Santa-2-80x60.jpg) 0 0 no-repeat;\r\n                    }\r\n                <\/style>\r\n\r\n                <div id=\"tdi_1\" class=\"td-gallery td-slide-on-2-columns\">\r\n                    <div class=\"post_td_gallery\">\r\n                        <div class=\"td-gallery-slide-top\">\r\n                           <div class=\"td-gallery-title\"><\/div>\r\n\r\n                            <div class=\"td-gallery-controls-wrapper\">\r\n                                <div class=\"td-gallery-slide-count\"><span class=\"td-gallery-slide-item-focus\">1<\/span> de 11<\/div>\r\n                                <div class=\"td-gallery-slide-prev-next-but\">\r\n                                    <i class = \"td-icon-left doubleSliderPrevButton\"><\/i>\r\n                                    <i class = \"td-icon-right doubleSliderNextButton\"><\/i>\r\n                                <\/div>\r\n                            <\/div>\r\n                        <\/div>\r\n\r\n                        <div class = \"td-doubleSlider-1 \">\r\n                            <div class = \"td-slider\">\r\n                                \r\n                    <div class = \"td-slide-item td-item1\">\r\n                        <figure class=\"td-slide-galery-figure td-slide-popup-gallery\">\r\n                            <a class=\"slide-gallery-image-link\" href=\"\/wp-content\/uploads\/sites\/5\/2023\/04\/Semana-Santa-2023-3.jpg\" title=\"Semana Santa 2023-3\"  data-caption=\"\"  data-description=\"\">\r\n                                <img decoding=\"async\" src=\"\/wp-content\/uploads\/sites\/5\/2023\/04\/Semana-Santa-2023-3-669x420.jpg\" srcset=\"\/wp-content\/uploads\/sites\/5\/2023\/04\/Semana-Santa-2023-3-669x420.jpg 669w, \/wp-content\/uploads\/sites\/5\/2023\/04\/Semana-Santa-2023-3-300x188.jpg 300w, \/wp-content\/uploads\/sites\/5\/2023\/04\/Semana-Santa-2023-3-768x482.jpg 768w, \/wp-content\/uploads\/sites\/5\/2023\/04\/Semana-Santa-2023-3-696x437.jpg 696w, \/wp-content\/uploads\/sites\/5\/2023\/04\/Semana-Santa-2023-3-534x335.jpg 534w, \/wp-content\/uploads\/sites\/5\/2023\/04\/Semana-Santa-2023-3.jpg 858w\" sizes=\"(max-width: 669px) 100vw, 669px\" alt=\"\">\r\n                            <\/a>\r\n                            \r\n                        <\/figure>\r\n                    <\/div>\r\n                    <div class = \"td-slide-item td-item2\">\r\n                        <figure class=\"td-slide-galery-figure td-slide-popup-gallery\">\r\n                            <a class=\"slide-gallery-image-link\" href=\"\/wp-content\/uploads\/sites\/5\/2024\/02\/semana-santa-4.jpg\" title=\"semana santa-4\"  data-caption=\"\"  data-description=\"\">\r\n                                <img decoding=\"async\" src=\"\/wp-content\/uploads\/sites\/5\/2024\/02\/semana-santa-4-560x420.jpg\" srcset=\"\/wp-content\/uploads\/sites\/5\/2024\/02\/semana-santa-4-560x420.jpg 560w, \/wp-content\/uploads\/sites\/5\/2024\/02\/semana-santa-4-1920x1440.jpg 1920w, \/wp-content\/uploads\/sites\/5\/2024\/02\/semana-santa-4-300x225.jpg 300w, \/wp-content\/uploads\/sites\/5\/2024\/02\/semana-santa-4-768x576.jpg 768w, \/wp-content\/uploads\/sites\/5\/2024\/02\/semana-santa-4-1024x768.jpg 1024w, \/wp-content\/uploads\/sites\/5\/2024\/02\/semana-santa-4-1536x1152.jpg 1536w, \/wp-content\/uploads\/sites\/5\/2024\/02\/semana-santa-4-2048x1536.jpg 2048w, \/wp-content\/uploads\/sites\/5\/2024\/02\/semana-santa-4-80x60.jpg 80w, \/wp-content\/uploads\/sites\/5\/2024\/02\/semana-santa-4-696x522.jpg 696w, \/wp-content\/uploads\/sites\/5\/2024\/02\/semana-santa-4-1068x801.jpg 1068w, \/wp-content\/uploads\/sites\/5\/2024\/02\/semana-santa-4-265x198.jpg 265w, \/wp-content\/uploads\/sites\/5\/2024\/02\/semana-santa-4-534x400.jpg 534w\" sizes=\"(max-width: 560px) 100vw, 560px\" alt=\"\">\r\n                            <\/a>\r\n                            \r\n                        <\/figure>\r\n                    <\/div>\r\n                    <div class = \"td-slide-item td-item3\">\r\n                        <figure class=\"td-slide-galery-figure td-slide-popup-gallery\">\r\n                            <a class=\"slide-gallery-image-link\" href=\"\/wp-content\/uploads\/sites\/5\/2023\/04\/Semana-Santa-2023-9.jpg\" title=\"Semana Santa 2023-9\"  data-caption=\"\"  data-description=\"\">\r\n                                <img decoding=\"async\" src=\"\/wp-content\/uploads\/sites\/5\/2023\/04\/Semana-Santa-2023-9-716x420.jpg\" srcset=\"\/wp-content\/uploads\/sites\/5\/2023\/04\/Semana-Santa-2023-9-716x420.jpg 716w, \/wp-content\/uploads\/sites\/5\/2023\/04\/Semana-Santa-2023-9-300x176.jpg 300w, \/wp-content\/uploads\/sites\/5\/2023\/04\/Semana-Santa-2023-9-768x451.jpg 768w, \/wp-content\/uploads\/sites\/5\/2023\/04\/Semana-Santa-2023-9-696x408.jpg 696w, \/wp-content\/uploads\/sites\/5\/2023\/04\/Semana-Santa-2023-9-534x313.jpg 534w, \/wp-content\/uploads\/sites\/5\/2023\/04\/Semana-Santa-2023-9.jpg 1024w\" sizes=\"(max-width: 716px) 100vw, 716px\" alt=\"\">\r\n                            <\/a>\r\n                            \r\n                        <\/figure>\r\n                    <\/div>\r\n                    <div class = \"td-slide-item td-item4\">\r\n                        <figure class=\"td-slide-galery-figure td-slide-popup-gallery\">\r\n                            <a class=\"slide-gallery-image-link\" href=\"\/wp-content\/uploads\/sites\/5\/2024\/02\/semana-santa-0-scaled.jpg\" title=\"semana santa-0\"  data-caption=\"\"  data-description=\"\">\r\n                                <img decoding=\"async\" src=\"\/wp-content\/uploads\/sites\/5\/2024\/02\/semana-santa-0-541x420.jpg\" srcset=\"\/wp-content\/uploads\/sites\/5\/2024\/02\/semana-santa-0-541x420.jpg 541w, \/wp-content\/uploads\/sites\/5\/2024\/02\/semana-santa-0-768x597.jpg 768w, \/wp-content\/uploads\/sites\/5\/2024\/02\/semana-santa-0-2048x1591.jpg 2048w, \/wp-content\/uploads\/sites\/5\/2024\/02\/semana-santa-0-696x541.jpg 696w, \/wp-content\/uploads\/sites\/5\/2024\/02\/semana-santa-0-1068x830.jpg 1068w, \/wp-content\/uploads\/sites\/5\/2024\/02\/semana-santa-0-1920x1491.jpg 1920w, \/wp-content\/uploads\/sites\/5\/2024\/02\/semana-santa-0-300x233.jpg 300w, \/wp-content\/uploads\/sites\/5\/2024\/02\/semana-santa-0-1024x795.jpg 1024w, \/wp-content\/uploads\/sites\/5\/2024\/02\/semana-santa-0-1536x1193.jpg 1536w, \/wp-content\/uploads\/sites\/5\/2024\/02\/semana-santa-0-534x415.jpg 534w\" sizes=\"(max-width: 541px) 100vw, 541px\" alt=\"\">\r\n                            <\/a>\r\n                            \r\n                        <\/figure>\r\n                    <\/div>\r\n                    <div class = \"td-slide-item td-item5\">\r\n                        <figure class=\"td-slide-galery-figure td-slide-popup-gallery\">\r\n                            <a class=\"slide-gallery-image-link\" href=\"\/wp-content\/uploads\/sites\/5\/2023\/04\/Semana-Santa-2023-14.jpg\" title=\"Semana Santa 2023-14\"  data-caption=\"\"  data-description=\"\">\r\n                                <img decoding=\"async\" src=\"\/wp-content\/uploads\/sites\/5\/2023\/04\/Semana-Santa-2023-14-404x420.jpg\" srcset=\"\/wp-content\/uploads\/sites\/5\/2023\/04\/Semana-Santa-2023-14-404x420.jpg 404w, \/wp-content\/uploads\/sites\/5\/2023\/04\/Semana-Santa-2023-14-289x300.jpg 289w, \/wp-content\/uploads\/sites\/5\/2023\/04\/Semana-Santa-2023-14-768x798.jpg 768w, \/wp-content\/uploads\/sites\/5\/2023\/04\/Semana-Santa-2023-14-696x723.jpg 696w, \/wp-content\/uploads\/sites\/5\/2023\/04\/Semana-Santa-2023-14-445x462.jpg 445w, \/wp-content\/uploads\/sites\/5\/2023\/04\/Semana-Santa-2023-14.jpg 960w\" sizes=\"(max-width: 404px) 100vw, 404px\" alt=\"\">\r\n                            <\/a>\r\n                            \r\n                        <\/figure>\r\n                    <\/div>\r\n                    <div class = \"td-slide-item td-item6\">\r\n                        <figure class=\"td-slide-galery-figure td-slide-popup-gallery\">\r\n                            <a class=\"slide-gallery-image-link\" href=\"\/wp-content\/uploads\/sites\/5\/2023\/04\/Semana-Santa-2023-7.jpg\" title=\"Semana Santa 2023-7\"  data-caption=\"\"  data-description=\"\">\r\n                                <img decoding=\"async\" src=\"\/wp-content\/uploads\/sites\/5\/2023\/04\/Semana-Santa-2023-7-629x420.jpg\" srcset=\"\/wp-content\/uploads\/sites\/5\/2023\/04\/Semana-Santa-2023-7-629x420.jpg 629w, \/wp-content\/uploads\/sites\/5\/2023\/04\/Semana-Santa-2023-7-300x200.jpg 300w, \/wp-content\/uploads\/sites\/5\/2023\/04\/Semana-Santa-2023-7-534x357.jpg 534w, \/wp-content\/uploads\/sites\/5\/2023\/04\/Semana-Santa-2023-7.jpg 680w\" sizes=\"(max-width: 629px) 100vw, 629px\" alt=\"\">\r\n                            <\/a>\r\n                            \r\n                        <\/figure>\r\n                    <\/div>\r\n                    <div class = \"td-slide-item td-item7\">\r\n                        <figure class=\"td-slide-galery-figure td-slide-popup-gallery\">\r\n                            <a class=\"slide-gallery-image-link\" href=\"\/wp-content\/uploads\/sites\/5\/2023\/04\/490-asegurados-en-Semana-Santa-2.jpg\" title=\"490 asegurados en Semana Santa-2\"  data-caption=\"\"  data-description=\"\">\r\n                                <img decoding=\"async\" src=\"\/wp-content\/uploads\/sites\/5\/2023\/04\/490-asegurados-en-Semana-Santa-2-806x420.jpg\" srcset=\"\/wp-content\/uploads\/sites\/5\/2023\/04\/490-asegurados-en-Semana-Santa-2-806x420.jpg 806w, \/wp-content\/uploads\/sites\/5\/2023\/04\/490-asegurados-en-Semana-Santa-2-300x156.jpg 300w, \/wp-content\/uploads\/sites\/5\/2023\/04\/490-asegurados-en-Semana-Santa-2-768x400.jpg 768w, \/wp-content\/uploads\/sites\/5\/2023\/04\/490-asegurados-en-Semana-Santa-2-1024x534.jpg 1024w, \/wp-content\/uploads\/sites\/5\/2023\/04\/490-asegurados-en-Semana-Santa-2-696x363.jpg 696w, \/wp-content\/uploads\/sites\/5\/2023\/04\/490-asegurados-en-Semana-Santa-2-1068x557.jpg 1068w, \/wp-content\/uploads\/sites\/5\/2023\/04\/490-asegurados-en-Semana-Santa-2-534x278.jpg 534w, \/wp-content\/uploads\/sites\/5\/2023\/04\/490-asegurados-en-Semana-Santa-2.jpg 1383w\" sizes=\"(max-width: 806px) 100vw, 806px\" alt=\"\">\r\n                            <\/a>\r\n                            \r\n                        <\/figure>\r\n                    <\/div>\r\n                    <div class = \"td-slide-item td-item8\">\r\n                        <figure class=\"td-slide-galery-figure td-slide-popup-gallery\">\r\n                            <a class=\"slide-gallery-image-link\" href=\"\/wp-content\/uploads\/sites\/5\/2023\/04\/Semana-Santa-2023-6.jpg\" title=\"Semana Santa 2023-6\"  data-caption=\"\"  data-description=\"\">\r\n                                <img decoding=\"async\" src=\"\/wp-content\/uploads\/sites\/5\/2023\/04\/Semana-Santa-2023-6-546x420.jpg\" srcset=\"\/wp-content\/uploads\/sites\/5\/2023\/04\/Semana-Santa-2023-6-546x420.jpg 546w, \/wp-content\/uploads\/sites\/5\/2023\/04\/Semana-Santa-2023-6-300x231.jpg 300w, \/wp-content\/uploads\/sites\/5\/2023\/04\/Semana-Santa-2023-6-768x590.jpg 768w, \/wp-content\/uploads\/sites\/5\/2023\/04\/Semana-Santa-2023-6-1024x787.jpg 1024w, \/wp-content\/uploads\/sites\/5\/2023\/04\/Semana-Santa-2023-6-696x535.jpg 696w, \/wp-content\/uploads\/sites\/5\/2023\/04\/Semana-Santa-2023-6-1068x821.jpg 1068w, \/wp-content\/uploads\/sites\/5\/2023\/04\/Semana-Santa-2023-6-534x411.jpg 534w, \/wp-content\/uploads\/sites\/5\/2023\/04\/Semana-Santa-2023-6.jpg 1280w\" sizes=\"(max-width: 546px) 100vw, 546px\" alt=\"\">\r\n                            <\/a>\r\n                            \r\n                        <\/figure>\r\n                    <\/div>\r\n                    <div class = \"td-slide-item td-item9\">\r\n                        <figure class=\"td-slide-galery-figure td-slide-popup-gallery\">\r\n                            <a class=\"slide-gallery-image-link\" href=\"\/wp-content\/uploads\/sites\/5\/2023\/04\/Semana-Santa-2023-4.jpg\" title=\"Semana Santa 2023-4\"  data-caption=\"\"  data-description=\"\">\r\n                                <img decoding=\"async\" src=\"\/wp-content\/uploads\/sites\/5\/2023\/04\/Semana-Santa-2023-4-686x420.jpg\" srcset=\"\/wp-content\/uploads\/sites\/5\/2023\/04\/Semana-Santa-2023-4-686x420.jpg 686w, \/wp-content\/uploads\/sites\/5\/2023\/04\/Semana-Santa-2023-4-300x184.jpg 300w, \/wp-content\/uploads\/sites\/5\/2023\/04\/Semana-Santa-2023-4-768x470.jpg 768w, \/wp-content\/uploads\/sites\/5\/2023\/04\/Semana-Santa-2023-4-1024x627.jpg 1024w, \/wp-content\/uploads\/sites\/5\/2023\/04\/Semana-Santa-2023-4-696x426.jpg 696w, \/wp-content\/uploads\/sites\/5\/2023\/04\/Semana-Santa-2023-4-1068x654.jpg 1068w, \/wp-content\/uploads\/sites\/5\/2023\/04\/Semana-Santa-2023-4-534x327.jpg 534w, \/wp-content\/uploads\/sites\/5\/2023\/04\/Semana-Santa-2023-4.jpg 1090w\" sizes=\"(max-width: 686px) 100vw, 686px\" alt=\"\">\r\n                            <\/a>\r\n                            \r\n                        <\/figure>\r\n                    <\/div>\r\n                    <div class = \"td-slide-item td-item10\">\r\n                        <figure class=\"td-slide-galery-figure td-slide-popup-gallery\">\r\n                            <a class=\"slide-gallery-image-link\" href=\"\/wp-content\/uploads\/sites\/5\/2023\/04\/atenciones-del-IGSS-durante-la-Semana-Santa-4.jpg\" title=\"atenciones del IGSS durante la Semana Santa-4\"  data-caption=\"\"  data-description=\"\">\r\n                                <img decoding=\"async\" src=\"\/wp-content\/uploads\/sites\/5\/2023\/04\/atenciones-del-IGSS-durante-la-Semana-Santa-4-646x420.jpg\" srcset=\"\/wp-content\/uploads\/sites\/5\/2023\/04\/atenciones-del-IGSS-durante-la-Semana-Santa-4-646x420.jpg 646w, \/wp-content\/uploads\/sites\/5\/2023\/04\/atenciones-del-IGSS-durante-la-Semana-Santa-4-300x195.jpg 300w, \/wp-content\/uploads\/sites\/5\/2023\/04\/atenciones-del-IGSS-durante-la-Semana-Santa-4-768x500.jpg 768w, \/wp-content\/uploads\/sites\/5\/2023\/04\/atenciones-del-IGSS-durante-la-Semana-Santa-4-1024x666.jpg 1024w, \/wp-content\/uploads\/sites\/5\/2023\/04\/atenciones-del-IGSS-durante-la-Semana-Santa-4-696x453.jpg 696w, \/wp-content\/uploads\/sites\/5\/2023\/04\/atenciones-del-IGSS-durante-la-Semana-Santa-4-534x347.jpg 534w, \/wp-content\/uploads\/sites\/5\/2023\/04\/atenciones-del-IGSS-durante-la-Semana-Santa-4.jpg 1053w\" sizes=\"(max-width: 646px) 100vw, 646px\" alt=\"\">\r\n                            <\/a>\r\n                            \r\n                        <\/figure>\r\n                    <\/div>\r\n                    <div class = \"td-slide-item td-item11\">\r\n                        <figure class=\"td-slide-galery-figure td-slide-popup-gallery\">\r\n                            <a class=\"slide-gallery-image-link\" href=\"\/wp-content\/uploads\/sites\/5\/2023\/04\/atenciones-del-IGSS-durante-la-Semana-Santa-2.jpg\" title=\"atenciones del IGSS durante la Semana Santa-2\"  data-caption=\"\"  data-description=\"\">\r\n                                <img decoding=\"async\" src=\"\/wp-content\/uploads\/sites\/5\/2023\/04\/atenciones-del-IGSS-durante-la-Semana-Santa-2-630x420.jpg\" srcset=\"\/wp-content\/uploads\/sites\/5\/2023\/04\/atenciones-del-IGSS-durante-la-Semana-Santa-2-630x420.jpg 630w, \/wp-content\/uploads\/sites\/5\/2023\/04\/atenciones-del-IGSS-durante-la-Semana-Santa-2-300x200.jpg 300w, \/wp-content\/uploads\/sites\/5\/2023\/04\/atenciones-del-IGSS-durante-la-Semana-Santa-2-768x512.jpg 768w, \/wp-content\/uploads\/sites\/5\/2023\/04\/atenciones-del-IGSS-durante-la-Semana-Santa-2-1024x682.jpg 1024w, \/wp-content\/uploads\/sites\/5\/2023\/04\/atenciones-del-IGSS-durante-la-Semana-Santa-2-1536x1023.jpg 1536w, \/wp-content\/uploads\/sites\/5\/2023\/04\/atenciones-del-IGSS-durante-la-Semana-Santa-2-696x464.jpg 696w, \/wp-content\/uploads\/sites\/5\/2023\/04\/atenciones-del-IGSS-durante-la-Semana-Santa-2-1068x712.jpg 1068w, \/wp-content\/uploads\/sites\/5\/2023\/04\/atenciones-del-IGSS-durante-la-Semana-Santa-2-534x356.jpg 534w, \/wp-content\/uploads\/sites\/5\/2023\/04\/atenciones-del-IGSS-durante-la-Semana-Santa-2.jpg 1600w\" sizes=\"(max-width: 630px) 100vw, 630px\" alt=\"\">\r\n                            <\/a>\r\n                            \r\n                        <\/figure>\r\n                    <\/div>\r\n                            <\/div>\r\n                        <\/div>\r\n\r\n                        <div class = \"td-doubleSlider-2\">\r\n                            <div class = \"td-slider\">\r\n                                \r\n                    <div class = \"td-button td-item1\">\r\n                        <div class = \"td-border\"><\/div>\r\n                    <\/div>\r\n                    <div class = \"td-button td-item2\">\r\n                        <div class = \"td-border\"><\/div>\r\n                    <\/div>\r\n                    <div class = \"td-button td-item3\">\r\n                        <div class = \"td-border\"><\/div>\r\n                    <\/div>\r\n                    <div class = \"td-button td-item4\">\r\n                        <div class = \"td-border\"><\/div>\r\n                    <\/div>\r\n                    <div class = \"td-button td-item5\">\r\n                        <div class = \"td-border\"><\/div>\r\n                    <\/div>\r\n                    <div class = \"td-button td-item6\">\r\n                        <div class = \"td-border\"><\/div>\r\n                    <\/div>\r\n                    <div class = \"td-button td-item7\">\r\n                        <div class = \"td-border\"><\/div>\r\n                    <\/div>\r\n                    <div class = \"td-button td-item8\">\r\n                        <div class = \"td-border\"><\/div>\r\n                    <\/div>\r\n                    <div class = \"td-button td-item9\">\r\n                        <div class = \"td-border\"><\/div>\r\n                    <\/div>\r\n                    <div class = \"td-button td-item10\">\r\n                        <div class = \"td-border\"><\/div>\r\n                    <\/div>\r\n                    <div class = \"td-button td-item11\">\r\n                        <div class = \"td-border\"><\/div>\r\n                    <\/div>\r\n                            <\/div>\r\n                        <\/div>\r\n\r\n                    <\/div>\r\n\r\n                <\/div>\r\n                ","protected":false},"excerpt":{"rendered":"<p>Para promover y fortalecer la prevenci\u00f3n de accidentes y emergencias durante la Semana Santa 2024, el Seguro Social implement\u00f3 tres grandes estrategias con enfoque en seguridad vial, asistencia en playas y centros recreativos, y promoci\u00f3n de seguridad en conglomerados y eventos masivos. El doctor Mynor Mej\u00eda, jefe de la Secci\u00f3n de Seguridad e Higiene y [&hellip;]<\/p>\n","protected":false},"author":1961,"featured_media":40227,"comment_status":"closed","ping_status":"closed","sticky":false,"template":"","format":"standard","meta":{"footnotes":""},"categories":[3,1856],"tags":[727,1838,1456],"coauthors":[],"class_list":{"0":"post-40224","1":"post","2":"type-post","3":"status-publish","4":"format-standard","5":"has-post-thumbnail","7":"category-actualidad","8":"category-semana-santa-segura-y-sin-accidentes","9":"tag-prevencion-igss","10":"tag-semana-santa-2024","11":"tag-sinaprese"},"_links":{"self":[{"href":"https:\/\/www.igssgt.org\/noticias\/wp-json\/wp\/v2\/posts\/40224","targetHints":{"allow":["GET"]}}],"collection":[{"href":"https:\/\/www.igssgt.org\/noticias\/wp-json\/wp\/v2\/posts"}],"about":[{"href":"https:\/\/www.igssgt.org\/noticias\/wp-json\/wp\/v2\/types\/post"}],"author":[{"embeddable":true,"href":"https:\/\/www.igssgt.org\/noticias\/wp-json\/wp\/v2\/users\/1961"}],"replies":[{"embeddable":true,"href":"https:\/\/www.igssgt.org\/noticias\/wp-json\/wp\/v2\/comments?post=40224"}],"version-history":[{"count":6,"href":"https:\/\/www.igssgt.org\/noticias\/wp-json\/wp\/v2\/posts\/40224\/revisions"}],"predecessor-version":[{"id":40269,"href":"https:\/\/www.igssgt.org\/noticias\/wp-json\/wp\/v2\/posts\/40224\/revisions\/40269"}],"wp:featuredmedia":[{"embeddable":true,"href":"https:\/\/www.igssgt.org\/noticias\/wp-json\/wp\/v2\/media\/40227"}],"wp:attachment":[{"href":"https:\/\/www.igssgt.org\/noticias\/wp-json\/wp\/v2\/media?parent=40224"}],"wp:term":[{"taxonomy":"category","embeddable":true,"href":"https:\/\/www.igssgt.org\/noticias\/wp-json\/wp\/v2\/categories?post=40224"},{"taxonomy":"post_tag","embeddable":true,"href":"https:\/\/www.igssgt.org\/noticias\/wp-json\/wp\/v2\/tags?post=40224"},{"taxonomy":"author","embeddable":true,"href":"https:\/\/www.igssgt.org\/noticias\/wp-json\/wp\/v2\/coauthors?post=40224"}],"curies":[{"name":"wp","href":"https:\/\/api.w.org\/{rel}","templated":true}]}}