{"id":40240,"date":"2024-02-24T06:00:00","date_gmt":"2024-02-24T12:00:00","guid":{"rendered":"https:\/\/www.igssgt.org\/noticias\/?p=40240"},"modified":"2024-02-26T09:53:08","modified_gmt":"2024-02-26T15:53:08","slug":"disfrute-de-los-recorridos-procesionales-sin-emergencias-2","status":"publish","type":"post","link":"https:\/\/www.igssgt.org\/noticias\/2024\/02\/24\/disfrute-de-los-recorridos-procesionales-sin-emergencias-2\/","title":{"rendered":"Disfrute de los recorridos procesionales, sin emergencias"},"content":{"rendered":"\n<p class=\"has-drop-cap\">El Mi\u00e9rcoles de Ceniza marca el inicio de la Cuaresma y de una serie de actividades religiosas y culturales, como los tradicionales cortejos procesionales. Estos pueden conllevar algunos riesgos por la asistencia masiva de personas y la prolongada exposici\u00f3n al sol, sin embargo, siguiendo las medidas adecuadas pueden prevenirse.<\/p>\n\n\n<p><a href=\"\/wp-content\/uploads\/sites\/5\/2024\/02\/semana-santa-1-1.jpeg\" target=\"_blank\" rel=\"noopener\"><img loading=\"lazy\" decoding=\"async\" class=\"alignnone wp-image-40244 size-full\" src=\"\/wp-content\/uploads\/sites\/5\/2024\/02\/semana-santa-1-1.jpeg\" alt=\"\" width=\"1274\" height=\"871\" srcset=\"\/wp-content\/uploads\/sites\/5\/2024\/02\/semana-santa-1-1.jpeg 1274w, \/wp-content\/uploads\/sites\/5\/2024\/02\/semana-santa-1-1-300x205.jpeg 300w, \/wp-content\/uploads\/sites\/5\/2024\/02\/semana-santa-1-1-768x525.jpeg 768w, \/wp-content\/uploads\/sites\/5\/2024\/02\/semana-santa-1-1-1024x700.jpeg 1024w, \/wp-content\/uploads\/sites\/5\/2024\/02\/semana-santa-1-1-614x420.jpeg 614w, \/wp-content\/uploads\/sites\/5\/2024\/02\/semana-santa-1-1-218x150.jpeg 218w, \/wp-content\/uploads\/sites\/5\/2024\/02\/semana-santa-1-1-696x476.jpeg 696w, \/wp-content\/uploads\/sites\/5\/2024\/02\/semana-santa-1-1-1068x730.jpeg 1068w, \/wp-content\/uploads\/sites\/5\/2024\/02\/semana-santa-1-1-534x365.jpeg 534w\" sizes=\"auto, (max-width: 1274px) 100vw, 1274px\" \/><\/a><\/p>\n<p>El doctor Mynor Mej\u00eda, jefe de la Secci\u00f3n de Seguridad e Higiene y Prevenci\u00f3n de Accidentes, indic\u00f3 que estos recorridos largos y bajo el sol pueden ocasionar deshidrataci\u00f3n e insolaci\u00f3n. Asimismo, est\u00e1n los casos de intoxicaciones alimentarias y de ni\u00f1os perdidos entre las aglomeraciones.<\/p>\n<p><a href=\"\/wp-content\/uploads\/sites\/5\/2024\/02\/semana-santa-0-scaled.jpg\" target=\"_blank\" rel=\"noopener\"><img loading=\"lazy\" decoding=\"async\" class=\"alignnone wp-image-40162 size-full\" src=\"\/wp-content\/uploads\/sites\/5\/2024\/02\/semana-santa-0-scaled.jpg\" alt=\"\" width=\"2560\" height=\"1988\" srcset=\"\/wp-content\/uploads\/sites\/5\/2024\/02\/semana-santa-0-scaled.jpg 2560w, \/wp-content\/uploads\/sites\/5\/2024\/02\/semana-santa-0-768x597.jpg 768w, \/wp-content\/uploads\/sites\/5\/2024\/02\/semana-santa-0-2048x1591.jpg 2048w, \/wp-content\/uploads\/sites\/5\/2024\/02\/semana-santa-0-696x541.jpg 696w, \/wp-content\/uploads\/sites\/5\/2024\/02\/semana-santa-0-1068x830.jpg 1068w, \/wp-content\/uploads\/sites\/5\/2024\/02\/semana-santa-0-1920x1491.jpg 1920w, \/wp-content\/uploads\/sites\/5\/2024\/02\/semana-santa-0-300x233.jpg 300w, \/wp-content\/uploads\/sites\/5\/2024\/02\/semana-santa-0-1024x795.jpg 1024w, \/wp-content\/uploads\/sites\/5\/2024\/02\/semana-santa-0-1536x1193.jpg 1536w, \/wp-content\/uploads\/sites\/5\/2024\/02\/semana-santa-0-541x420.jpg 541w, \/wp-content\/uploads\/sites\/5\/2024\/02\/semana-santa-0-534x415.jpg 534w\" sizes=\"auto, (max-width: 2560px) 100vw, 2560px\" \/><\/a><\/p>\n<p>Por ello, el profesional brind\u00f3 las siguientes recomendaciones, con el fin de prevenir estas y otras emergencias:<\/p>\n<ul>\n<li>Mantenerse hidratado<\/li>\n<li>Aplicar protector solar<\/li>\n<li>Utilizar gorras, sombreros o sombrillas<\/li>\n<li>Consumir alimentos en buen estado<\/li>\n<li>Cuidar la hidrataci\u00f3n de los ni\u00f1os<\/li>\n<li>Identificar a los ni\u00f1os con informaci\u00f3n clave para ubicar a los padres<\/li>\n<li>Evitar que los adultos mayores est\u00e9n expuestos al sol y hagan caminatas largas<\/li>\n<li>Cuidar que los adultos mayores consuman sus alimentos en las horas establecidas<\/li>\n<li>Velar por quien tiene que tomar medicamentos, lo haga habitualmente<\/li>\n<\/ul>\n<p><a href=\"\/wp-content\/uploads\/sites\/5\/2024\/02\/semana-santa-4.jpg\" target=\"_blank\" rel=\"noopener\"><img loading=\"lazy\" decoding=\"async\" class=\"alignnone wp-image-40164 size-full\" src=\"\/wp-content\/uploads\/sites\/5\/2024\/02\/semana-santa-4.jpg\" alt=\"\" width=\"2387\" height=\"1790\" srcset=\"\/wp-content\/uploads\/sites\/5\/2024\/02\/semana-santa-4.jpg 2387w, \/wp-content\/uploads\/sites\/5\/2024\/02\/semana-santa-4-1920x1440.jpg 1920w, \/wp-content\/uploads\/sites\/5\/2024\/02\/semana-santa-4-300x225.jpg 300w, \/wp-content\/uploads\/sites\/5\/2024\/02\/semana-santa-4-768x576.jpg 768w, \/wp-content\/uploads\/sites\/5\/2024\/02\/semana-santa-4-1024x768.jpg 1024w, \/wp-content\/uploads\/sites\/5\/2024\/02\/semana-santa-4-1536x1152.jpg 1536w, \/wp-content\/uploads\/sites\/5\/2024\/02\/semana-santa-4-2048x1536.jpg 2048w, \/wp-content\/uploads\/sites\/5\/2024\/02\/semana-santa-4-560x420.jpg 560w, \/wp-content\/uploads\/sites\/5\/2024\/02\/semana-santa-4-80x60.jpg 80w, \/wp-content\/uploads\/sites\/5\/2024\/02\/semana-santa-4-696x522.jpg 696w, \/wp-content\/uploads\/sites\/5\/2024\/02\/semana-santa-4-1068x801.jpg 1068w, \/wp-content\/uploads\/sites\/5\/2024\/02\/semana-santa-4-265x198.jpg 265w, \/wp-content\/uploads\/sites\/5\/2024\/02\/semana-santa-4-534x400.jpg 534w\" sizes=\"auto, (max-width: 2387px) 100vw, 2387px\" \/><\/a><\/p>\n<p><strong>\u201cEs importante decirle a la poblaci\u00f3n en general que pueden requerir los servicios del Seguro Social ante cualquier eventualidad. El Instituto les responder\u00e1\u201d<\/strong>, finaliz\u00f3 Mej\u00eda.<\/p>\n<p><a href=\"\/wp-content\/uploads\/sites\/5\/2024\/02\/verano-6.jpeg\" target=\"_blank\" rel=\"noopener\"><img loading=\"lazy\" decoding=\"async\" class=\"alignnone wp-image-40133 size-full\" src=\"\/wp-content\/uploads\/sites\/5\/2024\/02\/verano-6.jpeg\" alt=\"\" width=\"1600\" height=\"1196\" srcset=\"\/wp-content\/uploads\/sites\/5\/2024\/02\/verano-6.jpeg 1600w, \/wp-content\/uploads\/sites\/5\/2024\/02\/verano-6-300x224.jpeg 300w, \/wp-content\/uploads\/sites\/5\/2024\/02\/verano-6-768x574.jpeg 768w, \/wp-content\/uploads\/sites\/5\/2024\/02\/verano-6-1024x765.jpeg 1024w, \/wp-content\/uploads\/sites\/5\/2024\/02\/verano-6-1536x1148.jpeg 1536w, \/wp-content\/uploads\/sites\/5\/2024\/02\/verano-6-562x420.jpeg 562w, \/wp-content\/uploads\/sites\/5\/2024\/02\/verano-6-80x60.jpeg 80w, \/wp-content\/uploads\/sites\/5\/2024\/02\/verano-6-696x520.jpeg 696w, \/wp-content\/uploads\/sites\/5\/2024\/02\/verano-6-1068x798.jpeg 1068w, \/wp-content\/uploads\/sites\/5\/2024\/02\/verano-6-265x198.jpeg 265w, \/wp-content\/uploads\/sites\/5\/2024\/02\/verano-6-534x399.jpeg 534w\" sizes=\"auto, (max-width: 1600px) 100vw, 1600px\" \/><\/a><\/p>","protected":false},"excerpt":{"rendered":"<p>El Mi\u00e9rcoles de Ceniza marca el inicio de la Cuaresma y de una serie de actividades religiosas y culturales, como los tradicionales cortejos procesionales. Estos pueden conllevar algunos riesgos por la asistencia masiva de personas y la prolongada exposici\u00f3n al sol, sin embargo, siguiendo las medidas adecuadas pueden prevenirse. El doctor Mynor Mej\u00eda, jefe de [&hellip;]<\/p>\n","protected":false},"author":1961,"featured_media":40243,"comment_status":"closed","ping_status":"closed","sticky":false,"template":"","format":"standard","meta":{"footnotes":""},"categories":[3,1856],"tags":[727,1852,1838],"coauthors":[1448],"class_list":{"0":"post-40240","1":"post","2":"type-post","3":"status-publish","4":"format-standard","5":"has-post-thumbnail","7":"category-actualidad","8":"category-semana-santa-segura-y-sin-accidentes","9":"tag-prevencion-igss","10":"tag-procesiones","11":"tag-semana-santa-2024"},"_links":{"self":[{"href":"https:\/\/www.igssgt.org\/noticias\/wp-json\/wp\/v2\/posts\/40240","targetHints":{"allow":["GET"]}}],"collection":[{"href":"https:\/\/www.igssgt.org\/noticias\/wp-json\/wp\/v2\/posts"}],"about":[{"href":"https:\/\/www.igssgt.org\/noticias\/wp-json\/wp\/v2\/types\/post"}],"author":[{"embeddable":true,"href":"https:\/\/www.igssgt.org\/noticias\/wp-json\/wp\/v2\/users\/1961"}],"replies":[{"embeddable":true,"href":"https:\/\/www.igssgt.org\/noticias\/wp-json\/wp\/v2\/comments?post=40240"}],"version-history":[{"count":3,"href":"https:\/\/www.igssgt.org\/noticias\/wp-json\/wp\/v2\/posts\/40240\/revisions"}],"predecessor-version":[{"id":40245,"href":"https:\/\/www.igssgt.org\/noticias\/wp-json\/wp\/v2\/posts\/40240\/revisions\/40245"}],"wp:featuredmedia":[{"embeddable":true,"href":"https:\/\/www.igssgt.org\/noticias\/wp-json\/wp\/v2\/media\/40243"}],"wp:attachment":[{"href":"https:\/\/www.igssgt.org\/noticias\/wp-json\/wp\/v2\/media?parent=40240"}],"wp:term":[{"taxonomy":"category","embeddable":true,"href":"https:\/\/www.igssgt.org\/noticias\/wp-json\/wp\/v2\/categories?post=40240"},{"taxonomy":"post_tag","embeddable":true,"href":"https:\/\/www.igssgt.org\/noticias\/wp-json\/wp\/v2\/tags?post=40240"},{"taxonomy":"author","embeddable":true,"href":"https:\/\/www.igssgt.org\/noticias\/wp-json\/wp\/v2\/coauthors?post=40240"}],"curies":[{"name":"wp","href":"https:\/\/api.w.org\/{rel}","templated":true}]}}