{"id":40347,"date":"2024-02-28T09:03:05","date_gmt":"2024-02-28T15:03:05","guid":{"rendered":"https:\/\/www.igssgt.org\/noticias\/?p=40347"},"modified":"2024-02-28T09:03:06","modified_gmt":"2024-02-28T15:03:06","slug":"atencion-mas-personalizada-y-mejora-continua-apuntalan-el-nuevo-plan-estrategico-institucional-del-igss-2","status":"publish","type":"post","link":"https:\/\/www.igssgt.org\/noticias\/2024\/02\/28\/atencion-mas-personalizada-y-mejora-continua-apuntalan-el-nuevo-plan-estrategico-institucional-del-igss-2\/","title":{"rendered":"Atenci\u00f3n m\u00e1s personalizada y mejora continua apuntalan el nuevo Plan Estrat\u00e9gico Institucional del IGSS"},"content":{"rendered":"\n<p class=\"has-drop-cap\">La ruta institucional para seguir brindando m\u00e1s y mejores servicios a la poblaci\u00f3n derechohabiente durante los pr\u00f3ximos cinco a\u00f1os est\u00e1n contemplados dentro del Plan Estrat\u00e9gico Institucional -PEI-, 2023-2027.<\/p>\n\n\n<p>Este instrumento dicta las directrices para el siguiente quinquenio; ser\u00e1 la base para elaborar y desarrollar acciones y proyectos que permitan el logro de los resultados institucionales y objetivos estrat\u00e9gicos.<\/p>\n<p><a href=\"\/wp-content\/uploads\/sites\/5\/2024\/02\/Plan-Estrategico-Institucional-0.jpeg\" target=\"_blank\" rel=\"noopener\"><img loading=\"lazy\" decoding=\"async\" class=\"alignnone wp-image-40349 size-full\" src=\"\/wp-content\/uploads\/sites\/5\/2024\/02\/Plan-Estrategico-Institucional-0.jpeg\" alt=\"\" width=\"1510\" height=\"1033\" srcset=\"\/wp-content\/uploads\/sites\/5\/2024\/02\/Plan-Estrategico-Institucional-0.jpeg 1510w, \/wp-content\/uploads\/sites\/5\/2024\/02\/Plan-Estrategico-Institucional-0-300x205.jpeg 300w, \/wp-content\/uploads\/sites\/5\/2024\/02\/Plan-Estrategico-Institucional-0-768x525.jpeg 768w, \/wp-content\/uploads\/sites\/5\/2024\/02\/Plan-Estrategico-Institucional-0-1024x701.jpeg 1024w, \/wp-content\/uploads\/sites\/5\/2024\/02\/Plan-Estrategico-Institucional-0-614x420.jpeg 614w, \/wp-content\/uploads\/sites\/5\/2024\/02\/Plan-Estrategico-Institucional-0-218x150.jpeg 218w, \/wp-content\/uploads\/sites\/5\/2024\/02\/Plan-Estrategico-Institucional-0-696x476.jpeg 696w, \/wp-content\/uploads\/sites\/5\/2024\/02\/Plan-Estrategico-Institucional-0-1068x731.jpeg 1068w, \/wp-content\/uploads\/sites\/5\/2024\/02\/Plan-Estrategico-Institucional-0-534x365.jpeg 534w\" sizes=\"auto, (max-width: 1510px) 100vw, 1510px\" \/><\/a><\/p>\n<p>El PEI elaborado es un esfuerzo grupal institucional cuyo fin es el de fortalecer la mejora continua del servicio que va de la mano con la innovaci\u00f3n tecnol\u00f3gica y eficiencia. <strong>\u201cEl nuevo PEI representa la visi\u00f3n a corto plazo de la instituci\u00f3n, delinea el Nuevo Modelo de Atenci\u00f3n que apuesta a un servicio humanizado\u201d<\/strong>, asegur\u00f3 el Lic. Jos\u00e9 Adolfo Flamenco Jau, presidente de Junta Directiva.<\/p>\n<p>Fue elaborado aplicando los principios universales de la seguridad social. Adem\u00e1s, est\u00e1 orientado en los compromisos del Instituto con las Prioridades Nacionales de Desarrollo (PND).<\/p>\n<blockquote>\n<p>El Seguro Social contin\u00faa trabajando para sus afiliados, derechohabientes y poblaci\u00f3n en general<\/p>\n<\/blockquote>\n<p>El Lic. Edson Javier Rivera, gerente, comparti\u00f3 detalles de los ejes tem\u00e1ticos y transversales, entre otros conceptos, que forman parte de la arquitectura del PEI del Seguro Social, que atiende hoy a casi 3.3 millones de derechohabientes.<\/p>\n<p>Partiendo de la misi\u00f3n, visi\u00f3n, objetivos institucionales y resultados institucionales, se elaboraron establece cinco Objetivos Estrat\u00e9gicos con el prop\u00f3sito de resolver una condici\u00f3n de inter\u00e9s de nuestros afiliados y beneficiarios, y brindarles servicios de salud y prestaciones pecuniarias de manera oportuna y eficiente.<\/p>\n<p><a href=\"\/wp-content\/uploads\/sites\/5\/2024\/02\/Plan-Estrategico-Institucional-6.jpeg\" target=\"_blank\" rel=\"noopener\"><img loading=\"lazy\" decoding=\"async\" class=\"alignnone wp-image-40355 size-full\" src=\"\/wp-content\/uploads\/sites\/5\/2024\/02\/Plan-Estrategico-Institucional-6.jpeg\" alt=\"\" width=\"1372\" height=\"980\" srcset=\"\/wp-content\/uploads\/sites\/5\/2024\/02\/Plan-Estrategico-Institucional-6.jpeg 1372w, \/wp-content\/uploads\/sites\/5\/2024\/02\/Plan-Estrategico-Institucional-6-300x214.jpeg 300w, \/wp-content\/uploads\/sites\/5\/2024\/02\/Plan-Estrategico-Institucional-6-768x549.jpeg 768w, \/wp-content\/uploads\/sites\/5\/2024\/02\/Plan-Estrategico-Institucional-6-1024x731.jpeg 1024w, \/wp-content\/uploads\/sites\/5\/2024\/02\/Plan-Estrategico-Institucional-6-588x420.jpeg 588w, \/wp-content\/uploads\/sites\/5\/2024\/02\/Plan-Estrategico-Institucional-6-696x497.jpeg 696w, \/wp-content\/uploads\/sites\/5\/2024\/02\/Plan-Estrategico-Institucional-6-1068x763.jpeg 1068w, \/wp-content\/uploads\/sites\/5\/2024\/02\/Plan-Estrategico-Institucional-6-100x70.jpeg 100w, \/wp-content\/uploads\/sites\/5\/2024\/02\/Plan-Estrategico-Institucional-6-534x381.jpeg 534w\" sizes=\"auto, (max-width: 1372px) 100vw, 1372px\" \/><\/a><\/p>\n<p>Por su parte, el Lic. Carlos Alberto Franco, subgerente de Planificaci\u00f3n y Desarrollo, ahond\u00f3 en los Objetivos Estrat\u00e9gicos del valioso documento que se orienta hacia el cambio institucional, llevando a la pr\u00e1ctica procesos administrativos innovadores, de la mano con la tecnolog\u00eda para hacer frente a las necesidades y expectativas de la poblaci\u00f3n asegurada, estos son:<\/p>\n<ol>\n<li>Ampliar integralmente la cobertura<\/li>\n<li>Garantizar la sostenibilidad y solidez financiera<\/li>\n<li>Otorgar servicios de salud integrales y oportunos<\/li>\n<li>Otorgar protecci\u00f3n econ\u00f3mica oportuna<\/li>\n<li>Fortalecer la gobernanza y gesti\u00f3n institucional<\/li>\n<\/ol>\n<p>El Instituto Guatemalteco de Seguridad Social contin\u00faa trabajando para sus afiliados, derechohabientes y poblaci\u00f3n en general, y a trav\u00e9s de una mejora continua ofrecerle servicios de salud y prestaciones pecuniarias de forma oportuna.<\/p>\n\r\n                <style type=\"text\/css\">\r\n                    \r\n                    #tdi_1  .td-doubleSlider-2 .td-item1 {\r\n                        background: url(\/wp-content\/uploads\/sites\/5\/2024\/02\/Plan-Estrategico-Institucional-1-80x60.jpeg) 0 0 no-repeat;\r\n                    }\r\n                    #tdi_1  .td-doubleSlider-2 .td-item2 {\r\n                        background: url(\/wp-content\/uploads\/sites\/5\/2024\/02\/Plan-Estrategico-Institucional-3-80x60.jpeg) 0 0 no-repeat;\r\n                    }\r\n                    #tdi_1  .td-doubleSlider-2 .td-item3 {\r\n                        background: url(\/wp-content\/uploads\/sites\/5\/2024\/02\/Plan-Estrategico-Institucional-5-80x60.jpeg) 0 0 no-repeat;\r\n                    }\r\n                    #tdi_1  .td-doubleSlider-2 .td-item4 {\r\n                        background: url(\/wp-content\/uploads\/sites\/5\/2024\/02\/Plan-Estrategico-Institucional-4-80x60.jpeg) 0 0 no-repeat;\r\n                    }\r\n                <\/style>\r\n\r\n                <div id=\"tdi_1\" class=\"td-gallery td-slide-on-2-columns\">\r\n                    <div class=\"post_td_gallery\">\r\n                        <div class=\"td-gallery-slide-top\">\r\n                           <div class=\"td-gallery-title\"><\/div>\r\n\r\n                            <div class=\"td-gallery-controls-wrapper\">\r\n                                <div class=\"td-gallery-slide-count\"><span class=\"td-gallery-slide-item-focus\">1<\/span> de 4<\/div>\r\n                                <div class=\"td-gallery-slide-prev-next-but\">\r\n                                    <i class = \"td-icon-left doubleSliderPrevButton\"><\/i>\r\n                                    <i class = \"td-icon-right doubleSliderNextButton\"><\/i>\r\n                                <\/div>\r\n                            <\/div>\r\n                        <\/div>\r\n\r\n                        <div class = \"td-doubleSlider-1 \">\r\n                            <div class = \"td-slider\">\r\n                                \r\n                    <div class = \"td-slide-item td-item1\">\r\n                        <figure class=\"td-slide-galery-figure td-slide-popup-gallery\">\r\n                            <a class=\"slide-gallery-image-link\" href=\"\/wp-content\/uploads\/sites\/5\/2024\/02\/Plan-Estrategico-Institucional-1.jpeg\" title=\"Plan Estrategico Institucional-1\"  data-caption=\"\"  data-description=\"\">\r\n                                <img decoding=\"async\" src=\"\/wp-content\/uploads\/sites\/5\/2024\/02\/Plan-Estrategico-Institucional-1-608x420.jpeg\" srcset=\"\/wp-content\/uploads\/sites\/5\/2024\/02\/Plan-Estrategico-Institucional-1-608x420.jpeg 608w, \/wp-content\/uploads\/sites\/5\/2024\/02\/Plan-Estrategico-Institucional-1-300x207.jpeg 300w, \/wp-content\/uploads\/sites\/5\/2024\/02\/Plan-Estrategico-Institucional-1-768x530.jpeg 768w, \/wp-content\/uploads\/sites\/5\/2024\/02\/Plan-Estrategico-Institucional-1-1024x707.jpeg 1024w, \/wp-content\/uploads\/sites\/5\/2024\/02\/Plan-Estrategico-Institucional-1-218x150.jpeg 218w, \/wp-content\/uploads\/sites\/5\/2024\/02\/Plan-Estrategico-Institucional-1-696x481.jpeg 696w, \/wp-content\/uploads\/sites\/5\/2024\/02\/Plan-Estrategico-Institucional-1-1068x738.jpeg 1068w, \/wp-content\/uploads\/sites\/5\/2024\/02\/Plan-Estrategico-Institucional-1-100x70.jpeg 100w, \/wp-content\/uploads\/sites\/5\/2024\/02\/Plan-Estrategico-Institucional-1-534x369.jpeg 534w, \/wp-content\/uploads\/sites\/5\/2024\/02\/Plan-Estrategico-Institucional-1.jpeg 1474w\" sizes=\"(max-width: 608px) 100vw, 608px\" alt=\"\">\r\n                            <\/a>\r\n                            \r\n                        <\/figure>\r\n                    <\/div>\r\n                    <div class = \"td-slide-item td-item2\">\r\n                        <figure class=\"td-slide-galery-figure td-slide-popup-gallery\">\r\n                            <a class=\"slide-gallery-image-link\" href=\"\/wp-content\/uploads\/sites\/5\/2024\/02\/Plan-Estrategico-Institucional-3.jpeg\" title=\"Plan Estrategico Institucional-3\"  data-caption=\"\"  data-description=\"\">\r\n                                <img decoding=\"async\" src=\"\/wp-content\/uploads\/sites\/5\/2024\/02\/Plan-Estrategico-Institucional-3-560x420.jpeg\" srcset=\"\/wp-content\/uploads\/sites\/5\/2024\/02\/Plan-Estrategico-Institucional-3-560x420.jpeg 560w, \/wp-content\/uploads\/sites\/5\/2024\/02\/Plan-Estrategico-Institucional-3-300x225.jpeg 300w, \/wp-content\/uploads\/sites\/5\/2024\/02\/Plan-Estrategico-Institucional-3-768x576.jpeg 768w, \/wp-content\/uploads\/sites\/5\/2024\/02\/Plan-Estrategico-Institucional-3-1024x768.jpeg 1024w, \/wp-content\/uploads\/sites\/5\/2024\/02\/Plan-Estrategico-Institucional-3-1536x1152.jpeg 1536w, \/wp-content\/uploads\/sites\/5\/2024\/02\/Plan-Estrategico-Institucional-3-80x60.jpeg 80w, \/wp-content\/uploads\/sites\/5\/2024\/02\/Plan-Estrategico-Institucional-3-696x522.jpeg 696w, \/wp-content\/uploads\/sites\/5\/2024\/02\/Plan-Estrategico-Institucional-3-1068x801.jpeg 1068w, \/wp-content\/uploads\/sites\/5\/2024\/02\/Plan-Estrategico-Institucional-3-265x198.jpeg 265w, \/wp-content\/uploads\/sites\/5\/2024\/02\/Plan-Estrategico-Institucional-3-534x401.jpeg 534w, \/wp-content\/uploads\/sites\/5\/2024\/02\/Plan-Estrategico-Institucional-3.jpeg 1600w\" sizes=\"(max-width: 560px) 100vw, 560px\" alt=\"\">\r\n                            <\/a>\r\n                            \r\n                        <\/figure>\r\n                    <\/div>\r\n                    <div class = \"td-slide-item td-item3\">\r\n                        <figure class=\"td-slide-galery-figure td-slide-popup-gallery\">\r\n                            <a class=\"slide-gallery-image-link\" href=\"\/wp-content\/uploads\/sites\/5\/2024\/02\/Plan-Estrategico-Institucional-5.jpeg\" title=\"Plan Estrategico Institucional-5\"  data-caption=\"\"  data-description=\"\">\r\n                                <img decoding=\"async\" src=\"\/wp-content\/uploads\/sites\/5\/2024\/02\/Plan-Estrategico-Institucional-5-347x420.jpeg\" srcset=\"\/wp-content\/uploads\/sites\/5\/2024\/02\/Plan-Estrategico-Institucional-5-347x420.jpeg 347w, \/wp-content\/uploads\/sites\/5\/2024\/02\/Plan-Estrategico-Institucional-5-248x300.jpeg 248w, \/wp-content\/uploads\/sites\/5\/2024\/02\/Plan-Estrategico-Institucional-5-768x931.jpeg 768w, \/wp-content\/uploads\/sites\/5\/2024\/02\/Plan-Estrategico-Institucional-5-845x1024.jpeg 845w, \/wp-content\/uploads\/sites\/5\/2024\/02\/Plan-Estrategico-Institucional-5-696x844.jpeg 696w, \/wp-content\/uploads\/sites\/5\/2024\/02\/Plan-Estrategico-Institucional-5-381x462.jpeg 381w, \/wp-content\/uploads\/sites\/5\/2024\/02\/Plan-Estrategico-Institucional-5.jpeg 1066w\" sizes=\"(max-width: 347px) 100vw, 347px\" alt=\"\">\r\n                            <\/a>\r\n                            \r\n                        <\/figure>\r\n                    <\/div>\r\n                    <div class = \"td-slide-item td-item4\">\r\n                        <figure class=\"td-slide-galery-figure td-slide-popup-gallery\">\r\n                            <a class=\"slide-gallery-image-link\" href=\"\/wp-content\/uploads\/sites\/5\/2024\/02\/Plan-Estrategico-Institucional-4.jpeg\" title=\"Plan Estrategico Institucional-4\"  data-caption=\"\"  data-description=\"\">\r\n                                <img decoding=\"async\" src=\"\/wp-content\/uploads\/sites\/5\/2024\/02\/Plan-Estrategico-Institucional-4-693x420.jpeg\" srcset=\"\/wp-content\/uploads\/sites\/5\/2024\/02\/Plan-Estrategico-Institucional-4-693x420.jpeg 693w, \/wp-content\/uploads\/sites\/5\/2024\/02\/Plan-Estrategico-Institucional-4-300x182.jpeg 300w, \/wp-content\/uploads\/sites\/5\/2024\/02\/Plan-Estrategico-Institucional-4-768x466.jpeg 768w, \/wp-content\/uploads\/sites\/5\/2024\/02\/Plan-Estrategico-Institucional-4-1024x621.jpeg 1024w, \/wp-content\/uploads\/sites\/5\/2024\/02\/Plan-Estrategico-Institucional-4-696x422.jpeg 696w, \/wp-content\/uploads\/sites\/5\/2024\/02\/Plan-Estrategico-Institucional-4-1068x648.jpeg 1068w, \/wp-content\/uploads\/sites\/5\/2024\/02\/Plan-Estrategico-Institucional-4-534x324.jpeg 534w, \/wp-content\/uploads\/sites\/5\/2024\/02\/Plan-Estrategico-Institucional-4.jpeg 1479w\" sizes=\"(max-width: 693px) 100vw, 693px\" alt=\"\">\r\n                            <\/a>\r\n                            \r\n                        <\/figure>\r\n                    <\/div>\r\n                            <\/div>\r\n                        <\/div>\r\n\r\n                        <div class = \"td-doubleSlider-2\">\r\n                            <div class = \"td-slider\">\r\n                                \r\n                    <div class = \"td-button td-item1\">\r\n                        <div class = \"td-border\"><\/div>\r\n                    <\/div>\r\n                    <div class = \"td-button td-item2\">\r\n                        <div class = \"td-border\"><\/div>\r\n                    <\/div>\r\n                    <div class = \"td-button td-item3\">\r\n                        <div class = \"td-border\"><\/div>\r\n                    <\/div>\r\n                    <div class = \"td-button td-item4\">\r\n                        <div class = \"td-border\"><\/div>\r\n                    <\/div>\r\n                            <\/div>\r\n                        <\/div>\r\n\r\n                    <\/div>\r\n\r\n                <\/div>\r\n                ","protected":false},"excerpt":{"rendered":"<p>La ruta institucional para seguir brindando m\u00e1s y mejores servicios a la poblaci\u00f3n derechohabiente durante los pr\u00f3ximos cinco a\u00f1os est\u00e1n contemplados dentro del Plan Estrat\u00e9gico Institucional -PEI-, 2023-2027. Este instrumento dicta las directrices para el siguiente quinquenio; ser\u00e1 la base para elaborar y desarrollar acciones y proyectos que permitan el logro de los resultados institucionales [&hellip;]<\/p>\n","protected":false},"author":1961,"featured_media":40351,"comment_status":"closed","ping_status":"closed","sticky":false,"template":"","format":"standard","meta":{"footnotes":""},"categories":[3],"tags":[1539],"coauthors":[],"class_list":{"0":"post-40347","1":"post","2":"type-post","3":"status-publish","4":"format-standard","5":"has-post-thumbnail","7":"category-actualidad","8":"tag-pei-2023-2027"},"_links":{"self":[{"href":"https:\/\/www.igssgt.org\/noticias\/wp-json\/wp\/v2\/posts\/40347","targetHints":{"allow":["GET"]}}],"collection":[{"href":"https:\/\/www.igssgt.org\/noticias\/wp-json\/wp\/v2\/posts"}],"about":[{"href":"https:\/\/www.igssgt.org\/noticias\/wp-json\/wp\/v2\/types\/post"}],"author":[{"embeddable":true,"href":"https:\/\/www.igssgt.org\/noticias\/wp-json\/wp\/v2\/users\/1961"}],"replies":[{"embeddable":true,"href":"https:\/\/www.igssgt.org\/noticias\/wp-json\/wp\/v2\/comments?post=40347"}],"version-history":[{"count":2,"href":"https:\/\/www.igssgt.org\/noticias\/wp-json\/wp\/v2\/posts\/40347\/revisions"}],"predecessor-version":[{"id":40356,"href":"https:\/\/www.igssgt.org\/noticias\/wp-json\/wp\/v2\/posts\/40347\/revisions\/40356"}],"wp:featuredmedia":[{"embeddable":true,"href":"https:\/\/www.igssgt.org\/noticias\/wp-json\/wp\/v2\/media\/40351"}],"wp:attachment":[{"href":"https:\/\/www.igssgt.org\/noticias\/wp-json\/wp\/v2\/media?parent=40347"}],"wp:term":[{"taxonomy":"category","embeddable":true,"href":"https:\/\/www.igssgt.org\/noticias\/wp-json\/wp\/v2\/categories?post=40347"},{"taxonomy":"post_tag","embeddable":true,"href":"https:\/\/www.igssgt.org\/noticias\/wp-json\/wp\/v2\/tags?post=40347"},{"taxonomy":"author","embeddable":true,"href":"https:\/\/www.igssgt.org\/noticias\/wp-json\/wp\/v2\/coauthors?post=40347"}],"curies":[{"name":"wp","href":"https:\/\/api.w.org\/{rel}","templated":true}]}}