{"id":40437,"date":"2024-03-02T09:30:00","date_gmt":"2024-03-02T15:30:00","guid":{"rendered":"https:\/\/www.igssgt.org\/noticias\/?p=40437"},"modified":"2024-03-02T15:18:21","modified_gmt":"2024-03-02T21:18:21","slug":"mito-o-realidad-conozca-la-respuesta-a-las-principales-dudas-sobre-el-sindrome-de-guillain-barre","status":"publish","type":"post","link":"https:\/\/www.igssgt.org\/noticias\/2024\/03\/02\/mito-o-realidad-conozca-la-respuesta-a-las-principales-dudas-sobre-el-sindrome-de-guillain-barre\/","title":{"rendered":"\u00bfMito o realidad? Conozca la respuesta a las principales dudas sobre el s\u00edndrome de Guillain-Barr\u00e9"},"content":{"rendered":"\n<p class=\"has-drop-cap\">Luego que se detectara un brote de casos del s\u00edndrome de Guillain-Barr\u00e9 en municipios de Suchitep\u00e9quez, han surgido dudas y desinformaci\u00f3n en torno a esta enfermedad. Por ello, expertos del Seguro Social aclararon interrogantes como el supuesto nexo entre la enfermedad y algunos alimentos, las causas y los s\u00edntomas de alarma, entre otros.<\/p>\n\n\n\n<p>El doctor David Navarro, neur\u00f3logo del Hospital General de Enfermedades, indic\u00f3 que no hay una relaci\u00f3n directa entre el consumo de pollo y este s\u00edndrome, como se ha se\u00f1alado popularmente.<\/p>\n<figure id=\"attachment_40439\" aria-describedby=\"caption-attachment-40439\" style=\"width: 1600px\" class=\"wp-caption aligncenter\"><a href=\"\/wp-content\/uploads\/sites\/5\/2024\/03\/dudas-sobre-el-sindrome-de-Guillain-Barre-5.jpg\"><img loading=\"lazy\" decoding=\"async\" class=\"wp-image-40439 size-full\" src=\"\/wp-content\/uploads\/sites\/5\/2024\/03\/dudas-sobre-el-sindrome-de-Guillain-Barre-5.jpg\" alt=\"\" width=\"1600\" height=\"1066\" srcset=\"\/wp-content\/uploads\/sites\/5\/2024\/03\/dudas-sobre-el-sindrome-de-Guillain-Barre-5.jpg 1600w, \/wp-content\/uploads\/sites\/5\/2024\/03\/dudas-sobre-el-sindrome-de-Guillain-Barre-5-300x200.jpg 300w, \/wp-content\/uploads\/sites\/5\/2024\/03\/dudas-sobre-el-sindrome-de-Guillain-Barre-5-768x512.jpg 768w, \/wp-content\/uploads\/sites\/5\/2024\/03\/dudas-sobre-el-sindrome-de-Guillain-Barre-5-1024x682.jpg 1024w, \/wp-content\/uploads\/sites\/5\/2024\/03\/dudas-sobre-el-sindrome-de-Guillain-Barre-5-1536x1023.jpg 1536w, \/wp-content\/uploads\/sites\/5\/2024\/03\/dudas-sobre-el-sindrome-de-Guillain-Barre-5-630x420.jpg 630w, \/wp-content\/uploads\/sites\/5\/2024\/03\/dudas-sobre-el-sindrome-de-Guillain-Barre-5-696x464.jpg 696w, \/wp-content\/uploads\/sites\/5\/2024\/03\/dudas-sobre-el-sindrome-de-Guillain-Barre-5-1068x712.jpg 1068w, \/wp-content\/uploads\/sites\/5\/2024\/03\/dudas-sobre-el-sindrome-de-Guillain-Barre-5-534x356.jpg 534w\" sizes=\"auto, (max-width: 1600px) 100vw, 1600px\" \/><\/a><figcaption id=\"caption-attachment-40439\" class=\"wp-caption-text\">Aseg\u00farese de cocinar bien los alimentos y prepararlos de forma higi\u00e9nica.<\/figcaption><\/figure>\n<p>Algunas bacterias que se han asociado a la enfermedad, como la campylobacter, se han encontrado en aves de corral, sin embargo, su consumo es seguro si se prepara de manera higi\u00e9nica y se cocinan bien los alimentos.<\/p>\n<p>\u201cSi como pollo mal preparado puedo contraer esta bacteria y posiblemente me enferme, pero la mayor\u00eda de cuadros ser\u00e1n gastrointestinales, solo una minor\u00eda desarrollar\u00e1 el Guillain-Barr\u00e9\u201d, explic\u00f3 el profesional.<\/p>\n<p>De acuerdo con el especialista, el haber tenido una infecci\u00f3n gastrointestinal o respiratoria tampoco implica el desarrollo del s\u00edndrome.<\/p>\n<figure id=\"attachment_40440\" aria-describedby=\"caption-attachment-40440\" style=\"width: 1600px\" class=\"wp-caption aligncenter\"><a href=\"\/wp-content\/uploads\/sites\/5\/2024\/03\/dudas-sobre-el-sindrome-de-Guillain-Barre-1.jpg\"><img loading=\"lazy\" decoding=\"async\" class=\"wp-image-40440 size-full\" src=\"\/wp-content\/uploads\/sites\/5\/2024\/03\/dudas-sobre-el-sindrome-de-Guillain-Barre-1.jpg\" alt=\"\" width=\"1600\" height=\"1066\" srcset=\"\/wp-content\/uploads\/sites\/5\/2024\/03\/dudas-sobre-el-sindrome-de-Guillain-Barre-1.jpg 1600w, \/wp-content\/uploads\/sites\/5\/2024\/03\/dudas-sobre-el-sindrome-de-Guillain-Barre-1-300x200.jpg 300w, \/wp-content\/uploads\/sites\/5\/2024\/03\/dudas-sobre-el-sindrome-de-Guillain-Barre-1-768x512.jpg 768w, \/wp-content\/uploads\/sites\/5\/2024\/03\/dudas-sobre-el-sindrome-de-Guillain-Barre-1-1024x682.jpg 1024w, \/wp-content\/uploads\/sites\/5\/2024\/03\/dudas-sobre-el-sindrome-de-Guillain-Barre-1-1536x1023.jpg 1536w, \/wp-content\/uploads\/sites\/5\/2024\/03\/dudas-sobre-el-sindrome-de-Guillain-Barre-1-630x420.jpg 630w, \/wp-content\/uploads\/sites\/5\/2024\/03\/dudas-sobre-el-sindrome-de-Guillain-Barre-1-696x464.jpg 696w, \/wp-content\/uploads\/sites\/5\/2024\/03\/dudas-sobre-el-sindrome-de-Guillain-Barre-1-1068x712.jpg 1068w, \/wp-content\/uploads\/sites\/5\/2024\/03\/dudas-sobre-el-sindrome-de-Guillain-Barre-1-534x356.jpg 534w\" sizes=\"auto, (max-width: 1600px) 100vw, 1600px\" \/><\/a><figcaption id=\"caption-attachment-40440\" class=\"wp-caption-text\">El s\u00edndrome puede afectar varias extremidades.<\/figcaption><\/figure>\n<p>\u201cEs importante hacer hincapi\u00e9 en esto para que no nos alarmemos. Puedo infectarme con virus o bacterias y no desarrollar el padecimiento\u201d, resalt\u00f3 Navarro, quien agreg\u00f3 que la enfermedad es una respuesta exagerada del sistema inmunol\u00f3gico ante la infecci\u00f3n, pero que en la mayor\u00eda de personas la respuesta no es grave.<\/p>\n<p>Otra creencia que ha surgido es que el brote, que inici\u00f3 en Suchitep\u00e9quez, se ha extendido a la capital, luego que se detectaran casos en el \u00e1rea.<\/p>\n<p>Al respecto, el doctor Navarro explic\u00f3 que la enfermedad se conoce desde 1916 y a partir de entonces, todos los a\u00f1os se registran casos.<\/p>\n<p>Por lo tanto, es necesario investigar si hay relaci\u00f3n entre los pacientes de la capital y los de Suchitep\u00e9quez.<\/p>\n<p>El especialista tambi\u00e9n llam\u00f3 a conservar la calma en el momento de tener hormigueo o adormecimiento en una extremidad.<\/p>\n<figure id=\"attachment_40441\" aria-describedby=\"caption-attachment-40441\" style=\"width: 1483px\" class=\"wp-caption aligncenter\"><a href=\"\/wp-content\/uploads\/sites\/5\/2024\/03\/dudas-sobre-el-sindrome-de-Guillain-Barre-2.jpg\"><img loading=\"lazy\" decoding=\"async\" class=\"wp-image-40441 size-full\" src=\"\/wp-content\/uploads\/sites\/5\/2024\/03\/dudas-sobre-el-sindrome-de-Guillain-Barre-2.jpg\" alt=\"\" width=\"1483\" height=\"1066\" srcset=\"\/wp-content\/uploads\/sites\/5\/2024\/03\/dudas-sobre-el-sindrome-de-Guillain-Barre-2.jpg 1483w, \/wp-content\/uploads\/sites\/5\/2024\/03\/dudas-sobre-el-sindrome-de-Guillain-Barre-2-300x216.jpg 300w, \/wp-content\/uploads\/sites\/5\/2024\/03\/dudas-sobre-el-sindrome-de-Guillain-Barre-2-768x552.jpg 768w, \/wp-content\/uploads\/sites\/5\/2024\/03\/dudas-sobre-el-sindrome-de-Guillain-Barre-2-1024x736.jpg 1024w, \/wp-content\/uploads\/sites\/5\/2024\/03\/dudas-sobre-el-sindrome-de-Guillain-Barre-2-584x420.jpg 584w, \/wp-content\/uploads\/sites\/5\/2024\/03\/dudas-sobre-el-sindrome-de-Guillain-Barre-2-696x500.jpg 696w, \/wp-content\/uploads\/sites\/5\/2024\/03\/dudas-sobre-el-sindrome-de-Guillain-Barre-2-1068x768.jpg 1068w, \/wp-content\/uploads\/sites\/5\/2024\/03\/dudas-sobre-el-sindrome-de-Guillain-Barre-2-534x384.jpg 534w\" sizes=\"auto, (max-width: 1483px) 100vw, 1483px\" \/><\/a><figcaption id=\"caption-attachment-40441\" class=\"wp-caption-text\">El diagn\u00f3stico requiere de la evaluaci\u00f3n de especialistas y varios estudios.<\/figcaption><\/figure>\n<p>\u201cQuiz\u00e1s un s\u00edntoma de alarma o que est\u00e1 m\u00e1s relacionado con la enfermedad es la p\u00e9rdida de fuerza muscular. Si empiezo con debilidad en las extremidades, se me caen los objetos al querer tomarlos, el pie se dobla al dar el paso o no puedo subir las gradas como antes, entonces debo consultarlo de inmediato con un m\u00e9dico\u201d, precis\u00f3.<\/p>\n<p>Algunos de los estudios que se realizan a nivel hospitalario para confirmar la sospecha de Guillain-Barr\u00e9 son los ex\u00e1menes de sangre, la punci\u00f3n lumbar y estudios de electrofisiolog\u00eda.<\/p>\n<p>\u201cVivimos en una \u00e9poca donde la informaci\u00f3n est\u00e1 a un solo clic, por eso debemos informarnos de fuentes confiables\u201d, finaliz\u00f3 el Navarro. <\/p>\n","protected":false},"excerpt":{"rendered":"<p>Luego que se detectara un brote de casos del s\u00edndrome de Guillain-Barr\u00e9 en municipios de Suchitep\u00e9quez, han surgido dudas y desinformaci\u00f3n en torno a esta enfermedad. Por ello, expertos del Seguro Social aclararon interrogantes como el supuesto nexo entre la enfermedad y algunos alimentos, las causas y los s\u00edntomas de alarma, entre otros. El doctor [&hellip;]<\/p>\n","protected":false},"author":4,"featured_media":40438,"comment_status":"closed","ping_status":"closed","sticky":false,"template":"","format":"standard","meta":{"footnotes":""},"categories":[3,1858],"tags":[],"coauthors":[],"class_list":{"0":"post-40437","1":"post","2":"type-post","3":"status-publish","4":"format-standard","5":"has-post-thumbnail","7":"category-actualidad","8":"category-sindrome-guillain-barre"},"_links":{"self":[{"href":"https:\/\/www.igssgt.org\/noticias\/wp-json\/wp\/v2\/posts\/40437","targetHints":{"allow":["GET"]}}],"collection":[{"href":"https:\/\/www.igssgt.org\/noticias\/wp-json\/wp\/v2\/posts"}],"about":[{"href":"https:\/\/www.igssgt.org\/noticias\/wp-json\/wp\/v2\/types\/post"}],"author":[{"embeddable":true,"href":"https:\/\/www.igssgt.org\/noticias\/wp-json\/wp\/v2\/users\/4"}],"replies":[{"embeddable":true,"href":"https:\/\/www.igssgt.org\/noticias\/wp-json\/wp\/v2\/comments?post=40437"}],"version-history":[{"count":1,"href":"https:\/\/www.igssgt.org\/noticias\/wp-json\/wp\/v2\/posts\/40437\/revisions"}],"predecessor-version":[{"id":40442,"href":"https:\/\/www.igssgt.org\/noticias\/wp-json\/wp\/v2\/posts\/40437\/revisions\/40442"}],"wp:featuredmedia":[{"embeddable":true,"href":"https:\/\/www.igssgt.org\/noticias\/wp-json\/wp\/v2\/media\/40438"}],"wp:attachment":[{"href":"https:\/\/www.igssgt.org\/noticias\/wp-json\/wp\/v2\/media?parent=40437"}],"wp:term":[{"taxonomy":"category","embeddable":true,"href":"https:\/\/www.igssgt.org\/noticias\/wp-json\/wp\/v2\/categories?post=40437"},{"taxonomy":"post_tag","embeddable":true,"href":"https:\/\/www.igssgt.org\/noticias\/wp-json\/wp\/v2\/tags?post=40437"},{"taxonomy":"author","embeddable":true,"href":"https:\/\/www.igssgt.org\/noticias\/wp-json\/wp\/v2\/coauthors?post=40437"}],"curies":[{"name":"wp","href":"https:\/\/api.w.org\/{rel}","templated":true}]}}