{"id":40479,"date":"2024-03-05T14:30:00","date_gmt":"2024-03-05T20:30:00","guid":{"rendered":"https:\/\/www.igssgt.org\/noticias\/?p=40479"},"modified":"2024-03-05T15:40:28","modified_gmt":"2024-03-05T21:40:28","slug":"beneficiados-con-la-jornada-muestran-su-satisfaccion-por-las-atenciones-recibidas","status":"publish","type":"post","link":"https:\/\/www.igssgt.org\/noticias\/2024\/03\/05\/beneficiados-con-la-jornada-muestran-su-satisfaccion-por-las-atenciones-recibidas\/","title":{"rendered":"<strong>Beneficiados con la Jornada muestran su satisfacci\u00f3n por las atenciones recibidas<\/strong>"},"content":{"rendered":"\n<p class=\"has-drop-cap\">Para los trabajadores que han visitado el ingenio Chabil Utzaj, lugar donde el IGSS mont\u00f3 un peque\u00f1o hospital desde el 4 de marzo con motivo de la segunda Jornada de la Seguridad Social Mixta en la aldea Telem\u00e1n, los servicios prestados representan una oportunidad valiosa de evaluar su estado de salud.<\/p>\n\n\n\n<figure id=\"attachment_40480\" aria-describedby=\"caption-attachment-40480\" style=\"width: 1600px\" class=\"wp-caption aligncenter\"><a href=\"\/wp-content\/uploads\/sites\/5\/2024\/03\/Jornada-de-la-Seguridad-Social-teleman-dia-2-2024-1.jpg\"><img loading=\"lazy\" decoding=\"async\" class=\"wp-image-40480 size-full\" src=\"\/wp-content\/uploads\/sites\/5\/2024\/03\/Jornada-de-la-Seguridad-Social-teleman-dia-2-2024-1.jpg\" alt=\"\" width=\"1600\" height=\"1200\" srcset=\"\/wp-content\/uploads\/sites\/5\/2024\/03\/Jornada-de-la-Seguridad-Social-teleman-dia-2-2024-1.jpg 1600w, \/wp-content\/uploads\/sites\/5\/2024\/03\/Jornada-de-la-Seguridad-Social-teleman-dia-2-2024-1-300x225.jpg 300w, \/wp-content\/uploads\/sites\/5\/2024\/03\/Jornada-de-la-Seguridad-Social-teleman-dia-2-2024-1-768x576.jpg 768w, \/wp-content\/uploads\/sites\/5\/2024\/03\/Jornada-de-la-Seguridad-Social-teleman-dia-2-2024-1-1024x768.jpg 1024w, \/wp-content\/uploads\/sites\/5\/2024\/03\/Jornada-de-la-Seguridad-Social-teleman-dia-2-2024-1-1536x1152.jpg 1536w, \/wp-content\/uploads\/sites\/5\/2024\/03\/Jornada-de-la-Seguridad-Social-teleman-dia-2-2024-1-560x420.jpg 560w, \/wp-content\/uploads\/sites\/5\/2024\/03\/Jornada-de-la-Seguridad-Social-teleman-dia-2-2024-1-80x60.jpg 80w, \/wp-content\/uploads\/sites\/5\/2024\/03\/Jornada-de-la-Seguridad-Social-teleman-dia-2-2024-1-696x522.jpg 696w, \/wp-content\/uploads\/sites\/5\/2024\/03\/Jornada-de-la-Seguridad-Social-teleman-dia-2-2024-1-1068x801.jpg 1068w, \/wp-content\/uploads\/sites\/5\/2024\/03\/Jornada-de-la-Seguridad-Social-teleman-dia-2-2024-1-265x198.jpg 265w, \/wp-content\/uploads\/sites\/5\/2024\/03\/Jornada-de-la-Seguridad-Social-teleman-dia-2-2024-1-534x401.jpg 534w\" sizes=\"auto, (max-width: 1600px) 100vw, 1600px\" \/><\/a><figcaption id=\"caption-attachment-40480\" class=\"wp-caption-text\">Los beneficiados de la Jornada de la Seguridad Social Mixta reciben medicamentos, luego de la consulta m\u00e9dica.<\/figcaption><\/figure>\n<p>A las especialidades disponibles se suman los servicios de Farmacia, Enfermer\u00eda y Laboratorio Cl\u00ednico, los cuales han tenido gran demanda entre la poblaci\u00f3n afiliada del valle de Polochic, espec\u00edficamente a los trabajadores de la finca Miralvalle.<\/p>\n<p>Tal es el caso de don Benjamin Xol Pop, quien junto a su esposa lleg\u00f3 a los m\u00f3dulos para hacerse un chequeo de la situaci\u00f3n de la diabetes que padece. \u00abHago un llamado a los amigos que tienen el privilegio de pagar IGSS. Este es el mejor momento darle uso y que se hagan las revisiones que necesiten. A veces por cuestiones de dinero uno no tiene la oportunidad de ir a Santa Catarina La Tinta o a Cob\u00e1n, y se sufre con las enfermedades\u00bb, expres\u00f3.<\/p>\n<figure id=\"attachment_40487\" aria-describedby=\"caption-attachment-40487\" style=\"width: 964px\" class=\"wp-caption aligncenter\"><a href=\"\/wp-content\/uploads\/sites\/5\/2024\/03\/Jornada-de-la-Seguridad-Social-teleman-dia-2-2024-23.jpg\"><img loading=\"lazy\" decoding=\"async\" class=\"wp-image-40487 size-full\" src=\"\/wp-content\/uploads\/sites\/5\/2024\/03\/Jornada-de-la-Seguridad-Social-teleman-dia-2-2024-23.jpg\" alt=\"\" width=\"964\" height=\"885\" srcset=\"\/wp-content\/uploads\/sites\/5\/2024\/03\/Jornada-de-la-Seguridad-Social-teleman-dia-2-2024-23.jpg 964w, \/wp-content\/uploads\/sites\/5\/2024\/03\/Jornada-de-la-Seguridad-Social-teleman-dia-2-2024-23-300x275.jpg 300w, \/wp-content\/uploads\/sites\/5\/2024\/03\/Jornada-de-la-Seguridad-Social-teleman-dia-2-2024-23-768x705.jpg 768w, \/wp-content\/uploads\/sites\/5\/2024\/03\/Jornada-de-la-Seguridad-Social-teleman-dia-2-2024-23-457x420.jpg 457w, \/wp-content\/uploads\/sites\/5\/2024\/03\/Jornada-de-la-Seguridad-Social-teleman-dia-2-2024-23-696x639.jpg 696w, \/wp-content\/uploads\/sites\/5\/2024\/03\/Jornada-de-la-Seguridad-Social-teleman-dia-2-2024-23-503x462.jpg 503w\" sizes=\"auto, (max-width: 964px) 100vw, 964px\" \/><\/a><figcaption id=\"caption-attachment-40487\" class=\"wp-caption-text\">Las atenciones pedi\u00e1tricas son una parte fundamental del portafolio de servicios que ofrece el Seguro Social.<\/figcaption><\/figure>\n<p>Franky Francisco Caal, otro afiliado y trabajador de la empresa Molinos del Norte, est\u00e1 convencido de que el Seguro Social ha sido fundamental para controlar y tratar muchas enfermedades en el \u00e1rea del Polochic desde la primera actividad que se organiz\u00f3 en 2023. \u00abSer\u00eda estupendo que se hiciera cada a\u00f1o. La atenci\u00f3n que nos dan es maravillosa\u201d, asegur\u00f3.<\/p>\n<p>Caal acudi\u00f3 a inscribir a su esposa e hijas como beneficiarias, pero tambi\u00e9n a informarse sobre el portafolio de servicios que el Instituto Guatemalteco de Seguridad Social pone a disposici\u00f3n de toda la poblaci\u00f3n afiliada del todo el pa\u00eds, no importando distancias ni idiomas.<\/p>\n\r\n                <style type=\"text\/css\">\r\n                    \r\n                    #tdi_1  .td-doubleSlider-2 .td-item1 {\r\n                        background: url(\/wp-content\/uploads\/sites\/5\/2024\/03\/Jornada-de-la-Seguridad-Social-teleman-dia-2-2024-6-80x60.jpg) 0 0 no-repeat;\r\n                    }\r\n                    #tdi_1  .td-doubleSlider-2 .td-item2 {\r\n                        background: url(\/wp-content\/uploads\/sites\/5\/2024\/03\/Jornada-de-la-Seguridad-Social-teleman-dia-2-2024-4-80x60.jpg) 0 0 no-repeat;\r\n                    }\r\n                    #tdi_1  .td-doubleSlider-2 .td-item3 {\r\n                        background: url(\/wp-content\/uploads\/sites\/5\/2024\/03\/Jornada-de-la-Seguridad-Social-teleman-dia-2-2024-3-80x60.jpg) 0 0 no-repeat;\r\n                    }\r\n                    #tdi_1  .td-doubleSlider-2 .td-item4 {\r\n                        background: url(\/wp-content\/uploads\/sites\/5\/2024\/03\/Jornada-de-la-Seguridad-Social-teleman-dia-2-2024-1-80x60.jpg) 0 0 no-repeat;\r\n                    }\r\n                    #tdi_1  .td-doubleSlider-2 .td-item5 {\r\n                        background: url(\/wp-content\/uploads\/sites\/5\/2024\/03\/Jornada-de-la-Seguridad-Social-teleman-dia-2-2024-21-80x60.jpg) 0 0 no-repeat;\r\n                    }\r\n                <\/style>\r\n\r\n                <div id=\"tdi_1\" class=\"td-gallery td-slide-on-2-columns\">\r\n                    <div class=\"post_td_gallery\">\r\n                        <div class=\"td-gallery-slide-top\">\r\n                           <div class=\"td-gallery-title\">Galer\u00eda de Im\u00e1genes<\/div>\r\n\r\n                            <div class=\"td-gallery-controls-wrapper\">\r\n                                <div class=\"td-gallery-slide-count\"><span class=\"td-gallery-slide-item-focus\">1<\/span> de 5<\/div>\r\n                                <div class=\"td-gallery-slide-prev-next-but\">\r\n                                    <i class = \"td-icon-left doubleSliderPrevButton\"><\/i>\r\n                                    <i class = \"td-icon-right doubleSliderNextButton\"><\/i>\r\n                                <\/div>\r\n                            <\/div>\r\n                        <\/div>\r\n\r\n                        <div class = \"td-doubleSlider-1 \">\r\n                            <div class = \"td-slider\">\r\n                                \r\n                    <div class = \"td-slide-item td-item1\">\r\n                        <figure class=\"td-slide-galery-figure td-slide-popup-gallery\">\r\n                            <a class=\"slide-gallery-image-link\" href=\"\/wp-content\/uploads\/sites\/5\/2024\/03\/Jornada-de-la-Seguridad-Social-teleman-dia-2-2024-6.jpg\" title=\"Jornada de la Seguridad Social teleman dia 2 2024-6\"  data-caption=\"\"  data-description=\"\">\r\n                                <img decoding=\"async\" src=\"\/wp-content\/uploads\/sites\/5\/2024\/03\/Jornada-de-la-Seguridad-Social-teleman-dia-2-2024-6-630x420.jpg\" srcset=\"\/wp-content\/uploads\/sites\/5\/2024\/03\/Jornada-de-la-Seguridad-Social-teleman-dia-2-2024-6-630x420.jpg 630w, \/wp-content\/uploads\/sites\/5\/2024\/03\/Jornada-de-la-Seguridad-Social-teleman-dia-2-2024-6-300x200.jpg 300w, \/wp-content\/uploads\/sites\/5\/2024\/03\/Jornada-de-la-Seguridad-Social-teleman-dia-2-2024-6-768x512.jpg 768w, \/wp-content\/uploads\/sites\/5\/2024\/03\/Jornada-de-la-Seguridad-Social-teleman-dia-2-2024-6-1024x683.jpg 1024w, \/wp-content\/uploads\/sites\/5\/2024\/03\/Jornada-de-la-Seguridad-Social-teleman-dia-2-2024-6-1536x1024.jpg 1536w, \/wp-content\/uploads\/sites\/5\/2024\/03\/Jornada-de-la-Seguridad-Social-teleman-dia-2-2024-6-696x464.jpg 696w, \/wp-content\/uploads\/sites\/5\/2024\/03\/Jornada-de-la-Seguridad-Social-teleman-dia-2-2024-6-1068x712.jpg 1068w, \/wp-content\/uploads\/sites\/5\/2024\/03\/Jornada-de-la-Seguridad-Social-teleman-dia-2-2024-6-534x356.jpg 534w, \/wp-content\/uploads\/sites\/5\/2024\/03\/Jornada-de-la-Seguridad-Social-teleman-dia-2-2024-6.jpg 1600w\" sizes=\"(max-width: 630px) 100vw, 630px\" alt=\"\">\r\n                            <\/a>\r\n                            \r\n                        <\/figure>\r\n                    <\/div>\r\n                    <div class = \"td-slide-item td-item2\">\r\n                        <figure class=\"td-slide-galery-figure td-slide-popup-gallery\">\r\n                            <a class=\"slide-gallery-image-link\" href=\"\/wp-content\/uploads\/sites\/5\/2024\/03\/Jornada-de-la-Seguridad-Social-teleman-dia-2-2024-4.jpg\" title=\"Jornada de la Seguridad Social teleman dia 2 2024-4\"  data-caption=\"\"  data-description=\"\">\r\n                                <img decoding=\"async\" src=\"\/wp-content\/uploads\/sites\/5\/2024\/03\/Jornada-de-la-Seguridad-Social-teleman-dia-2-2024-4-630x420.jpg\" srcset=\"\/wp-content\/uploads\/sites\/5\/2024\/03\/Jornada-de-la-Seguridad-Social-teleman-dia-2-2024-4-630x420.jpg 630w, \/wp-content\/uploads\/sites\/5\/2024\/03\/Jornada-de-la-Seguridad-Social-teleman-dia-2-2024-4-300x200.jpg 300w, \/wp-content\/uploads\/sites\/5\/2024\/03\/Jornada-de-la-Seguridad-Social-teleman-dia-2-2024-4-768x512.jpg 768w, \/wp-content\/uploads\/sites\/5\/2024\/03\/Jornada-de-la-Seguridad-Social-teleman-dia-2-2024-4-1024x683.jpg 1024w, \/wp-content\/uploads\/sites\/5\/2024\/03\/Jornada-de-la-Seguridad-Social-teleman-dia-2-2024-4-1536x1024.jpg 1536w, \/wp-content\/uploads\/sites\/5\/2024\/03\/Jornada-de-la-Seguridad-Social-teleman-dia-2-2024-4-696x464.jpg 696w, \/wp-content\/uploads\/sites\/5\/2024\/03\/Jornada-de-la-Seguridad-Social-teleman-dia-2-2024-4-1068x712.jpg 1068w, \/wp-content\/uploads\/sites\/5\/2024\/03\/Jornada-de-la-Seguridad-Social-teleman-dia-2-2024-4-534x356.jpg 534w, \/wp-content\/uploads\/sites\/5\/2024\/03\/Jornada-de-la-Seguridad-Social-teleman-dia-2-2024-4.jpg 1600w\" sizes=\"(max-width: 630px) 100vw, 630px\" alt=\"\">\r\n                            <\/a>\r\n                            \r\n                        <\/figure>\r\n                    <\/div>\r\n                    <div class = \"td-slide-item td-item3\">\r\n                        <figure class=\"td-slide-galery-figure td-slide-popup-gallery\">\r\n                            <a class=\"slide-gallery-image-link\" href=\"\/wp-content\/uploads\/sites\/5\/2024\/03\/Jornada-de-la-Seguridad-Social-teleman-dia-2-2024-3.jpg\" title=\"Jornada de la Seguridad Social teleman dia 2 2024-3\"  data-caption=\"\"  data-description=\"\">\r\n                                <img decoding=\"async\" src=\"\/wp-content\/uploads\/sites\/5\/2024\/03\/Jornada-de-la-Seguridad-Social-teleman-dia-2-2024-3-635x420.jpg\" srcset=\"\/wp-content\/uploads\/sites\/5\/2024\/03\/Jornada-de-la-Seguridad-Social-teleman-dia-2-2024-3-635x420.jpg 635w, \/wp-content\/uploads\/sites\/5\/2024\/03\/Jornada-de-la-Seguridad-Social-teleman-dia-2-2024-3-300x198.jpg 300w, \/wp-content\/uploads\/sites\/5\/2024\/03\/Jornada-de-la-Seguridad-Social-teleman-dia-2-2024-3-768x508.jpg 768w, \/wp-content\/uploads\/sites\/5\/2024\/03\/Jornada-de-la-Seguridad-Social-teleman-dia-2-2024-3-1024x677.jpg 1024w, \/wp-content\/uploads\/sites\/5\/2024\/03\/Jornada-de-la-Seguridad-Social-teleman-dia-2-2024-3-696x460.jpg 696w, \/wp-content\/uploads\/sites\/5\/2024\/03\/Jornada-de-la-Seguridad-Social-teleman-dia-2-2024-3-1068x706.jpg 1068w, \/wp-content\/uploads\/sites\/5\/2024\/03\/Jornada-de-la-Seguridad-Social-teleman-dia-2-2024-3-534x353.jpg 534w, \/wp-content\/uploads\/sites\/5\/2024\/03\/Jornada-de-la-Seguridad-Social-teleman-dia-2-2024-3.jpg 1392w\" sizes=\"(max-width: 635px) 100vw, 635px\" alt=\"\">\r\n                            <\/a>\r\n                            \r\n                        <\/figure>\r\n                    <\/div>\r\n                    <div class = \"td-slide-item td-item4\">\r\n                        <figure class=\"td-slide-galery-figure td-slide-popup-gallery\">\r\n                            <a class=\"slide-gallery-image-link\" href=\"\/wp-content\/uploads\/sites\/5\/2024\/03\/Jornada-de-la-Seguridad-Social-teleman-dia-2-2024-1.jpg\" title=\"Jornada de la Seguridad Social teleman dia 2 2024-1\"  data-caption=\"\"  data-description=\"\">\r\n                                <img decoding=\"async\" src=\"\/wp-content\/uploads\/sites\/5\/2024\/03\/Jornada-de-la-Seguridad-Social-teleman-dia-2-2024-1-560x420.jpg\" srcset=\"\/wp-content\/uploads\/sites\/5\/2024\/03\/Jornada-de-la-Seguridad-Social-teleman-dia-2-2024-1-560x420.jpg 560w, \/wp-content\/uploads\/sites\/5\/2024\/03\/Jornada-de-la-Seguridad-Social-teleman-dia-2-2024-1-300x225.jpg 300w, \/wp-content\/uploads\/sites\/5\/2024\/03\/Jornada-de-la-Seguridad-Social-teleman-dia-2-2024-1-768x576.jpg 768w, \/wp-content\/uploads\/sites\/5\/2024\/03\/Jornada-de-la-Seguridad-Social-teleman-dia-2-2024-1-1024x768.jpg 1024w, \/wp-content\/uploads\/sites\/5\/2024\/03\/Jornada-de-la-Seguridad-Social-teleman-dia-2-2024-1-1536x1152.jpg 1536w, \/wp-content\/uploads\/sites\/5\/2024\/03\/Jornada-de-la-Seguridad-Social-teleman-dia-2-2024-1-80x60.jpg 80w, \/wp-content\/uploads\/sites\/5\/2024\/03\/Jornada-de-la-Seguridad-Social-teleman-dia-2-2024-1-696x522.jpg 696w, \/wp-content\/uploads\/sites\/5\/2024\/03\/Jornada-de-la-Seguridad-Social-teleman-dia-2-2024-1-1068x801.jpg 1068w, \/wp-content\/uploads\/sites\/5\/2024\/03\/Jornada-de-la-Seguridad-Social-teleman-dia-2-2024-1-265x198.jpg 265w, \/wp-content\/uploads\/sites\/5\/2024\/03\/Jornada-de-la-Seguridad-Social-teleman-dia-2-2024-1-534x401.jpg 534w, \/wp-content\/uploads\/sites\/5\/2024\/03\/Jornada-de-la-Seguridad-Social-teleman-dia-2-2024-1.jpg 1600w\" sizes=\"(max-width: 560px) 100vw, 560px\" alt=\"\">\r\n                            <\/a>\r\n                            \r\n                        <\/figure>\r\n                    <\/div>\r\n                    <div class = \"td-slide-item td-item5\">\r\n                        <figure class=\"td-slide-galery-figure td-slide-popup-gallery\">\r\n                            <a class=\"slide-gallery-image-link\" href=\"\/wp-content\/uploads\/sites\/5\/2024\/03\/Jornada-de-la-Seguridad-Social-teleman-dia-2-2024-21.jpg\" title=\"Jornada de la Seguridad Social teleman dia 2 2024-21\"  data-caption=\"\"  data-description=\"\">\r\n                                <img decoding=\"async\" src=\"\/wp-content\/uploads\/sites\/5\/2024\/03\/Jornada-de-la-Seguridad-Social-teleman-dia-2-2024-21-630x420.jpg\" srcset=\"\/wp-content\/uploads\/sites\/5\/2024\/03\/Jornada-de-la-Seguridad-Social-teleman-dia-2-2024-21-630x420.jpg 630w, \/wp-content\/uploads\/sites\/5\/2024\/03\/Jornada-de-la-Seguridad-Social-teleman-dia-2-2024-21-300x200.jpg 300w, \/wp-content\/uploads\/sites\/5\/2024\/03\/Jornada-de-la-Seguridad-Social-teleman-dia-2-2024-21-768x512.jpg 768w, \/wp-content\/uploads\/sites\/5\/2024\/03\/Jornada-de-la-Seguridad-Social-teleman-dia-2-2024-21-1024x683.jpg 1024w, \/wp-content\/uploads\/sites\/5\/2024\/03\/Jornada-de-la-Seguridad-Social-teleman-dia-2-2024-21-1536x1024.jpg 1536w, \/wp-content\/uploads\/sites\/5\/2024\/03\/Jornada-de-la-Seguridad-Social-teleman-dia-2-2024-21-696x464.jpg 696w, \/wp-content\/uploads\/sites\/5\/2024\/03\/Jornada-de-la-Seguridad-Social-teleman-dia-2-2024-21-1068x712.jpg 1068w, \/wp-content\/uploads\/sites\/5\/2024\/03\/Jornada-de-la-Seguridad-Social-teleman-dia-2-2024-21-534x356.jpg 534w, \/wp-content\/uploads\/sites\/5\/2024\/03\/Jornada-de-la-Seguridad-Social-teleman-dia-2-2024-21.jpg 1600w\" sizes=\"(max-width: 630px) 100vw, 630px\" alt=\"\">\r\n                            <\/a>\r\n                            \r\n                        <\/figure>\r\n                    <\/div>\r\n                            <\/div>\r\n                        <\/div>\r\n\r\n                        <div class = \"td-doubleSlider-2\">\r\n                            <div class = \"td-slider\">\r\n                                \r\n                    <div class = \"td-button td-item1\">\r\n                        <div class = \"td-border\"><\/div>\r\n                    <\/div>\r\n                    <div class = \"td-button td-item2\">\r\n                        <div class = \"td-border\"><\/div>\r\n                    <\/div>\r\n                    <div class = \"td-button td-item3\">\r\n                        <div class = \"td-border\"><\/div>\r\n                    <\/div>\r\n                    <div class = \"td-button td-item4\">\r\n                        <div class = \"td-border\"><\/div>\r\n                    <\/div>\r\n                    <div class = \"td-button td-item5\">\r\n                        <div class = \"td-border\"><\/div>\r\n                    <\/div>\r\n                            <\/div>\r\n                        <\/div>\r\n\r\n                    <\/div>\r\n\r\n                <\/div>\r\n                \n<p>\u00a0<\/p>\n","protected":false},"excerpt":{"rendered":"<p>Para los trabajadores que han visitado el ingenio Chabil Utzaj, lugar donde el IGSS mont\u00f3 un peque\u00f1o hospital desde el 4 de marzo con motivo de la segunda Jornada de la Seguridad Social Mixta en la aldea Telem\u00e1n, los servicios prestados representan una oportunidad valiosa de evaluar su estado de salud. A las especialidades disponibles [&hellip;]<\/p>\n","protected":false},"author":4,"featured_media":40485,"comment_status":"closed","ping_status":"closed","sticky":false,"template":"","format":"standard","meta":{"footnotes":""},"categories":[3,45],"tags":[1755,536],"coauthors":[],"class_list":{"0":"post-40479","1":"post","2":"type-post","3":"status-publish","4":"format-standard","5":"has-post-thumbnail","7":"category-actualidad","8":"category-jornadas-medicas","9":"tag-jornada-de-la-seguridad-social","10":"tag-jornadas-medicas"},"_links":{"self":[{"href":"https:\/\/www.igssgt.org\/noticias\/wp-json\/wp\/v2\/posts\/40479","targetHints":{"allow":["GET"]}}],"collection":[{"href":"https:\/\/www.igssgt.org\/noticias\/wp-json\/wp\/v2\/posts"}],"about":[{"href":"https:\/\/www.igssgt.org\/noticias\/wp-json\/wp\/v2\/types\/post"}],"author":[{"embeddable":true,"href":"https:\/\/www.igssgt.org\/noticias\/wp-json\/wp\/v2\/users\/4"}],"replies":[{"embeddable":true,"href":"https:\/\/www.igssgt.org\/noticias\/wp-json\/wp\/v2\/comments?post=40479"}],"version-history":[{"count":2,"href":"https:\/\/www.igssgt.org\/noticias\/wp-json\/wp\/v2\/posts\/40479\/revisions"}],"predecessor-version":[{"id":40488,"href":"https:\/\/www.igssgt.org\/noticias\/wp-json\/wp\/v2\/posts\/40479\/revisions\/40488"}],"wp:featuredmedia":[{"embeddable":true,"href":"https:\/\/www.igssgt.org\/noticias\/wp-json\/wp\/v2\/media\/40485"}],"wp:attachment":[{"href":"https:\/\/www.igssgt.org\/noticias\/wp-json\/wp\/v2\/media?parent=40479"}],"wp:term":[{"taxonomy":"category","embeddable":true,"href":"https:\/\/www.igssgt.org\/noticias\/wp-json\/wp\/v2\/categories?post=40479"},{"taxonomy":"post_tag","embeddable":true,"href":"https:\/\/www.igssgt.org\/noticias\/wp-json\/wp\/v2\/tags?post=40479"},{"taxonomy":"author","embeddable":true,"href":"https:\/\/www.igssgt.org\/noticias\/wp-json\/wp\/v2\/coauthors?post=40479"}],"curies":[{"name":"wp","href":"https:\/\/api.w.org\/{rel}","templated":true}]}}