{"id":40514,"date":"2024-03-06T15:03:31","date_gmt":"2024-03-06T21:03:31","guid":{"rendered":"https:\/\/www.igssgt.org\/noticias\/?p=40514"},"modified":"2024-03-06T15:03:33","modified_gmt":"2024-03-06T21:03:33","slug":"cerca-de-150-profesionales-sirven-a-nuestros-afiliados-y-sus-familias-en-teleman","status":"publish","type":"post","link":"https:\/\/www.igssgt.org\/noticias\/2024\/03\/06\/cerca-de-150-profesionales-sirven-a-nuestros-afiliados-y-sus-familias-en-teleman\/","title":{"rendered":"Cerca de 150 profesionales sirven a nuestros afiliados y sus familias en Telem\u00e1n"},"content":{"rendered":"\n<p class=\"has-drop-cap\">La Jornada de la Seguridad Social que el Instituto desarrolla en la aldea Telem\u00e1n, Panz\u00f3s, Alta Verapaz, se perfila como el evento m\u00e9dico m\u00e1s importante del a\u00f1o en la regi\u00f3n del Polochic, no solo por la enorme respuesta de la poblaci\u00f3n afiliada, sino porque re\u00fane a un selecto grupo de profesionales destinados a brindar atenci\u00f3n en m\u00e1s de 10 \u00e1reas de la salud.<\/p>\n\n\n<p>La brigada multidisciplinaria incluye a 41 enfermeras, 40 m\u00e9dicos generales y 22 especialistas en Pediatr\u00eda, Odontolog\u00eda, Ginecolog\u00eda, Medicina Interna y Nutrici\u00f3n, adem\u00e1s de 6 t\u00e9cnicos de Rayos X y 3 en Laboratorio y Ultrasonido.<\/p>\n<p><a href=\"\/wp-content\/uploads\/sites\/5\/2024\/03\/jornada-de-la-seguridad-social-3.jpeg\" target=\"_blank\" rel=\"noopener\"><img loading=\"lazy\" decoding=\"async\" class=\"alignnone wp-image-40516 size-full\" src=\"\/wp-content\/uploads\/sites\/5\/2024\/03\/jornada-de-la-seguridad-social-3.jpeg\" alt=\"\" width=\"1600\" height=\"1200\" srcset=\"\/wp-content\/uploads\/sites\/5\/2024\/03\/jornada-de-la-seguridad-social-3.jpeg 1600w, \/wp-content\/uploads\/sites\/5\/2024\/03\/jornada-de-la-seguridad-social-3-300x225.jpeg 300w, \/wp-content\/uploads\/sites\/5\/2024\/03\/jornada-de-la-seguridad-social-3-768x576.jpeg 768w, \/wp-content\/uploads\/sites\/5\/2024\/03\/jornada-de-la-seguridad-social-3-1024x768.jpeg 1024w, \/wp-content\/uploads\/sites\/5\/2024\/03\/jornada-de-la-seguridad-social-3-1536x1152.jpeg 1536w, \/wp-content\/uploads\/sites\/5\/2024\/03\/jornada-de-la-seguridad-social-3-560x420.jpeg 560w, \/wp-content\/uploads\/sites\/5\/2024\/03\/jornada-de-la-seguridad-social-3-80x60.jpeg 80w, \/wp-content\/uploads\/sites\/5\/2024\/03\/jornada-de-la-seguridad-social-3-696x522.jpeg 696w, \/wp-content\/uploads\/sites\/5\/2024\/03\/jornada-de-la-seguridad-social-3-1068x801.jpeg 1068w, \/wp-content\/uploads\/sites\/5\/2024\/03\/jornada-de-la-seguridad-social-3-265x198.jpeg 265w, \/wp-content\/uploads\/sites\/5\/2024\/03\/jornada-de-la-seguridad-social-3-534x401.jpeg 534w\" sizes=\"auto, (max-width: 1600px) 100vw, 1600px\" \/><\/a><\/p>\n<p>Conscientes de la importancia de la buena comunicaci\u00f3n con nuestros afiliados y beneficiarios, dentro del recurso humano tambi\u00e9n figuran 12 traductores que orientan y dan acompa\u00f1amiento a los pacientes cuyo idioma materno es el q\u2019eqch\u00ed\u2019. De esta forma, se optimiza el proceso de registro y la interacci\u00f3n entre m\u00e9dico y paciente resulta m\u00e1s fluida durante la consulta.<\/p>\n<blockquote>\n<p>La brigada multidisciplinaria incluye a 41 enfermeras, 40 m\u00e9dicos generales y 22 especialistas<\/p>\n<\/blockquote>\n<p>La licenciada Dalia Ixmucan\u00e9, trabajadora social de la Direcci\u00f3n Departamental de Alta Verapaz, precis\u00f3 que esta iniciativa cobra mayor relevancia porque la gran mayor\u00eda de personas que habitan la zona son mayahablantes. <strong>\u201cLes da a ellos la oportunidad de conocer en su idioma materno los programas y servicios que brinda el IGSS y eso los motiva, les da confianza\u201d<\/strong>, asegur\u00f3.<\/p>\n<p><a href=\"\/wp-content\/uploads\/sites\/5\/2024\/03\/jornada-de-la-seguridad-social-0.jpeg\" target=\"_blank\" rel=\"noopener\"><img loading=\"lazy\" decoding=\"async\" class=\"alignnone wp-image-40517 size-full\" src=\"\/wp-content\/uploads\/sites\/5\/2024\/03\/jornada-de-la-seguridad-social-0.jpeg\" alt=\"\" width=\"1600\" height=\"1067\" srcset=\"\/wp-content\/uploads\/sites\/5\/2024\/03\/jornada-de-la-seguridad-social-0.jpeg 1600w, \/wp-content\/uploads\/sites\/5\/2024\/03\/jornada-de-la-seguridad-social-0-300x200.jpeg 300w, \/wp-content\/uploads\/sites\/5\/2024\/03\/jornada-de-la-seguridad-social-0-768x512.jpeg 768w, \/wp-content\/uploads\/sites\/5\/2024\/03\/jornada-de-la-seguridad-social-0-1024x683.jpeg 1024w, \/wp-content\/uploads\/sites\/5\/2024\/03\/jornada-de-la-seguridad-social-0-1536x1024.jpeg 1536w, \/wp-content\/uploads\/sites\/5\/2024\/03\/jornada-de-la-seguridad-social-0-630x420.jpeg 630w, \/wp-content\/uploads\/sites\/5\/2024\/03\/jornada-de-la-seguridad-social-0-696x464.jpeg 696w, \/wp-content\/uploads\/sites\/5\/2024\/03\/jornada-de-la-seguridad-social-0-1068x712.jpeg 1068w, \/wp-content\/uploads\/sites\/5\/2024\/03\/jornada-de-la-seguridad-social-0-534x356.jpeg 534w\" sizes=\"auto, (max-width: 1600px) 100vw, 1600px\" \/><\/a><\/p>\n<p>Ixmucan\u00e9, que tambi\u00e9n se desempe\u00f1a como traductora, resalt\u00f3 que parte del trabajo es proporcionar asesor\u00eda sobre prevenci\u00f3n de enfermedades de transmisi\u00f3n sexual y salud reproductiva, inmunizaciones y beneficios de la lactancia materna.<\/p>\n<p>Debido a que el \u00e1rea del tr\u00f3pico de Alta Verapaz es propicia para la proliferaci\u00f3n del mosquito que causa la malaria, en alianza con el Ministerio de Salud P\u00fablica, la jornada tambi\u00e9n dispone de 18 especialistas que diagnostican y tratan esta enfermedad, y dan recomendaciones para prevenirla.<\/p>\n\r\n                <style type=\"text\/css\">\r\n                    \r\n                    #tdi_1  .td-doubleSlider-2 .td-item1 {\r\n                        background: url(\/wp-content\/uploads\/sites\/5\/2024\/03\/jornada-de-la-seguridad-social-5-80x60.jpeg) 0 0 no-repeat;\r\n                    }\r\n                    #tdi_1  .td-doubleSlider-2 .td-item2 {\r\n                        background: url(\/wp-content\/uploads\/sites\/5\/2024\/03\/jornada-de-la-seguridad-social-9-80x60.jpeg) 0 0 no-repeat;\r\n                    }\r\n                    #tdi_1  .td-doubleSlider-2 .td-item3 {\r\n                        background: url(\/wp-content\/uploads\/sites\/5\/2024\/03\/jornada-de-la-seguridad-social-4-80x60.jpeg) 0 0 no-repeat;\r\n                    }\r\n                    #tdi_1  .td-doubleSlider-2 .td-item4 {\r\n                        background: url(\/wp-content\/uploads\/sites\/5\/2024\/03\/jornada-de-la-seguridad-social-6-80x60.jpeg) 0 0 no-repeat;\r\n                    }\r\n                    #tdi_1  .td-doubleSlider-2 .td-item5 {\r\n                        background: url(\/wp-content\/uploads\/sites\/5\/2024\/03\/jornada-de-la-seguridad-social-7-80x60.jpeg) 0 0 no-repeat;\r\n                    }\r\n                    #tdi_1  .td-doubleSlider-2 .td-item6 {\r\n                        background: url(\/wp-content\/uploads\/sites\/5\/2024\/03\/jornada-de-la-seguridad-social-8-80x60.jpeg) 0 0 no-repeat;\r\n                    }\r\n                    #tdi_1  .td-doubleSlider-2 .td-item7 {\r\n                        background: url(\/wp-content\/uploads\/sites\/5\/2024\/03\/jornada-de-la-seguridad-social-11-80x60.jpeg) 0 0 no-repeat;\r\n                    }\r\n                <\/style>\r\n\r\n                <div id=\"tdi_1\" class=\"td-gallery td-slide-on-2-columns\">\r\n                    <div class=\"post_td_gallery\">\r\n                        <div class=\"td-gallery-slide-top\">\r\n                           <div class=\"td-gallery-title\"><\/div>\r\n\r\n                            <div class=\"td-gallery-controls-wrapper\">\r\n                                <div class=\"td-gallery-slide-count\"><span class=\"td-gallery-slide-item-focus\">1<\/span> de 7<\/div>\r\n                                <div class=\"td-gallery-slide-prev-next-but\">\r\n                                    <i class = \"td-icon-left doubleSliderPrevButton\"><\/i>\r\n                                    <i class = \"td-icon-right doubleSliderNextButton\"><\/i>\r\n                                <\/div>\r\n                            <\/div>\r\n                        <\/div>\r\n\r\n                        <div class = \"td-doubleSlider-1 \">\r\n                            <div class = \"td-slider\">\r\n                                \r\n                    <div class = \"td-slide-item td-item1\">\r\n                        <figure class=\"td-slide-galery-figure td-slide-popup-gallery\">\r\n                            <a class=\"slide-gallery-image-link\" href=\"\/wp-content\/uploads\/sites\/5\/2024\/03\/jornada-de-la-seguridad-social-5.jpeg\" title=\"jornada de la seguridad social-5\"  data-caption=\"\"  data-description=\"\">\r\n                                <img decoding=\"async\" src=\"\/wp-content\/uploads\/sites\/5\/2024\/03\/jornada-de-la-seguridad-social-5-630x420.jpeg\" srcset=\"\/wp-content\/uploads\/sites\/5\/2024\/03\/jornada-de-la-seguridad-social-5-630x420.jpeg 630w, \/wp-content\/uploads\/sites\/5\/2024\/03\/jornada-de-la-seguridad-social-5-300x200.jpeg 300w, \/wp-content\/uploads\/sites\/5\/2024\/03\/jornada-de-la-seguridad-social-5-768x512.jpeg 768w, \/wp-content\/uploads\/sites\/5\/2024\/03\/jornada-de-la-seguridad-social-5-1024x682.jpeg 1024w, \/wp-content\/uploads\/sites\/5\/2024\/03\/jornada-de-la-seguridad-social-5-696x464.jpeg 696w, \/wp-content\/uploads\/sites\/5\/2024\/03\/jornada-de-la-seguridad-social-5-1068x712.jpeg 1068w, \/wp-content\/uploads\/sites\/5\/2024\/03\/jornada-de-la-seguridad-social-5-534x356.jpeg 534w, \/wp-content\/uploads\/sites\/5\/2024\/03\/jornada-de-la-seguridad-social-5.jpeg 1280w\" sizes=\"(max-width: 630px) 100vw, 630px\" alt=\"\">\r\n                            <\/a>\r\n                            \r\n                        <\/figure>\r\n                    <\/div>\r\n                    <div class = \"td-slide-item td-item2\">\r\n                        <figure class=\"td-slide-galery-figure td-slide-popup-gallery\">\r\n                            <a class=\"slide-gallery-image-link\" href=\"\/wp-content\/uploads\/sites\/5\/2024\/03\/jornada-de-la-seguridad-social-9.jpeg\" title=\"jornada de la seguridad social-9\"  data-caption=\"\"  data-description=\"\">\r\n                                <img decoding=\"async\" src=\"\/wp-content\/uploads\/sites\/5\/2024\/03\/jornada-de-la-seguridad-social-9-613x420.jpeg\" srcset=\"\/wp-content\/uploads\/sites\/5\/2024\/03\/jornada-de-la-seguridad-social-9-613x420.jpeg 613w, \/wp-content\/uploads\/sites\/5\/2024\/03\/jornada-de-la-seguridad-social-9-300x206.jpeg 300w, \/wp-content\/uploads\/sites\/5\/2024\/03\/jornada-de-la-seguridad-social-9-768x527.jpeg 768w, \/wp-content\/uploads\/sites\/5\/2024\/03\/jornada-de-la-seguridad-social-9-1024x702.jpeg 1024w, \/wp-content\/uploads\/sites\/5\/2024\/03\/jornada-de-la-seguridad-social-9-218x150.jpeg 218w, \/wp-content\/uploads\/sites\/5\/2024\/03\/jornada-de-la-seguridad-social-9-696x477.jpeg 696w, \/wp-content\/uploads\/sites\/5\/2024\/03\/jornada-de-la-seguridad-social-9-1068x732.jpeg 1068w, \/wp-content\/uploads\/sites\/5\/2024\/03\/jornada-de-la-seguridad-social-9-100x70.jpeg 100w, \/wp-content\/uploads\/sites\/5\/2024\/03\/jornada-de-la-seguridad-social-9-534x366.jpeg 534w, \/wp-content\/uploads\/sites\/5\/2024\/03\/jornada-de-la-seguridad-social-9.jpeg 1244w\" sizes=\"(max-width: 613px) 100vw, 613px\" alt=\"\">\r\n                            <\/a>\r\n                            \r\n                        <\/figure>\r\n                    <\/div>\r\n                    <div class = \"td-slide-item td-item3\">\r\n                        <figure class=\"td-slide-galery-figure td-slide-popup-gallery\">\r\n                            <a class=\"slide-gallery-image-link\" href=\"\/wp-content\/uploads\/sites\/5\/2024\/03\/jornada-de-la-seguridad-social-4.jpeg\" title=\"jornada de la seguridad social-4\"  data-caption=\"\"  data-description=\"\">\r\n                                <img decoding=\"async\" src=\"\/wp-content\/uploads\/sites\/5\/2024\/03\/jornada-de-la-seguridad-social-4-630x420.jpeg\" srcset=\"\/wp-content\/uploads\/sites\/5\/2024\/03\/jornada-de-la-seguridad-social-4-630x420.jpeg 630w, \/wp-content\/uploads\/sites\/5\/2024\/03\/jornada-de-la-seguridad-social-4-300x200.jpeg 300w, \/wp-content\/uploads\/sites\/5\/2024\/03\/jornada-de-la-seguridad-social-4-768x512.jpeg 768w, \/wp-content\/uploads\/sites\/5\/2024\/03\/jornada-de-la-seguridad-social-4-1024x682.jpeg 1024w, \/wp-content\/uploads\/sites\/5\/2024\/03\/jornada-de-la-seguridad-social-4-696x464.jpeg 696w, \/wp-content\/uploads\/sites\/5\/2024\/03\/jornada-de-la-seguridad-social-4-1068x712.jpeg 1068w, \/wp-content\/uploads\/sites\/5\/2024\/03\/jornada-de-la-seguridad-social-4-534x356.jpeg 534w, \/wp-content\/uploads\/sites\/5\/2024\/03\/jornada-de-la-seguridad-social-4.jpeg 1280w\" sizes=\"(max-width: 630px) 100vw, 630px\" alt=\"\">\r\n                            <\/a>\r\n                            \r\n                        <\/figure>\r\n                    <\/div>\r\n                    <div class = \"td-slide-item td-item4\">\r\n                        <figure class=\"td-slide-galery-figure td-slide-popup-gallery\">\r\n                            <a class=\"slide-gallery-image-link\" href=\"\/wp-content\/uploads\/sites\/5\/2024\/03\/jornada-de-la-seguridad-social-6.jpeg\" title=\"jornada de la seguridad social-6\"  data-caption=\"\"  data-description=\"\">\r\n                                <img decoding=\"async\" src=\"\/wp-content\/uploads\/sites\/5\/2024\/03\/jornada-de-la-seguridad-social-6-630x420.jpeg\" srcset=\"\/wp-content\/uploads\/sites\/5\/2024\/03\/jornada-de-la-seguridad-social-6-630x420.jpeg 630w, \/wp-content\/uploads\/sites\/5\/2024\/03\/jornada-de-la-seguridad-social-6-300x200.jpeg 300w, \/wp-content\/uploads\/sites\/5\/2024\/03\/jornada-de-la-seguridad-social-6-768x512.jpeg 768w, \/wp-content\/uploads\/sites\/5\/2024\/03\/jornada-de-la-seguridad-social-6-1024x683.jpeg 1024w, \/wp-content\/uploads\/sites\/5\/2024\/03\/jornada-de-la-seguridad-social-6-1536x1024.jpeg 1536w, \/wp-content\/uploads\/sites\/5\/2024\/03\/jornada-de-la-seguridad-social-6-696x464.jpeg 696w, \/wp-content\/uploads\/sites\/5\/2024\/03\/jornada-de-la-seguridad-social-6-1068x712.jpeg 1068w, \/wp-content\/uploads\/sites\/5\/2024\/03\/jornada-de-la-seguridad-social-6-534x356.jpeg 534w, \/wp-content\/uploads\/sites\/5\/2024\/03\/jornada-de-la-seguridad-social-6.jpeg 1600w\" sizes=\"(max-width: 630px) 100vw, 630px\" alt=\"\">\r\n                            <\/a>\r\n                            \r\n                        <\/figure>\r\n                    <\/div>\r\n                    <div class = \"td-slide-item td-item5\">\r\n                        <figure class=\"td-slide-galery-figure td-slide-popup-gallery\">\r\n                            <a class=\"slide-gallery-image-link\" href=\"\/wp-content\/uploads\/sites\/5\/2024\/03\/jornada-de-la-seguridad-social-7.jpeg\" title=\"jornada de la seguridad social-7\"  data-caption=\"\"  data-description=\"\">\r\n                                <img decoding=\"async\" src=\"\/wp-content\/uploads\/sites\/5\/2024\/03\/jornada-de-la-seguridad-social-7-560x420.jpeg\" srcset=\"\/wp-content\/uploads\/sites\/5\/2024\/03\/jornada-de-la-seguridad-social-7-560x420.jpeg 560w, \/wp-content\/uploads\/sites\/5\/2024\/03\/jornada-de-la-seguridad-social-7-300x225.jpeg 300w, \/wp-content\/uploads\/sites\/5\/2024\/03\/jornada-de-la-seguridad-social-7-768x576.jpeg 768w, \/wp-content\/uploads\/sites\/5\/2024\/03\/jornada-de-la-seguridad-social-7-1024x768.jpeg 1024w, \/wp-content\/uploads\/sites\/5\/2024\/03\/jornada-de-la-seguridad-social-7-1536x1152.jpeg 1536w, \/wp-content\/uploads\/sites\/5\/2024\/03\/jornada-de-la-seguridad-social-7-80x60.jpeg 80w, \/wp-content\/uploads\/sites\/5\/2024\/03\/jornada-de-la-seguridad-social-7-696x522.jpeg 696w, \/wp-content\/uploads\/sites\/5\/2024\/03\/jornada-de-la-seguridad-social-7-1068x801.jpeg 1068w, \/wp-content\/uploads\/sites\/5\/2024\/03\/jornada-de-la-seguridad-social-7-265x198.jpeg 265w, \/wp-content\/uploads\/sites\/5\/2024\/03\/jornada-de-la-seguridad-social-7-534x401.jpeg 534w, \/wp-content\/uploads\/sites\/5\/2024\/03\/jornada-de-la-seguridad-social-7.jpeg 1600w\" sizes=\"(max-width: 560px) 100vw, 560px\" alt=\"\">\r\n                            <\/a>\r\n                            \r\n                        <\/figure>\r\n                    <\/div>\r\n                    <div class = \"td-slide-item td-item6\">\r\n                        <figure class=\"td-slide-galery-figure td-slide-popup-gallery\">\r\n                            <a class=\"slide-gallery-image-link\" href=\"\/wp-content\/uploads\/sites\/5\/2024\/03\/jornada-de-la-seguridad-social-8.jpeg\" title=\"jornada de la seguridad social-8\"  data-caption=\"\"  data-description=\"\">\r\n                                <img decoding=\"async\" src=\"\/wp-content\/uploads\/sites\/5\/2024\/03\/jornada-de-la-seguridad-social-8-630x420.jpeg\" srcset=\"\/wp-content\/uploads\/sites\/5\/2024\/03\/jornada-de-la-seguridad-social-8-630x420.jpeg 630w, \/wp-content\/uploads\/sites\/5\/2024\/03\/jornada-de-la-seguridad-social-8-300x200.jpeg 300w, \/wp-content\/uploads\/sites\/5\/2024\/03\/jornada-de-la-seguridad-social-8-768x512.jpeg 768w, \/wp-content\/uploads\/sites\/5\/2024\/03\/jornada-de-la-seguridad-social-8-1024x683.jpeg 1024w, \/wp-content\/uploads\/sites\/5\/2024\/03\/jornada-de-la-seguridad-social-8-1536x1024.jpeg 1536w, \/wp-content\/uploads\/sites\/5\/2024\/03\/jornada-de-la-seguridad-social-8-696x464.jpeg 696w, \/wp-content\/uploads\/sites\/5\/2024\/03\/jornada-de-la-seguridad-social-8-1068x712.jpeg 1068w, \/wp-content\/uploads\/sites\/5\/2024\/03\/jornada-de-la-seguridad-social-8-534x356.jpeg 534w, \/wp-content\/uploads\/sites\/5\/2024\/03\/jornada-de-la-seguridad-social-8.jpeg 1600w\" sizes=\"(max-width: 630px) 100vw, 630px\" alt=\"\">\r\n                            <\/a>\r\n                            \r\n                        <\/figure>\r\n                    <\/div>\r\n                    <div class = \"td-slide-item td-item7\">\r\n                        <figure class=\"td-slide-galery-figure td-slide-popup-gallery\">\r\n                            <a class=\"slide-gallery-image-link\" href=\"\/wp-content\/uploads\/sites\/5\/2024\/03\/jornada-de-la-seguridad-social-11.jpeg\" title=\"jornada de la seguridad social-11\"  data-caption=\"\"  data-description=\"\">\r\n                                <img decoding=\"async\" src=\"\/wp-content\/uploads\/sites\/5\/2024\/03\/jornada-de-la-seguridad-social-11-630x420.jpeg\" srcset=\"\/wp-content\/uploads\/sites\/5\/2024\/03\/jornada-de-la-seguridad-social-11-630x420.jpeg 630w, \/wp-content\/uploads\/sites\/5\/2024\/03\/jornada-de-la-seguridad-social-11-300x200.jpeg 300w, \/wp-content\/uploads\/sites\/5\/2024\/03\/jornada-de-la-seguridad-social-11-768x512.jpeg 768w, \/wp-content\/uploads\/sites\/5\/2024\/03\/jornada-de-la-seguridad-social-11-1024x682.jpeg 1024w, \/wp-content\/uploads\/sites\/5\/2024\/03\/jornada-de-la-seguridad-social-11-696x464.jpeg 696w, \/wp-content\/uploads\/sites\/5\/2024\/03\/jornada-de-la-seguridad-social-11-1068x712.jpeg 1068w, \/wp-content\/uploads\/sites\/5\/2024\/03\/jornada-de-la-seguridad-social-11-534x356.jpeg 534w, \/wp-content\/uploads\/sites\/5\/2024\/03\/jornada-de-la-seguridad-social-11.jpeg 1280w\" sizes=\"(max-width: 630px) 100vw, 630px\" alt=\"\">\r\n                            <\/a>\r\n                            \r\n                        <\/figure>\r\n                    <\/div>\r\n                            <\/div>\r\n                        <\/div>\r\n\r\n                        <div class = \"td-doubleSlider-2\">\r\n                            <div class = \"td-slider\">\r\n                                \r\n                    <div class = \"td-button td-item1\">\r\n                        <div class = \"td-border\"><\/div>\r\n                    <\/div>\r\n                    <div class = \"td-button td-item2\">\r\n                        <div class = \"td-border\"><\/div>\r\n                    <\/div>\r\n                    <div class = \"td-button td-item3\">\r\n                        <div class = \"td-border\"><\/div>\r\n                    <\/div>\r\n                    <div class = \"td-button td-item4\">\r\n                        <div class = \"td-border\"><\/div>\r\n                    <\/div>\r\n                    <div class = \"td-button td-item5\">\r\n                        <div class = \"td-border\"><\/div>\r\n                    <\/div>\r\n                    <div class = \"td-button td-item6\">\r\n                        <div class = \"td-border\"><\/div>\r\n                    <\/div>\r\n                    <div class = \"td-button td-item7\">\r\n                        <div class = \"td-border\"><\/div>\r\n                    <\/div>\r\n                            <\/div>\r\n                        <\/div>\r\n\r\n                    <\/div>\r\n\r\n                <\/div>\r\n                ","protected":false},"excerpt":{"rendered":"<p>La Jornada de la Seguridad Social que el Instituto desarrolla en la aldea Telem\u00e1n, Panz\u00f3s, Alta Verapaz, se perfila como el evento m\u00e9dico m\u00e1s importante del a\u00f1o en la regi\u00f3n del Polochic, no solo por la enorme respuesta de la poblaci\u00f3n afiliada, sino porque re\u00fane a un selecto grupo de profesionales destinados a brindar atenci\u00f3n [&hellip;]<\/p>\n","protected":false},"author":1961,"featured_media":40515,"comment_status":"closed","ping_status":"closed","sticky":false,"template":"","format":"standard","meta":{"footnotes":""},"categories":[3],"tags":[1658,1755],"coauthors":[],"class_list":{"0":"post-40514","1":"post","2":"type-post","3":"status-publish","4":"format-standard","5":"has-post-thumbnail","7":"category-actualidad","8":"tag-alta-verapaz","9":"tag-jornada-de-la-seguridad-social"},"_links":{"self":[{"href":"https:\/\/www.igssgt.org\/noticias\/wp-json\/wp\/v2\/posts\/40514","targetHints":{"allow":["GET"]}}],"collection":[{"href":"https:\/\/www.igssgt.org\/noticias\/wp-json\/wp\/v2\/posts"}],"about":[{"href":"https:\/\/www.igssgt.org\/noticias\/wp-json\/wp\/v2\/types\/post"}],"author":[{"embeddable":true,"href":"https:\/\/www.igssgt.org\/noticias\/wp-json\/wp\/v2\/users\/1961"}],"replies":[{"embeddable":true,"href":"https:\/\/www.igssgt.org\/noticias\/wp-json\/wp\/v2\/comments?post=40514"}],"version-history":[{"count":2,"href":"https:\/\/www.igssgt.org\/noticias\/wp-json\/wp\/v2\/posts\/40514\/revisions"}],"predecessor-version":[{"id":40526,"href":"https:\/\/www.igssgt.org\/noticias\/wp-json\/wp\/v2\/posts\/40514\/revisions\/40526"}],"wp:featuredmedia":[{"embeddable":true,"href":"https:\/\/www.igssgt.org\/noticias\/wp-json\/wp\/v2\/media\/40515"}],"wp:attachment":[{"href":"https:\/\/www.igssgt.org\/noticias\/wp-json\/wp\/v2\/media?parent=40514"}],"wp:term":[{"taxonomy":"category","embeddable":true,"href":"https:\/\/www.igssgt.org\/noticias\/wp-json\/wp\/v2\/categories?post=40514"},{"taxonomy":"post_tag","embeddable":true,"href":"https:\/\/www.igssgt.org\/noticias\/wp-json\/wp\/v2\/tags?post=40514"},{"taxonomy":"author","embeddable":true,"href":"https:\/\/www.igssgt.org\/noticias\/wp-json\/wp\/v2\/coauthors?post=40514"}],"curies":[{"name":"wp","href":"https:\/\/api.w.org\/{rel}","templated":true}]}}