{"id":40528,"date":"2024-03-07T10:15:00","date_gmt":"2024-03-07T16:15:00","guid":{"rendered":"https:\/\/www.igssgt.org\/noticias\/?p=40528"},"modified":"2024-03-11T17:03:13","modified_gmt":"2024-03-11T23:03:13","slug":"poblacion-acude-de-forma-masiva-a-la-jornada-mixta-de-la-seguridad-social","status":"publish","type":"post","link":"https:\/\/www.igssgt.org\/noticias\/2024\/03\/07\/poblacion-acude-de-forma-masiva-a-la-jornada-mixta-de-la-seguridad-social\/","title":{"rendered":"Poblaci\u00f3n acude de forma masiva a la Jornada Mixta de la Seguridad Social"},"content":{"rendered":"\n<p class=\"has-drop-cap\">La enorme afluencia de este jueves en la Jornada de la Seguridad Social en Telem\u00e1n, refleja la confianza de nuestros afiliados del valle del Polochic en los proyectos de salud implementados en su comunidad.<\/p>\n\n\n\n<figure id=\"attachment_40530\" aria-describedby=\"caption-attachment-40530\" style=\"width: 853px\" class=\"wp-caption aligncenter\"><a href=\"\/wp-content\/uploads\/sites\/5\/2024\/03\/Poblacion-acude-de-forma-masiva-a-la-Jornada-de-la-Seguridad-Social-2.jpg\"><img loading=\"lazy\" decoding=\"async\" class=\"wp-image-40530 size-full\" src=\"\/wp-content\/uploads\/sites\/5\/2024\/03\/Poblacion-acude-de-forma-masiva-a-la-Jornada-de-la-Seguridad-Social-2.jpg\" alt=\"\" width=\"853\" height=\"1280\" srcset=\"\/wp-content\/uploads\/sites\/5\/2024\/03\/Poblacion-acude-de-forma-masiva-a-la-Jornada-de-la-Seguridad-Social-2.jpg 853w, \/wp-content\/uploads\/sites\/5\/2024\/03\/Poblacion-acude-de-forma-masiva-a-la-Jornada-de-la-Seguridad-Social-2-200x300.jpg 200w, \/wp-content\/uploads\/sites\/5\/2024\/03\/Poblacion-acude-de-forma-masiva-a-la-Jornada-de-la-Seguridad-Social-2-768x1152.jpg 768w, \/wp-content\/uploads\/sites\/5\/2024\/03\/Poblacion-acude-de-forma-masiva-a-la-Jornada-de-la-Seguridad-Social-2-682x1024.jpg 682w, \/wp-content\/uploads\/sites\/5\/2024\/03\/Poblacion-acude-de-forma-masiva-a-la-Jornada-de-la-Seguridad-Social-2-280x420.jpg 280w, \/wp-content\/uploads\/sites\/5\/2024\/03\/Poblacion-acude-de-forma-masiva-a-la-Jornada-de-la-Seguridad-Social-2-696x1044.jpg 696w, \/wp-content\/uploads\/sites\/5\/2024\/03\/Poblacion-acude-de-forma-masiva-a-la-Jornada-de-la-Seguridad-Social-2-308x462.jpg 308w\" sizes=\"auto, (max-width: 853px) 100vw, 853px\" \/><\/a><figcaption id=\"caption-attachment-40530\" class=\"wp-caption-text\">La cobertura de emergencias tambi\u00e9n forman parte de los servicios que se brindan a la poblaci\u00f3n afiliada.<\/figcaption><\/figure>\n<p>La finalidad de estas acciones impulsada por las autoridades del Instituto consisten en facilitar el acceso de los servicios de salud, por medio del acercamiento de la amplio portafolio de servicios a los pobladores, para que que los afiliados y beneficiarios de estas comunidades puedan acceder a servicios diferenciados de salud.<\/p>\n<figure id=\"attachment_40531\" aria-describedby=\"caption-attachment-40531\" style=\"width: 1280px\" class=\"wp-caption aligncenter\"><a href=\"\/wp-content\/uploads\/sites\/5\/2024\/03\/Poblacion-acude-de-forma-masiva-a-la-Jornada-de-la-Seguridad-Social-3.jpg\"><img loading=\"lazy\" decoding=\"async\" class=\"wp-image-40531 size-full\" src=\"\/wp-content\/uploads\/sites\/5\/2024\/03\/Poblacion-acude-de-forma-masiva-a-la-Jornada-de-la-Seguridad-Social-3.jpg\" alt=\"\" width=\"1280\" height=\"853\" srcset=\"\/wp-content\/uploads\/sites\/5\/2024\/03\/Poblacion-acude-de-forma-masiva-a-la-Jornada-de-la-Seguridad-Social-3.jpg 1280w, \/wp-content\/uploads\/sites\/5\/2024\/03\/Poblacion-acude-de-forma-masiva-a-la-Jornada-de-la-Seguridad-Social-3-300x200.jpg 300w, \/wp-content\/uploads\/sites\/5\/2024\/03\/Poblacion-acude-de-forma-masiva-a-la-Jornada-de-la-Seguridad-Social-3-768x512.jpg 768w, \/wp-content\/uploads\/sites\/5\/2024\/03\/Poblacion-acude-de-forma-masiva-a-la-Jornada-de-la-Seguridad-Social-3-1024x682.jpg 1024w, \/wp-content\/uploads\/sites\/5\/2024\/03\/Poblacion-acude-de-forma-masiva-a-la-Jornada-de-la-Seguridad-Social-3-630x420.jpg 630w, \/wp-content\/uploads\/sites\/5\/2024\/03\/Poblacion-acude-de-forma-masiva-a-la-Jornada-de-la-Seguridad-Social-3-696x464.jpg 696w, \/wp-content\/uploads\/sites\/5\/2024\/03\/Poblacion-acude-de-forma-masiva-a-la-Jornada-de-la-Seguridad-Social-3-1068x712.jpg 1068w, \/wp-content\/uploads\/sites\/5\/2024\/03\/Poblacion-acude-de-forma-masiva-a-la-Jornada-de-la-Seguridad-Social-3-534x356.jpg 534w\" sizes=\"auto, (max-width: 1280px) 100vw, 1280px\" \/><\/a><figcaption id=\"caption-attachment-40531\" class=\"wp-caption-text\">Las atenciones pedi\u00e1tricas son un segmento fundamental en la Jornada.<\/figcaption><\/figure>\n<p>El personal desplegado atiende Medicina General, Pediatr\u00eda, Odontolog\u00eda, Ginecolog\u00eda, Medicina Interna y Nutrici\u00f3n. Tambi\u00e9n se cuenta con t\u00e9cnicos de Rayos X,\u00a0 en Laboratorio Cl\u00ednico y Ultrasonido.<\/p>\n<p>[COUNTER_NUMBER id=40536]<\/p>\n<p>[COUNTER_NUMBER id=40540]<\/p>\n<p>La brigada tiene la misi\u00f3n \u00a0de hace realidad no solo el principio de universalidad, sino tambi\u00e9n el de solidaridad, para estrechar los lazos entre las poblaciones que no hab\u00edan podido tener acceso a los servicios a causa de la distancia.<\/p>\n<figure id=\"attachment_40532\" aria-describedby=\"caption-attachment-40532\" style=\"width: 1280px\" class=\"wp-caption aligncenter\"><a href=\"\/wp-content\/uploads\/sites\/5\/2024\/03\/Poblacion-acude-de-forma-masiva-a-la-Jornada-de-la-Seguridad-Social-4.jpg\"><img loading=\"lazy\" decoding=\"async\" class=\"wp-image-40532 size-full\" src=\"\/wp-content\/uploads\/sites\/5\/2024\/03\/Poblacion-acude-de-forma-masiva-a-la-Jornada-de-la-Seguridad-Social-4.jpg\" alt=\"\" width=\"1280\" height=\"853\" srcset=\"\/wp-content\/uploads\/sites\/5\/2024\/03\/Poblacion-acude-de-forma-masiva-a-la-Jornada-de-la-Seguridad-Social-4.jpg 1280w, \/wp-content\/uploads\/sites\/5\/2024\/03\/Poblacion-acude-de-forma-masiva-a-la-Jornada-de-la-Seguridad-Social-4-300x200.jpg 300w, \/wp-content\/uploads\/sites\/5\/2024\/03\/Poblacion-acude-de-forma-masiva-a-la-Jornada-de-la-Seguridad-Social-4-768x512.jpg 768w, \/wp-content\/uploads\/sites\/5\/2024\/03\/Poblacion-acude-de-forma-masiva-a-la-Jornada-de-la-Seguridad-Social-4-1024x682.jpg 1024w, \/wp-content\/uploads\/sites\/5\/2024\/03\/Poblacion-acude-de-forma-masiva-a-la-Jornada-de-la-Seguridad-Social-4-630x420.jpg 630w, \/wp-content\/uploads\/sites\/5\/2024\/03\/Poblacion-acude-de-forma-masiva-a-la-Jornada-de-la-Seguridad-Social-4-696x464.jpg 696w, \/wp-content\/uploads\/sites\/5\/2024\/03\/Poblacion-acude-de-forma-masiva-a-la-Jornada-de-la-Seguridad-Social-4-1068x712.jpg 1068w, \/wp-content\/uploads\/sites\/5\/2024\/03\/Poblacion-acude-de-forma-masiva-a-la-Jornada-de-la-Seguridad-Social-4-534x356.jpg 534w\" sizes=\"auto, (max-width: 1280px) 100vw, 1280px\" \/><\/a><figcaption id=\"caption-attachment-40532\" class=\"wp-caption-text\">La informaci\u00f3n sumistrada en idioma q\u2019eqch\u00ed\u2019 ha sido fundamental para transmitir los mensajes de las campa\u00f1as de salud.<\/figcaption><\/figure>\n","protected":false},"excerpt":{"rendered":"<p>La enorme afluencia de este jueves en la Jornada de la Seguridad Social en Telem\u00e1n, refleja la confianza de nuestros afiliados del valle del Polochic en los proyectos de salud implementados en su comunidad. La finalidad de estas acciones impulsada por las autoridades del Instituto consisten en facilitar el acceso de los servicios de salud, [&hellip;]<\/p>\n","protected":false},"author":4,"featured_media":40529,"comment_status":"closed","ping_status":"closed","sticky":false,"template":"","format":"standard","meta":{"footnotes":""},"categories":[3,15,45],"tags":[536],"coauthors":[],"class_list":{"0":"post-40528","1":"post","2":"type-post","3":"status-publish","4":"format-standard","5":"has-post-thumbnail","7":"category-actualidad","8":"category-destacado","9":"category-jornadas-medicas","10":"tag-jornadas-medicas"},"_links":{"self":[{"href":"https:\/\/www.igssgt.org\/noticias\/wp-json\/wp\/v2\/posts\/40528","targetHints":{"allow":["GET"]}}],"collection":[{"href":"https:\/\/www.igssgt.org\/noticias\/wp-json\/wp\/v2\/posts"}],"about":[{"href":"https:\/\/www.igssgt.org\/noticias\/wp-json\/wp\/v2\/types\/post"}],"author":[{"embeddable":true,"href":"https:\/\/www.igssgt.org\/noticias\/wp-json\/wp\/v2\/users\/4"}],"replies":[{"embeddable":true,"href":"https:\/\/www.igssgt.org\/noticias\/wp-json\/wp\/v2\/comments?post=40528"}],"version-history":[{"count":5,"href":"https:\/\/www.igssgt.org\/noticias\/wp-json\/wp\/v2\/posts\/40528\/revisions"}],"predecessor-version":[{"id":40541,"href":"https:\/\/www.igssgt.org\/noticias\/wp-json\/wp\/v2\/posts\/40528\/revisions\/40541"}],"wp:featuredmedia":[{"embeddable":true,"href":"https:\/\/www.igssgt.org\/noticias\/wp-json\/wp\/v2\/media\/40529"}],"wp:attachment":[{"href":"https:\/\/www.igssgt.org\/noticias\/wp-json\/wp\/v2\/media?parent=40528"}],"wp:term":[{"taxonomy":"category","embeddable":true,"href":"https:\/\/www.igssgt.org\/noticias\/wp-json\/wp\/v2\/categories?post=40528"},{"taxonomy":"post_tag","embeddable":true,"href":"https:\/\/www.igssgt.org\/noticias\/wp-json\/wp\/v2\/tags?post=40528"},{"taxonomy":"author","embeddable":true,"href":"https:\/\/www.igssgt.org\/noticias\/wp-json\/wp\/v2\/coauthors?post=40528"}],"curies":[{"name":"wp","href":"https:\/\/api.w.org\/{rel}","templated":true}]}}