{"id":40542,"date":"2024-03-07T17:00:51","date_gmt":"2024-03-07T23:00:51","guid":{"rendered":"https:\/\/www.igssgt.org\/noticias\/?p=40542"},"modified":"2024-03-07T17:13:35","modified_gmt":"2024-03-07T23:13:35","slug":"acuerdo-1543-del-igss-beneficios-para-el-trabajador-guatemalteco-migrante","status":"publish","type":"post","link":"https:\/\/www.igssgt.org\/noticias\/2024\/03\/07\/acuerdo-1543-del-igss-beneficios-para-el-trabajador-guatemalteco-migrante\/","title":{"rendered":"Acuerdo 1543 del IGSS, beneficios para el trabajador guatemalteco migrante"},"content":{"rendered":"\n<div id=\"editor-2662a470-0bfe-469c-b9bc-8beb3414b8a2\" class=\"wp-block-freeform block-library-rich-text__tinymce mce-content-body html5-captions mce-edit-focus\">\n<h4><a href=\"https:\/\/www.igssgt.org\/wp-content\/uploads\/sites\/5\/2023\/01\/logo-podcast.jpg\"><img loading=\"lazy\" decoding=\"async\" class=\"wp-image-32660 alignleft td-animation-stack-type0-2\" src=\"https:\/\/www.igssgt.org\/wp-content\/uploads\/sites\/5\/2023\/01\/logo-podcast.jpg\" alt=\"\" width=\"306\" height=\"299\" srcset=\"\/wp-content\/uploads\/sites\/5\/2023\/01\/logo-podcast.jpg 560w, \/wp-content\/uploads\/sites\/5\/2023\/01\/logo-podcast-300x293.jpg 300w, \/wp-content\/uploads\/sites\/5\/2023\/01\/logo-podcast-430x420.jpg 430w, \/wp-content\/uploads\/sites\/5\/2023\/01\/logo-podcast-473x462.jpg 473w\" sizes=\"auto, (max-width: 306px) 100vw, 306px\" \/><\/a>Entrevista<\/h4>\n<h2>Licda. Evelyne Soto<\/h2>\n<h3>Jefe del Departamento de Registro de Patronos y Trabajadores del Seguro Social<\/h3>\n<table style=\"width: 100%;border-collapse: collapse;border-color: #ffffff;height: 89px\">\n<tbody>\n<tr style=\"height: 89px\">\n<td style=\"width: 50%;border-style: hidden;height: 89px\"><a href=\"https:\/\/podcasts.apple.com\/gt\/podcast\/acuerdo-1543-del-igss-beneficios-para-el-trabajador\/id1678145994?i=1000648384410\" target=\"_blank\" rel=\"noopener\"><img loading=\"lazy\" decoding=\"async\" class=\"aligncenter wp-image-34349 size-full\" src=\"\/wp-content\/uploads\/sites\/5\/2023\/03\/Banner-Apple-Podcast.png\" alt=\"\" width=\"350\" height=\"89\" srcset=\"\/wp-content\/uploads\/sites\/5\/2023\/03\/Banner-Apple-Podcast.png 350w, \/wp-content\/uploads\/sites\/5\/2023\/03\/Banner-Apple-Podcast-300x76.png 300w\" sizes=\"auto, (max-width: 350px) 100vw, 350px\" \/><\/a><\/td>\n<td style=\"width: 50%;border-style: hidden;height: 89px\"><a href=\"https:\/\/open.spotify.com\/episode\/0yUPzTIbePGp8aXxpblWxH\" target=\"_blank\" rel=\"noopener\"><img loading=\"lazy\" decoding=\"async\" class=\"aligncenter wp-image-34350 size-full\" src=\"\/wp-content\/uploads\/sites\/5\/2023\/03\/banner-spotify.png\" alt=\"\" width=\"350\" height=\"89\" srcset=\"\/wp-content\/uploads\/sites\/5\/2023\/03\/banner-spotify.png 350w, \/wp-content\/uploads\/sites\/5\/2023\/03\/banner-spotify-300x76.png 300w\" sizes=\"auto, (max-width: 350px) 100vw, 350px\" \/><\/a><\/td>\n<\/tr>\n<\/tbody>\n<\/table>\n<p>IGSS Podcast es una producci\u00f3n del Departamento de Comunicaci\u00f3n y Relaciones P\u00fablicas del IGSS.<\/p>\n<p>Derechos Reservados 2024.<\/p>\n<\/div>\n","protected":false},"excerpt":{"rendered":"<p>Entrevista Licda. Evelyne Soto Jefe del Departamento de Registro de Patronos y Trabajadores del Seguro Social IGSS Podcast es una producci\u00f3n del Departamento de Comunicaci\u00f3n y Relaciones P\u00fablicas del IGSS. Derechos Reservados 2024.<\/p>\n","protected":false},"author":4,"featured_media":40545,"comment_status":"closed","ping_status":"closed","sticky":false,"template":"","format":"video","meta":{"footnotes":""},"categories":[3,1584,42],"tags":[1585],"coauthors":[],"class_list":{"0":"post-40542","1":"post","2":"type-post","3":"status-publish","4":"format-video","5":"has-post-thumbnail","7":"category-actualidad","8":"category-igss-podcast","9":"category-igss-radio","10":"tag-igss-podcast","11":"post_format-post-format-video"},"_links":{"self":[{"href":"https:\/\/www.igssgt.org\/noticias\/wp-json\/wp\/v2\/posts\/40542","targetHints":{"allow":["GET"]}}],"collection":[{"href":"https:\/\/www.igssgt.org\/noticias\/wp-json\/wp\/v2\/posts"}],"about":[{"href":"https:\/\/www.igssgt.org\/noticias\/wp-json\/wp\/v2\/types\/post"}],"author":[{"embeddable":true,"href":"https:\/\/www.igssgt.org\/noticias\/wp-json\/wp\/v2\/users\/4"}],"replies":[{"embeddable":true,"href":"https:\/\/www.igssgt.org\/noticias\/wp-json\/wp\/v2\/comments?post=40542"}],"version-history":[{"count":2,"href":"https:\/\/www.igssgt.org\/noticias\/wp-json\/wp\/v2\/posts\/40542\/revisions"}],"predecessor-version":[{"id":41210,"href":"https:\/\/www.igssgt.org\/noticias\/wp-json\/wp\/v2\/posts\/40542\/revisions\/41210"}],"wp:featuredmedia":[{"embeddable":true,"href":"https:\/\/www.igssgt.org\/noticias\/wp-json\/wp\/v2\/media\/40545"}],"wp:attachment":[{"href":"https:\/\/www.igssgt.org\/noticias\/wp-json\/wp\/v2\/media?parent=40542"}],"wp:term":[{"taxonomy":"category","embeddable":true,"href":"https:\/\/www.igssgt.org\/noticias\/wp-json\/wp\/v2\/categories?post=40542"},{"taxonomy":"post_tag","embeddable":true,"href":"https:\/\/www.igssgt.org\/noticias\/wp-json\/wp\/v2\/tags?post=40542"},{"taxonomy":"author","embeddable":true,"href":"https:\/\/www.igssgt.org\/noticias\/wp-json\/wp\/v2\/coauthors?post=40542"}],"curies":[{"name":"wp","href":"https:\/\/api.w.org\/{rel}","templated":true}]}}